{"id":9936,"date":"2020-03-06T17:14:00","date_gmt":"2020-03-06T15:14:00","guid":{"rendered":"https:\/\/elearning.upt.ro\/?p=9936"},"modified":"2021-02-04T11:50:56","modified_gmt":"2021-02-04T09:50:56","slug":"dr-diana-andone-despre-initiativele-culturale-din-proiectul-digiculture-in-cadrul-webinarului-eden-oew2020","status":"publish","type":"post","link":"https:\/\/elearning.upt.ro\/ro\/proiecte\/proiecte-eu\/dr-diana-andone-despre-initiativele-culturale-din-proiectul-digiculture-in-cadrul-webinarului-eden-oew2020\/","title":{"rendered":"Dr. Diana Andone despre ini\u021biativele culturale din proiectul Digiculture \u00een cadrul webinarului EDEN #OEW2020"},"content":{"rendered":"\t\t<div data-elementor-type=\"wp-post\" data-elementor-id=\"9936\" class=\"elementor elementor-9936\">\n\t\t\t\t\t\t<section class=\"elementor-section elementor-top-section elementor-element elementor-element-c52440e elementor-section-boxed elementor-section-height-default elementor-section-height-default\" data-id=\"c52440e\" data-element_type=\"section\" data-e-type=\"section\">\n\t\t\t\t\t\t<div class=\"elementor-container elementor-column-gap-default\">\n\t\t\t\t\t<div class=\"elementor-column elementor-col-100 elementor-top-column elementor-element elementor-element-0c5b9ca\" data-id=\"0c5b9ca\" data-element_type=\"column\" data-e-type=\"column\">\n\t\t\t<div class=\"elementor-widget-wrap elementor-element-populated\">\n\t\t\t\t\t\t<div class=\"elementor-element elementor-element-cce4109 elementor-widget elementor-widget-heading\" data-id=\"cce4109\" data-element_type=\"widget\" data-e-type=\"widget\" data-widget_type=\"heading.default\">\n\t\t\t\t<div class=\"elementor-widget-container\">\n\t\t\t\t\t<h3 class=\"elementor-heading-title elementor-size-default\">Educa\u021bie deschis\u0103 pentru implicarea activ\u0103 a tinerilor \u00een recuperarea patrimoniului cultural, #OEW2020<\/h3>\t\t\t\t<\/div>\n\t\t\t\t<\/div>\n\t\t\t\t\t<\/div>\n\t\t<\/div>\n\t\t\t\t\t<\/div>\n\t\t<\/section>\n\t\t\t\t<section class=\"elementor-section elementor-top-section elementor-element elementor-element-0fa0251 elementor-section-boxed elementor-section-height-default elementor-section-height-default\" data-id=\"0fa0251\" data-element_type=\"section\" data-e-type=\"section\">\n\t\t\t\t\t\t<div class=\"elementor-container elementor-column-gap-default\">\n\t\t\t\t\t<div class=\"elementor-column elementor-col-100 elementor-top-column elementor-element elementor-element-f7ad957\" data-id=\"f7ad957\" data-element_type=\"column\" data-e-type=\"column\">\n\t\t\t<div class=\"elementor-widget-wrap elementor-element-populated\">\n\t\t\t\t\t\t<div class=\"elementor-element elementor-element-58ed959 elementor-widget elementor-widget-text-editor\" data-id=\"58ed959\" data-element_type=\"widget\" data-e-type=\"widget\" data-widget_type=\"text-editor.default\">\n\t\t\t\t<div class=\"elementor-widget-container\">\n\t\t\t\t\t\t\t\t\t<p>Educa\u021bia deschis\u0103 are un rol esen\u021bial \u00een poten\u021barea incluziunii sociale. Dup\u0103 cum a men\u021bionat Comisia European\u0103 pentru educa\u021bie \u00een general (dar este deosebit de relevant\u0103 pentru \u00eenv\u0103\u021b\u0103m\u00e2ntul deschis), aceasta ajut\u0103 la stabilirea unor valori comune cheie pentru o astfel de incluziune: demnitatea uman\u0103, libertatea, democra\u021bia, egalitatea, statul de drept, respectarea drepturilor omului, drepturile minorit\u0103\u021bilor. Cu toate acestea, dup\u0103 cum s-a men\u021bionat, se poate observa \u00een majoritatea statelor membre c\u0103 exist\u0103 provoc\u0103ri pentru o astfel de incluziune, \u0219i anume: populism, xenofobie, na\u021bionalism separatist, discriminare, dezinformare \u0219i radicalizare (care poate duce la extremism violent).<\/p>\t\t\t\t\t\t\t\t<\/div>\n\t\t\t\t<\/div>\n\t\t\t\t\t<\/div>\n\t\t<\/div>\n\t\t\t\t\t<\/div>\n\t\t<\/section>\n\t\t\t\t<section class=\"elementor-section elementor-top-section elementor-element elementor-element-9552723 elementor-section-boxed elementor-section-height-default elementor-section-height-default\" data-id=\"9552723\" data-element_type=\"section\" data-e-type=\"section\">\n\t\t\t\t\t\t<div class=\"elementor-container elementor-column-gap-default\">\n\t\t\t\t\t<div class=\"elementor-column elementor-col-100 elementor-top-column elementor-element elementor-element-b154ff7\" data-id=\"b154ff7\" data-element_type=\"column\" data-e-type=\"column\">\n\t\t\t<div class=\"elementor-widget-wrap elementor-element-populated\">\n\t\t\t\t\t\t<div class=\"elementor-element elementor-element-bb7b718 elementor-widget elementor-widget-image\" data-id=\"bb7b718\" data-element_type=\"widget\" data-e-type=\"widget\" data-widget_type=\"image.default\">\n\t\t\t\t<div class=\"elementor-widget-container\">\n\t\t\t\t\t\t\t\t\t\t\t\t<figure class=\"wp-caption\">\n\t\t\t\t\t\t\t\t\t\t<img fetchpriority=\"high\" decoding=\"async\" width=\"768\" height=\"357\" src=\"https:\/\/elearning.upt.ro\/wp-content\/uploads\/2020\/05\/print-screen-768x357.jpg\" class=\"attachment-medium_large size-medium_large wp-image-9941\" alt=\"\" srcset=\"https:\/\/elearning.upt.ro\/wp-content\/uploads\/2020\/05\/print-screen-768x357.jpg 768w, https:\/\/elearning.upt.ro\/wp-content\/uploads\/2020\/05\/print-screen-300x139.jpg 300w, https:\/\/elearning.upt.ro\/wp-content\/uploads\/2020\/05\/print-screen-1024x476.jpg 1024w, https:\/\/elearning.upt.ro\/wp-content\/uploads\/2020\/05\/print-screen-1536x713.jpg 1536w, https:\/\/elearning.upt.ro\/wp-content\/uploads\/2020\/05\/print-screen-255x118.jpg 255w, https:\/\/elearning.upt.ro\/wp-content\/uploads\/2020\/05\/print-screen.jpg 1843w\" sizes=\"(max-width: 768px) 100vw, 768px\" \/>\t\t\t\t\t\t\t\t\t\t\t<figcaption class=\"widget-image-caption wp-caption-text\">Captur\u0103 din timpul Webinarului Educa\u021bie deschis\u0103 pentru implicarea activ\u0103 a tinerilor \u00een recuperarea patrimoniului cultural, #OEW2020<\/figcaption>\n\t\t\t\t\t\t\t\t\t\t<\/figure>\n\t\t\t\t\t\t\t\t\t<\/div>\n\t\t\t\t<\/div>\n\t\t\t\t\t<\/div>\n\t\t<\/div>\n\t\t\t\t\t<\/div>\n\t\t<\/section>\n\t\t\t\t<section class=\"elementor-section elementor-top-section elementor-element elementor-element-abb9ebd elementor-section-boxed elementor-section-height-default elementor-section-height-default\" data-id=\"abb9ebd\" data-element_type=\"section\" data-e-type=\"section\">\n\t\t\t\t\t\t<div class=\"elementor-container elementor-column-gap-default\">\n\t\t\t\t\t<div class=\"elementor-column elementor-col-100 elementor-top-column elementor-element elementor-element-700ee63\" data-id=\"700ee63\" data-element_type=\"column\" data-e-type=\"column\">\n\t\t\t<div class=\"elementor-widget-wrap elementor-element-populated\">\n\t\t\t\t\t\t<div class=\"elementor-element elementor-element-b6b5ae3 elementor-widget elementor-widget-text-editor\" data-id=\"b6b5ae3\" data-element_type=\"widget\" data-e-type=\"widget\" data-widget_type=\"text-editor.default\">\n\t\t\t\t<div class=\"elementor-widget-container\">\n\t\t\t\t\t\t\t\t\t<p>Pentru a combate aceste probleme, promovarea educa\u021biei cet\u0103\u021bene\u0219ti a fost urm\u0103rit\u0103 pe o perioad\u0103 de ani. Cu toate acestea, con\u021binutul educa\u021bional deschis \u0219i practicile necesare pentru a \u00eenv\u0103\u021ba diferitele paradigme ale cet\u0103\u021beniei active sunt, probabil, \u00eenc\u0103 greu de g\u0103sit. Necesitatea respect\u0103rii diversit\u0103\u021bii culturale este important\u0103 \u00een procesul educa\u021bional, deoarece nu exist\u0103 doar un \u201ecet\u0103\u021bean model\u201d. Prin urmare, trebuie s\u0103 \u00eenv\u0103\u021b\u0103m \u0219i s\u0103 sus\u021binem studen\u021bii, \u00een special genera\u021biile tinere, s\u0103 aprecieze importan\u021ba cet\u0103\u021beniei active \u0219i s\u0103 \u00ee\u0219i ating\u0103 rolul participativ \u00een societatea \u00een ansamblu. \u00cen acest webinar vor fi luate \u00een considerare diferite aspecte \u0219i exemple ale rolului resurselor \u0219i practicilor educa\u021bionale deschise pentru educa\u021bia cet\u0103\u021benilor \u0219i modul \u00een care acestea pot fi poten\u021bate \u00een viitor.<\/p>\t\t\t\t\t\t\t\t<\/div>\n\t\t\t\t<\/div>\n\t\t\t\t\t<\/div>\n\t\t<\/div>\n\t\t\t\t\t<\/div>\n\t\t<\/section>\n\t\t\t\t<section class=\"elementor-section elementor-top-section elementor-element elementor-element-a0ba980 elementor-section-boxed elementor-section-height-default elementor-section-height-default\" data-id=\"a0ba980\" data-element_type=\"section\" data-e-type=\"section\">\n\t\t\t\t\t\t<div class=\"elementor-container elementor-column-gap-default\">\n\t\t\t\t\t<div class=\"elementor-column elementor-col-100 elementor-top-column elementor-element elementor-element-8bd7bb6\" data-id=\"8bd7bb6\" data-element_type=\"column\" data-e-type=\"column\">\n\t\t\t<div class=\"elementor-widget-wrap elementor-element-populated\">\n\t\t\t\t\t\t<div class=\"elementor-element elementor-element-ec9932d elementor-widget elementor-widget-text-editor\" data-id=\"ec9932d\" data-element_type=\"widget\" data-e-type=\"widget\" data-widget_type=\"text-editor.default\">\n\t\t\t\t<div class=\"elementor-widget-container\">\n\t\t\t\t\t\t\t\t\t<p>\u00cen acest context, dr. Diana Andone a prezentat partenerii \u0219i obiectivele proiectului <a href=\"https:\/\/elearning.upt.ro\/ro\/project\/digital-culture-improving-the-digital-competences-and-social-inclusion-of-adults-in-creative-industries-2\/\">Digital Culture \u2013 Perfec\u021bionarea competen\u021belor digitale \u0219i \u00eembun\u0103t\u0103\u021birea incluziunii sociale a adul\u021bilor \u00een industriile creative<\/a>, precum \u0219i ini\u021biativele culturale \u0219i digitale din cadrul acestuia.<\/p>\t\t\t\t\t\t\t\t<\/div>\n\t\t\t\t<\/div>\n\t\t\t\t\t<\/div>\n\t\t<\/div>\n\t\t\t\t\t<\/div>\n\t\t<\/section>\n\t\t\t\t<section class=\"elementor-section elementor-top-section elementor-element elementor-element-139e591 elementor-section-boxed elementor-section-height-default elementor-section-height-default\" data-id=\"139e591\" data-element_type=\"section\" data-e-type=\"section\">\n\t\t\t\t\t\t<div class=\"elementor-container elementor-column-gap-default\">\n\t\t\t\t\t<div class=\"elementor-column elementor-col-100 elementor-top-column elementor-element elementor-element-c1ef15c\" data-id=\"c1ef15c\" data-element_type=\"column\" data-e-type=\"column\">\n\t\t\t<div class=\"elementor-widget-wrap elementor-element-populated\">\n\t\t\t\t\t\t<div class=\"elementor-element elementor-element-2b05488 elementor-widget elementor-widget-text-editor\" data-id=\"2b05488\" data-element_type=\"widget\" data-e-type=\"widget\" data-widget_type=\"text-editor.default\">\n\t\t\t\t<div class=\"elementor-widget-container\">\n\t\t\t\t\t\t\t\t\t<p>Vezi prezentarea mai jos:<\/p>\t\t\t\t\t\t\t\t<\/div>\n\t\t\t\t<\/div>\n\t\t\t\t\t<\/div>\n\t\t<\/div>\n\t\t\t\t\t<\/div>\n\t\t<\/section>\n\t\t\t\t<section class=\"elementor-section elementor-top-section elementor-element elementor-element-8d6326d elementor-section-boxed elementor-section-height-default elementor-section-height-default\" data-id=\"8d6326d\" data-element_type=\"section\" data-e-type=\"section\">\n\t\t\t\t\t\t<div class=\"elementor-container elementor-column-gap-default\">\n\t\t\t\t\t<div class=\"elementor-column elementor-col-100 elementor-top-column elementor-element elementor-element-26ee399\" data-id=\"26ee399\" data-element_type=\"column\" data-e-type=\"column\">\n\t\t\t<div class=\"elementor-widget-wrap elementor-element-populated\">\n\t\t\t\t\t\t<div class=\"elementor-element elementor-element-736bb11 elementor-widget elementor-widget-shortcode\" data-id=\"736bb11\" data-element_type=\"widget\" data-e-type=\"widget\" data-widget_type=\"shortcode.default\">\n\t\t\t\t<div class=\"elementor-widget-container\">\n\t\t\t\t\t\t\t<div class=\"elementor-shortcode\"><iframe src=\"\/\/www.slideshare.net\/slideshow\/embed_code\/key\/lWLvhy2Z7EpMD\" width=\"595\" height=\"485\" frameborder=\"0\" marginwidth=\"0\" marginheight=\"0\" scrolling=\"no\" style=\"border:1px solid #CCC; border-width:1px; margin-bottom:5px; max-width: 100%;\" allowfullscreen> <\/iframe> <div style=\"margin-bottom:5px\"> <strong> <a href=\"\/\/www.slideshare.net\/eden_online\/open-education-for-young-peoples-active-engagement-in-reclaiming-cultural-heritage-oew2020\" title=\"Open education for young people\u2019s active engagement in reclaiming cultural heritage, #OEW2020\" target=\"_blank\">Open education for young people\u2019s active engagement in reclaiming cultural heritage, #OEW2020<\/a> <\/strong> from <strong><a href=\"\/\/www.slideshare.net\/eden_online\" target=\"_blank\">European Distance and E-Learning Network - EDEN<\/a><\/strong> <\/div><\/div>\n\t\t\t\t\t\t<\/div>\n\t\t\t\t<\/div>\n\t\t\t\t\t<\/div>\n\t\t<\/div>\n\t\t\t\t\t<\/div>\n\t\t<\/section>\n\t\t\t\t<section class=\"elementor-section elementor-top-section elementor-element elementor-element-e5d19e0 elementor-section-boxed elementor-section-height-default elementor-section-height-default\" data-id=\"e5d19e0\" data-element_type=\"section\" data-e-type=\"section\">\n\t\t\t\t\t\t<div class=\"elementor-container elementor-column-gap-default\">\n\t\t\t\t\t<div class=\"elementor-column elementor-col-100 elementor-top-column elementor-element elementor-element-526114e\" data-id=\"526114e\" data-element_type=\"column\" data-e-type=\"column\">\n\t\t\t<div class=\"elementor-widget-wrap elementor-element-populated\">\n\t\t\t\t\t\t<div class=\"elementor-element elementor-element-6ad03ad elementor-widget elementor-widget-text-editor\" data-id=\"6ad03ad\" data-element_type=\"widget\" data-e-type=\"widget\" data-widget_type=\"text-editor.default\">\n\t\t\t\t<div class=\"elementor-widget-container\">\n\t\t\t\t\t\t\t\t\t<p><img decoding=\"async\" class=\"alignleft wp-image-5601 size-thumbnail\" src=\"https:\/\/elearning.upt.ro\/wp-content\/uploads\/2019\/05\/Diana-Andone-1-150x150.jpg\" alt=\"\" width=\"150\" height=\"150\" srcset=\"https:\/\/elearning.upt.ro\/wp-content\/uploads\/2019\/05\/Diana-Andone-1-150x150.jpg 150w, https:\/\/elearning.upt.ro\/wp-content\/uploads\/2019\/05\/Diana-Andone-1-50x50.jpg 50w, https:\/\/elearning.upt.ro\/wp-content\/uploads\/2019\/05\/Diana-Andone-1-80x80.jpg 80w, https:\/\/elearning.upt.ro\/wp-content\/uploads\/2019\/05\/Diana-Andone-1-100x100.jpg 100w, https:\/\/elearning.upt.ro\/wp-content\/uploads\/2019\/05\/Diana-Andone-1.jpg 191w\" sizes=\"(max-width: 150px) 100vw, 150px\" \/>Dr. Diana Andone este director al Centrului de e-Learning, Universitatea Politehnica Timi\u0219oara, cu responsabilit\u0103\u021bi \u00een\u00a0planificarea \u0219i implementarea \u00eenv\u0103\u021b\u0103m\u00e2ntului la distan\u021b\u0103 \u0219i a integr\u0103rii utiliz\u0103rii tehnologiilor educa\u021bionale\u00a0online pentru toate formele de \u00eenv\u0103\u021b\u0103m\u00e2nt, prin\u00a0<a href=\"https:\/\/cv.upt.ro\/\" target=\"_blank\" rel=\"noopener\">Campusul Virtual al UPT \u2013 CVUPT<\/a>. Dr. Andone este lector in tehnologii multimedia \u0219i web, cu o activitate de cercetare intens\u0103 la nivel interna\u021bional prin diverse proiecte cu finan\u021bare european\u0103 \u0219i multiple publica\u021bii. Pasionat\u0103\u00a0de utilizarea tehnologiilor \u00een via\u021ba de zi cu zi, Diana promoveaz\u0103 utilizarea\u00a0resurselor deschise \u0219i MOOCs, dezvolt\u00e2nd\u00a0<a href=\"https:\/\/unicampus.ro\/\" target=\"_blank\" rel=\"noopener\">UniCampus \u2013 cursuri online \u00een Rom\u00e2nia<\/a>.<\/p>\t\t\t\t\t\t\t\t<\/div>\n\t\t\t\t<\/div>\n\t\t\t\t\t<\/div>\n\t\t<\/div>\n\t\t\t\t\t<\/div>\n\t\t<\/section>\n\t\t\t\t<\/div>\n\t\t","protected":false},"excerpt":{"rendered":"<p>\u00cen cadrul webinarului, dr. Diana Andone a prezentat partenerii \u0219i obiectivele proiectului Digital Culture \u2013 Perfec\u021bionarea competen\u021belor digitale \u0219i \u00eembun\u0103t\u0103\u021birea incluziunii sociale a adul\u021bilor \u00een industriile creative, precum \u0219i ini\u021biativele culturale \u0219i digitale din cadrul acestuia.<\/p>\n","protected":false},"author":13,"featured_media":9937,"comment_status":"closed","ping_status":"closed","sticky":false,"template":"","format":"standard","meta":{"footnotes":""},"categories":[104,120,329,251,106,73],"tags":[],"class_list":["post-9936","post","type-post","status-publish","format-standard","has-post-thumbnail","hentry","category-comunitate","category-digiculture","category-eden","category-noutati","category-noutati-comunitate","category-proiecte-eu"],"yoast_head":"<!-- This site is optimized with the Yoast SEO plugin v27.4 - https:\/\/yoast.com\/product\/yoast-seo-wordpress\/ -->\n<title>Dr. Diana Andone despre ini\u021biativele culturale din proiectul Digiculture \u00een cadrul webinarului EDEN #OEW2020 - Universitatea Politehnica Timi\u015foara Departamentul de ID\/IFR \u0219i Educa\u021bie Digital\u0103 \u2013 DeL<\/title>\n<meta name=\"robots\" content=\"index, follow, max-snippet:-1, max-image-preview:large, max-video-preview:-1\" \/>\n<link rel=\"canonical\" href=\"https:\/\/elearning.upt.ro\/ro\/proiecte\/proiecte-eu\/dr-diana-andone-despre-initiativele-culturale-din-proiectul-digiculture-in-cadrul-webinarului-eden-oew2020\/\" \/>\n<meta property=\"og:locale\" content=\"ro_RO\" \/>\n<meta property=\"og:type\" content=\"article\" \/>\n<meta property=\"og:title\" content=\"Dr. Diana Andone despre ini\u021biativele culturale din proiectul Digiculture \u00een cadrul webinarului EDEN #OEW2020 - Universitatea Politehnica Timi\u015foara Departamentul de ID\/IFR \u0219i Educa\u021bie Digital\u0103 \u2013 DeL\" \/>\n<meta property=\"og:description\" content=\"\u00cen cadrul webinarului, dr. Diana Andone a prezentat partenerii \u0219i obiectivele proiectului Digital Culture \u2013 Perfec\u021bionarea competen\u021belor digitale \u0219i \u00eembun\u0103t\u0103\u021birea incluziunii sociale a adul\u021bilor \u00een industriile creative, precum \u0219i ini\u021biativele culturale \u0219i digitale din cadrul acestuia.\" \/>\n<meta property=\"og:url\" content=\"https:\/\/elearning.upt.ro\/ro\/proiecte\/proiecte-eu\/dr-diana-andone-despre-initiativele-culturale-din-proiectul-digiculture-in-cadrul-webinarului-eden-oew2020\/\" \/>\n<meta property=\"og:site_name\" content=\"Universitatea Politehnica Timi\u015foara Departamentul de ID\/IFR \u0219i Educa\u021bie Digital\u0103 \u2013 DeL\" \/>\n<meta property=\"article:publisher\" content=\"https:\/\/www.facebook.com\/CIDUPT\/?ref=page_internal\" \/>\n<meta property=\"article:published_time\" content=\"2020-03-06T15:14:00+00:00\" \/>\n<meta property=\"article:modified_time\" content=\"2021-02-04T09:50:56+00:00\" \/>\n<meta property=\"og:image\" content=\"https:\/\/elearning.upt.ro\/wp-content\/uploads\/2020\/05\/feat.jpg\" \/>\n\t<meta property=\"og:image:width\" content=\"787\" \/>\n\t<meta property=\"og:image:height\" content=\"589\" \/>\n\t<meta property=\"og:image:type\" content=\"image\/jpeg\" \/>\n<meta name=\"author\" content=\"CeL\" \/>\n<meta name=\"twitter:card\" content=\"summary_large_image\" \/>\n<meta name=\"twitter:label1\" content=\"Written by\" \/>\n\t<meta name=\"twitter:data1\" content=\"CeL\" \/>\n\t<meta name=\"twitter:label2\" content=\"Est. reading time\" \/>\n\t<meta name=\"twitter:data2\" content=\"2 minutes\" \/>\n<script type=\"application\/ld+json\" class=\"yoast-schema-graph\">{\"@context\":\"https:\\\/\\\/schema.org\",\"@graph\":[{\"@type\":\"Article\",\"@id\":\"https:\\\/\\\/elearning.upt.ro\\\/ro\\\/proiecte\\\/proiecte-eu\\\/dr-diana-andone-despre-initiativele-culturale-din-proiectul-digiculture-in-cadrul-webinarului-eden-oew2020\\\/#article\",\"isPartOf\":{\"@id\":\"https:\\\/\\\/elearning.upt.ro\\\/ro\\\/proiecte\\\/proiecte-eu\\\/dr-diana-andone-despre-initiativele-culturale-din-proiectul-digiculture-in-cadrul-webinarului-eden-oew2020\\\/\"},\"author\":{\"name\":\"CeL\",\"@id\":\"https:\\\/\\\/elearning.upt.ro\\\/ro\\\/#\\\/schema\\\/person\\\/8bb5b84d8e634ea763262c452a39b3f4\"},\"headline\":\"Dr. Diana Andone despre ini\u021biativele culturale din proiectul Digiculture \u00een cadrul webinarului EDEN #OEW2020\",\"datePublished\":\"2020-03-06T15:14:00+00:00\",\"dateModified\":\"2021-02-04T09:50:56+00:00\",\"mainEntityOfPage\":{\"@id\":\"https:\\\/\\\/elearning.upt.ro\\\/ro\\\/proiecte\\\/proiecte-eu\\\/dr-diana-andone-despre-initiativele-culturale-din-proiectul-digiculture-in-cadrul-webinarului-eden-oew2020\\\/\"},\"wordCount\":463,\"image\":{\"@id\":\"https:\\\/\\\/elearning.upt.ro\\\/ro\\\/proiecte\\\/proiecte-eu\\\/dr-diana-andone-despre-initiativele-culturale-din-proiectul-digiculture-in-cadrul-webinarului-eden-oew2020\\\/#primaryimage\"},\"thumbnailUrl\":\"https:\\\/\\\/elearning.upt.ro\\\/wp-content\\\/uploads\\\/2020\\\/05\\\/feat.jpg\",\"articleSection\":[\"Comunitate\",\"DigiCulture\",\"EDEN\",\"Noutati\",\"Noutati Comunitate\",\"Proiecte EU\"],\"inLanguage\":\"ro-RO\"},{\"@type\":\"WebPage\",\"@id\":\"https:\\\/\\\/elearning.upt.ro\\\/ro\\\/proiecte\\\/proiecte-eu\\\/dr-diana-andone-despre-initiativele-culturale-din-proiectul-digiculture-in-cadrul-webinarului-eden-oew2020\\\/\",\"url\":\"https:\\\/\\\/elearning.upt.ro\\\/ro\\\/proiecte\\\/proiecte-eu\\\/dr-diana-andone-despre-initiativele-culturale-din-proiectul-digiculture-in-cadrul-webinarului-eden-oew2020\\\/\",\"name\":\"Dr. Diana Andone despre ini\u021biativele culturale din proiectul Digiculture \u00een cadrul webinarului EDEN #OEW2020 - Universitatea Politehnica Timi\u015foara Departamentul de ID\\\/IFR \u0219i Educa\u021bie Digital\u0103 \u2013 DeL\",\"isPartOf\":{\"@id\":\"https:\\\/\\\/elearning.upt.ro\\\/ro\\\/#website\"},\"primaryImageOfPage\":{\"@id\":\"https:\\\/\\\/elearning.upt.ro\\\/ro\\\/proiecte\\\/proiecte-eu\\\/dr-diana-andone-despre-initiativele-culturale-din-proiectul-digiculture-in-cadrul-webinarului-eden-oew2020\\\/#primaryimage\"},\"image\":{\"@id\":\"https:\\\/\\\/elearning.upt.ro\\\/ro\\\/proiecte\\\/proiecte-eu\\\/dr-diana-andone-despre-initiativele-culturale-din-proiectul-digiculture-in-cadrul-webinarului-eden-oew2020\\\/#primaryimage\"},\"thumbnailUrl\":\"https:\\\/\\\/elearning.upt.ro\\\/wp-content\\\/uploads\\\/2020\\\/05\\\/feat.jpg\",\"datePublished\":\"2020-03-06T15:14:00+00:00\",\"dateModified\":\"2021-02-04T09:50:56+00:00\",\"author\":{\"@id\":\"https:\\\/\\\/elearning.upt.ro\\\/ro\\\/#\\\/schema\\\/person\\\/8bb5b84d8e634ea763262c452a39b3f4\"},\"breadcrumb\":{\"@id\":\"https:\\\/\\\/elearning.upt.ro\\\/ro\\\/proiecte\\\/proiecte-eu\\\/dr-diana-andone-despre-initiativele-culturale-din-proiectul-digiculture-in-cadrul-webinarului-eden-oew2020\\\/#breadcrumb\"},\"inLanguage\":\"ro-RO\",\"potentialAction\":[{\"@type\":\"ReadAction\",\"target\":[\"https:\\\/\\\/elearning.upt.ro\\\/ro\\\/proiecte\\\/proiecte-eu\\\/dr-diana-andone-despre-initiativele-culturale-din-proiectul-digiculture-in-cadrul-webinarului-eden-oew2020\\\/\"]}]},{\"@type\":\"ImageObject\",\"inLanguage\":\"ro-RO\",\"@id\":\"https:\\\/\\\/elearning.upt.ro\\\/ro\\\/proiecte\\\/proiecte-eu\\\/dr-diana-andone-despre-initiativele-culturale-din-proiectul-digiculture-in-cadrul-webinarului-eden-oew2020\\\/#primaryimage\",\"url\":\"https:\\\/\\\/elearning.upt.ro\\\/wp-content\\\/uploads\\\/2020\\\/05\\\/feat.jpg\",\"contentUrl\":\"https:\\\/\\\/elearning.upt.ro\\\/wp-content\\\/uploads\\\/2020\\\/05\\\/feat.jpg\",\"width\":787,\"height\":589},{\"@type\":\"BreadcrumbList\",\"@id\":\"https:\\\/\\\/elearning.upt.ro\\\/ro\\\/proiecte\\\/proiecte-eu\\\/dr-diana-andone-despre-initiativele-culturale-din-proiectul-digiculture-in-cadrul-webinarului-eden-oew2020\\\/#breadcrumb\",\"itemListElement\":[{\"@type\":\"ListItem\",\"position\":1,\"name\":\"Home\",\"item\":\"https:\\\/\\\/elearning.upt.ro\\\/\"},{\"@type\":\"ListItem\",\"position\":2,\"name\":\"Dr. Diana Andone despre ini\u021biativele culturale din proiectul Digiculture \u00een cadrul webinarului EDEN #OEW2020\"}]},{\"@type\":\"WebSite\",\"@id\":\"https:\\\/\\\/elearning.upt.ro\\\/ro\\\/#website\",\"url\":\"https:\\\/\\\/elearning.upt.ro\\\/ro\\\/\",\"name\":\"Universitatea Politehnica Timi\u015foara Departamentul de ID\\\/IFR \u0219i Educa\u021bie Digital\u0103 \u2013 DeL\",\"description\":\"\",\"potentialAction\":[{\"@type\":\"SearchAction\",\"target\":{\"@type\":\"EntryPoint\",\"urlTemplate\":\"https:\\\/\\\/elearning.upt.ro\\\/ro\\\/?s={search_term_string}\"},\"query-input\":{\"@type\":\"PropertyValueSpecification\",\"valueRequired\":true,\"valueName\":\"search_term_string\"}}],\"inLanguage\":\"ro-RO\"},{\"@type\":\"Person\",\"@id\":\"https:\\\/\\\/elearning.upt.ro\\\/ro\\\/#\\\/schema\\\/person\\\/8bb5b84d8e634ea763262c452a39b3f4\",\"name\":\"CeL\",\"image\":{\"@type\":\"ImageObject\",\"inLanguage\":\"ro-RO\",\"@id\":\"https:\\\/\\\/secure.gravatar.com\\\/avatar\\\/9b67430c18ee40ef4a63a577131abb63a54ca1b5fbb5ec183bcc2003d846a51f?s=96&d=mm&r=g\",\"url\":\"https:\\\/\\\/secure.gravatar.com\\\/avatar\\\/9b67430c18ee40ef4a63a577131abb63a54ca1b5fbb5ec183bcc2003d846a51f?s=96&d=mm&r=g\",\"contentUrl\":\"https:\\\/\\\/secure.gravatar.com\\\/avatar\\\/9b67430c18ee40ef4a63a577131abb63a54ca1b5fbb5ec183bcc2003d846a51f?s=96&d=mm&r=g\",\"caption\":\"CeL\"},\"url\":\"https:\\\/\\\/elearning.upt.ro\\\/ro\\\/author\\\/renateiovi\\\/\"}]}<\/script>\n<!-- \/ Yoast SEO plugin. -->","yoast_head_json":{"title":"Dr. Diana Andone despre ini\u021biativele culturale din proiectul Digiculture \u00een cadrul webinarului EDEN #OEW2020 - Universitatea Politehnica Timi\u015foara Departamentul de ID\/IFR \u0219i Educa\u021bie Digital\u0103 \u2013 DeL","robots":{"index":"index","follow":"follow","max-snippet":"max-snippet:-1","max-image-preview":"max-image-preview:large","max-video-preview":"max-video-preview:-1"},"canonical":"https:\/\/elearning.upt.ro\/ro\/proiecte\/proiecte-eu\/dr-diana-andone-despre-initiativele-culturale-din-proiectul-digiculture-in-cadrul-webinarului-eden-oew2020\/","og_locale":"ro_RO","og_type":"article","og_title":"Dr. Diana Andone despre ini\u021biativele culturale din proiectul Digiculture \u00een cadrul webinarului EDEN #OEW2020 - Universitatea Politehnica Timi\u015foara Departamentul de ID\/IFR \u0219i Educa\u021bie Digital\u0103 \u2013 DeL","og_description":"\u00cen cadrul webinarului, dr. Diana Andone a prezentat partenerii \u0219i obiectivele proiectului Digital Culture \u2013 Perfec\u021bionarea competen\u021belor digitale \u0219i \u00eembun\u0103t\u0103\u021birea incluziunii sociale a adul\u021bilor \u00een industriile creative, precum \u0219i ini\u021biativele culturale \u0219i digitale din cadrul acestuia.","og_url":"https:\/\/elearning.upt.ro\/ro\/proiecte\/proiecte-eu\/dr-diana-andone-despre-initiativele-culturale-din-proiectul-digiculture-in-cadrul-webinarului-eden-oew2020\/","og_site_name":"Universitatea Politehnica Timi\u015foara Departamentul de ID\/IFR \u0219i Educa\u021bie Digital\u0103 \u2013 DeL","article_publisher":"https:\/\/www.facebook.com\/CIDUPT\/?ref=page_internal","article_published_time":"2020-03-06T15:14:00+00:00","article_modified_time":"2021-02-04T09:50:56+00:00","og_image":[{"width":787,"height":589,"url":"https:\/\/elearning.upt.ro\/wp-content\/uploads\/2020\/05\/feat.jpg","type":"image\/jpeg"}],"author":"CeL","twitter_card":"summary_large_image","twitter_misc":{"Written by":"CeL","Est. reading time":"2 minutes"},"schema":{"@context":"https:\/\/schema.org","@graph":[{"@type":"Article","@id":"https:\/\/elearning.upt.ro\/ro\/proiecte\/proiecte-eu\/dr-diana-andone-despre-initiativele-culturale-din-proiectul-digiculture-in-cadrul-webinarului-eden-oew2020\/#article","isPartOf":{"@id":"https:\/\/elearning.upt.ro\/ro\/proiecte\/proiecte-eu\/dr-diana-andone-despre-initiativele-culturale-din-proiectul-digiculture-in-cadrul-webinarului-eden-oew2020\/"},"author":{"name":"CeL","@id":"https:\/\/elearning.upt.ro\/ro\/#\/schema\/person\/8bb5b84d8e634ea763262c452a39b3f4"},"headline":"Dr. Diana Andone despre ini\u021biativele culturale din proiectul Digiculture \u00een cadrul webinarului EDEN #OEW2020","datePublished":"2020-03-06T15:14:00+00:00","dateModified":"2021-02-04T09:50:56+00:00","mainEntityOfPage":{"@id":"https:\/\/elearning.upt.ro\/ro\/proiecte\/proiecte-eu\/dr-diana-andone-despre-initiativele-culturale-din-proiectul-digiculture-in-cadrul-webinarului-eden-oew2020\/"},"wordCount":463,"image":{"@id":"https:\/\/elearning.upt.ro\/ro\/proiecte\/proiecte-eu\/dr-diana-andone-despre-initiativele-culturale-din-proiectul-digiculture-in-cadrul-webinarului-eden-oew2020\/#primaryimage"},"thumbnailUrl":"https:\/\/elearning.upt.ro\/wp-content\/uploads\/2020\/05\/feat.jpg","articleSection":["Comunitate","DigiCulture","EDEN","Noutati","Noutati Comunitate","Proiecte EU"],"inLanguage":"ro-RO"},{"@type":"WebPage","@id":"https:\/\/elearning.upt.ro\/ro\/proiecte\/proiecte-eu\/dr-diana-andone-despre-initiativele-culturale-din-proiectul-digiculture-in-cadrul-webinarului-eden-oew2020\/","url":"https:\/\/elearning.upt.ro\/ro\/proiecte\/proiecte-eu\/dr-diana-andone-despre-initiativele-culturale-din-proiectul-digiculture-in-cadrul-webinarului-eden-oew2020\/","name":"Dr. Diana Andone despre ini\u021biativele culturale din proiectul Digiculture \u00een cadrul webinarului EDEN #OEW2020 - Universitatea Politehnica Timi\u015foara Departamentul de ID\/IFR \u0219i Educa\u021bie Digital\u0103 \u2013 DeL","isPartOf":{"@id":"https:\/\/elearning.upt.ro\/ro\/#website"},"primaryImageOfPage":{"@id":"https:\/\/elearning.upt.ro\/ro\/proiecte\/proiecte-eu\/dr-diana-andone-despre-initiativele-culturale-din-proiectul-digiculture-in-cadrul-webinarului-eden-oew2020\/#primaryimage"},"image":{"@id":"https:\/\/elearning.upt.ro\/ro\/proiecte\/proiecte-eu\/dr-diana-andone-despre-initiativele-culturale-din-proiectul-digiculture-in-cadrul-webinarului-eden-oew2020\/#primaryimage"},"thumbnailUrl":"https:\/\/elearning.upt.ro\/wp-content\/uploads\/2020\/05\/feat.jpg","datePublished":"2020-03-06T15:14:00+00:00","dateModified":"2021-02-04T09:50:56+00:00","author":{"@id":"https:\/\/elearning.upt.ro\/ro\/#\/schema\/person\/8bb5b84d8e634ea763262c452a39b3f4"},"breadcrumb":{"@id":"https:\/\/elearning.upt.ro\/ro\/proiecte\/proiecte-eu\/dr-diana-andone-despre-initiativele-culturale-din-proiectul-digiculture-in-cadrul-webinarului-eden-oew2020\/#breadcrumb"},"inLanguage":"ro-RO","potentialAction":[{"@type":"ReadAction","target":["https:\/\/elearning.upt.ro\/ro\/proiecte\/proiecte-eu\/dr-diana-andone-despre-initiativele-culturale-din-proiectul-digiculture-in-cadrul-webinarului-eden-oew2020\/"]}]},{"@type":"ImageObject","inLanguage":"ro-RO","@id":"https:\/\/elearning.upt.ro\/ro\/proiecte\/proiecte-eu\/dr-diana-andone-despre-initiativele-culturale-din-proiectul-digiculture-in-cadrul-webinarului-eden-oew2020\/#primaryimage","url":"https:\/\/elearning.upt.ro\/wp-content\/uploads\/2020\/05\/feat.jpg","contentUrl":"https:\/\/elearning.upt.ro\/wp-content\/uploads\/2020\/05\/feat.jpg","width":787,"height":589},{"@type":"BreadcrumbList","@id":"https:\/\/elearning.upt.ro\/ro\/proiecte\/proiecte-eu\/dr-diana-andone-despre-initiativele-culturale-din-proiectul-digiculture-in-cadrul-webinarului-eden-oew2020\/#breadcrumb","itemListElement":[{"@type":"ListItem","position":1,"name":"Home","item":"https:\/\/elearning.upt.ro\/"},{"@type":"ListItem","position":2,"name":"Dr. Diana Andone despre ini\u021biativele culturale din proiectul Digiculture \u00een cadrul webinarului EDEN #OEW2020"}]},{"@type":"WebSite","@id":"https:\/\/elearning.upt.ro\/ro\/#website","url":"https:\/\/elearning.upt.ro\/ro\/","name":"Universitatea Politehnica Timi\u015foara Departamentul de ID\/IFR \u0219i Educa\u021bie Digital\u0103 \u2013 DeL","description":"","potentialAction":[{"@type":"SearchAction","target":{"@type":"EntryPoint","urlTemplate":"https:\/\/elearning.upt.ro\/ro\/?s={search_term_string}"},"query-input":{"@type":"PropertyValueSpecification","valueRequired":true,"valueName":"search_term_string"}}],"inLanguage":"ro-RO"},{"@type":"Person","@id":"https:\/\/elearning.upt.ro\/ro\/#\/schema\/person\/8bb5b84d8e634ea763262c452a39b3f4","name":"CeL","image":{"@type":"ImageObject","inLanguage":"ro-RO","@id":"https:\/\/secure.gravatar.com\/avatar\/9b67430c18ee40ef4a63a577131abb63a54ca1b5fbb5ec183bcc2003d846a51f?s=96&d=mm&r=g","url":"https:\/\/secure.gravatar.com\/avatar\/9b67430c18ee40ef4a63a577131abb63a54ca1b5fbb5ec183bcc2003d846a51f?s=96&d=mm&r=g","contentUrl":"https:\/\/secure.gravatar.com\/avatar\/9b67430c18ee40ef4a63a577131abb63a54ca1b5fbb5ec183bcc2003d846a51f?s=96&d=mm&r=g","caption":"CeL"},"url":"https:\/\/elearning.upt.ro\/ro\/author\/renateiovi\/"}]}},"_links":{"self":[{"href":"https:\/\/elearning.upt.ro\/ro\/wp-json\/wp\/v2\/posts\/9936","targetHints":{"allow":["GET"]}}],"collection":[{"href":"https:\/\/elearning.upt.ro\/ro\/wp-json\/wp\/v2\/posts"}],"about":[{"href":"https:\/\/elearning.upt.ro\/ro\/wp-json\/wp\/v2\/types\/post"}],"author":[{"embeddable":true,"href":"https:\/\/elearning.upt.ro\/ro\/wp-json\/wp\/v2\/users\/13"}],"replies":[{"embeddable":true,"href":"https:\/\/elearning.upt.ro\/ro\/wp-json\/wp\/v2\/comments?post=9936"}],"version-history":[{"count":9,"href":"https:\/\/elearning.upt.ro\/ro\/wp-json\/wp\/v2\/posts\/9936\/revisions"}],"predecessor-version":[{"id":9947,"href":"https:\/\/elearning.upt.ro\/ro\/wp-json\/wp\/v2\/posts\/9936\/revisions\/9947"}],"wp:featuredmedia":[{"embeddable":true,"href":"https:\/\/elearning.upt.ro\/ro\/wp-json\/wp\/v2\/media\/9937"}],"wp:attachment":[{"href":"https:\/\/elearning.upt.ro\/ro\/wp-json\/wp\/v2\/media?parent=9936"}],"wp:term":[{"taxonomy":"category","embeddable":true,"href":"https:\/\/elearning.upt.ro\/ro\/wp-json\/wp\/v2\/categories?post=9936"},{"taxonomy":"post_tag","embeddable":true,"href":"https:\/\/elearning.upt.ro\/ro\/wp-json\/wp\/v2\/tags?post=9936"}],"curies":[{"name":"wp","href":"https:\/\/api.w.org\/{rel}","templated":true}]}}