{"id":8597,"date":"2020-03-11T13:14:11","date_gmt":"2020-03-11T11:14:11","guid":{"rendered":"https:\/\/elearning.upt.ro\/?p=8597"},"modified":"2020-05-25T20:29:42","modified_gmt":"2020-05-25T17:29:42","slug":"masuri-urgente-privind-activitatea-academica","status":"publish","type":"post","link":"https:\/\/elearning.upt.ro\/ro\/educatie\/noutati-educatie\/masuri-urgente-privind-activitatea-academica\/","title":{"rendered":"M\u0103suri urgente privind activitatea academic\u0103"},"content":{"rendered":"\t\t<div data-elementor-type=\"wp-post\" data-elementor-id=\"8597\" class=\"elementor elementor-8597\">\n\t\t\t\t\t\t<section class=\"elementor-section elementor-top-section elementor-element elementor-element-70d4283 elementor-section-boxed elementor-section-height-default elementor-section-height-default\" data-id=\"70d4283\" data-element_type=\"section\" data-e-type=\"section\">\n\t\t\t\t\t\t<div class=\"elementor-container elementor-column-gap-default\">\n\t\t\t\t\t<div class=\"elementor-column elementor-col-100 elementor-top-column elementor-element elementor-element-478a029\" data-id=\"478a029\" data-element_type=\"column\" data-e-type=\"column\">\n\t\t\t<div class=\"elementor-widget-wrap elementor-element-populated\">\n\t\t\t\t\t\t<div class=\"elementor-element elementor-element-357ec60 elementor-widget elementor-widget-text-editor\" data-id=\"357ec60\" data-element_type=\"widget\" data-e-type=\"widget\" data-widget_type=\"text-editor.default\">\n\t\t\t\t<div class=\"elementor-widget-container\">\n\t\t\t\t\t\t\t\t\t<p dir=\"ltr\">\u00ce<strong>n baza Hot\u0103r\u00e2rii Consiliului de Administra\u021bie al Universit\u0103\u021bii Politehnica Timi\u0219oara HCA Nr. 23 din 11.03.2020<\/strong>, legat de suspendarea tuturor activit\u0103\u021bilor didactice prin prezen\u021ba studen\u021bilor la cursuri \u0219i examene \u00een perioada 11 martie 2020 &#8211; 22 martie 2020, \u0219i desf\u0103\u0219urarea lor exclusiv online, <strong>Centrul de ID\/IFR \u0219i e-Learning comunic\u0103<\/strong>:<\/p><ol><li><span style=\"text-decoration: underline;\">Activitatea studen\u021bilor<\/span> de la \u00eenv\u0103\u021b\u0103m\u00e2nt la distan\u021b\u0103 \u0219i \u00eenv\u0103\u021b\u0103m\u00e2nt cu frecven\u021b\u0103 redus\u0103 la toate specializ\u0103rile se va desf\u0103\u0219ura <span style=\"text-decoration: underline;\">exclusiv online<\/span>, prin <strong>Campusul Virtual al UPT<\/strong>, \u00een perioada <strong>11 martie 2020 &#8211; 22 martie 2020<\/strong>, cu posibilitatea de extindere a acestei perioade.\u00a0 Toate materiale legate de disciplinele ID\/IFR vor fi \u00een Campusul Virtual al UPT &#8211; CVUPT, inclusiv indica\u021biile de laboratoare ID \u0219i IFR, \u00een cursurile pentru fiecare disciplin\u0103.<\/li><li>Deplasarea studen\u021bilor la loca\u021bia din Timi\u0219oara, la sediile facult\u0103\u021bilor \u0219i a CeL este interzis\u0103, inclusiv pentru activit\u0103\u021bi administrative, <strong>fiind suspendat\u0103 activitatea cu publicul \u00een perioada 11 martie 2020 &#8211; 22 martie 2020<\/strong>, cu posibilitatea de extindere a acestei perioade.<\/li><li><span style=\"text-decoration: underline;\">Comunicarea cu studen\u021bii ID\/IFR<\/span> se va realiza <span style=\"text-decoration: underline;\">continuu online<\/span>, de preferin\u021b\u0103 <span style=\"text-decoration: underline;\">prin Forumul fiec\u0103rui curs \u0219i\/sau Forumul de specializare \u00een CVUPT<\/span> (<a href=\"https:\/\/cv.upt.ro\/course\/view.php?id=343\" target=\"_blank\" rel=\"noopener\" data-saferedirecturl=\"https:\/\/www.google.com\/url?q=https:\/\/cv.upt.ro\/course\/view.php?id%3D343&amp;source=gmail&amp;ust=1584010946001000&amp;usg=AFQjCNG5ic5XIPj0smi4oelqyLGghWN_RA\">Noutati ID\/IFR<\/a>,\u00a0 <a href=\"https:\/\/cv.upt.ro\/course\/view.php?id=1455\" target=\"_blank\" rel=\"noopener\" data-saferedirecturl=\"https:\/\/www.google.com\/url?q=https:\/\/cv.upt.ro\/course\/view.php?id%3D1455&amp;source=gmail&amp;ust=1584010946001000&amp;usg=AFQjCNFWJuyIt4PvjDjBmjyrxMGDvCME0Q\">Noutati Informatica<\/a>\/ <a href=\"https:\/\/cv.upt.ro\/course\/view.php?id=1456\" target=\"_blank\" rel=\"noopener\" data-saferedirecturl=\"https:\/\/www.google.com\/url?q=https:\/\/cv.upt.ro\/course\/view.php?id%3D1456&amp;source=gmail&amp;ust=1584010946001000&amp;usg=AFQjCNGPCuaaJ4alDn3v-avVIQm4dGzU_g\">Noutati TST<\/a> \/ <a href=\"https:\/\/cv.upt.ro\/course\/view.php?id=1454\" target=\"_blank\" rel=\"noopener\" data-saferedirecturl=\"https:\/\/www.google.com\/url?q=https:\/\/cv.upt.ro\/course\/view.php?id%3D1454&amp;source=gmail&amp;ust=1584010946001000&amp;usg=AFQjCNGB6rUwvSVQ-fBedylcYsa1zhVFRg\">Noutati CRP<\/a> \/<a href=\"https:\/\/cv.upt.ro\/course\/view.php?id=1453\" target=\"_blank\" rel=\"noopener\" data-saferedirecturl=\"https:\/\/www.google.com\/url?q=https:\/\/cv.upt.ro\/course\/view.php?id%3D1453&amp;source=gmail&amp;ust=1584010946001000&amp;usg=AFQjCNHlprtQ1LdxFO-GxqDwNHXr0E_m5A\"> Noutati TCM<\/a> ) care sunt deschise studen\u021bilor \u0219i personalului administrativ-didactic.<\/li><li><strong>Plata taxelor se va efectua prin transfer bancar<\/strong> \u00een conturile indicate pe site <a href=\"https:\/\/elearning.upt.ro\/ro\/educatie\/taxe\/\">upt.ro<\/a> \u0219i dovada pl\u0103\u021bii se va transmite prin email la <a href=\"mailto:contact@elearning.upt.ro\">contact@elearning.upt.ro<\/a>.<\/li><li><strong>Examenele de prezentarea 3<\/strong> pentru semestrul I din 14-15 martie <strong>se vor desf\u0103\u0219ura de preferin\u021b\u0103 online<\/strong>, oral \u0219i scris prin videoconferin\u021b\u0103 \u0219i uneltele specifice CVUPT, conform cu indica\u021biile cadrelor didactice.<\/li><li><strong>Examenele care nu se pot desf\u0103\u0219ur<\/strong>a oral sau scris <strong>prin videoconferin\u021b\u0103<\/strong> <strong>vor fi reprogramate<\/strong>. <strong>Studen\u021bii vor fi anun\u021ba\u021bi<\/strong> de modul de desf\u0103\u0219urare al examenelor din 14-15 martie, direct <strong>prin CVUPT<\/strong> cel mai t\u00e2rziu joi 12.03 seara.<\/li><li>\u00cent\u00e2lnirile fa\u021b\u0103-\u00een-fa\u021b\u0103 programate pentru 21\/22 martie se vor desf\u0103\u0219ura online prin videoconferin\u021b\u0103 pentru anii terminali, pentru ceilal\u021bi ani de studiu urm\u00e2nd a fi reprogramate.<\/li><li><strong>Tutoriale pentru ajutor \u0219i suport de lucru \u00een CVUPT<\/strong> <strong>sunt disponibile<\/strong> \u00een cursurile de Tutoriale Profesori \u0219i Tutoriale Studen\u021bi din CVUPT.\u00a0\u00a0<\/li><\/ol>\t\t\t\t\t\t\t\t<\/div>\n\t\t\t\t<\/div>\n\t\t\t\t\t<\/div>\n\t\t<\/div>\n\t\t\t\t\t<\/div>\n\t\t<\/section>\n\t\t\t\t<section class=\"elementor-section elementor-top-section elementor-element elementor-element-b06cada elementor-section-boxed elementor-section-height-default elementor-section-height-default\" data-id=\"b06cada\" data-element_type=\"section\" data-e-type=\"section\">\n\t\t\t\t\t\t<div class=\"elementor-container elementor-column-gap-default\">\n\t\t\t\t\t<div class=\"elementor-column elementor-col-100 elementor-top-column elementor-element elementor-element-7639eb2\" data-id=\"7639eb2\" data-element_type=\"column\" data-e-type=\"column\">\n\t\t\t<div class=\"elementor-widget-wrap elementor-element-populated\">\n\t\t\t\t\t\t<div class=\"elementor-element elementor-element-50dc5b2 elementor-alert-info elementor-widget elementor-widget-alert\" data-id=\"50dc5b2\" data-element_type=\"widget\" data-e-type=\"widget\" data-widget_type=\"alert.default\">\n\t\t\t\t<div class=\"elementor-widget-container\">\n\t\t\t\t\t\t\t<div class=\"elementor-alert\" role=\"alert\">\n\n\t\t\t\t\t\t<span class=\"elementor-alert-title\">Informa\u021bii suplimentare<\/span>\n\t\t\t\n\t\t\t\t\t\t<span class=\"elementor-alert-description\">Pentru orice comunicare sau  informa\u021bii v\u0103 rug\u0103m s\u0103 accesa\u021bi  https:\/\/elearning.upt.ro\/ro\/ s\u0103 contacta\u021bi CeL pe contact@elearning.upt.ro <\/span>\n\t\t\t\n\t\t\t\t\t\t<button type=\"button\" class=\"elementor-alert-dismiss\" aria-label=\"\u00cenchide\u021bi aceast\u0103 alert\u0103.\">\n\t\t\t\t\t\t\t\t\t<span aria-hidden=\"true\">&times;<\/span>\n\t\t\t\t\t\t\t<\/button>\n\t\t\t\n\t\t<\/div>\n\t\t\t\t\t\t<\/div>\n\t\t\t\t<\/div>\n\t\t\t\t\t<\/div>\n\t\t<\/div>\n\t\t\t\t\t<\/div>\n\t\t<\/section>\n\t\t\t\t<section class=\"elementor-section elementor-top-section elementor-element elementor-element-a7b19fb elementor-section-boxed elementor-section-height-default elementor-section-height-default\" data-id=\"a7b19fb\" data-element_type=\"section\" data-e-type=\"section\">\n\t\t\t\t\t\t<div class=\"elementor-container elementor-column-gap-default\">\n\t\t\t\t\t<div class=\"elementor-column elementor-col-100 elementor-top-column elementor-element elementor-element-ce1d778\" data-id=\"ce1d778\" data-element_type=\"column\" data-e-type=\"column\">\n\t\t\t<div class=\"elementor-widget-wrap elementor-element-populated\">\n\t\t\t\t\t\t<div class=\"elementor-element elementor-element-1512d2f elementor-button-info elementor-align-center elementor-widget elementor-widget-button\" data-id=\"1512d2f\" data-element_type=\"widget\" data-e-type=\"widget\" data-widget_type=\"button.default\">\n\t\t\t\t<div class=\"elementor-widget-container\">\n\t\t\t\t\t\t\t\t\t<div class=\"elementor-button-wrapper\">\n\t\t\t\t\t<a class=\"elementor-button elementor-button-link elementor-size-sm elementor-animation-pulse-grow\" href=\"https:\/\/elearning.upt.ro\/wp-content\/uploads\/2020\/03\/HCA-23-din-11.03.2020.pdf\" target=\"_blank\">\n\t\t\t\t\t\t<span class=\"elementor-button-content-wrapper\">\n\t\t\t\t\t\t\t\t\t<span class=\"elementor-button-text\">Mai multe detalii despre Hot\u0103r\u00e2rea Consiliului de Administra\u021bie UPT AICI<\/span>\n\t\t\t\t\t<\/span>\n\t\t\t\t\t<\/a>\n\t\t\t\t<\/div>\n\t\t\t\t\t\t\t\t<\/div>\n\t\t\t\t<\/div>\n\t\t\t\t\t<\/div>\n\t\t<\/div>\n\t\t\t\t\t<\/div>\n\t\t<\/section>\n\t\t\t\t<\/div>\n\t\t","protected":false},"excerpt":{"rendered":"<p>\u00cen urma situa\u021biei create \u00een Universitatea Politehnica din Timi\u0219oara legat de suspendarea prezen\u021bei studen\u021bilor la cursuri \u0219i examene \u00een perioada 11 martie 2020 &#8211; 22 martie 2020, activitatea ID\/IFR se va desf\u0103\u0219ura dup\u0103 cum urmeaz\u0103.<\/p>\n","protected":false},"author":1,"featured_media":4845,"comment_status":"closed","ping_status":"closed","sticky":false,"template":"","format":"standard","meta":{"footnotes":""},"categories":[90,77],"tags":[],"class_list":["post-8597","post","type-post","status-publish","format-standard","has-post-thumbnail","hentry","category-noutati-proiecte","category-noutati-educatie"],"yoast_head":"<!-- This site is optimized with the Yoast SEO plugin v27.4 - https:\/\/yoast.com\/product\/yoast-seo-wordpress\/ -->\n<title>M\u0103suri urgente privind activitatea academic\u0103 - Universitatea Politehnica Timi\u015foara Departamentul de ID\/IFR \u0219i Educa\u021bie Digital\u0103 \u2013 DeL<\/title>\n<meta name=\"robots\" content=\"index, follow, max-snippet:-1, max-image-preview:large, max-video-preview:-1\" \/>\n<link rel=\"canonical\" href=\"https:\/\/elearning.upt.ro\/ro\/educatie\/noutati-educatie\/masuri-urgente-privind-activitatea-academica\/\" \/>\n<meta property=\"og:locale\" content=\"ro_RO\" \/>\n<meta property=\"og:type\" content=\"article\" \/>\n<meta property=\"og:title\" content=\"M\u0103suri urgente privind activitatea academic\u0103 - Universitatea Politehnica Timi\u015foara Departamentul de ID\/IFR \u0219i Educa\u021bie Digital\u0103 \u2013 DeL\" \/>\n<meta property=\"og:description\" content=\"\u00cen urma situa\u021biei create \u00een Universitatea Politehnica din Timi\u0219oara legat de suspendarea prezen\u021bei studen\u021bilor la cursuri \u0219i examene \u00een perioada 11 martie 2020 - 22 martie 2020, activitatea ID\/IFR se va desf\u0103\u0219ura dup\u0103 cum urmeaz\u0103.\" \/>\n<meta property=\"og:url\" content=\"https:\/\/elearning.upt.ro\/ro\/educatie\/noutati-educatie\/masuri-urgente-privind-activitatea-academica\/\" \/>\n<meta property=\"og:site_name\" content=\"Universitatea Politehnica Timi\u015foara Departamentul de ID\/IFR \u0219i Educa\u021bie Digital\u0103 \u2013 DeL\" \/>\n<meta property=\"article:publisher\" content=\"https:\/\/www.facebook.com\/CIDUPT\/?ref=page_internal\" \/>\n<meta property=\"article:published_time\" content=\"2020-03-11T11:14:11+00:00\" \/>\n<meta property=\"article:modified_time\" content=\"2020-05-25T17:29:42+00:00\" \/>\n<meta property=\"og:image\" content=\"https:\/\/elearning.upt.ro\/wp-content\/uploads\/2019\/01\/94107logocv.jpg\" \/>\n\t<meta property=\"og:image:width\" content=\"508\" \/>\n\t<meta property=\"og:image:height\" content=\"255\" \/>\n\t<meta property=\"og:image:type\" content=\"image\/jpeg\" \/>\n<meta name=\"author\" content=\"CeL\" \/>\n<meta name=\"twitter:card\" content=\"summary_large_image\" \/>\n<meta name=\"twitter:label1\" content=\"Written by\" \/>\n\t<meta name=\"twitter:data1\" content=\"CeL\" \/>\n\t<meta name=\"twitter:label2\" content=\"Est. reading time\" \/>\n\t<meta name=\"twitter:data2\" content=\"2 minutes\" \/>\n<script type=\"application\/ld+json\" class=\"yoast-schema-graph\">{\"@context\":\"https:\\\/\\\/schema.org\",\"@graph\":[{\"@type\":\"Article\",\"@id\":\"https:\\\/\\\/elearning.upt.ro\\\/ro\\\/educatie\\\/noutati-educatie\\\/masuri-urgente-privind-activitatea-academica\\\/#article\",\"isPartOf\":{\"@id\":\"https:\\\/\\\/elearning.upt.ro\\\/ro\\\/educatie\\\/noutati-educatie\\\/masuri-urgente-privind-activitatea-academica\\\/\"},\"author\":{\"name\":\"CeL\",\"@id\":\"https:\\\/\\\/elearning.upt.ro\\\/ro\\\/#\\\/schema\\\/person\\\/48f227619c4c2c3f9a40143da0fa1316\"},\"headline\":\"M\u0103suri urgente privind activitatea academic\u0103\",\"datePublished\":\"2020-03-11T11:14:11+00:00\",\"dateModified\":\"2020-05-25T17:29:42+00:00\",\"mainEntityOfPage\":{\"@id\":\"https:\\\/\\\/elearning.upt.ro\\\/ro\\\/educatie\\\/noutati-educatie\\\/masuri-urgente-privind-activitatea-academica\\\/\"},\"wordCount\":412,\"image\":{\"@id\":\"https:\\\/\\\/elearning.upt.ro\\\/ro\\\/educatie\\\/noutati-educatie\\\/masuri-urgente-privind-activitatea-academica\\\/#primaryimage\"},\"thumbnailUrl\":\"https:\\\/\\\/elearning.upt.ro\\\/wp-content\\\/uploads\\\/2019\\\/01\\\/94107logocv.jpg\",\"articleSection\":[\"Noutati\",\"Noutati Educatie\"],\"inLanguage\":\"ro-RO\"},{\"@type\":\"WebPage\",\"@id\":\"https:\\\/\\\/elearning.upt.ro\\\/ro\\\/educatie\\\/noutati-educatie\\\/masuri-urgente-privind-activitatea-academica\\\/\",\"url\":\"https:\\\/\\\/elearning.upt.ro\\\/ro\\\/educatie\\\/noutati-educatie\\\/masuri-urgente-privind-activitatea-academica\\\/\",\"name\":\"M\u0103suri urgente privind activitatea academic\u0103 - Universitatea Politehnica Timi\u015foara Departamentul de ID\\\/IFR \u0219i Educa\u021bie Digital\u0103 \u2013 DeL\",\"isPartOf\":{\"@id\":\"https:\\\/\\\/elearning.upt.ro\\\/ro\\\/#website\"},\"primaryImageOfPage\":{\"@id\":\"https:\\\/\\\/elearning.upt.ro\\\/ro\\\/educatie\\\/noutati-educatie\\\/masuri-urgente-privind-activitatea-academica\\\/#primaryimage\"},\"image\":{\"@id\":\"https:\\\/\\\/elearning.upt.ro\\\/ro\\\/educatie\\\/noutati-educatie\\\/masuri-urgente-privind-activitatea-academica\\\/#primaryimage\"},\"thumbnailUrl\":\"https:\\\/\\\/elearning.upt.ro\\\/wp-content\\\/uploads\\\/2019\\\/01\\\/94107logocv.jpg\",\"datePublished\":\"2020-03-11T11:14:11+00:00\",\"dateModified\":\"2020-05-25T17:29:42+00:00\",\"author\":{\"@id\":\"https:\\\/\\\/elearning.upt.ro\\\/ro\\\/#\\\/schema\\\/person\\\/48f227619c4c2c3f9a40143da0fa1316\"},\"breadcrumb\":{\"@id\":\"https:\\\/\\\/elearning.upt.ro\\\/ro\\\/educatie\\\/noutati-educatie\\\/masuri-urgente-privind-activitatea-academica\\\/#breadcrumb\"},\"inLanguage\":\"ro-RO\",\"potentialAction\":[{\"@type\":\"ReadAction\",\"target\":[\"https:\\\/\\\/elearning.upt.ro\\\/ro\\\/educatie\\\/noutati-educatie\\\/masuri-urgente-privind-activitatea-academica\\\/\"]}]},{\"@type\":\"ImageObject\",\"inLanguage\":\"ro-RO\",\"@id\":\"https:\\\/\\\/elearning.upt.ro\\\/ro\\\/educatie\\\/noutati-educatie\\\/masuri-urgente-privind-activitatea-academica\\\/#primaryimage\",\"url\":\"https:\\\/\\\/elearning.upt.ro\\\/wp-content\\\/uploads\\\/2019\\\/01\\\/94107logocv.jpg\",\"contentUrl\":\"https:\\\/\\\/elearning.upt.ro\\\/wp-content\\\/uploads\\\/2019\\\/01\\\/94107logocv.jpg\",\"width\":508,\"height\":255},{\"@type\":\"BreadcrumbList\",\"@id\":\"https:\\\/\\\/elearning.upt.ro\\\/ro\\\/educatie\\\/noutati-educatie\\\/masuri-urgente-privind-activitatea-academica\\\/#breadcrumb\",\"itemListElement\":[{\"@type\":\"ListItem\",\"position\":1,\"name\":\"Home\",\"item\":\"https:\\\/\\\/elearning.upt.ro\\\/\"},{\"@type\":\"ListItem\",\"position\":2,\"name\":\"M\u0103suri urgente privind activitatea academic\u0103\"}]},{\"@type\":\"WebSite\",\"@id\":\"https:\\\/\\\/elearning.upt.ro\\\/ro\\\/#website\",\"url\":\"https:\\\/\\\/elearning.upt.ro\\\/ro\\\/\",\"name\":\"Universitatea Politehnica Timi\u015foara Departamentul de ID\\\/IFR \u0219i Educa\u021bie Digital\u0103 \u2013 DeL\",\"description\":\"\",\"potentialAction\":[{\"@type\":\"SearchAction\",\"target\":{\"@type\":\"EntryPoint\",\"urlTemplate\":\"https:\\\/\\\/elearning.upt.ro\\\/ro\\\/?s={search_term_string}\"},\"query-input\":{\"@type\":\"PropertyValueSpecification\",\"valueRequired\":true,\"valueName\":\"search_term_string\"}}],\"inLanguage\":\"ro-RO\"},{\"@type\":\"Person\",\"@id\":\"https:\\\/\\\/elearning.upt.ro\\\/ro\\\/#\\\/schema\\\/person\\\/48f227619c4c2c3f9a40143da0fa1316\",\"name\":\"CeL\",\"image\":{\"@type\":\"ImageObject\",\"inLanguage\":\"ro-RO\",\"@id\":\"https:\\\/\\\/secure.gravatar.com\\\/avatar\\\/f32c49254ecbb28577806521f9f0df6400a1240957a45612ab56ced288a1c583?s=96&d=mm&r=g\",\"url\":\"https:\\\/\\\/secure.gravatar.com\\\/avatar\\\/f32c49254ecbb28577806521f9f0df6400a1240957a45612ab56ced288a1c583?s=96&d=mm&r=g\",\"contentUrl\":\"https:\\\/\\\/secure.gravatar.com\\\/avatar\\\/f32c49254ecbb28577806521f9f0df6400a1240957a45612ab56ced288a1c583?s=96&d=mm&r=g\",\"caption\":\"CeL\"},\"url\":\"https:\\\/\\\/elearning.upt.ro\\\/ro\\\/author\\\/silviuvert\\\/\"}]}<\/script>\n<!-- \/ Yoast SEO plugin. -->","yoast_head_json":{"title":"M\u0103suri urgente privind activitatea academic\u0103 - Universitatea Politehnica Timi\u015foara Departamentul de ID\/IFR \u0219i Educa\u021bie Digital\u0103 \u2013 DeL","robots":{"index":"index","follow":"follow","max-snippet":"max-snippet:-1","max-image-preview":"max-image-preview:large","max-video-preview":"max-video-preview:-1"},"canonical":"https:\/\/elearning.upt.ro\/ro\/educatie\/noutati-educatie\/masuri-urgente-privind-activitatea-academica\/","og_locale":"ro_RO","og_type":"article","og_title":"M\u0103suri urgente privind activitatea academic\u0103 - Universitatea Politehnica Timi\u015foara Departamentul de ID\/IFR \u0219i Educa\u021bie Digital\u0103 \u2013 DeL","og_description":"\u00cen urma situa\u021biei create \u00een Universitatea Politehnica din Timi\u0219oara legat de suspendarea prezen\u021bei studen\u021bilor la cursuri \u0219i examene \u00een perioada 11 martie 2020 - 22 martie 2020, activitatea ID\/IFR se va desf\u0103\u0219ura dup\u0103 cum urmeaz\u0103.","og_url":"https:\/\/elearning.upt.ro\/ro\/educatie\/noutati-educatie\/masuri-urgente-privind-activitatea-academica\/","og_site_name":"Universitatea Politehnica Timi\u015foara Departamentul de ID\/IFR \u0219i Educa\u021bie Digital\u0103 \u2013 DeL","article_publisher":"https:\/\/www.facebook.com\/CIDUPT\/?ref=page_internal","article_published_time":"2020-03-11T11:14:11+00:00","article_modified_time":"2020-05-25T17:29:42+00:00","og_image":[{"width":508,"height":255,"url":"https:\/\/elearning.upt.ro\/wp-content\/uploads\/2019\/01\/94107logocv.jpg","type":"image\/jpeg"}],"author":"CeL","twitter_card":"summary_large_image","twitter_misc":{"Written by":"CeL","Est. reading time":"2 minutes"},"schema":{"@context":"https:\/\/schema.org","@graph":[{"@type":"Article","@id":"https:\/\/elearning.upt.ro\/ro\/educatie\/noutati-educatie\/masuri-urgente-privind-activitatea-academica\/#article","isPartOf":{"@id":"https:\/\/elearning.upt.ro\/ro\/educatie\/noutati-educatie\/masuri-urgente-privind-activitatea-academica\/"},"author":{"name":"CeL","@id":"https:\/\/elearning.upt.ro\/ro\/#\/schema\/person\/48f227619c4c2c3f9a40143da0fa1316"},"headline":"M\u0103suri urgente privind activitatea academic\u0103","datePublished":"2020-03-11T11:14:11+00:00","dateModified":"2020-05-25T17:29:42+00:00","mainEntityOfPage":{"@id":"https:\/\/elearning.upt.ro\/ro\/educatie\/noutati-educatie\/masuri-urgente-privind-activitatea-academica\/"},"wordCount":412,"image":{"@id":"https:\/\/elearning.upt.ro\/ro\/educatie\/noutati-educatie\/masuri-urgente-privind-activitatea-academica\/#primaryimage"},"thumbnailUrl":"https:\/\/elearning.upt.ro\/wp-content\/uploads\/2019\/01\/94107logocv.jpg","articleSection":["Noutati","Noutati Educatie"],"inLanguage":"ro-RO"},{"@type":"WebPage","@id":"https:\/\/elearning.upt.ro\/ro\/educatie\/noutati-educatie\/masuri-urgente-privind-activitatea-academica\/","url":"https:\/\/elearning.upt.ro\/ro\/educatie\/noutati-educatie\/masuri-urgente-privind-activitatea-academica\/","name":"M\u0103suri urgente privind activitatea academic\u0103 - Universitatea Politehnica Timi\u015foara Departamentul de ID\/IFR \u0219i Educa\u021bie Digital\u0103 \u2013 DeL","isPartOf":{"@id":"https:\/\/elearning.upt.ro\/ro\/#website"},"primaryImageOfPage":{"@id":"https:\/\/elearning.upt.ro\/ro\/educatie\/noutati-educatie\/masuri-urgente-privind-activitatea-academica\/#primaryimage"},"image":{"@id":"https:\/\/elearning.upt.ro\/ro\/educatie\/noutati-educatie\/masuri-urgente-privind-activitatea-academica\/#primaryimage"},"thumbnailUrl":"https:\/\/elearning.upt.ro\/wp-content\/uploads\/2019\/01\/94107logocv.jpg","datePublished":"2020-03-11T11:14:11+00:00","dateModified":"2020-05-25T17:29:42+00:00","author":{"@id":"https:\/\/elearning.upt.ro\/ro\/#\/schema\/person\/48f227619c4c2c3f9a40143da0fa1316"},"breadcrumb":{"@id":"https:\/\/elearning.upt.ro\/ro\/educatie\/noutati-educatie\/masuri-urgente-privind-activitatea-academica\/#breadcrumb"},"inLanguage":"ro-RO","potentialAction":[{"@type":"ReadAction","target":["https:\/\/elearning.upt.ro\/ro\/educatie\/noutati-educatie\/masuri-urgente-privind-activitatea-academica\/"]}]},{"@type":"ImageObject","inLanguage":"ro-RO","@id":"https:\/\/elearning.upt.ro\/ro\/educatie\/noutati-educatie\/masuri-urgente-privind-activitatea-academica\/#primaryimage","url":"https:\/\/elearning.upt.ro\/wp-content\/uploads\/2019\/01\/94107logocv.jpg","contentUrl":"https:\/\/elearning.upt.ro\/wp-content\/uploads\/2019\/01\/94107logocv.jpg","width":508,"height":255},{"@type":"BreadcrumbList","@id":"https:\/\/elearning.upt.ro\/ro\/educatie\/noutati-educatie\/masuri-urgente-privind-activitatea-academica\/#breadcrumb","itemListElement":[{"@type":"ListItem","position":1,"name":"Home","item":"https:\/\/elearning.upt.ro\/"},{"@type":"ListItem","position":2,"name":"M\u0103suri urgente privind activitatea academic\u0103"}]},{"@type":"WebSite","@id":"https:\/\/elearning.upt.ro\/ro\/#website","url":"https:\/\/elearning.upt.ro\/ro\/","name":"Universitatea Politehnica Timi\u015foara Departamentul de ID\/IFR \u0219i Educa\u021bie Digital\u0103 \u2013 DeL","description":"","potentialAction":[{"@type":"SearchAction","target":{"@type":"EntryPoint","urlTemplate":"https:\/\/elearning.upt.ro\/ro\/?s={search_term_string}"},"query-input":{"@type":"PropertyValueSpecification","valueRequired":true,"valueName":"search_term_string"}}],"inLanguage":"ro-RO"},{"@type":"Person","@id":"https:\/\/elearning.upt.ro\/ro\/#\/schema\/person\/48f227619c4c2c3f9a40143da0fa1316","name":"CeL","image":{"@type":"ImageObject","inLanguage":"ro-RO","@id":"https:\/\/secure.gravatar.com\/avatar\/f32c49254ecbb28577806521f9f0df6400a1240957a45612ab56ced288a1c583?s=96&d=mm&r=g","url":"https:\/\/secure.gravatar.com\/avatar\/f32c49254ecbb28577806521f9f0df6400a1240957a45612ab56ced288a1c583?s=96&d=mm&r=g","contentUrl":"https:\/\/secure.gravatar.com\/avatar\/f32c49254ecbb28577806521f9f0df6400a1240957a45612ab56ced288a1c583?s=96&d=mm&r=g","caption":"CeL"},"url":"https:\/\/elearning.upt.ro\/ro\/author\/silviuvert\/"}]}},"_links":{"self":[{"href":"https:\/\/elearning.upt.ro\/ro\/wp-json\/wp\/v2\/posts\/8597","targetHints":{"allow":["GET"]}}],"collection":[{"href":"https:\/\/elearning.upt.ro\/ro\/wp-json\/wp\/v2\/posts"}],"about":[{"href":"https:\/\/elearning.upt.ro\/ro\/wp-json\/wp\/v2\/types\/post"}],"author":[{"embeddable":true,"href":"https:\/\/elearning.upt.ro\/ro\/wp-json\/wp\/v2\/users\/1"}],"replies":[{"embeddable":true,"href":"https:\/\/elearning.upt.ro\/ro\/wp-json\/wp\/v2\/comments?post=8597"}],"version-history":[{"count":12,"href":"https:\/\/elearning.upt.ro\/ro\/wp-json\/wp\/v2\/posts\/8597\/revisions"}],"predecessor-version":[{"id":8631,"href":"https:\/\/elearning.upt.ro\/ro\/wp-json\/wp\/v2\/posts\/8597\/revisions\/8631"}],"wp:featuredmedia":[{"embeddable":true,"href":"https:\/\/elearning.upt.ro\/ro\/wp-json\/wp\/v2\/media\/4845"}],"wp:attachment":[{"href":"https:\/\/elearning.upt.ro\/ro\/wp-json\/wp\/v2\/media?parent=8597"}],"wp:term":[{"taxonomy":"category","embeddable":true,"href":"https:\/\/elearning.upt.ro\/ro\/wp-json\/wp\/v2\/categories?post=8597"},{"taxonomy":"post_tag","embeddable":true,"href":"https:\/\/elearning.upt.ro\/ro\/wp-json\/wp\/v2\/tags?post=8597"}],"curies":[{"name":"wp","href":"https:\/\/api.w.org\/{rel}","templated":true}]}}