{"id":7481,"date":"2019-11-28T12:17:51","date_gmt":"2019-11-28T10:17:51","guid":{"rendered":"https:\/\/elearning.upt.ro\/?p=7481"},"modified":"2020-06-19T17:06:10","modified_gmt":"2020-06-19T14:06:10","slug":"conferinta-anuala-eden-2020-gazduita-de-universitatea-politehnica-timisoara","status":"publish","type":"post","link":"https:\/\/elearning.upt.ro\/ro\/noutati\/conferinta-anuala-eden-2020-gazduita-de-universitatea-politehnica-timisoara\/","title":{"rendered":"Conferin\u021ba anual\u0103 EDEN 2020, g\u0103zduit\u0103 de UPT"},"content":{"rendered":"\t\t<div data-elementor-type=\"wp-post\" data-elementor-id=\"7481\" class=\"elementor elementor-7481\">\n\t\t\t\t\t\t<section class=\"elementor-section elementor-top-section elementor-element elementor-element-af5309c elementor-section-boxed elementor-section-height-default elementor-section-height-default\" data-id=\"af5309c\" data-element_type=\"section\" data-e-type=\"section\">\n\t\t\t\t\t\t<div class=\"elementor-container elementor-column-gap-default\">\n\t\t\t\t\t<div class=\"elementor-column elementor-col-100 elementor-top-column elementor-element elementor-element-7224505\" data-id=\"7224505\" data-element_type=\"column\" data-e-type=\"column\">\n\t\t\t<div class=\"elementor-widget-wrap elementor-element-populated\">\n\t\t\t\t\t\t<div class=\"elementor-element elementor-element-336705d elementor-widget elementor-widget-text-editor\" data-id=\"336705d\" data-element_type=\"widget\" data-e-type=\"widget\" data-widget_type=\"text-editor.default\">\n\t\t\t\t<div class=\"elementor-widget-container\">\n\t\t\t\t\t\t\t\t\t<p>Universitatea Politehnica Timi\u0219oara, prin Centrul ID\/IFR \u0219i e-Learning va g\u0103zdui \u00een perioada 21-24 iunie 2020 conferin\u021ba anual\u0103 EDEN 2020, cu tema :<\/p>\t\t\t\t\t\t\t\t<\/div>\n\t\t\t\t<\/div>\n\t\t\t\t\t<\/div>\n\t\t<\/div>\n\t\t\t\t\t<\/div>\n\t\t<\/section>\n\t\t\t\t<section class=\"elementor-section elementor-top-section elementor-element elementor-element-a59a81e elementor-section-boxed elementor-section-height-default elementor-section-height-default\" data-id=\"a59a81e\" data-element_type=\"section\" data-e-type=\"section\">\n\t\t\t\t\t\t<div class=\"elementor-container elementor-column-gap-default\">\n\t\t\t\t\t<div class=\"elementor-column elementor-col-100 elementor-top-column elementor-element elementor-element-7b1a8a3\" data-id=\"7b1a8a3\" data-element_type=\"column\" data-e-type=\"column\">\n\t\t\t<div class=\"elementor-widget-wrap elementor-element-populated\">\n\t\t\t\t\t\t<div class=\"elementor-element elementor-element-910f349 elementor-widget elementor-widget-heading\" data-id=\"910f349\" data-element_type=\"widget\" data-e-type=\"widget\" data-widget_type=\"heading.default\">\n\t\t\t\t<div class=\"elementor-widget-container\">\n\t\t\t\t\t<h2 class=\"elementor-heading-title elementor-size-default\">\u201eInteligen\u021ba uman\u0103 \u0219i artificial\u0103 pentru societatea viitorului\u201d<\/h2>\t\t\t\t<\/div>\n\t\t\t\t<\/div>\n\t\t\t\t\t<\/div>\n\t\t<\/div>\n\t\t\t\t\t<\/div>\n\t\t<\/section>\n\t\t\t\t<section class=\"elementor-section elementor-top-section elementor-element elementor-element-4afee66 elementor-section-boxed elementor-section-height-default elementor-section-height-default\" data-id=\"4afee66\" data-element_type=\"section\" data-e-type=\"section\">\n\t\t\t\t\t\t<div class=\"elementor-container elementor-column-gap-default\">\n\t\t\t\t\t<div class=\"elementor-column elementor-col-100 elementor-top-column elementor-element elementor-element-f391285\" data-id=\"f391285\" data-element_type=\"column\" data-e-type=\"column\">\n\t\t\t<div class=\"elementor-widget-wrap elementor-element-populated\">\n\t\t\t\t\t\t<div class=\"elementor-element elementor-element-d5bbf6d elementor-widget elementor-widget-heading\" data-id=\"d5bbf6d\" data-element_type=\"widget\" data-e-type=\"widget\" data-widget_type=\"heading.default\">\n\t\t\t\t<div class=\"elementor-widget-container\">\n\t\t\t\t\t<h3 class=\"elementor-heading-title elementor-size-default\"><i>Inspir\u0103m educa\u021bia digital\u0103 pentru urm\u0103toarea genera\u021bie de studen\u021bi STE(A)M<\/i><\/h3>\t\t\t\t<\/div>\n\t\t\t\t<\/div>\n\t\t\t\t\t<\/div>\n\t\t<\/div>\n\t\t\t\t\t<\/div>\n\t\t<\/section>\n\t\t\t\t<section class=\"elementor-section elementor-top-section elementor-element elementor-element-6a1b83f elementor-section-boxed elementor-section-height-default elementor-section-height-default\" data-id=\"6a1b83f\" data-element_type=\"section\" data-e-type=\"section\">\n\t\t\t\t\t\t<div class=\"elementor-container elementor-column-gap-default\">\n\t\t\t\t\t<div class=\"elementor-column elementor-col-100 elementor-top-column elementor-element elementor-element-c4afb7d\" data-id=\"c4afb7d\" data-element_type=\"column\" data-e-type=\"column\">\n\t\t\t<div class=\"elementor-widget-wrap elementor-element-populated\">\n\t\t\t\t\t\t<div class=\"elementor-element elementor-element-80e68a5 elementor-widget elementor-widget-text-editor\" data-id=\"80e68a5\" data-element_type=\"widget\" data-e-type=\"widget\" data-widget_type=\"text-editor.default\">\n\t\t\t\t<div class=\"elementor-widget-container\">\n\t\t\t\t\t\t\t\t\t<p>Educa\u021bia digital\u0103 a dovedit c\u0103 poate schimba practicile de \u00eenv\u0103\u021bare \u0219i de lucru \u00een societatea de ast\u0103zi. Realitatea nevii de a \u00eenv\u0103\u021ba pe parcursul vie\u021bii prin educa\u021bia permanent\u0103 r\u0103m\u00e2ne la fel de urgent\u0103 ca \u00eentotdeauna. Inteligen\u021ba, uman\u0103 \u0219i artificial\u0103, este \u00een centrul aten\u021biei iar \u00een\u021belegerea studen\u021bilor \u0219i a modului lor de \u00eenv\u0103\u021bare, precum \u0219i aplicarea noilor tehnologii \u00een educa\u021bie inspir\u0103 dezvoltarea ulterioar\u0103.<\/p>\t\t\t\t\t\t\t\t<\/div>\n\t\t\t\t<\/div>\n\t\t\t\t\t<\/div>\n\t\t<\/div>\n\t\t\t\t\t<\/div>\n\t\t<\/section>\n\t\t\t\t<section class=\"elementor-section elementor-top-section elementor-element elementor-element-382f4e8 elementor-section-boxed elementor-section-height-default elementor-section-height-default\" data-id=\"382f4e8\" data-element_type=\"section\" data-e-type=\"section\">\n\t\t\t\t\t\t<div class=\"elementor-container elementor-column-gap-default\">\n\t\t\t\t\t<div class=\"elementor-column elementor-col-100 elementor-top-column elementor-element elementor-element-5881e92\" data-id=\"5881e92\" data-element_type=\"column\" data-e-type=\"column\">\n\t\t\t<div class=\"elementor-widget-wrap elementor-element-populated\">\n\t\t\t\t\t\t<div class=\"elementor-element elementor-element-71d80c5 elementor-widget elementor-widget-text-editor\" data-id=\"71d80c5\" data-element_type=\"widget\" data-e-type=\"widget\" data-widget_type=\"text-editor.default\">\n\t\t\t\t<div class=\"elementor-widget-container\">\n\t\t\t\t\t\t\t\t\t<p>Conferin\u021ba EDEN 2020 se va concentra pe concepte educa\u021bionale contemporane, dar \u0219i practici, abord\u0103ri \u0219i instrumente avansate care ajut\u0103 la sporirea puterii inovatoare a solu\u021biilor digitale de ultim\u0103 genera\u021bie, \u0219i integrarea efectelor sinergetice ale artelor, a dimensiunilor umane \u0219i sociale.<\/p>\t\t\t\t\t\t\t\t<\/div>\n\t\t\t\t<\/div>\n\t\t\t\t\t<\/div>\n\t\t<\/div>\n\t\t\t\t\t<\/div>\n\t\t<\/section>\n\t\t\t\t<section class=\"elementor-section elementor-top-section elementor-element elementor-element-d0764bd elementor-section-boxed elementor-section-height-default elementor-section-height-default\" data-id=\"d0764bd\" data-element_type=\"section\" data-e-type=\"section\">\n\t\t\t\t\t\t<div class=\"elementor-container elementor-column-gap-default\">\n\t\t\t\t\t<div class=\"elementor-column elementor-col-100 elementor-top-column elementor-element elementor-element-de4c202\" data-id=\"de4c202\" data-element_type=\"column\" data-e-type=\"column\">\n\t\t\t<div class=\"elementor-widget-wrap elementor-element-populated\">\n\t\t\t\t\t\t<div class=\"elementor-element elementor-element-a829714 elementor-button-info elementor-align-center elementor-widget elementor-widget-button\" data-id=\"a829714\" data-element_type=\"widget\" data-e-type=\"widget\" data-widget_type=\"button.default\">\n\t\t\t\t<div class=\"elementor-widget-container\">\n\t\t\t\t\t\t\t\t\t<div class=\"elementor-button-wrapper\">\n\t\t\t\t\t<a class=\"elementor-button elementor-button-link elementor-size-sm\" href=\"https:\/\/www.eden-online.org\/2020_timisoara\/\" target=\"_blank\">\n\t\t\t\t\t\t<span class=\"elementor-button-content-wrapper\">\n\t\t\t\t\t\t\t\t\t<span class=\"elementor-button-text\">Vezi detalii despre EDEN 2020 AICI<\/span>\n\t\t\t\t\t<\/span>\n\t\t\t\t\t<\/a>\n\t\t\t\t<\/div>\n\t\t\t\t\t\t\t\t<\/div>\n\t\t\t\t<\/div>\n\t\t\t\t\t<\/div>\n\t\t<\/div>\n\t\t\t\t\t<\/div>\n\t\t<\/section>\n\t\t\t\t<section class=\"elementor-section elementor-top-section elementor-element elementor-element-08a59b6 elementor-section-boxed elementor-section-height-default elementor-section-height-default\" data-id=\"08a59b6\" data-element_type=\"section\" data-e-type=\"section\">\n\t\t\t\t\t\t<div class=\"elementor-container elementor-column-gap-default\">\n\t\t\t\t\t<div class=\"elementor-column elementor-col-100 elementor-top-column elementor-element elementor-element-0e03bd9\" data-id=\"0e03bd9\" data-element_type=\"column\" data-e-type=\"column\">\n\t\t\t<div class=\"elementor-widget-wrap elementor-element-populated\">\n\t\t\t\t\t\t<div class=\"elementor-element elementor-element-4c74749 elementor-widget elementor-widget-text-editor\" data-id=\"4c74749\" data-element_type=\"widget\" data-e-type=\"widget\" data-widget_type=\"text-editor.default\">\n\t\t\t\t<div class=\"elementor-widget-container\">\n\t\t\t\t\t\t\t\t\t<p><em>\u201eEduca\u021bia revine acolo unde apar\u021bine &#8211; \u00een v\u00e2rful agendei politicii europene\u201d, <\/em>a declarat Comisia European\u0103. Inten\u021bion\u0103m ca Europa s\u0103 fie considerat\u0103 un partener puternic \u0219i aliat pentru genera\u021biile viitoare \u0219i c\u0103 sistemul de \u00eenv\u0103\u021b\u0103m\u00e2nt al UE trebuie s\u0103 fac\u0103 din societ\u0103\u021bile noastre dovada viitoare.<\/p>\t\t\t\t\t\t\t\t<\/div>\n\t\t\t\t<\/div>\n\t\t\t\t\t<\/div>\n\t\t<\/div>\n\t\t\t\t\t<\/div>\n\t\t<\/section>\n\t\t\t\t<section class=\"elementor-section elementor-top-section elementor-element elementor-element-64700e0 elementor-section-boxed elementor-section-height-default elementor-section-height-default\" data-id=\"64700e0\" data-element_type=\"section\" data-e-type=\"section\">\n\t\t\t\t\t\t<div class=\"elementor-container elementor-column-gap-default\">\n\t\t\t\t\t<div class=\"elementor-column elementor-col-100 elementor-top-column elementor-element elementor-element-e37d730\" data-id=\"e37d730\" data-element_type=\"column\" data-e-type=\"column\">\n\t\t\t<div class=\"elementor-widget-wrap elementor-element-populated\">\n\t\t\t\t\t\t<div class=\"elementor-element elementor-element-f6ade6c elementor-widget elementor-widget-image\" data-id=\"f6ade6c\" data-element_type=\"widget\" data-e-type=\"widget\" data-widget_type=\"image.default\">\n\t\t\t\t<div class=\"elementor-widget-container\">\n\t\t\t\t\t\t\t\t\t\t\t\t\t\t\t<img fetchpriority=\"high\" decoding=\"async\" width=\"900\" height=\"72\" src=\"https:\/\/elearning.upt.ro\/wp-content\/uploads\/2019\/09\/eden-header-3-1024x82.png\" class=\"attachment-large size-large wp-image-7031\" alt=\"\" srcset=\"https:\/\/elearning.upt.ro\/wp-content\/uploads\/2019\/09\/eden-header-3-1024x82.png 1024w, https:\/\/elearning.upt.ro\/wp-content\/uploads\/2019\/09\/eden-header-3-300x24.png 300w, https:\/\/elearning.upt.ro\/wp-content\/uploads\/2019\/09\/eden-header-3-768x61.png 768w, https:\/\/elearning.upt.ro\/wp-content\/uploads\/2019\/09\/eden-header-3-255x20.png 255w, https:\/\/elearning.upt.ro\/wp-content\/uploads\/2019\/09\/eden-header-3-600x48.png 600w, https:\/\/elearning.upt.ro\/wp-content\/uploads\/2019\/09\/eden-header-3.png 1351w\" sizes=\"(max-width: 900px) 100vw, 900px\" \/>\t\t\t\t\t\t\t\t\t\t\t\t\t\t\t<\/div>\n\t\t\t\t<\/div>\n\t\t\t\t<div class=\"elementor-element elementor-element-4d25b99 elementor-alert-info elementor-widget elementor-widget-alert\" data-id=\"4d25b99\" data-element_type=\"widget\" data-e-type=\"widget\" data-widget_type=\"alert.default\">\n\t\t\t\t<div class=\"elementor-widget-container\">\n\t\t\t\t\t\t\t<div class=\"elementor-alert\" role=\"alert\">\n\n\t\t\t\t\t\t<span class=\"elementor-alert-title\">European Distance and e-Learning Network (EDEN)<\/span>\n\t\t\t\n\t\t\t\t\t\t<span class=\"elementor-alert-description\">Misiunea EDEN este de a maximiza poten\u021bialul de a face schimb de experien\u021b\u0103 academic\u0103 \u0219i profesional\u0103, de a promova navigarea eficace din domeniu \u0219i de a \u00eembun\u0103t\u0103\u021bi calitatea \u0219i profunzimea informa\u021biilor disponibile pentru sectoarele implicate.<\/span>\n\t\t\t\n\t\t\t\n\t\t<\/div>\n\t\t\t\t\t\t<\/div>\n\t\t\t\t<\/div>\n\t\t\t\t\t<\/div>\n\t\t<\/div>\n\t\t\t\t\t<\/div>\n\t\t<\/section>\n\t\t\t\t<section class=\"elementor-section elementor-top-section elementor-element elementor-element-e5cd21f elementor-section-boxed elementor-section-height-default elementor-section-height-default\" data-id=\"e5cd21f\" data-element_type=\"section\" data-e-type=\"section\">\n\t\t\t\t\t\t<div class=\"elementor-container elementor-column-gap-default\">\n\t\t\t\t\t<div class=\"elementor-column elementor-col-100 elementor-top-column elementor-element elementor-element-dcbf52f\" data-id=\"dcbf52f\" data-element_type=\"column\" data-e-type=\"column\">\n\t\t\t<div class=\"elementor-widget-wrap elementor-element-populated\">\n\t\t\t\t\t\t<div class=\"elementor-element elementor-element-5c7d1cc elementor-widget elementor-widget-heading\" data-id=\"5c7d1cc\" data-element_type=\"widget\" data-e-type=\"widget\" data-widget_type=\"heading.default\">\n\t\t\t\t<div class=\"elementor-widget-container\">\n\t\t\t\t\t<h3 class=\"elementor-heading-title elementor-size-default\">Conferin\u021bele EDEN:<\/h3>\t\t\t\t<\/div>\n\t\t\t\t<\/div>\n\t\t\t\t\t<\/div>\n\t\t<\/div>\n\t\t\t\t\t<\/div>\n\t\t<\/section>\n\t\t\t\t<section class=\"elementor-section elementor-top-section elementor-element elementor-element-966a0c1 elementor-section-boxed elementor-section-height-default elementor-section-height-default\" data-id=\"966a0c1\" data-element_type=\"section\" data-e-type=\"section\">\n\t\t\t\t\t\t<div class=\"elementor-container elementor-column-gap-default\">\n\t\t\t\t\t<div class=\"elementor-column elementor-col-100 elementor-top-column elementor-element elementor-element-08cd620\" data-id=\"08cd620\" data-element_type=\"column\" data-e-type=\"column\">\n\t\t\t<div class=\"elementor-widget-wrap elementor-element-populated\">\n\t\t\t\t\t\t<div class=\"elementor-element elementor-element-04e6333 elementor-icon-list--layout-traditional elementor-list-item-link-full_width elementor-widget elementor-widget-icon-list\" data-id=\"04e6333\" data-element_type=\"widget\" data-e-type=\"widget\" data-widget_type=\"icon-list.default\">\n\t\t\t\t<div class=\"elementor-widget-container\">\n\t\t\t\t\t\t\t<ul class=\"elementor-icon-list-items\">\n\t\t\t\t\t\t\t<li class=\"elementor-icon-list-item\">\n\t\t\t\t\t\t\t\t\t\t\t<span class=\"elementor-icon-list-icon\">\n\t\t\t\t\t\t\t<i aria-hidden=\"true\" class=\"fas fa-check\"><\/i>\t\t\t\t\t\t<\/span>\n\t\t\t\t\t\t\t\t\t\t<span class=\"elementor-icon-list-text\">au devenit evenimente academice \u0219i profesionale ODL importante \u00een Europa, sprijinind profesionalizarea \u0219i schimbul interna\u021bional de experien\u021b\u0103 \u0219i expertiz\u0103;<\/span>\n\t\t\t\t\t\t\t\t\t<\/li>\n\t\t\t\t\t\t\t\t<li class=\"elementor-icon-list-item\">\n\t\t\t\t\t\t\t\t\t\t\t<span class=\"elementor-icon-list-icon\">\n\t\t\t\t\t\t\t<i aria-hidden=\"true\" class=\"fas fa-check\"><\/i>\t\t\t\t\t\t<\/span>\n\t\t\t\t\t\t\t\t\t\t<span class=\"elementor-icon-list-text\">sunt \u00eent\u00e2lniri \u00een care contribu\u021biile cuprinz\u0103toare \u0219i orientative sunt prezentate de exper\u021bi, politicieni \u0219i cadre universitare excep\u021bionali;<\/span>\n\t\t\t\t\t\t\t\t\t<\/li>\n\t\t\t\t\t\t\t\t<li class=\"elementor-icon-list-item\">\n\t\t\t\t\t\t\t\t\t\t\t<span class=\"elementor-icon-list-icon\">\n\t\t\t\t\t\t\t<i aria-hidden=\"true\" class=\"fas fa-check\"><\/i>\t\t\t\t\t\t<\/span>\n\t\t\t\t\t\t\t\t\t\t<span class=\"elementor-icon-list-text\">se bazeaz\u0103 pe colectarea celor mai bune practici \u2013 \u00een fiecare an, lucr\u0103rile prezentate \u00een sesiunile de conferin\u021be sunt selectate pentru publicare \u00een volumul conferin\u021bei, servind drept resurse importante pentru comunitatea profesional\u0103;<\/span>\n\t\t\t\t\t\t\t\t\t<\/li>\n\t\t\t\t\t\t\t\t<li class=\"elementor-icon-list-item\">\n\t\t\t\t\t\t\t\t\t\t\t<span class=\"elementor-icon-list-icon\">\n\t\t\t\t\t\t\t<i aria-hidden=\"true\" class=\"fas fa-check\"><\/i>\t\t\t\t\t\t<\/span>\n\t\t\t\t\t\t\t\t\t\t<span class=\"elementor-icon-list-text\">confer\u0103 un sentiment veritabil de comunitate pentru participan\u021bi, \u00een care rela\u021biile de munc\u0103 existente se consolideaz\u0103 \u0219i se aprofundeaz\u0103 \u0219i unde se formeaz\u0103 noi parteneriate.<\/span>\n\t\t\t\t\t\t\t\t\t<\/li>\n\t\t\t\t\t\t<\/ul>\n\t\t\t\t\t\t<\/div>\n\t\t\t\t<\/div>\n\t\t\t\t\t<\/div>\n\t\t<\/div>\n\t\t\t\t\t<\/div>\n\t\t<\/section>\n\t\t\t\t<section class=\"elementor-section elementor-top-section elementor-element elementor-element-36572c9 elementor-section-boxed elementor-section-height-default elementor-section-height-default\" data-id=\"36572c9\" data-element_type=\"section\" data-e-type=\"section\">\n\t\t\t\t\t\t<div class=\"elementor-container elementor-column-gap-default\">\n\t\t\t\t\t<div class=\"elementor-column elementor-col-100 elementor-top-column elementor-element elementor-element-ead307f\" data-id=\"ead307f\" data-element_type=\"column\" data-e-type=\"column\">\n\t\t\t<div class=\"elementor-widget-wrap elementor-element-populated\">\n\t\t\t\t\t\t<div class=\"elementor-element elementor-element-85b1ceb elementor-widget elementor-widget-text-editor\" data-id=\"85b1ceb\" data-element_type=\"widget\" data-e-type=\"widget\" data-widget_type=\"text-editor.default\">\n\t\t\t\t<div class=\"elementor-widget-container\">\n\t\t\t\t\t\t\t\t\t<p>Vezi mai multe evenimente \u0219i proiecte organizate \u0219i derulate cu sprijinul EDEN aici:<\/p>\t\t\t\t\t\t\t\t<\/div>\n\t\t\t\t<\/div>\n\t\t\t\t\t<\/div>\n\t\t<\/div>\n\t\t\t\t\t<\/div>\n\t\t<\/section>\n\t\t\t\t<section class=\"elementor-section elementor-top-section elementor-element elementor-element-05e6445 elementor-section-boxed elementor-section-height-default elementor-section-height-default\" data-id=\"05e6445\" data-element_type=\"section\" data-e-type=\"section\">\n\t\t\t\t\t\t<div class=\"elementor-container elementor-column-gap-default\">\n\t\t\t\t\t<div class=\"elementor-column elementor-col-100 elementor-top-column elementor-element elementor-element-e8819c0\" data-id=\"e8819c0\" data-element_type=\"column\" data-e-type=\"column\">\n\t\t\t<div class=\"elementor-widget-wrap elementor-element-populated\">\n\t\t\t\t\t\t<div class=\"elementor-element elementor-element-a574d09 elementor-grid-eael-col-3 elementor-grid-tablet-eael-col-2 elementor-grid-mobile-eael-col-1 elementor-widget elementor-widget-eael-post-grid\" data-id=\"a574d09\" data-element_type=\"widget\" data-e-type=\"widget\" data-settings=\"{&quot;eael_post_grid_columns&quot;:&quot;eael-col-3&quot;,&quot;eael_post_grid_columns_tablet&quot;:&quot;eael-col-2&quot;,&quot;eael_post_grid_columns_mobile&quot;:&quot;eael-col-1&quot;}\" data-widget_type=\"eael-post-grid.default\">\n\t\t\t\t<div class=\"elementor-widget-container\">\n\t\t\t\t\t<div id=\"eael-post-grid-a574d09\" class=\"eael-post-grid-container\">\n            <div class=\"eael-post-grid eael-post-appender eael-post-appender-a574d09 eael-post-grid-style-one\" data-layout-mode=\"masonry\"><article class=\"eael-grid-post  eael-post-grid-column eael-pg-post-6726 category-comunitate-digiculture-eden-noutati-proiecte-proiecte-eu tags-digi-culture-eu-projects-webinar\" data-id=\"6726\">\n        <div class=\"eael-grid-post-holder\">\n            <div class=\"eael-grid-post-holder-inner\"><div class=\"eael-entry-media\"><div class=\"eael-entry-overlay fade-in\"><i class=\"fas fa-long-arrow-alt-right\" aria-hidden=\"true\"><\/i><a href=\"https:\/\/elearning.upt.ro\/ro\/proiecte\/proiecte-eu\/webinar-oer-quality-assessment-by-eden-2\/\"><\/a><\/div><div class=\"eael-entry-thumbnail \">\n                <img decoding=\"async\" width=\"768\" height=\"355\" src=\"https:\/\/elearning.upt.ro\/wp-content\/uploads\/2019\/09\/OER_EDEN_OEW2019-2-920x425-768x355.png\" class=\"attachment-medium_large size-medium_large wp-image-6839\" alt=\"\" srcset=\"https:\/\/elearning.upt.ro\/wp-content\/uploads\/2019\/09\/OER_EDEN_OEW2019-2-920x425-768x355.png 768w, https:\/\/elearning.upt.ro\/wp-content\/uploads\/2019\/09\/OER_EDEN_OEW2019-2-920x425-300x139.png 300w, https:\/\/elearning.upt.ro\/wp-content\/uploads\/2019\/09\/OER_EDEN_OEW2019-2-920x425-255x118.png 255w, https:\/\/elearning.upt.ro\/wp-content\/uploads\/2019\/09\/OER_EDEN_OEW2019-2-920x425-600x277.png 600w, https:\/\/elearning.upt.ro\/wp-content\/uploads\/2019\/09\/OER_EDEN_OEW2019-2-920x425.png 920w\" sizes=\"(max-width: 768px) 100vw, 768px\" \/>\n            <\/div>\n        <\/div><div class=\"eael-entry-wrapper\"><header class=\"eael-entry-header\"><h2 class=\"eael-entry-title\"><a class=\"eael-grid-post-link\" href=\"https:\/\/elearning.upt.ro\/ro\/proiecte\/proiecte-eu\/webinar-oer-quality-assessment-by-eden-2\/\" title=\"Webinar Evaluarea calit\u0103\u021bii OER de c\u0103tre EDEN\">Webinar Evaluarea calit\u0103\u021bii OER de c\u0103tre EDEN<\/a><\/h2><\/header><div class=\"eael-entry-content\">\n                        <div class=\"eael-grid-post-excerpt\"><p>\u00cen cadrul S\u0103pt\u0103m\u00e2nii educa\u021biei deschise 2019, EDEN (European Distance and...<\/p><a href=\"https:\/\/elearning.upt.ro\/ro\/proiecte\/proiecte-eu\/webinar-oer-quality-assessment-by-eden-2\/\" class=\"eael-post-elements-readmore-btn\">Cite\u0219te mai departe<\/a><\/div>\n                    <\/div><\/div><\/div>\n        <\/div>\n    <\/article><article class=\"eael-grid-post  eael-post-grid-column eael-pg-post-6510 category-abctovle-comunitate-digiculture-eden-noutati-noutati-inovare-openvm\" data-id=\"6510\">\n        <div class=\"eael-grid-post-holder\">\n            <div class=\"eael-grid-post-holder-inner\"><div class=\"eael-entry-media\"><div class=\"eael-entry-overlay fade-in\"><i class=\"fas fa-long-arrow-alt-right\" aria-hidden=\"true\"><\/i><a href=\"https:\/\/elearning.upt.ro\/ro\/noutati\/eden-2019\/\"><\/a><\/div><div class=\"eael-entry-thumbnail \">\n                <img decoding=\"async\" width=\"768\" height=\"432\" src=\"https:\/\/elearning.upt.ro\/wp-content\/uploads\/2019\/07\/20190617_153253-768x432.jpg\" class=\"attachment-medium_large size-medium_large wp-image-6513\" alt=\"\" srcset=\"https:\/\/elearning.upt.ro\/wp-content\/uploads\/2019\/07\/20190617_153253-768x432.jpg 768w, https:\/\/elearning.upt.ro\/wp-content\/uploads\/2019\/07\/20190617_153253-300x169.jpg 300w, https:\/\/elearning.upt.ro\/wp-content\/uploads\/2019\/07\/20190617_153253-255x143.jpg 255w, https:\/\/elearning.upt.ro\/wp-content\/uploads\/2019\/07\/20190617_153253-600x338.jpg 600w, https:\/\/elearning.upt.ro\/wp-content\/uploads\/2019\/07\/20190617_153253.jpg 1008w\" sizes=\"(max-width: 768px) 100vw, 768px\" \/>\n            <\/div>\n        <\/div><div class=\"eael-entry-wrapper\"><header class=\"eael-entry-header\"><h2 class=\"eael-entry-title\"><a class=\"eael-grid-post-link\" href=\"https:\/\/elearning.upt.ro\/ro\/noutati\/eden-2019\/\" title=\"EDEN 2019\">EDEN 2019<\/a><\/h2><\/header><div class=\"eael-entry-content\">\n                        <div class=\"eael-grid-post-excerpt\"><p>Echipa noastr\u0103 a fost reprezentat\u0103 la Conferin\u021ba Anual\u0103 EDEN 2019...<\/p><a href=\"https:\/\/elearning.upt.ro\/ro\/noutati\/eden-2019\/\" class=\"eael-post-elements-readmore-btn\">Cite\u0219te mai departe<\/a><\/div>\n                    <\/div><\/div><\/div>\n        <\/div>\n    <\/article><article class=\"eael-grid-post  eael-post-grid-column eael-pg-post-5484\" data-id=\"5484\">\n        <div class=\"eael-grid-post-holder\">\n            <div class=\"eael-grid-post-holder-inner\"><div class=\"eael-entry-media\"><div class=\"eael-entry-overlay fade-in\"><i class=\"fas fa-long-arrow-alt-right\" aria-hidden=\"true\"><\/i><a href=\"https:\/\/elearning.upt.ro\/ro\/event\/workshop-educatia-deschisa-si-impactul-digitalizarii\/\"><\/a><\/div><div class=\"eael-entry-thumbnail \">\n                <img loading=\"lazy\" decoding=\"async\" width=\"768\" height=\"513\" src=\"https:\/\/elearning.upt.ro\/wp-content\/uploads\/2019\/05\/Fotografii_Condrea_OEW-2019-32-of-113-768x513.jpg\" class=\"attachment-medium_large size-medium_large wp-image-5485\" alt=\"\" srcset=\"https:\/\/elearning.upt.ro\/wp-content\/uploads\/2019\/05\/Fotografii_Condrea_OEW-2019-32-of-113-768x513.jpg 768w, https:\/\/elearning.upt.ro\/wp-content\/uploads\/2019\/05\/Fotografii_Condrea_OEW-2019-32-of-113-300x200.jpg 300w, https:\/\/elearning.upt.ro\/wp-content\/uploads\/2019\/05\/Fotografii_Condrea_OEW-2019-32-of-113-1024x684.jpg 1024w, https:\/\/elearning.upt.ro\/wp-content\/uploads\/2019\/05\/Fotografii_Condrea_OEW-2019-32-of-113-255x170.jpg 255w, https:\/\/elearning.upt.ro\/wp-content\/uploads\/2019\/05\/Fotografii_Condrea_OEW-2019-32-of-113-600x401.jpg 600w\" sizes=\"(max-width: 768px) 100vw, 768px\" \/>\n            <\/div>\n        <\/div><div class=\"eael-entry-wrapper\"><header class=\"eael-entry-header\"><h2 class=\"eael-entry-title\"><a class=\"eael-grid-post-link\" href=\"https:\/\/elearning.upt.ro\/ro\/event\/workshop-educatia-deschisa-si-impactul-digitalizarii\/\" title=\"Workshop Educa\u021bia deschis\u0103 \u0219i impactul digitaliz\u0103rii\">Workshop Educa\u021bia deschis\u0103 \u0219i impactul digitaliz\u0103rii<\/a><\/h2><\/header><div class=\"eael-entry-content\">\n                        <div class=\"eael-grid-post-excerpt\"><p>Organizat \u00een cadrul S\u0103pt\u0103m\u00e2na Educa\u021biei Deschise 2019 (Open Education Week),...<\/p><a href=\"https:\/\/elearning.upt.ro\/ro\/event\/workshop-educatia-deschisa-si-impactul-digitalizarii\/\" class=\"eael-post-elements-readmore-btn\">Cite\u0219te mai departe<\/a><\/div>\n                    <\/div><\/div><\/div>\n        <\/div>\n    <\/article><\/div>\n            <div class=\"clearfix\"><\/div>\n        <\/div>\t\t\t\t<\/div>\n\t\t\t\t<\/div>\n\t\t\t\t\t<\/div>\n\t\t<\/div>\n\t\t\t\t\t<\/div>\n\t\t<\/section>\n\t\t\t\t<\/div>\n\t\t","protected":false},"excerpt":{"rendered":"<p>Universitatea Politehnica Timi\u0219oara, prin Centrul ID\/IFR \u0219i e-Learning va g\u0103zdui \u00een perioada 21-24 iunie 2020 conferin\u021ba anual\u0103 EDEN 2020<\/p>\n","protected":false},"author":13,"featured_media":7482,"comment_status":"closed","ping_status":"closed","sticky":false,"template":"","format":"standard","meta":{"footnotes":""},"categories":[104,329,251,78],"tags":[149,148,146,147,150],"class_list":["post-7481","post","type-post","status-publish","format-standard","has-post-thumbnail","hentry","category-comunitate","category-eden","category-noutati","category-noutati-inovare","tag-artificial-intelligence","tag-conferinta","tag-eden","tag-eden2020","tag-inteligenta-artificiala"],"yoast_head":"<!-- This site is optimized with the Yoast SEO plugin v27.4 - https:\/\/yoast.com\/product\/yoast-seo-wordpress\/ -->\n<title>Conferin\u021ba anual\u0103 EDEN 2020, g\u0103zduit\u0103 de UPT - Universitatea Politehnica Timi\u015foara Departamentul de ID\/IFR \u0219i Educa\u021bie Digital\u0103 \u2013 DeL<\/title>\n<meta name=\"robots\" content=\"index, follow, max-snippet:-1, max-image-preview:large, max-video-preview:-1\" \/>\n<link rel=\"canonical\" href=\"https:\/\/elearning.upt.ro\/ro\/noutati\/conferinta-anuala-eden-2020-gazduita-de-universitatea-politehnica-timisoara\/\" \/>\n<meta property=\"og:locale\" content=\"ro_RO\" \/>\n<meta property=\"og:type\" content=\"article\" \/>\n<meta property=\"og:title\" content=\"Conferin\u021ba anual\u0103 EDEN 2020, g\u0103zduit\u0103 de UPT - Universitatea Politehnica Timi\u015foara Departamentul de ID\/IFR \u0219i Educa\u021bie Digital\u0103 \u2013 DeL\" \/>\n<meta property=\"og:description\" content=\"Universitatea Politehnica Timi\u0219oara, prin Centrul ID\/IFR \u0219i e-Learning va g\u0103zdui \u00een perioada 21-24 iunie 2020 conferin\u021ba anual\u0103 EDEN 2020\" \/>\n<meta property=\"og:url\" content=\"https:\/\/elearning.upt.ro\/ro\/noutati\/conferinta-anuala-eden-2020-gazduita-de-universitatea-politehnica-timisoara\/\" \/>\n<meta property=\"og:site_name\" content=\"Universitatea Politehnica Timi\u015foara Departamentul de ID\/IFR \u0219i Educa\u021bie Digital\u0103 \u2013 DeL\" \/>\n<meta property=\"article:publisher\" content=\"https:\/\/www.facebook.com\/CIDUPT\/?ref=page_internal\" \/>\n<meta property=\"article:published_time\" content=\"2019-11-28T10:17:51+00:00\" \/>\n<meta property=\"article:modified_time\" content=\"2020-06-19T14:06:10+00:00\" \/>\n<meta property=\"og:image\" content=\"https:\/\/elearning.upt.ro\/wp-content\/uploads\/2019\/11\/biblioteca-1.jpg\" \/>\n\t<meta property=\"og:image:width\" content=\"1000\" \/>\n\t<meta property=\"og:image:height\" content=\"500\" \/>\n\t<meta property=\"og:image:type\" content=\"image\/jpeg\" \/>\n<meta name=\"author\" content=\"CeL\" \/>\n<meta name=\"twitter:card\" content=\"summary_large_image\" \/>\n<meta name=\"twitter:label1\" content=\"Written by\" \/>\n\t<meta name=\"twitter:data1\" content=\"CeL\" \/>\n\t<meta name=\"twitter:label2\" content=\"Est. reading time\" \/>\n\t<meta name=\"twitter:data2\" content=\"2 minutes\" \/>\n<script type=\"application\/ld+json\" class=\"yoast-schema-graph\">{\"@context\":\"https:\\\/\\\/schema.org\",\"@graph\":[{\"@type\":\"Article\",\"@id\":\"https:\\\/\\\/elearning.upt.ro\\\/ro\\\/noutati\\\/conferinta-anuala-eden-2020-gazduita-de-universitatea-politehnica-timisoara\\\/#article\",\"isPartOf\":{\"@id\":\"https:\\\/\\\/elearning.upt.ro\\\/ro\\\/noutati\\\/conferinta-anuala-eden-2020-gazduita-de-universitatea-politehnica-timisoara\\\/\"},\"author\":{\"name\":\"CeL\",\"@id\":\"https:\\\/\\\/elearning.upt.ro\\\/ro\\\/#\\\/schema\\\/person\\\/8bb5b84d8e634ea763262c452a39b3f4\"},\"headline\":\"Conferin\u021ba anual\u0103 EDEN 2020, g\u0103zduit\u0103 de UPT\",\"datePublished\":\"2019-11-28T10:17:51+00:00\",\"dateModified\":\"2020-06-19T14:06:10+00:00\",\"mainEntityOfPage\":{\"@id\":\"https:\\\/\\\/elearning.upt.ro\\\/ro\\\/noutati\\\/conferinta-anuala-eden-2020-gazduita-de-universitatea-politehnica-timisoara\\\/\"},\"wordCount\":463,\"image\":{\"@id\":\"https:\\\/\\\/elearning.upt.ro\\\/ro\\\/noutati\\\/conferinta-anuala-eden-2020-gazduita-de-universitatea-politehnica-timisoara\\\/#primaryimage\"},\"thumbnailUrl\":\"https:\\\/\\\/elearning.upt.ro\\\/wp-content\\\/uploads\\\/2019\\\/11\\\/biblioteca-1.jpg\",\"keywords\":[\"artificial intelligence\",\"conferinta\",\"eden\",\"eden2020\",\"inteligenta artificial\u0103\"],\"articleSection\":[\"Comunitate\",\"EDEN\",\"Noutati\",\"Noutati Inovare\"],\"inLanguage\":\"ro-RO\"},{\"@type\":\"WebPage\",\"@id\":\"https:\\\/\\\/elearning.upt.ro\\\/ro\\\/noutati\\\/conferinta-anuala-eden-2020-gazduita-de-universitatea-politehnica-timisoara\\\/\",\"url\":\"https:\\\/\\\/elearning.upt.ro\\\/ro\\\/noutati\\\/conferinta-anuala-eden-2020-gazduita-de-universitatea-politehnica-timisoara\\\/\",\"name\":\"Conferin\u021ba anual\u0103 EDEN 2020, g\u0103zduit\u0103 de UPT - Universitatea Politehnica Timi\u015foara Departamentul de ID\\\/IFR \u0219i Educa\u021bie Digital\u0103 \u2013 DeL\",\"isPartOf\":{\"@id\":\"https:\\\/\\\/elearning.upt.ro\\\/ro\\\/#website\"},\"primaryImageOfPage\":{\"@id\":\"https:\\\/\\\/elearning.upt.ro\\\/ro\\\/noutati\\\/conferinta-anuala-eden-2020-gazduita-de-universitatea-politehnica-timisoara\\\/#primaryimage\"},\"image\":{\"@id\":\"https:\\\/\\\/elearning.upt.ro\\\/ro\\\/noutati\\\/conferinta-anuala-eden-2020-gazduita-de-universitatea-politehnica-timisoara\\\/#primaryimage\"},\"thumbnailUrl\":\"https:\\\/\\\/elearning.upt.ro\\\/wp-content\\\/uploads\\\/2019\\\/11\\\/biblioteca-1.jpg\",\"datePublished\":\"2019-11-28T10:17:51+00:00\",\"dateModified\":\"2020-06-19T14:06:10+00:00\",\"author\":{\"@id\":\"https:\\\/\\\/elearning.upt.ro\\\/ro\\\/#\\\/schema\\\/person\\\/8bb5b84d8e634ea763262c452a39b3f4\"},\"breadcrumb\":{\"@id\":\"https:\\\/\\\/elearning.upt.ro\\\/ro\\\/noutati\\\/conferinta-anuala-eden-2020-gazduita-de-universitatea-politehnica-timisoara\\\/#breadcrumb\"},\"inLanguage\":\"ro-RO\",\"potentialAction\":[{\"@type\":\"ReadAction\",\"target\":[\"https:\\\/\\\/elearning.upt.ro\\\/ro\\\/noutati\\\/conferinta-anuala-eden-2020-gazduita-de-universitatea-politehnica-timisoara\\\/\"]}]},{\"@type\":\"ImageObject\",\"inLanguage\":\"ro-RO\",\"@id\":\"https:\\\/\\\/elearning.upt.ro\\\/ro\\\/noutati\\\/conferinta-anuala-eden-2020-gazduita-de-universitatea-politehnica-timisoara\\\/#primaryimage\",\"url\":\"https:\\\/\\\/elearning.upt.ro\\\/wp-content\\\/uploads\\\/2019\\\/11\\\/biblioteca-1.jpg\",\"contentUrl\":\"https:\\\/\\\/elearning.upt.ro\\\/wp-content\\\/uploads\\\/2019\\\/11\\\/biblioteca-1.jpg\",\"width\":1000,\"height\":500},{\"@type\":\"BreadcrumbList\",\"@id\":\"https:\\\/\\\/elearning.upt.ro\\\/ro\\\/noutati\\\/conferinta-anuala-eden-2020-gazduita-de-universitatea-politehnica-timisoara\\\/#breadcrumb\",\"itemListElement\":[{\"@type\":\"ListItem\",\"position\":1,\"name\":\"Home\",\"item\":\"https:\\\/\\\/elearning.upt.ro\\\/\"},{\"@type\":\"ListItem\",\"position\":2,\"name\":\"Conferin\u021ba anual\u0103 EDEN 2020, g\u0103zduit\u0103 de UPT\"}]},{\"@type\":\"WebSite\",\"@id\":\"https:\\\/\\\/elearning.upt.ro\\\/ro\\\/#website\",\"url\":\"https:\\\/\\\/elearning.upt.ro\\\/ro\\\/\",\"name\":\"Universitatea Politehnica Timi\u015foara Departamentul de ID\\\/IFR \u0219i Educa\u021bie Digital\u0103 \u2013 DeL\",\"description\":\"\",\"potentialAction\":[{\"@type\":\"SearchAction\",\"target\":{\"@type\":\"EntryPoint\",\"urlTemplate\":\"https:\\\/\\\/elearning.upt.ro\\\/ro\\\/?s={search_term_string}\"},\"query-input\":{\"@type\":\"PropertyValueSpecification\",\"valueRequired\":true,\"valueName\":\"search_term_string\"}}],\"inLanguage\":\"ro-RO\"},{\"@type\":\"Person\",\"@id\":\"https:\\\/\\\/elearning.upt.ro\\\/ro\\\/#\\\/schema\\\/person\\\/8bb5b84d8e634ea763262c452a39b3f4\",\"name\":\"CeL\",\"image\":{\"@type\":\"ImageObject\",\"inLanguage\":\"ro-RO\",\"@id\":\"https:\\\/\\\/secure.gravatar.com\\\/avatar\\\/9b67430c18ee40ef4a63a577131abb63a54ca1b5fbb5ec183bcc2003d846a51f?s=96&d=mm&r=g\",\"url\":\"https:\\\/\\\/secure.gravatar.com\\\/avatar\\\/9b67430c18ee40ef4a63a577131abb63a54ca1b5fbb5ec183bcc2003d846a51f?s=96&d=mm&r=g\",\"contentUrl\":\"https:\\\/\\\/secure.gravatar.com\\\/avatar\\\/9b67430c18ee40ef4a63a577131abb63a54ca1b5fbb5ec183bcc2003d846a51f?s=96&d=mm&r=g\",\"caption\":\"CeL\"},\"url\":\"https:\\\/\\\/elearning.upt.ro\\\/ro\\\/author\\\/renateiovi\\\/\"}]}<\/script>\n<!-- \/ Yoast SEO plugin. -->","yoast_head_json":{"title":"Conferin\u021ba anual\u0103 EDEN 2020, g\u0103zduit\u0103 de UPT - Universitatea Politehnica Timi\u015foara Departamentul de ID\/IFR \u0219i Educa\u021bie Digital\u0103 \u2013 DeL","robots":{"index":"index","follow":"follow","max-snippet":"max-snippet:-1","max-image-preview":"max-image-preview:large","max-video-preview":"max-video-preview:-1"},"canonical":"https:\/\/elearning.upt.ro\/ro\/noutati\/conferinta-anuala-eden-2020-gazduita-de-universitatea-politehnica-timisoara\/","og_locale":"ro_RO","og_type":"article","og_title":"Conferin\u021ba anual\u0103 EDEN 2020, g\u0103zduit\u0103 de UPT - Universitatea Politehnica Timi\u015foara Departamentul de ID\/IFR \u0219i Educa\u021bie Digital\u0103 \u2013 DeL","og_description":"Universitatea Politehnica Timi\u0219oara, prin Centrul ID\/IFR \u0219i e-Learning va g\u0103zdui \u00een perioada 21-24 iunie 2020 conferin\u021ba anual\u0103 EDEN 2020","og_url":"https:\/\/elearning.upt.ro\/ro\/noutati\/conferinta-anuala-eden-2020-gazduita-de-universitatea-politehnica-timisoara\/","og_site_name":"Universitatea Politehnica Timi\u015foara Departamentul de ID\/IFR \u0219i Educa\u021bie Digital\u0103 \u2013 DeL","article_publisher":"https:\/\/www.facebook.com\/CIDUPT\/?ref=page_internal","article_published_time":"2019-11-28T10:17:51+00:00","article_modified_time":"2020-06-19T14:06:10+00:00","og_image":[{"width":1000,"height":500,"url":"https:\/\/elearning.upt.ro\/wp-content\/uploads\/2019\/11\/biblioteca-1.jpg","type":"image\/jpeg"}],"author":"CeL","twitter_card":"summary_large_image","twitter_misc":{"Written by":"CeL","Est. reading time":"2 minutes"},"schema":{"@context":"https:\/\/schema.org","@graph":[{"@type":"Article","@id":"https:\/\/elearning.upt.ro\/ro\/noutati\/conferinta-anuala-eden-2020-gazduita-de-universitatea-politehnica-timisoara\/#article","isPartOf":{"@id":"https:\/\/elearning.upt.ro\/ro\/noutati\/conferinta-anuala-eden-2020-gazduita-de-universitatea-politehnica-timisoara\/"},"author":{"name":"CeL","@id":"https:\/\/elearning.upt.ro\/ro\/#\/schema\/person\/8bb5b84d8e634ea763262c452a39b3f4"},"headline":"Conferin\u021ba anual\u0103 EDEN 2020, g\u0103zduit\u0103 de UPT","datePublished":"2019-11-28T10:17:51+00:00","dateModified":"2020-06-19T14:06:10+00:00","mainEntityOfPage":{"@id":"https:\/\/elearning.upt.ro\/ro\/noutati\/conferinta-anuala-eden-2020-gazduita-de-universitatea-politehnica-timisoara\/"},"wordCount":463,"image":{"@id":"https:\/\/elearning.upt.ro\/ro\/noutati\/conferinta-anuala-eden-2020-gazduita-de-universitatea-politehnica-timisoara\/#primaryimage"},"thumbnailUrl":"https:\/\/elearning.upt.ro\/wp-content\/uploads\/2019\/11\/biblioteca-1.jpg","keywords":["artificial intelligence","conferinta","eden","eden2020","inteligenta artificial\u0103"],"articleSection":["Comunitate","EDEN","Noutati","Noutati Inovare"],"inLanguage":"ro-RO"},{"@type":"WebPage","@id":"https:\/\/elearning.upt.ro\/ro\/noutati\/conferinta-anuala-eden-2020-gazduita-de-universitatea-politehnica-timisoara\/","url":"https:\/\/elearning.upt.ro\/ro\/noutati\/conferinta-anuala-eden-2020-gazduita-de-universitatea-politehnica-timisoara\/","name":"Conferin\u021ba anual\u0103 EDEN 2020, g\u0103zduit\u0103 de UPT - Universitatea Politehnica Timi\u015foara Departamentul de ID\/IFR \u0219i Educa\u021bie Digital\u0103 \u2013 DeL","isPartOf":{"@id":"https:\/\/elearning.upt.ro\/ro\/#website"},"primaryImageOfPage":{"@id":"https:\/\/elearning.upt.ro\/ro\/noutati\/conferinta-anuala-eden-2020-gazduita-de-universitatea-politehnica-timisoara\/#primaryimage"},"image":{"@id":"https:\/\/elearning.upt.ro\/ro\/noutati\/conferinta-anuala-eden-2020-gazduita-de-universitatea-politehnica-timisoara\/#primaryimage"},"thumbnailUrl":"https:\/\/elearning.upt.ro\/wp-content\/uploads\/2019\/11\/biblioteca-1.jpg","datePublished":"2019-11-28T10:17:51+00:00","dateModified":"2020-06-19T14:06:10+00:00","author":{"@id":"https:\/\/elearning.upt.ro\/ro\/#\/schema\/person\/8bb5b84d8e634ea763262c452a39b3f4"},"breadcrumb":{"@id":"https:\/\/elearning.upt.ro\/ro\/noutati\/conferinta-anuala-eden-2020-gazduita-de-universitatea-politehnica-timisoara\/#breadcrumb"},"inLanguage":"ro-RO","potentialAction":[{"@type":"ReadAction","target":["https:\/\/elearning.upt.ro\/ro\/noutati\/conferinta-anuala-eden-2020-gazduita-de-universitatea-politehnica-timisoara\/"]}]},{"@type":"ImageObject","inLanguage":"ro-RO","@id":"https:\/\/elearning.upt.ro\/ro\/noutati\/conferinta-anuala-eden-2020-gazduita-de-universitatea-politehnica-timisoara\/#primaryimage","url":"https:\/\/elearning.upt.ro\/wp-content\/uploads\/2019\/11\/biblioteca-1.jpg","contentUrl":"https:\/\/elearning.upt.ro\/wp-content\/uploads\/2019\/11\/biblioteca-1.jpg","width":1000,"height":500},{"@type":"BreadcrumbList","@id":"https:\/\/elearning.upt.ro\/ro\/noutati\/conferinta-anuala-eden-2020-gazduita-de-universitatea-politehnica-timisoara\/#breadcrumb","itemListElement":[{"@type":"ListItem","position":1,"name":"Home","item":"https:\/\/elearning.upt.ro\/"},{"@type":"ListItem","position":2,"name":"Conferin\u021ba anual\u0103 EDEN 2020, g\u0103zduit\u0103 de UPT"}]},{"@type":"WebSite","@id":"https:\/\/elearning.upt.ro\/ro\/#website","url":"https:\/\/elearning.upt.ro\/ro\/","name":"Universitatea Politehnica Timi\u015foara Departamentul de ID\/IFR \u0219i Educa\u021bie Digital\u0103 \u2013 DeL","description":"","potentialAction":[{"@type":"SearchAction","target":{"@type":"EntryPoint","urlTemplate":"https:\/\/elearning.upt.ro\/ro\/?s={search_term_string}"},"query-input":{"@type":"PropertyValueSpecification","valueRequired":true,"valueName":"search_term_string"}}],"inLanguage":"ro-RO"},{"@type":"Person","@id":"https:\/\/elearning.upt.ro\/ro\/#\/schema\/person\/8bb5b84d8e634ea763262c452a39b3f4","name":"CeL","image":{"@type":"ImageObject","inLanguage":"ro-RO","@id":"https:\/\/secure.gravatar.com\/avatar\/9b67430c18ee40ef4a63a577131abb63a54ca1b5fbb5ec183bcc2003d846a51f?s=96&d=mm&r=g","url":"https:\/\/secure.gravatar.com\/avatar\/9b67430c18ee40ef4a63a577131abb63a54ca1b5fbb5ec183bcc2003d846a51f?s=96&d=mm&r=g","contentUrl":"https:\/\/secure.gravatar.com\/avatar\/9b67430c18ee40ef4a63a577131abb63a54ca1b5fbb5ec183bcc2003d846a51f?s=96&d=mm&r=g","caption":"CeL"},"url":"https:\/\/elearning.upt.ro\/ro\/author\/renateiovi\/"}]}},"_links":{"self":[{"href":"https:\/\/elearning.upt.ro\/ro\/wp-json\/wp\/v2\/posts\/7481","targetHints":{"allow":["GET"]}}],"collection":[{"href":"https:\/\/elearning.upt.ro\/ro\/wp-json\/wp\/v2\/posts"}],"about":[{"href":"https:\/\/elearning.upt.ro\/ro\/wp-json\/wp\/v2\/types\/post"}],"author":[{"embeddable":true,"href":"https:\/\/elearning.upt.ro\/ro\/wp-json\/wp\/v2\/users\/13"}],"replies":[{"embeddable":true,"href":"https:\/\/elearning.upt.ro\/ro\/wp-json\/wp\/v2\/comments?post=7481"}],"version-history":[{"count":13,"href":"https:\/\/elearning.upt.ro\/ro\/wp-json\/wp\/v2\/posts\/7481\/revisions"}],"predecessor-version":[{"id":7624,"href":"https:\/\/elearning.upt.ro\/ro\/wp-json\/wp\/v2\/posts\/7481\/revisions\/7624"}],"wp:featuredmedia":[{"embeddable":true,"href":"https:\/\/elearning.upt.ro\/ro\/wp-json\/wp\/v2\/media\/7482"}],"wp:attachment":[{"href":"https:\/\/elearning.upt.ro\/ro\/wp-json\/wp\/v2\/media?parent=7481"}],"wp:term":[{"taxonomy":"category","embeddable":true,"href":"https:\/\/elearning.upt.ro\/ro\/wp-json\/wp\/v2\/categories?post=7481"},{"taxonomy":"post_tag","embeddable":true,"href":"https:\/\/elearning.upt.ro\/ro\/wp-json\/wp\/v2\/tags?post=7481"}],"curies":[{"name":"wp","href":"https:\/\/api.w.org\/{rel}","templated":true}]}}