{"id":6620,"date":"2019-07-25T13:14:34","date_gmt":"2019-07-25T10:14:34","guid":{"rendered":"https:\/\/elearning.upt.ro\/?p=6620"},"modified":"2020-04-28T15:32:44","modified_gmt":"2020-04-28T12:32:44","slug":"in-atentia-candidatilor-admisi-id-ifr","status":"publish","type":"post","link":"https:\/\/elearning.upt.ro\/ro\/educatie\/noutati-educatie\/in-atentia-candidatilor-admisi-id-ifr\/","title":{"rendered":"\u00cen aten\u021bia candida\u021bilor ADMI\u0218I (ID\/IFR)"},"content":{"rendered":"\t\t<div data-elementor-type=\"wp-post\" data-elementor-id=\"6620\" class=\"elementor elementor-6620\">\n\t\t\t\t\t\t<section class=\"elementor-section elementor-top-section elementor-element elementor-element-4f0b60f elementor-section-boxed elementor-section-height-default elementor-section-height-default\" data-id=\"4f0b60f\" data-element_type=\"section\" data-e-type=\"section\">\n\t\t\t\t\t\t<div class=\"elementor-container elementor-column-gap-default\">\n\t\t\t\t\t<div class=\"elementor-column elementor-col-100 elementor-top-column elementor-element elementor-element-08112d0\" data-id=\"08112d0\" data-element_type=\"column\" data-e-type=\"column\">\n\t\t\t<div class=\"elementor-widget-wrap elementor-element-populated\">\n\t\t\t\t\t\t<div class=\"elementor-element elementor-element-5ff69a3 elementor-widget elementor-widget-text-editor\" data-id=\"5ff69a3\" data-element_type=\"widget\" data-e-type=\"widget\" data-widget_type=\"text-editor.default\">\n\t\t\t\t<div class=\"elementor-widget-container\">\n\t\t\t\t\t\t\t\t\t<h5>Taxa de \u0219colarizare pentru studen\u021bii declara\u021bi admi\u0219i pe locurile cu tax\u0103 poate fi achitat\u0103 \u00een dou\u0103 rate egale. Prima rat\u0103 trebuie achitat\u0103 la casieria Rectoratului, \u00een urm\u0103toarele perioade:<\/h5>\t\t\t\t\t\t\t\t<\/div>\n\t\t\t\t<\/div>\n\t\t\t\t\t<\/div>\n\t\t<\/div>\n\t\t\t\t\t<\/div>\n\t\t<\/section>\n\t\t\t\t<section class=\"elementor-section elementor-top-section elementor-element elementor-element-f077c2a elementor-section-boxed elementor-section-height-default elementor-section-height-default\" data-id=\"f077c2a\" data-element_type=\"section\" data-e-type=\"section\">\n\t\t\t\t\t\t<div class=\"elementor-container elementor-column-gap-default\">\n\t\t\t\t\t<div class=\"elementor-column elementor-col-100 elementor-top-column elementor-element elementor-element-953a99d\" data-id=\"953a99d\" data-element_type=\"column\" data-e-type=\"column\">\n\t\t\t<div class=\"elementor-widget-wrap elementor-element-populated\">\n\t\t\t\t\t\t<div class=\"elementor-element elementor-element-b73e1ba elementor-icon-list--layout-traditional elementor-list-item-link-full_width elementor-widget elementor-widget-icon-list\" data-id=\"b73e1ba\" data-element_type=\"widget\" data-e-type=\"widget\" data-widget_type=\"icon-list.default\">\n\t\t\t\t<div class=\"elementor-widget-container\">\n\t\t\t\t\t\t\t<ul class=\"elementor-icon-list-items\">\n\t\t\t\t\t\t\t<li class=\"elementor-icon-list-item\">\n\t\t\t\t\t\t\t\t\t\t\t<span class=\"elementor-icon-list-icon\">\n\t\t\t\t\t\t\t<i aria-hidden=\"true\" class=\"far fa-arrow-alt-circle-right\"><\/i>\t\t\t\t\t\t<\/span>\n\t\t\t\t\t\t\t\t\t\t<span class=\"elementor-icon-list-text\">S\u00e2mb\u0103t\u0103 27 iulie 2019 - \u00eentre orele 08:00-12:00<\/span>\n\t\t\t\t\t\t\t\t\t<\/li>\n\t\t\t\t\t\t\t\t<li class=\"elementor-icon-list-item\">\n\t\t\t\t\t\t\t\t\t\t\t<span class=\"elementor-icon-list-icon\">\n\t\t\t\t\t\t\t<i aria-hidden=\"true\" class=\"far fa-arrow-alt-circle-right\"><\/i>\t\t\t\t\t\t<\/span>\n\t\t\t\t\t\t\t\t\t\t<span class=\"elementor-icon-list-text\">Luni 29 iulie 2019 - \u00eentre orele 12:00-16:00<\/span>\n\t\t\t\t\t\t\t\t\t<\/li>\n\t\t\t\t\t\t\t\t<li class=\"elementor-icon-list-item\">\n\t\t\t\t\t\t\t\t\t\t\t<span class=\"elementor-icon-list-icon\">\n\t\t\t\t\t\t\t<i aria-hidden=\"true\" class=\"far fa-arrow-alt-circle-right\"><\/i>\t\t\t\t\t\t<\/span>\n\t\t\t\t\t\t\t\t\t\t<span class=\"elementor-icon-list-text\">Miercuri 01 august - Joi 02 august \u00eentre orele 12:00-16:00<\/span>\n\t\t\t\t\t\t\t\t\t<\/li>\n\t\t\t\t\t\t\t\t<li class=\"elementor-icon-list-item\">\n\t\t\t\t\t\t\t\t\t\t\t<span class=\"elementor-icon-list-icon\">\n\t\t\t\t\t\t\t<i aria-hidden=\"true\" class=\"far fa-arrow-alt-circle-right\"><\/i>\t\t\t\t\t\t<\/span>\n\t\t\t\t\t\t\t\t\t\t<span class=\"elementor-icon-list-text\">Luni 02 septembrie - Joi 05 septembrie \u00eentre orele 12:00-15:00<\/span>\n\t\t\t\t\t\t\t\t\t<\/li>\n\t\t\t\t\t\t\t\t<li class=\"elementor-icon-list-item\">\n\t\t\t\t\t\t\t\t\t\t\t<span class=\"elementor-icon-list-icon\">\n\t\t\t\t\t\t\t<i aria-hidden=\"true\" class=\"far fa-arrow-alt-circle-right\"><\/i>\t\t\t\t\t\t<\/span>\n\t\t\t\t\t\t\t\t\t\t<span class=\"elementor-icon-list-text\">Vineri  06 septembrie \u00eentre orele 12:00-13:00<\/span>\n\t\t\t\t\t\t\t\t\t<\/li>\n\t\t\t\t\t\t<\/ul>\n\t\t\t\t\t\t<\/div>\n\t\t\t\t<\/div>\n\t\t\t\t\t<\/div>\n\t\t<\/div>\n\t\t\t\t\t<\/div>\n\t\t<\/section>\n\t\t\t\t<section class=\"elementor-section elementor-top-section elementor-element elementor-element-b0d0ad3 elementor-section-boxed elementor-section-height-default elementor-section-height-default\" data-id=\"b0d0ad3\" data-element_type=\"section\" data-e-type=\"section\">\n\t\t\t\t\t\t<div class=\"elementor-container elementor-column-gap-default\">\n\t\t\t\t\t<div class=\"elementor-column elementor-col-100 elementor-top-column elementor-element elementor-element-c4f3d88\" data-id=\"c4f3d88\" data-element_type=\"column\" data-e-type=\"column\">\n\t\t\t<div class=\"elementor-widget-wrap elementor-element-populated\">\n\t\t\t\t\t\t<div class=\"elementor-element elementor-element-d45c694 elementor-widget elementor-widget-text-editor\" data-id=\"d45c694\" data-element_type=\"widget\" data-e-type=\"widget\" data-widget_type=\"text-editor.default\">\n\t\t\t\t<div class=\"elementor-widget-container\">\n\t\t\t\t\t\t\t\t\t<p>Taxa de \u0219colarizare poate fi achitat\u0103 \u0219i prin virament bancar, \u00een perioada 27 iulie &#8211; 6 septembrie, \u00een contul:<\/p>\t\t\t\t\t\t\t\t<\/div>\n\t\t\t\t<\/div>\n\t\t\t\t\t<\/div>\n\t\t<\/div>\n\t\t\t\t\t<\/div>\n\t\t<\/section>\n\t\t\t\t<section class=\"elementor-section elementor-top-section elementor-element elementor-element-c65d870 elementor-section-boxed elementor-section-height-default elementor-section-height-default\" data-id=\"c65d870\" data-element_type=\"section\" data-e-type=\"section\">\n\t\t\t\t\t\t<div class=\"elementor-container elementor-column-gap-default\">\n\t\t\t\t\t<div class=\"elementor-column elementor-col-100 elementor-top-column elementor-element elementor-element-e98a4a5\" data-id=\"e98a4a5\" data-element_type=\"column\" data-e-type=\"column\">\n\t\t\t<div class=\"elementor-widget-wrap elementor-element-populated\">\n\t\t\t\t\t\t<div class=\"elementor-element elementor-element-6a437a8 eael-infobox-icon-bg-shape-none eael-infobox-icon-hover-bg-shape-none elementor-widget elementor-widget-eael-info-box\" data-id=\"6a437a8\" data-element_type=\"widget\" data-e-type=\"widget\" data-widget_type=\"eael-info-box.default\">\n\t\t\t\t<div class=\"elementor-widget-container\">\n\t\t\t\t\t        <div class=\"eael-infobox icon-on-left\">\n\t            <div class=\"infobox-icon eael-icon-only\">\n\n            \n                            <div class=\"infobox-icon-wrap\">\n                    <i aria-hidden=\"true\" class=\"fas fa-building\"><\/i>                <\/div>\n            \n            \n        <\/div>\n            <div class=\"infobox-content eael-icon-only\">\n                    <div class=\"infobox-title-section\">\n                <h2 class=\"title\">IBAN: RO21TREZ62120F330500XXXX<\/h2>            <\/div>\n            <div><p>Beneficiar: Universitatea Politehnica Timi\u0219oara<\/p><p>Pia\u021ba Victoriei, nr.2<\/p><p>CUI 4269282<\/p><\/div>        <\/div>\n            <\/div>\n\n\t\t\t\t\t\t<\/div>\n\t\t\t\t<\/div>\n\t\t\t\t\t<\/div>\n\t\t<\/div>\n\t\t\t\t\t<\/div>\n\t\t<\/section>\n\t\t\t\t<section class=\"elementor-section elementor-top-section elementor-element elementor-element-5a17d95 elementor-section-boxed elementor-section-height-default elementor-section-height-default\" data-id=\"5a17d95\" data-element_type=\"section\" data-e-type=\"section\">\n\t\t\t\t\t\t<div class=\"elementor-container elementor-column-gap-default\">\n\t\t\t\t\t<div class=\"elementor-column elementor-col-100 elementor-top-column elementor-element elementor-element-cd58161\" data-id=\"cd58161\" data-element_type=\"column\" data-e-type=\"column\">\n\t\t\t<div class=\"elementor-widget-wrap elementor-element-populated\">\n\t\t\t\t\t\t<div class=\"elementor-element elementor-element-b315f04 elementor-alert-warning elementor-widget elementor-widget-alert\" data-id=\"b315f04\" data-element_type=\"widget\" data-e-type=\"widget\" data-widget_type=\"alert.default\">\n\t\t\t\t<div class=\"elementor-widget-container\">\n\t\t\t\t\t\t\t<div class=\"elementor-alert\" role=\"alert\">\n\n\t\t\t\t\t\t<span class=\"elementor-alert-title\">Detalii de plat\u0103<\/span>\n\t\t\t\n\t\t\t\t\t\t<span class=\"elementor-alert-description\">La detalii de plat\u0103 ve\u021bi trece: nume, prenume, specializare ID\/IFR, an de studii, apoi ve\u021bi trimite dovada pl\u0103\u021bii la adresa:\ncontact@elearning.upt.ro<\/span>\n\t\t\t\n\t\t\t\n\t\t<\/div>\n\t\t\t\t\t\t<\/div>\n\t\t\t\t<\/div>\n\t\t\t\t\t<\/div>\n\t\t<\/div>\n\t\t\t\t\t<\/div>\n\t\t<\/section>\n\t\t\t\t<section class=\"elementor-section elementor-top-section elementor-element elementor-element-0742f51 elementor-section-boxed elementor-section-height-default elementor-section-height-default\" data-id=\"0742f51\" data-element_type=\"section\" data-e-type=\"section\">\n\t\t\t\t\t\t<div class=\"elementor-container elementor-column-gap-default\">\n\t\t\t\t\t<div class=\"elementor-column elementor-col-100 elementor-top-column elementor-element elementor-element-a0b82b3\" data-id=\"a0b82b3\" data-element_type=\"column\" data-e-type=\"column\">\n\t\t\t<div class=\"elementor-widget-wrap elementor-element-populated\">\n\t\t\t\t\t\t<div class=\"elementor-element elementor-element-0125354 elementor-alert-danger elementor-widget elementor-widget-alert\" data-id=\"0125354\" data-element_type=\"widget\" data-e-type=\"widget\" data-widget_type=\"alert.default\">\n\t\t\t\t<div class=\"elementor-widget-container\">\n\t\t\t\t\t\t\t<div class=\"elementor-alert\" role=\"alert\">\n\n\t\t\t\t\t\t<span class=\"elementor-alert-title\">Aten\u021bie!<\/span>\n\t\t\t\n\t\t\t\t\t\t<span class=\"elementor-alert-description\">Studen\u021bilor care nu au achitat prima rat\u0103 p\u00e2n\u0103 \u00een data de 6 septembrie 2019, li se va anula statutul de admis, iar locurile acestora vor fi alocate sesiunii de admitere din septembrie 2019.\n<\/span>\n\t\t\t\n\t\t\t\n\t\t<\/div>\n\t\t\t\t\t\t<\/div>\n\t\t\t\t<\/div>\n\t\t\t\t\t<\/div>\n\t\t<\/div>\n\t\t\t\t\t<\/div>\n\t\t<\/section>\n\t\t\t\t<\/div>\n\t\t","protected":false},"excerpt":{"rendered":"<p>Studen\u021bii care au fost declara\u021bi admi\u0219i trebuie s\u0103 achite prima rat\u0103 din taxa de \u0219colarizare p\u00e2n\u0103 \u00een 6 septembrie. Click pentru detalii!<\/p>\n","protected":false},"author":13,"featured_media":6625,"comment_status":"closed","ping_status":"closed","sticky":false,"template":"","format":"standard","meta":{"footnotes":""},"categories":[251,77],"tags":[],"class_list":["post-6620","post","type-post","status-publish","format-standard","has-post-thumbnail","hentry","category-noutati","category-noutati-educatie"],"yoast_head":"<!-- This site is optimized with the Yoast SEO plugin v27.4 - https:\/\/yoast.com\/product\/yoast-seo-wordpress\/ -->\n<title>\u00cen aten\u021bia candida\u021bilor ADMI\u0218I (ID\/IFR) - Universitatea Politehnica Timi\u015foara Departamentul de ID\/IFR \u0219i Educa\u021bie Digital\u0103 \u2013 DeL<\/title>\n<meta name=\"robots\" content=\"index, follow, max-snippet:-1, max-image-preview:large, max-video-preview:-1\" \/>\n<link rel=\"canonical\" href=\"https:\/\/elearning.upt.ro\/ro\/educatie\/noutati-educatie\/in-atentia-candidatilor-admisi-id-ifr\/\" \/>\n<meta property=\"og:locale\" content=\"ro_RO\" \/>\n<meta property=\"og:type\" content=\"article\" \/>\n<meta property=\"og:title\" content=\"\u00cen aten\u021bia candida\u021bilor ADMI\u0218I (ID\/IFR) - Universitatea Politehnica Timi\u015foara Departamentul de ID\/IFR \u0219i Educa\u021bie Digital\u0103 \u2013 DeL\" \/>\n<meta property=\"og:description\" content=\"Studen\u021bii care au fost declara\u021bi admi\u0219i trebuie s\u0103 achite prima rat\u0103 din taxa de \u0219colarizare p\u00e2n\u0103 \u00een 6 septembrie. Click pentru detalii!\" \/>\n<meta property=\"og:url\" content=\"https:\/\/elearning.upt.ro\/ro\/educatie\/noutati-educatie\/in-atentia-candidatilor-admisi-id-ifr\/\" \/>\n<meta property=\"og:site_name\" content=\"Universitatea Politehnica Timi\u015foara Departamentul de ID\/IFR \u0219i Educa\u021bie Digital\u0103 \u2013 DeL\" \/>\n<meta property=\"article:publisher\" content=\"https:\/\/www.facebook.com\/CIDUPT\/?ref=page_internal\" \/>\n<meta property=\"article:published_time\" content=\"2019-07-25T10:14:34+00:00\" \/>\n<meta property=\"article:modified_time\" content=\"2020-04-28T12:32:44+00:00\" \/>\n<meta property=\"og:image\" content=\"https:\/\/elearning.upt.ro\/wp-content\/uploads\/2019\/07\/anouncement-jpg.jpg\" \/>\n\t<meta property=\"og:image:width\" content=\"1280\" \/>\n\t<meta property=\"og:image:height\" content=\"1280\" \/>\n\t<meta property=\"og:image:type\" content=\"image\/jpeg\" \/>\n<meta name=\"author\" content=\"CeL\" \/>\n<meta name=\"twitter:card\" content=\"summary_large_image\" \/>\n<meta name=\"twitter:label1\" content=\"Written by\" \/>\n\t<meta name=\"twitter:data1\" content=\"CeL\" \/>\n\t<meta name=\"twitter:label2\" content=\"Est. reading time\" \/>\n\t<meta name=\"twitter:data2\" content=\"1 minute\" \/>\n<script type=\"application\/ld+json\" class=\"yoast-schema-graph\">{\"@context\":\"https:\\\/\\\/schema.org\",\"@graph\":[{\"@type\":\"Article\",\"@id\":\"https:\\\/\\\/elearning.upt.ro\\\/en\\\/educatie\\\/noutati-educatie\\\/in-atentia-candidatilor-admisi-id-ifr\\\/#article\",\"isPartOf\":{\"@id\":\"https:\\\/\\\/elearning.upt.ro\\\/en\\\/educatie\\\/noutati-educatie\\\/in-atentia-candidatilor-admisi-id-ifr\\\/\"},\"author\":{\"name\":\"CeL\",\"@id\":\"https:\\\/\\\/elearning.upt.ro\\\/ro\\\/#\\\/schema\\\/person\\\/8bb5b84d8e634ea763262c452a39b3f4\"},\"headline\":\"\u00cen aten\u021bia candida\u021bilor ADMI\u0218I (ID\\\/IFR)\",\"datePublished\":\"2019-07-25T10:14:34+00:00\",\"dateModified\":\"2020-04-28T12:32:44+00:00\",\"mainEntityOfPage\":{\"@id\":\"https:\\\/\\\/elearning.upt.ro\\\/en\\\/educatie\\\/noutati-educatie\\\/in-atentia-candidatilor-admisi-id-ifr\\\/\"},\"wordCount\":173,\"image\":{\"@id\":\"https:\\\/\\\/elearning.upt.ro\\\/en\\\/educatie\\\/noutati-educatie\\\/in-atentia-candidatilor-admisi-id-ifr\\\/#primaryimage\"},\"thumbnailUrl\":\"https:\\\/\\\/elearning.upt.ro\\\/wp-content\\\/uploads\\\/2019\\\/07\\\/anouncement-jpg.jpg\",\"articleSection\":[\"Noutati\",\"Noutati Educatie\"],\"inLanguage\":\"ro-RO\"},{\"@type\":\"WebPage\",\"@id\":\"https:\\\/\\\/elearning.upt.ro\\\/en\\\/educatie\\\/noutati-educatie\\\/in-atentia-candidatilor-admisi-id-ifr\\\/\",\"url\":\"https:\\\/\\\/elearning.upt.ro\\\/en\\\/educatie\\\/noutati-educatie\\\/in-atentia-candidatilor-admisi-id-ifr\\\/\",\"name\":\"\u00cen aten\u021bia candida\u021bilor ADMI\u0218I (ID\\\/IFR) - Universitatea Politehnica Timi\u015foara Departamentul de ID\\\/IFR \u0219i Educa\u021bie Digital\u0103 \u2013 DeL\",\"isPartOf\":{\"@id\":\"https:\\\/\\\/elearning.upt.ro\\\/ro\\\/#website\"},\"primaryImageOfPage\":{\"@id\":\"https:\\\/\\\/elearning.upt.ro\\\/en\\\/educatie\\\/noutati-educatie\\\/in-atentia-candidatilor-admisi-id-ifr\\\/#primaryimage\"},\"image\":{\"@id\":\"https:\\\/\\\/elearning.upt.ro\\\/en\\\/educatie\\\/noutati-educatie\\\/in-atentia-candidatilor-admisi-id-ifr\\\/#primaryimage\"},\"thumbnailUrl\":\"https:\\\/\\\/elearning.upt.ro\\\/wp-content\\\/uploads\\\/2019\\\/07\\\/anouncement-jpg.jpg\",\"datePublished\":\"2019-07-25T10:14:34+00:00\",\"dateModified\":\"2020-04-28T12:32:44+00:00\",\"author\":{\"@id\":\"https:\\\/\\\/elearning.upt.ro\\\/ro\\\/#\\\/schema\\\/person\\\/8bb5b84d8e634ea763262c452a39b3f4\"},\"breadcrumb\":{\"@id\":\"https:\\\/\\\/elearning.upt.ro\\\/en\\\/educatie\\\/noutati-educatie\\\/in-atentia-candidatilor-admisi-id-ifr\\\/#breadcrumb\"},\"inLanguage\":\"ro-RO\",\"potentialAction\":[{\"@type\":\"ReadAction\",\"target\":[\"https:\\\/\\\/elearning.upt.ro\\\/en\\\/educatie\\\/noutati-educatie\\\/in-atentia-candidatilor-admisi-id-ifr\\\/\"]}]},{\"@type\":\"ImageObject\",\"inLanguage\":\"ro-RO\",\"@id\":\"https:\\\/\\\/elearning.upt.ro\\\/en\\\/educatie\\\/noutati-educatie\\\/in-atentia-candidatilor-admisi-id-ifr\\\/#primaryimage\",\"url\":\"https:\\\/\\\/elearning.upt.ro\\\/wp-content\\\/uploads\\\/2019\\\/07\\\/anouncement-jpg.jpg\",\"contentUrl\":\"https:\\\/\\\/elearning.upt.ro\\\/wp-content\\\/uploads\\\/2019\\\/07\\\/anouncement-jpg.jpg\",\"width\":1280,\"height\":1280},{\"@type\":\"BreadcrumbList\",\"@id\":\"https:\\\/\\\/elearning.upt.ro\\\/en\\\/educatie\\\/noutati-educatie\\\/in-atentia-candidatilor-admisi-id-ifr\\\/#breadcrumb\",\"itemListElement\":[{\"@type\":\"ListItem\",\"position\":1,\"name\":\"Home\",\"item\":\"https:\\\/\\\/elearning.upt.ro\\\/\"},{\"@type\":\"ListItem\",\"position\":2,\"name\":\"\u00cen aten\u021bia candida\u021bilor ADMI\u0218I (ID\\\/IFR)\"}]},{\"@type\":\"WebSite\",\"@id\":\"https:\\\/\\\/elearning.upt.ro\\\/ro\\\/#website\",\"url\":\"https:\\\/\\\/elearning.upt.ro\\\/ro\\\/\",\"name\":\"Universitatea Politehnica Timi\u015foara Departamentul de ID\\\/IFR \u0219i Educa\u021bie Digital\u0103 \u2013 DeL\",\"description\":\"\",\"potentialAction\":[{\"@type\":\"SearchAction\",\"target\":{\"@type\":\"EntryPoint\",\"urlTemplate\":\"https:\\\/\\\/elearning.upt.ro\\\/ro\\\/?s={search_term_string}\"},\"query-input\":{\"@type\":\"PropertyValueSpecification\",\"valueRequired\":true,\"valueName\":\"search_term_string\"}}],\"inLanguage\":\"ro-RO\"},{\"@type\":\"Person\",\"@id\":\"https:\\\/\\\/elearning.upt.ro\\\/ro\\\/#\\\/schema\\\/person\\\/8bb5b84d8e634ea763262c452a39b3f4\",\"name\":\"CeL\",\"image\":{\"@type\":\"ImageObject\",\"inLanguage\":\"ro-RO\",\"@id\":\"https:\\\/\\\/secure.gravatar.com\\\/avatar\\\/9b67430c18ee40ef4a63a577131abb63a54ca1b5fbb5ec183bcc2003d846a51f?s=96&d=mm&r=g\",\"url\":\"https:\\\/\\\/secure.gravatar.com\\\/avatar\\\/9b67430c18ee40ef4a63a577131abb63a54ca1b5fbb5ec183bcc2003d846a51f?s=96&d=mm&r=g\",\"contentUrl\":\"https:\\\/\\\/secure.gravatar.com\\\/avatar\\\/9b67430c18ee40ef4a63a577131abb63a54ca1b5fbb5ec183bcc2003d846a51f?s=96&d=mm&r=g\",\"caption\":\"CeL\"},\"url\":\"https:\\\/\\\/elearning.upt.ro\\\/ro\\\/author\\\/renateiovi\\\/\"}]}<\/script>\n<!-- \/ Yoast SEO plugin. -->","yoast_head_json":{"title":"\u00cen aten\u021bia candida\u021bilor ADMI\u0218I (ID\/IFR) - Universitatea Politehnica Timi\u015foara Departamentul de ID\/IFR \u0219i Educa\u021bie Digital\u0103 \u2013 DeL","robots":{"index":"index","follow":"follow","max-snippet":"max-snippet:-1","max-image-preview":"max-image-preview:large","max-video-preview":"max-video-preview:-1"},"canonical":"https:\/\/elearning.upt.ro\/ro\/educatie\/noutati-educatie\/in-atentia-candidatilor-admisi-id-ifr\/","og_locale":"ro_RO","og_type":"article","og_title":"\u00cen aten\u021bia candida\u021bilor ADMI\u0218I (ID\/IFR) - Universitatea Politehnica Timi\u015foara Departamentul de ID\/IFR \u0219i Educa\u021bie Digital\u0103 \u2013 DeL","og_description":"Studen\u021bii care au fost declara\u021bi admi\u0219i trebuie s\u0103 achite prima rat\u0103 din taxa de \u0219colarizare p\u00e2n\u0103 \u00een 6 septembrie. Click pentru detalii!","og_url":"https:\/\/elearning.upt.ro\/ro\/educatie\/noutati-educatie\/in-atentia-candidatilor-admisi-id-ifr\/","og_site_name":"Universitatea Politehnica Timi\u015foara Departamentul de ID\/IFR \u0219i Educa\u021bie Digital\u0103 \u2013 DeL","article_publisher":"https:\/\/www.facebook.com\/CIDUPT\/?ref=page_internal","article_published_time":"2019-07-25T10:14:34+00:00","article_modified_time":"2020-04-28T12:32:44+00:00","og_image":[{"width":1280,"height":1280,"url":"https:\/\/elearning.upt.ro\/wp-content\/uploads\/2019\/07\/anouncement-jpg.jpg","type":"image\/jpeg"}],"author":"CeL","twitter_card":"summary_large_image","twitter_misc":{"Written by":"CeL","Est. reading time":"1 minute"},"schema":{"@context":"https:\/\/schema.org","@graph":[{"@type":"Article","@id":"https:\/\/elearning.upt.ro\/en\/educatie\/noutati-educatie\/in-atentia-candidatilor-admisi-id-ifr\/#article","isPartOf":{"@id":"https:\/\/elearning.upt.ro\/en\/educatie\/noutati-educatie\/in-atentia-candidatilor-admisi-id-ifr\/"},"author":{"name":"CeL","@id":"https:\/\/elearning.upt.ro\/ro\/#\/schema\/person\/8bb5b84d8e634ea763262c452a39b3f4"},"headline":"\u00cen aten\u021bia candida\u021bilor ADMI\u0218I (ID\/IFR)","datePublished":"2019-07-25T10:14:34+00:00","dateModified":"2020-04-28T12:32:44+00:00","mainEntityOfPage":{"@id":"https:\/\/elearning.upt.ro\/en\/educatie\/noutati-educatie\/in-atentia-candidatilor-admisi-id-ifr\/"},"wordCount":173,"image":{"@id":"https:\/\/elearning.upt.ro\/en\/educatie\/noutati-educatie\/in-atentia-candidatilor-admisi-id-ifr\/#primaryimage"},"thumbnailUrl":"https:\/\/elearning.upt.ro\/wp-content\/uploads\/2019\/07\/anouncement-jpg.jpg","articleSection":["Noutati","Noutati Educatie"],"inLanguage":"ro-RO"},{"@type":"WebPage","@id":"https:\/\/elearning.upt.ro\/en\/educatie\/noutati-educatie\/in-atentia-candidatilor-admisi-id-ifr\/","url":"https:\/\/elearning.upt.ro\/en\/educatie\/noutati-educatie\/in-atentia-candidatilor-admisi-id-ifr\/","name":"\u00cen aten\u021bia candida\u021bilor ADMI\u0218I (ID\/IFR) - Universitatea Politehnica Timi\u015foara Departamentul de ID\/IFR \u0219i Educa\u021bie Digital\u0103 \u2013 DeL","isPartOf":{"@id":"https:\/\/elearning.upt.ro\/ro\/#website"},"primaryImageOfPage":{"@id":"https:\/\/elearning.upt.ro\/en\/educatie\/noutati-educatie\/in-atentia-candidatilor-admisi-id-ifr\/#primaryimage"},"image":{"@id":"https:\/\/elearning.upt.ro\/en\/educatie\/noutati-educatie\/in-atentia-candidatilor-admisi-id-ifr\/#primaryimage"},"thumbnailUrl":"https:\/\/elearning.upt.ro\/wp-content\/uploads\/2019\/07\/anouncement-jpg.jpg","datePublished":"2019-07-25T10:14:34+00:00","dateModified":"2020-04-28T12:32:44+00:00","author":{"@id":"https:\/\/elearning.upt.ro\/ro\/#\/schema\/person\/8bb5b84d8e634ea763262c452a39b3f4"},"breadcrumb":{"@id":"https:\/\/elearning.upt.ro\/en\/educatie\/noutati-educatie\/in-atentia-candidatilor-admisi-id-ifr\/#breadcrumb"},"inLanguage":"ro-RO","potentialAction":[{"@type":"ReadAction","target":["https:\/\/elearning.upt.ro\/en\/educatie\/noutati-educatie\/in-atentia-candidatilor-admisi-id-ifr\/"]}]},{"@type":"ImageObject","inLanguage":"ro-RO","@id":"https:\/\/elearning.upt.ro\/en\/educatie\/noutati-educatie\/in-atentia-candidatilor-admisi-id-ifr\/#primaryimage","url":"https:\/\/elearning.upt.ro\/wp-content\/uploads\/2019\/07\/anouncement-jpg.jpg","contentUrl":"https:\/\/elearning.upt.ro\/wp-content\/uploads\/2019\/07\/anouncement-jpg.jpg","width":1280,"height":1280},{"@type":"BreadcrumbList","@id":"https:\/\/elearning.upt.ro\/en\/educatie\/noutati-educatie\/in-atentia-candidatilor-admisi-id-ifr\/#breadcrumb","itemListElement":[{"@type":"ListItem","position":1,"name":"Home","item":"https:\/\/elearning.upt.ro\/"},{"@type":"ListItem","position":2,"name":"\u00cen aten\u021bia candida\u021bilor ADMI\u0218I (ID\/IFR)"}]},{"@type":"WebSite","@id":"https:\/\/elearning.upt.ro\/ro\/#website","url":"https:\/\/elearning.upt.ro\/ro\/","name":"Universitatea Politehnica Timi\u015foara Departamentul de ID\/IFR \u0219i Educa\u021bie Digital\u0103 \u2013 DeL","description":"","potentialAction":[{"@type":"SearchAction","target":{"@type":"EntryPoint","urlTemplate":"https:\/\/elearning.upt.ro\/ro\/?s={search_term_string}"},"query-input":{"@type":"PropertyValueSpecification","valueRequired":true,"valueName":"search_term_string"}}],"inLanguage":"ro-RO"},{"@type":"Person","@id":"https:\/\/elearning.upt.ro\/ro\/#\/schema\/person\/8bb5b84d8e634ea763262c452a39b3f4","name":"CeL","image":{"@type":"ImageObject","inLanguage":"ro-RO","@id":"https:\/\/secure.gravatar.com\/avatar\/9b67430c18ee40ef4a63a577131abb63a54ca1b5fbb5ec183bcc2003d846a51f?s=96&d=mm&r=g","url":"https:\/\/secure.gravatar.com\/avatar\/9b67430c18ee40ef4a63a577131abb63a54ca1b5fbb5ec183bcc2003d846a51f?s=96&d=mm&r=g","contentUrl":"https:\/\/secure.gravatar.com\/avatar\/9b67430c18ee40ef4a63a577131abb63a54ca1b5fbb5ec183bcc2003d846a51f?s=96&d=mm&r=g","caption":"CeL"},"url":"https:\/\/elearning.upt.ro\/ro\/author\/renateiovi\/"}]}},"_links":{"self":[{"href":"https:\/\/elearning.upt.ro\/ro\/wp-json\/wp\/v2\/posts\/6620","targetHints":{"allow":["GET"]}}],"collection":[{"href":"https:\/\/elearning.upt.ro\/ro\/wp-json\/wp\/v2\/posts"}],"about":[{"href":"https:\/\/elearning.upt.ro\/ro\/wp-json\/wp\/v2\/types\/post"}],"author":[{"embeddable":true,"href":"https:\/\/elearning.upt.ro\/ro\/wp-json\/wp\/v2\/users\/13"}],"replies":[{"embeddable":true,"href":"https:\/\/elearning.upt.ro\/ro\/wp-json\/wp\/v2\/comments?post=6620"}],"version-history":[{"count":6,"href":"https:\/\/elearning.upt.ro\/ro\/wp-json\/wp\/v2\/posts\/6620\/revisions"}],"predecessor-version":[{"id":6629,"href":"https:\/\/elearning.upt.ro\/ro\/wp-json\/wp\/v2\/posts\/6620\/revisions\/6629"}],"wp:featuredmedia":[{"embeddable":true,"href":"https:\/\/elearning.upt.ro\/ro\/wp-json\/wp\/v2\/media\/6625"}],"wp:attachment":[{"href":"https:\/\/elearning.upt.ro\/ro\/wp-json\/wp\/v2\/media?parent=6620"}],"wp:term":[{"taxonomy":"category","embeddable":true,"href":"https:\/\/elearning.upt.ro\/ro\/wp-json\/wp\/v2\/categories?post=6620"},{"taxonomy":"post_tag","embeddable":true,"href":"https:\/\/elearning.upt.ro\/ro\/wp-json\/wp\/v2\/tags?post=6620"}],"curies":[{"name":"wp","href":"https:\/\/api.w.org\/{rel}","templated":true}]}}