{"id":5490,"date":"2019-03-04T13:44:41","date_gmt":"2019-03-04T11:44:41","guid":{"rendered":"http:\/\/new.elearning.upt.ro\/?p=5490"},"modified":"2020-04-28T15:41:23","modified_gmt":"2020-04-28T12:41:23","slug":"workshop-educatia-deschisa-si-impactul-digitalizarii","status":"publish","type":"post","link":"https:\/\/elearning.upt.ro\/ro\/proiecte\/workshop-educatia-deschisa-si-impactul-digitalizarii\/","title":{"rendered":"Workshop Educa\u021bia deschis\u0103 \u0219i impactul digitaliz\u0103rii"},"content":{"rendered":"\t\t<div data-elementor-type=\"wp-post\" data-elementor-id=\"5490\" class=\"elementor elementor-5490\">\n\t\t\t\t\t\t<section class=\"elementor-section elementor-top-section elementor-element elementor-element-5deeefa5 elementor-section-boxed elementor-section-height-default elementor-section-height-default\" data-id=\"5deeefa5\" data-element_type=\"section\" data-e-type=\"section\">\n\t\t\t\t\t\t<div class=\"elementor-container elementor-column-gap-default\">\n\t\t\t\t\t<div class=\"elementor-column elementor-col-100 elementor-top-column elementor-element elementor-element-28a678c4\" data-id=\"28a678c4\" data-element_type=\"column\" data-e-type=\"column\">\n\t\t\t<div class=\"elementor-widget-wrap elementor-element-populated\">\n\t\t\t\t\t\t<div class=\"elementor-element elementor-element-c6834bd elementor-widget elementor-widget-text-editor\" data-id=\"c6834bd\" data-element_type=\"widget\" data-e-type=\"widget\" data-widget_type=\"text-editor.default\">\n\t\t\t\t<div class=\"elementor-widget-container\">\n\t\t\t\t\t\t\t\t\t<p><\/p>\n<p><strong>Edi\u021bia aVI-a<\/strong><\/p>\n<p><\/p>\n<p><\/p>\n<p><strong>Vineri 22 martie 2019<\/strong><\/p>\n<p><\/p>\n<p><\/p>\n<p><strong>Universitatea Politehnica<\/strong> <strong>Timi\u0219oara<\/strong> prin <strong>Centrul de ID\/IFR \u0219i E-Learning<\/strong> v\u0103 invit\u0103 s\u0103 participa\u021bi la <strong>Workshopul Educa\u021bia Deschis\u0103<\/strong> &#8211; impactul deschiderii: institu\u021bii, resurse, unelte, profesori, subiecte, aflat la<strong> a VI-a edi\u021bie<\/strong>, <strong>vineri<\/strong> <strong>22 martie 2019<\/strong>, \u00eentre <strong>orele 10:30<\/strong>&#8211;<strong> 14:00<\/strong>.<\/p>\n<p><\/p>\n<p><\/p>\n<p>Organizat \u00een cadrul <strong>S\u0103pt\u0103m\u00e2na Educa\u021biei Deschise 2019<\/strong> (<strong>Open Education Week<\/strong>), workshopul i\u0219i propune sa abordeze exemple practice de educa\u021bie deschis\u0103, de utilizare a resurselor educa\u021bionale deschise,<strong> OER<\/strong> \u0219i a cursurilor masive deschise online <strong>MOOCs<\/strong> in educa\u021bia de toate tipurile. Vor fi discutate diverse unelte deschise, situa\u021bii de mobile learning, studii de implementare pentru realitatea augmentat\u0103 \u0219i virtual\u0103 in educa\u021bie, cercetarea deschis\u0103, blockchain in educa\u021bie, educa\u021bia \u0219tirilor false, fetele \u0219i femei in \u0219tiin\u021be, ce sunt \u0219i cum func\u021bioneaz\u0103 mobilit\u0103\u021bile virtuale.<\/p>\n<p><\/p>\n<p><\/p>\n<p><a href=\"https:\/\/www.facebook.com\/hashtag\/oeweek\" target=\"_blank\" rel=\"noreferrer noopener\">#OEWeek<\/a><a href=\"https:\/\/www.facebook.com\/hashtag\/oeweektimisoara\" target=\"_blank\" rel=\"noreferrer noopener\">#OEWeekTimisoara<\/a><\/p>\n<p><\/p>\t\t\t\t\t\t\t\t<\/div>\n\t\t\t\t<\/div>\n\t\t\t\t<div class=\"elementor-element elementor-element-a3a9978 elementor-button-info elementor-align-center elementor-widget elementor-widget-button\" data-id=\"a3a9978\" data-element_type=\"widget\" data-e-type=\"widget\" data-settings=\"{&quot;_animation&quot;:&quot;none&quot;}\" data-widget_type=\"button.default\">\n\t\t\t\t<div class=\"elementor-widget-container\">\n\t\t\t\t\t\t\t\t\t<div class=\"elementor-button-wrapper\">\n\t\t\t\t\t<a class=\"elementor-button elementor-button-link elementor-size-md\" href=\"https:\/\/elearning.upt.ro\/ro\/event\/workshop-educatia-deschisa-si-impactul-digitalizarii\/\">\n\t\t\t\t\t\t<span class=\"elementor-button-content-wrapper\">\n\t\t\t\t\t\t\t\t\t<span class=\"elementor-button-text\">Vezi IMAGINI de la Workshop Educa\u021bie deschis\u0103 AICI <\/span>\n\t\t\t\t\t<\/span>\n\t\t\t\t\t<\/a>\n\t\t\t\t<\/div>\n\t\t\t\t\t\t\t\t<\/div>\n\t\t\t\t<\/div>\n\t\t\t\t<div class=\"elementor-element elementor-element-572299c elementor-widget elementor-widget-text-editor\" data-id=\"572299c\" data-element_type=\"widget\" data-e-type=\"widget\" data-widget_type=\"text-editor.default\">\n\t\t\t\t<div class=\"elementor-widget-container\">\n\t\t\t\t\t\t\t\t\t\n<p><strong>Prof. Dr. Steve Wheeler<\/strong> <strong>&#8211; Key note speaker<\/strong><\/p>\n\n<p>Anul acesta, suntem onora\u021bi de prezen\u021ba <strong>Prof. Dr. Steve Wheeler<\/strong>. Acesta este consultant pentru inova\u021bii \u00een domeniul \u00eenv\u0103\u021b\u0103rii \u0219i fost profesor asociat (tehnologii de \u00eenv\u0103\u021bare) la<strong> Institutul de Educa\u021bie din Plymout<\/strong>h, unde a prezidat grupul Learning Futures \u0219i a condus echipele de informatic\u0103 \u0219i \u0219tiin\u021b\u0103.<\/p>\n<p>El continu\u0103 cercetarea \u00eenv\u0103\u021b\u0103rii bazate pe tehnologie \u0219i a \u00eenv\u0103\u021b\u0103m\u00e2ntului la distan\u021b\u0103, pun\u00e2nd accentul \u00een special pe pedagogica care st\u0103 la baza utiliz\u0103rii tehnologiilor sociale \u0219i a tehnologiilor Web 2.0, \u0219i are, de asemenea, interese de cercetare \u00een domeniul \u00eenv\u0103\u021b\u0103rii mobile \u0219i a cyberculturilor. El a \u021binut discursuri \u00een mai mult de 35 de \u021b\u0103ri \u0219i este autorul a peste 150 de articole \u0219tiin\u021bifice, cu peste 7000 de cit\u0103ri academice. Un edublogger activ \u0219i prolific, <strong>blogul s\u0103u Learning with \u2018e\u2019s<\/strong> este un comentariu online regulat asupra impactului social \u0219i cultural al tehnologiilor perturbatoare \u0219i asupra aplic\u0103rii mijloacelor media digitale \u00een educa\u021bie, \u00eenv\u0103\u021bare \u0219i dezvoltare. \u00cen ultimii ani <strong>a atras peste 8 milioane de vizitatori unici<\/strong>.<\/p>\n\n<p>\u00a0<\/p>\n\t\t\t\t\t\t\t\t<\/div>\n\t\t\t\t<\/div>\n\t\t\t\t<div class=\"elementor-element elementor-element-dde3feb elementor-button-info elementor-align-left elementor-widget elementor-widget-button\" data-id=\"dde3feb\" data-element_type=\"widget\" data-e-type=\"widget\" data-widget_type=\"button.default\">\n\t\t\t\t<div class=\"elementor-widget-container\">\n\t\t\t\t\t\t\t\t\t<div class=\"elementor-button-wrapper\">\n\t\t\t\t\t<a class=\"elementor-button elementor-button-link elementor-size-sm\" href=\"https:\/\/www.plymouth.ac.uk\/staff\/steve-wheeler\" target=\"_blank\">\n\t\t\t\t\t\t<span class=\"elementor-button-content-wrapper\">\n\t\t\t\t\t\t\t\t\t<span class=\"elementor-button-text\">Mai multe informa\u021bii despre Prof. Dr. Steve Wheeler<\/span>\n\t\t\t\t\t<\/span>\n\t\t\t\t\t<\/a>\n\t\t\t\t<\/div>\n\t\t\t\t\t\t\t\t<\/div>\n\t\t\t\t<\/div>\n\t\t\t\t<div class=\"elementor-element elementor-element-123fb0e elementor-widget elementor-widget-text-editor\" data-id=\"123fb0e\" data-element_type=\"widget\" data-e-type=\"widget\" data-widget_type=\"text-editor.default\">\n\t\t\t\t<div class=\"elementor-widget-container\">\n\t\t\t\t\t\t\t\t\t<p><\/p>\n<p>\u00a0<\/p>\n<p>Workshopul se adreseaz\u0103 profesorilor universitari, studen\u021bilor, profesorilor din \u00eenv\u0103\u021b\u0103m\u00e2ntul pre-universitar, speciali\u0219tilor din companiile de training sau din departamentele de resurse umane. Participarea este liber\u0103, prezent\u0103rile se vor desf\u0103\u0219ura \u00een Rom\u00e2n\u0103 \u0219i Englez\u0103 \u0219i se va elibera certificat de participare.<\/p>\n<p><\/p>\n<p>Vor fi <strong>9 prezent\u0103ri<\/strong> de nivel interna\u021bional cu studii de caz din Rom\u00e2nia \u0219i Uniunea European\u0103 c\u00e2t \u0219i alte detalii semnificative referitoare la<strong> Educa\u021bia Deschis\u0103.<\/strong><\/p>\n<p><\/p>\n<p>Ca \u00een fiecare an, workshopul este organizat de <strong>Centrul de E-learning (CEL)<\/strong> din <strong>Universitatea Politehnica Timi\u0219oara<\/strong>, <strong>Asocia\u021bia EDEN \u0219i IEEE Rom\u00e2nia<\/strong> \u0219i va fi transmis live online.<\/p>\n<p><\/p>\n<p><strong>Lucr\u0103rile Workshopului<\/strong> vor fi disponibile online, dup\u0103 eveniment, pe platforma educa\u021bional\u0103 online <a href=\"https:\/\/unicampus.ro\/\" target=\"_blank\" rel=\"noopener\"><strong>UniCampus<\/strong><\/a>.<\/p>\n<p><\/p>\n<p><\/p>\n<p><\/p>\n<p><\/p>\n<p><\/p>\t\t\t\t\t\t\t\t<\/div>\n\t\t\t\t<\/div>\n\t\t\t\t<div class=\"elementor-element elementor-element-c31c9ed elementor-widget elementor-widget-text-editor\" data-id=\"c31c9ed\" data-element_type=\"widget\" data-e-type=\"widget\" data-widget_type=\"text-editor.default\">\n\t\t\t\t<div class=\"elementor-widget-container\">\n\t\t\t\t\t\t\t\t\t<h4><strong>Agenda Workshop-ului<\/strong><\/h4>\n<p>10:30 &#8211; Deschidere<\/p>\n<p>10:45 &#8211; Dr.\u00a0<b><strong>Diana Andone<\/strong><\/b>, director CeL- Centrul de eLearning, Universitatea Politehnica Timi\u0219oara, Open Education Experiences in UPT<\/p>\n<p>11:15 &#8211; Dr.\u00a0<b><strong>Steve Wheeler<\/strong><\/b>\u00a0(Keynote Speaker), Learning Innovations Consultant, Open Education in the Digital Age<\/p>\n<p>12:10 &#8211; Dr.\u00a0<b><strong>Sandra Kucina Softic<\/strong><\/b>, Universitatea din Zagreb, Croa\u021bia, EDEN Vice-President &#8211; Open Education and EDEN initiatives &#8211; prin videoconferin\u021b\u0103<\/p>\n<p>12:25 &#8211; Pauz\u0103 de cafea<\/p>\n<p>12:40 &#8211; Dr.\u00a0<b><strong>Carmen Holotescu<\/strong><\/b>, Universitatea Ioan Slavici Timi\u0219oara &#8211; How Blockchain Can Empower Education<\/p>\n<p>12:50 &#8211; Dr.\u00a0<b><strong>Diana Andone<\/strong><\/b>, director CeL &#8211; Centrul de eLearning, Universitatea Politehnica Timi\u0219oara &#8211; Use of digital tools in culture &#8211; The DigiCulture project study case<\/p>\n<p>13:05 &#8211; Dr.\u00a0<b><strong>Ilona Buchem<\/strong><\/b>, Technical University Beuth, Berlin, Germania &#8211; Impact of Open Education on Virtual Mobility in Higher Education &#8211; prin videoconferin\u021b\u0103<\/p>\n<p>13:20 &#8211; Dr.\u00a0<b><strong>Mugur Mocofan<\/strong><\/b>, Universitatea Politehnica Timi\u0219oara &#8211; Words are stones: Cyberbullying in Education<\/p>\n<p>13:35 &#8211; Dr.\u00a0<b><strong>Gabriela Grosseck<\/strong><\/b>\u00a0&amp; Dr.\u00a0<b><strong>Laura Mali\u021ba<\/strong><\/b>, Universitatea de Vest Timi\u0219oara &#8211; Decoding Fake News at WUT<\/p>\n<p>13:45 &#8211; Dr.\u00a0<b><strong>Diana Andone<\/strong><\/b>, director CeL &#8211; Centrul de eLearning, Universitatea Politehnica Timi\u0219oara &#8211; Opening Up Learning Design &#8211; the ABC to VLE Project<\/p>\n<p>13:55 &#8211; Concluzii \u0219i \u00eencheiere<\/p>\n<p>14:00 &#8211; Pr\u00e2nz<\/p>\t\t\t\t\t\t\t\t<\/div>\n\t\t\t\t<\/div>\n\t\t\t\t\t<\/div>\n\t\t<\/div>\n\t\t\t\t\t<\/div>\n\t\t<\/section>\n\t\t\t\t<section class=\"elementor-section elementor-top-section elementor-element elementor-element-f887fd9 elementor-section-boxed elementor-section-height-default elementor-section-height-default\" data-id=\"f887fd9\" data-element_type=\"section\" data-e-type=\"section\">\n\t\t\t\t\t\t<div class=\"elementor-container elementor-column-gap-default\">\n\t\t\t\t\t<div class=\"elementor-column elementor-col-100 elementor-top-column elementor-element elementor-element-1d19fd7\" data-id=\"1d19fd7\" data-element_type=\"column\" data-e-type=\"column\">\n\t\t\t<div class=\"elementor-widget-wrap elementor-element-populated\">\n\t\t\t\t\t\t<div class=\"elementor-element elementor-element-c61cec4 elementor-button-info elementor-align-center elementor-widget elementor-widget-button\" data-id=\"c61cec4\" data-element_type=\"widget\" data-e-type=\"widget\" data-widget_type=\"button.default\">\n\t\t\t\t<div class=\"elementor-widget-container\">\n\t\t\t\t\t\t\t\t\t<div class=\"elementor-button-wrapper\">\n\t\t\t\t\t<a class=\"elementor-button elementor-button-link elementor-size-sm\" href=\"https:\/\/www.openeducationweek.org\/\" target=\"_blank\">\n\t\t\t\t\t\t<span class=\"elementor-button-content-wrapper\">\n\t\t\t\t\t\t\t\t\t<span class=\"elementor-button-text\">VEZI mai multe informa\u021bii despre Open Education Week AICI<\/span>\n\t\t\t\t\t<\/span>\n\t\t\t\t\t<\/a>\n\t\t\t\t<\/div>\n\t\t\t\t\t\t\t\t<\/div>\n\t\t\t\t<\/div>\n\t\t\t\t\t<\/div>\n\t\t<\/div>\n\t\t\t\t\t<\/div>\n\t\t<\/section>\n\t\t\t\t<\/div>\n\t\t","protected":false},"excerpt":{"rendered":"<p>Universitatea Politehnica din Timi\u0219oara prin Centrul de ID\/IFR \u0219i E-Learning v\u0103 invit\u0103 s\u0103 participa\u021bi la Workshopul Educa\u021bia Deschis\u0103 &#8211; impactul deschiderii.<\/p>\n","protected":false},"author":13,"featured_media":5485,"comment_status":"closed","ping_status":"closed","sticky":false,"template":"","format":"standard","meta":{"footnotes":""},"categories":[251,78,122,72,73],"tags":[],"class_list":["post-5490","post","type-post","status-publish","format-standard","has-post-thumbnail","hentry","category-noutati","category-noutati-inovare","category-openvm","category-proiecte","category-proiecte-eu"],"yoast_head":"<!-- This site is optimized with the Yoast SEO plugin v27.4 - https:\/\/yoast.com\/product\/yoast-seo-wordpress\/ -->\n<title>Workshop Educa\u021bia deschis\u0103 \u0219i impactul digitaliz\u0103rii - Universitatea Politehnica Timi\u015foara Departamentul de ID\/IFR \u0219i Educa\u021bie Digital\u0103 \u2013 DeL<\/title>\n<meta name=\"robots\" content=\"index, follow, max-snippet:-1, max-image-preview:large, max-video-preview:-1\" \/>\n<link rel=\"canonical\" href=\"https:\/\/elearning.upt.ro\/ro\/proiecte\/workshop-educatia-deschisa-si-impactul-digitalizarii\/\" \/>\n<meta property=\"og:locale\" content=\"ro_RO\" \/>\n<meta property=\"og:type\" content=\"article\" \/>\n<meta property=\"og:title\" content=\"Workshop Educa\u021bia deschis\u0103 \u0219i impactul digitaliz\u0103rii - Universitatea Politehnica Timi\u015foara Departamentul de ID\/IFR \u0219i Educa\u021bie Digital\u0103 \u2013 DeL\" \/>\n<meta property=\"og:description\" content=\"Universitatea Politehnica din Timi\u0219oara prin Centrul de ID\/IFR \u0219i E-Learning v\u0103 invit\u0103 s\u0103 participa\u021bi la Workshopul Educa\u021bia Deschis\u0103 - impactul deschiderii.\" \/>\n<meta property=\"og:url\" content=\"https:\/\/elearning.upt.ro\/ro\/proiecte\/workshop-educatia-deschisa-si-impactul-digitalizarii\/\" \/>\n<meta property=\"og:site_name\" content=\"Universitatea Politehnica Timi\u015foara Departamentul de ID\/IFR \u0219i Educa\u021bie Digital\u0103 \u2013 DeL\" \/>\n<meta property=\"article:publisher\" content=\"https:\/\/www.facebook.com\/CIDUPT\/?ref=page_internal\" \/>\n<meta property=\"article:published_time\" content=\"2019-03-04T11:44:41+00:00\" \/>\n<meta property=\"article:modified_time\" content=\"2020-04-28T12:41:23+00:00\" \/>\n<meta property=\"og:image\" content=\"https:\/\/elearning.upt.ro\/wp-content\/uploads\/2019\/05\/Fotografii_Condrea_OEW-2019-32-of-113-1024x684.jpg\" \/>\n\t<meta property=\"og:image:width\" content=\"1024\" \/>\n\t<meta property=\"og:image:height\" content=\"684\" \/>\n\t<meta property=\"og:image:type\" content=\"image\/jpeg\" \/>\n<meta name=\"author\" content=\"CeL\" \/>\n<meta name=\"twitter:card\" content=\"summary_large_image\" \/>\n<meta name=\"twitter:label1\" content=\"Written by\" \/>\n\t<meta name=\"twitter:data1\" content=\"CeL\" \/>\n\t<meta name=\"twitter:label2\" content=\"Est. reading time\" \/>\n\t<meta name=\"twitter:data2\" content=\"3 minutes\" \/>\n<script type=\"application\/ld+json\" class=\"yoast-schema-graph\">{\"@context\":\"https:\\\/\\\/schema.org\",\"@graph\":[{\"@type\":\"Article\",\"@id\":\"https:\\\/\\\/elearning.upt.ro\\\/ro\\\/proiecte\\\/workshop-educatia-deschisa-si-impactul-digitalizarii\\\/#article\",\"isPartOf\":{\"@id\":\"https:\\\/\\\/elearning.upt.ro\\\/ro\\\/proiecte\\\/workshop-educatia-deschisa-si-impactul-digitalizarii\\\/\"},\"author\":{\"name\":\"CeL\",\"@id\":\"https:\\\/\\\/elearning.upt.ro\\\/ro\\\/#\\\/schema\\\/person\\\/8bb5b84d8e634ea763262c452a39b3f4\"},\"headline\":\"Workshop Educa\u021bia deschis\u0103 \u0219i impactul digitaliz\u0103rii\",\"datePublished\":\"2019-03-04T11:44:41+00:00\",\"dateModified\":\"2020-04-28T12:41:23+00:00\",\"mainEntityOfPage\":{\"@id\":\"https:\\\/\\\/elearning.upt.ro\\\/ro\\\/proiecte\\\/workshop-educatia-deschisa-si-impactul-digitalizarii\\\/\"},\"wordCount\":673,\"image\":{\"@id\":\"https:\\\/\\\/elearning.upt.ro\\\/ro\\\/proiecte\\\/workshop-educatia-deschisa-si-impactul-digitalizarii\\\/#primaryimage\"},\"thumbnailUrl\":\"https:\\\/\\\/elearning.upt.ro\\\/wp-content\\\/uploads\\\/2019\\\/05\\\/Fotografii_Condrea_OEW-2019-32-of-113.jpg\",\"articleSection\":[\"Noutati\",\"Noutati Inovare\",\"OpenVM\",\"Proiecte\",\"Proiecte EU\"],\"inLanguage\":\"ro-RO\"},{\"@type\":\"WebPage\",\"@id\":\"https:\\\/\\\/elearning.upt.ro\\\/ro\\\/proiecte\\\/workshop-educatia-deschisa-si-impactul-digitalizarii\\\/\",\"url\":\"https:\\\/\\\/elearning.upt.ro\\\/ro\\\/proiecte\\\/workshop-educatia-deschisa-si-impactul-digitalizarii\\\/\",\"name\":\"Workshop Educa\u021bia deschis\u0103 \u0219i impactul digitaliz\u0103rii - Universitatea Politehnica Timi\u015foara Departamentul de ID\\\/IFR \u0219i Educa\u021bie Digital\u0103 \u2013 DeL\",\"isPartOf\":{\"@id\":\"https:\\\/\\\/elearning.upt.ro\\\/ro\\\/#website\"},\"primaryImageOfPage\":{\"@id\":\"https:\\\/\\\/elearning.upt.ro\\\/ro\\\/proiecte\\\/workshop-educatia-deschisa-si-impactul-digitalizarii\\\/#primaryimage\"},\"image\":{\"@id\":\"https:\\\/\\\/elearning.upt.ro\\\/ro\\\/proiecte\\\/workshop-educatia-deschisa-si-impactul-digitalizarii\\\/#primaryimage\"},\"thumbnailUrl\":\"https:\\\/\\\/elearning.upt.ro\\\/wp-content\\\/uploads\\\/2019\\\/05\\\/Fotografii_Condrea_OEW-2019-32-of-113.jpg\",\"datePublished\":\"2019-03-04T11:44:41+00:00\",\"dateModified\":\"2020-04-28T12:41:23+00:00\",\"author\":{\"@id\":\"https:\\\/\\\/elearning.upt.ro\\\/ro\\\/#\\\/schema\\\/person\\\/8bb5b84d8e634ea763262c452a39b3f4\"},\"breadcrumb\":{\"@id\":\"https:\\\/\\\/elearning.upt.ro\\\/ro\\\/proiecte\\\/workshop-educatia-deschisa-si-impactul-digitalizarii\\\/#breadcrumb\"},\"inLanguage\":\"ro-RO\",\"potentialAction\":[{\"@type\":\"ReadAction\",\"target\":[\"https:\\\/\\\/elearning.upt.ro\\\/ro\\\/proiecte\\\/workshop-educatia-deschisa-si-impactul-digitalizarii\\\/\"]}]},{\"@type\":\"ImageObject\",\"inLanguage\":\"ro-RO\",\"@id\":\"https:\\\/\\\/elearning.upt.ro\\\/ro\\\/proiecte\\\/workshop-educatia-deschisa-si-impactul-digitalizarii\\\/#primaryimage\",\"url\":\"https:\\\/\\\/elearning.upt.ro\\\/wp-content\\\/uploads\\\/2019\\\/05\\\/Fotografii_Condrea_OEW-2019-32-of-113.jpg\",\"contentUrl\":\"https:\\\/\\\/elearning.upt.ro\\\/wp-content\\\/uploads\\\/2019\\\/05\\\/Fotografii_Condrea_OEW-2019-32-of-113.jpg\",\"width\":5429,\"height\":3624},{\"@type\":\"BreadcrumbList\",\"@id\":\"https:\\\/\\\/elearning.upt.ro\\\/ro\\\/proiecte\\\/workshop-educatia-deschisa-si-impactul-digitalizarii\\\/#breadcrumb\",\"itemListElement\":[{\"@type\":\"ListItem\",\"position\":1,\"name\":\"Home\",\"item\":\"https:\\\/\\\/elearning.upt.ro\\\/\"},{\"@type\":\"ListItem\",\"position\":2,\"name\":\"Workshop Educa\u021bia deschis\u0103 \u0219i impactul digitaliz\u0103rii\"}]},{\"@type\":\"WebSite\",\"@id\":\"https:\\\/\\\/elearning.upt.ro\\\/ro\\\/#website\",\"url\":\"https:\\\/\\\/elearning.upt.ro\\\/ro\\\/\",\"name\":\"Universitatea Politehnica Timi\u015foara Departamentul de ID\\\/IFR \u0219i Educa\u021bie Digital\u0103 \u2013 DeL\",\"description\":\"\",\"potentialAction\":[{\"@type\":\"SearchAction\",\"target\":{\"@type\":\"EntryPoint\",\"urlTemplate\":\"https:\\\/\\\/elearning.upt.ro\\\/ro\\\/?s={search_term_string}\"},\"query-input\":{\"@type\":\"PropertyValueSpecification\",\"valueRequired\":true,\"valueName\":\"search_term_string\"}}],\"inLanguage\":\"ro-RO\"},{\"@type\":\"Person\",\"@id\":\"https:\\\/\\\/elearning.upt.ro\\\/ro\\\/#\\\/schema\\\/person\\\/8bb5b84d8e634ea763262c452a39b3f4\",\"name\":\"CeL\",\"image\":{\"@type\":\"ImageObject\",\"inLanguage\":\"ro-RO\",\"@id\":\"https:\\\/\\\/secure.gravatar.com\\\/avatar\\\/9b67430c18ee40ef4a63a577131abb63a54ca1b5fbb5ec183bcc2003d846a51f?s=96&d=mm&r=g\",\"url\":\"https:\\\/\\\/secure.gravatar.com\\\/avatar\\\/9b67430c18ee40ef4a63a577131abb63a54ca1b5fbb5ec183bcc2003d846a51f?s=96&d=mm&r=g\",\"contentUrl\":\"https:\\\/\\\/secure.gravatar.com\\\/avatar\\\/9b67430c18ee40ef4a63a577131abb63a54ca1b5fbb5ec183bcc2003d846a51f?s=96&d=mm&r=g\",\"caption\":\"CeL\"},\"url\":\"https:\\\/\\\/elearning.upt.ro\\\/ro\\\/author\\\/renateiovi\\\/\"}]}<\/script>\n<!-- \/ Yoast SEO plugin. -->","yoast_head_json":{"title":"Workshop Educa\u021bia deschis\u0103 \u0219i impactul digitaliz\u0103rii - Universitatea Politehnica Timi\u015foara Departamentul de ID\/IFR \u0219i Educa\u021bie Digital\u0103 \u2013 DeL","robots":{"index":"index","follow":"follow","max-snippet":"max-snippet:-1","max-image-preview":"max-image-preview:large","max-video-preview":"max-video-preview:-1"},"canonical":"https:\/\/elearning.upt.ro\/ro\/proiecte\/workshop-educatia-deschisa-si-impactul-digitalizarii\/","og_locale":"ro_RO","og_type":"article","og_title":"Workshop Educa\u021bia deschis\u0103 \u0219i impactul digitaliz\u0103rii - Universitatea Politehnica Timi\u015foara Departamentul de ID\/IFR \u0219i Educa\u021bie Digital\u0103 \u2013 DeL","og_description":"Universitatea Politehnica din Timi\u0219oara prin Centrul de ID\/IFR \u0219i E-Learning v\u0103 invit\u0103 s\u0103 participa\u021bi la Workshopul Educa\u021bia Deschis\u0103 - impactul deschiderii.","og_url":"https:\/\/elearning.upt.ro\/ro\/proiecte\/workshop-educatia-deschisa-si-impactul-digitalizarii\/","og_site_name":"Universitatea Politehnica Timi\u015foara Departamentul de ID\/IFR \u0219i Educa\u021bie Digital\u0103 \u2013 DeL","article_publisher":"https:\/\/www.facebook.com\/CIDUPT\/?ref=page_internal","article_published_time":"2019-03-04T11:44:41+00:00","article_modified_time":"2020-04-28T12:41:23+00:00","og_image":[{"width":1024,"height":684,"url":"https:\/\/elearning.upt.ro\/wp-content\/uploads\/2019\/05\/Fotografii_Condrea_OEW-2019-32-of-113-1024x684.jpg","type":"image\/jpeg"}],"author":"CeL","twitter_card":"summary_large_image","twitter_misc":{"Written by":"CeL","Est. reading time":"3 minutes"},"schema":{"@context":"https:\/\/schema.org","@graph":[{"@type":"Article","@id":"https:\/\/elearning.upt.ro\/ro\/proiecte\/workshop-educatia-deschisa-si-impactul-digitalizarii\/#article","isPartOf":{"@id":"https:\/\/elearning.upt.ro\/ro\/proiecte\/workshop-educatia-deschisa-si-impactul-digitalizarii\/"},"author":{"name":"CeL","@id":"https:\/\/elearning.upt.ro\/ro\/#\/schema\/person\/8bb5b84d8e634ea763262c452a39b3f4"},"headline":"Workshop Educa\u021bia deschis\u0103 \u0219i impactul digitaliz\u0103rii","datePublished":"2019-03-04T11:44:41+00:00","dateModified":"2020-04-28T12:41:23+00:00","mainEntityOfPage":{"@id":"https:\/\/elearning.upt.ro\/ro\/proiecte\/workshop-educatia-deschisa-si-impactul-digitalizarii\/"},"wordCount":673,"image":{"@id":"https:\/\/elearning.upt.ro\/ro\/proiecte\/workshop-educatia-deschisa-si-impactul-digitalizarii\/#primaryimage"},"thumbnailUrl":"https:\/\/elearning.upt.ro\/wp-content\/uploads\/2019\/05\/Fotografii_Condrea_OEW-2019-32-of-113.jpg","articleSection":["Noutati","Noutati Inovare","OpenVM","Proiecte","Proiecte EU"],"inLanguage":"ro-RO"},{"@type":"WebPage","@id":"https:\/\/elearning.upt.ro\/ro\/proiecte\/workshop-educatia-deschisa-si-impactul-digitalizarii\/","url":"https:\/\/elearning.upt.ro\/ro\/proiecte\/workshop-educatia-deschisa-si-impactul-digitalizarii\/","name":"Workshop Educa\u021bia deschis\u0103 \u0219i impactul digitaliz\u0103rii - Universitatea Politehnica Timi\u015foara Departamentul de ID\/IFR \u0219i Educa\u021bie Digital\u0103 \u2013 DeL","isPartOf":{"@id":"https:\/\/elearning.upt.ro\/ro\/#website"},"primaryImageOfPage":{"@id":"https:\/\/elearning.upt.ro\/ro\/proiecte\/workshop-educatia-deschisa-si-impactul-digitalizarii\/#primaryimage"},"image":{"@id":"https:\/\/elearning.upt.ro\/ro\/proiecte\/workshop-educatia-deschisa-si-impactul-digitalizarii\/#primaryimage"},"thumbnailUrl":"https:\/\/elearning.upt.ro\/wp-content\/uploads\/2019\/05\/Fotografii_Condrea_OEW-2019-32-of-113.jpg","datePublished":"2019-03-04T11:44:41+00:00","dateModified":"2020-04-28T12:41:23+00:00","author":{"@id":"https:\/\/elearning.upt.ro\/ro\/#\/schema\/person\/8bb5b84d8e634ea763262c452a39b3f4"},"breadcrumb":{"@id":"https:\/\/elearning.upt.ro\/ro\/proiecte\/workshop-educatia-deschisa-si-impactul-digitalizarii\/#breadcrumb"},"inLanguage":"ro-RO","potentialAction":[{"@type":"ReadAction","target":["https:\/\/elearning.upt.ro\/ro\/proiecte\/workshop-educatia-deschisa-si-impactul-digitalizarii\/"]}]},{"@type":"ImageObject","inLanguage":"ro-RO","@id":"https:\/\/elearning.upt.ro\/ro\/proiecte\/workshop-educatia-deschisa-si-impactul-digitalizarii\/#primaryimage","url":"https:\/\/elearning.upt.ro\/wp-content\/uploads\/2019\/05\/Fotografii_Condrea_OEW-2019-32-of-113.jpg","contentUrl":"https:\/\/elearning.upt.ro\/wp-content\/uploads\/2019\/05\/Fotografii_Condrea_OEW-2019-32-of-113.jpg","width":5429,"height":3624},{"@type":"BreadcrumbList","@id":"https:\/\/elearning.upt.ro\/ro\/proiecte\/workshop-educatia-deschisa-si-impactul-digitalizarii\/#breadcrumb","itemListElement":[{"@type":"ListItem","position":1,"name":"Home","item":"https:\/\/elearning.upt.ro\/"},{"@type":"ListItem","position":2,"name":"Workshop Educa\u021bia deschis\u0103 \u0219i impactul digitaliz\u0103rii"}]},{"@type":"WebSite","@id":"https:\/\/elearning.upt.ro\/ro\/#website","url":"https:\/\/elearning.upt.ro\/ro\/","name":"Universitatea Politehnica Timi\u015foara Departamentul de ID\/IFR \u0219i Educa\u021bie Digital\u0103 \u2013 DeL","description":"","potentialAction":[{"@type":"SearchAction","target":{"@type":"EntryPoint","urlTemplate":"https:\/\/elearning.upt.ro\/ro\/?s={search_term_string}"},"query-input":{"@type":"PropertyValueSpecification","valueRequired":true,"valueName":"search_term_string"}}],"inLanguage":"ro-RO"},{"@type":"Person","@id":"https:\/\/elearning.upt.ro\/ro\/#\/schema\/person\/8bb5b84d8e634ea763262c452a39b3f4","name":"CeL","image":{"@type":"ImageObject","inLanguage":"ro-RO","@id":"https:\/\/secure.gravatar.com\/avatar\/9b67430c18ee40ef4a63a577131abb63a54ca1b5fbb5ec183bcc2003d846a51f?s=96&d=mm&r=g","url":"https:\/\/secure.gravatar.com\/avatar\/9b67430c18ee40ef4a63a577131abb63a54ca1b5fbb5ec183bcc2003d846a51f?s=96&d=mm&r=g","contentUrl":"https:\/\/secure.gravatar.com\/avatar\/9b67430c18ee40ef4a63a577131abb63a54ca1b5fbb5ec183bcc2003d846a51f?s=96&d=mm&r=g","caption":"CeL"},"url":"https:\/\/elearning.upt.ro\/ro\/author\/renateiovi\/"}]}},"_links":{"self":[{"href":"https:\/\/elearning.upt.ro\/ro\/wp-json\/wp\/v2\/posts\/5490","targetHints":{"allow":["GET"]}}],"collection":[{"href":"https:\/\/elearning.upt.ro\/ro\/wp-json\/wp\/v2\/posts"}],"about":[{"href":"https:\/\/elearning.upt.ro\/ro\/wp-json\/wp\/v2\/types\/post"}],"author":[{"embeddable":true,"href":"https:\/\/elearning.upt.ro\/ro\/wp-json\/wp\/v2\/users\/13"}],"replies":[{"embeddable":true,"href":"https:\/\/elearning.upt.ro\/ro\/wp-json\/wp\/v2\/comments?post=5490"}],"version-history":[{"count":30,"href":"https:\/\/elearning.upt.ro\/ro\/wp-json\/wp\/v2\/posts\/5490\/revisions"}],"predecessor-version":[{"id":8309,"href":"https:\/\/elearning.upt.ro\/ro\/wp-json\/wp\/v2\/posts\/5490\/revisions\/8309"}],"wp:featuredmedia":[{"embeddable":true,"href":"https:\/\/elearning.upt.ro\/ro\/wp-json\/wp\/v2\/media\/5485"}],"wp:attachment":[{"href":"https:\/\/elearning.upt.ro\/ro\/wp-json\/wp\/v2\/media?parent=5490"}],"wp:term":[{"taxonomy":"category","embeddable":true,"href":"https:\/\/elearning.upt.ro\/ro\/wp-json\/wp\/v2\/categories?post=5490"},{"taxonomy":"post_tag","embeddable":true,"href":"https:\/\/elearning.upt.ro\/ro\/wp-json\/wp\/v2\/tags?post=5490"}],"curies":[{"name":"wp","href":"https:\/\/api.w.org\/{rel}","templated":true}]}}