{"id":3797,"date":"2016-10-24T23:05:46","date_gmt":"2016-10-24T23:05:46","guid":{"rendered":"http:\/\/new.elearning.upt.ro\/?p=3797"},"modified":"2022-11-01T15:36:24","modified_gmt":"2022-11-01T13:36:24","slug":"competente-si-abilitati-digitale-in-cultura","status":"publish","type":"post","link":"https:\/\/elearning.upt.ro\/ro\/educatie\/noutati-educatie\/competente-si-abilitati-digitale-in-cultura\/","title":{"rendered":"Competen\u021be \u0219i abilit\u0103\u021bi digitale in Cultur\u0103"},"content":{"rendered":"<p style=\"text-align: left;\"><strong>Centrul de ID\/IFR si e-Learning \u2013 CEL\u00a0 \u00a0 \u00a0 \u00a0 \u00a0 \u00a0 \u00a0 \u00a0 \u00a0 \u00a0 \u00a0 \u00a0 \u00a0 \u00a0 \u00a0 \u00a0 \u00a0 \u00a0 \u00a0 \u00a0 \u00a0 \u00a0 \u00a0 \u00a0 \u00a0 \u00a0 \u00a0 \u00a0 \u00a0 \u00a0 \u00a0 \u00a0 Centrul Multimedia<\/strong><\/p>\n<h2 style=\"text-align: center;\"><span style=\"color: #800080;\"><strong>Workshop<\/strong><\/span><\/h2>\n<p style=\"text-align: center;\"><strong>Digital Skills and Competence in Culture <\/strong><\/p>\n<p style=\"text-align: center;\"><strong>Competen\u021be \u0219i abilit\u0103\u021bi digitale in Cultur\u0103 <\/strong><\/p>\n<p><strong>\u00a0<\/strong><\/p>\n<p style=\"text-align: center;\"><span style=\"color: #800080;\"><strong>Miercuri 9 noiembrie 2016 orele 15:00 &#8211; 18:30<\/strong><\/span><\/p>\n<p style=\"text-align: center;\"><strong>Amfiteatrul K1, etaj 1, Centrul de documentare si transfer tehnologic (Biblioteca UPT), Bul. Vasile Parvan No. 2B, Timisoara<\/strong><\/p>\n<p><strong>\u00a0<\/strong><\/p>\n<p>Ce reprezint\u0103 competen\u021bele digitale \u0219i ce sunt abilit\u0103\u021bile digitale? Cum se aplic\u0103 acestea in domeniul cultural?<\/p>\n<p>Cum se pot accesa, utiliza \u0219i integra diverse unelte online, mobile?<\/p>\n<p>Exemple practice de utilizare si integrare a Internet, WorldWideWeb, mobil, realitate augmentat\u0103, realitate virtual\u0103, open data \u2013 date deschise, de realizare de prezent\u0103ri interactive, de editare si prelucrare imagini \u0219i video online, de aplica\u021bii pentru muzic\u0103 \u0219i sunet, medii \u0219i re\u021bele sociale, de utilizarea resurselor web pentru promovare, marketing etc<\/p>\n<p>Cu 8 speakers de nivel international din SUA, Europa &#8211; Marea Britanie si Romania, workshopul se adreseaza tuturor actorilor din domeniul cultural, studen\u021bilor, profesorilor universitari, dar \u0219i celor din domenul turistic.<\/p>\n<p><strong>Participarea este liber<\/strong><strong>\u0103, prezent\u0103rile se vor desf\u0103\u0219ura in Rom\u00e2n\u0103 \u0219i Englez\u0103 \u0219i se va <\/strong><strong>elibera certificat de participare.<\/strong><\/p>\n<p><strong>Live streaming <span style=\"color: #3366ff;\"><a style=\"color: #3366ff;\" href=\"https:\/\/youtu.be\/QvRJCR8DEjs\">https:\/\/youtu.be\/QvRJCR8DEjs<\/a><\/span><\/strong><\/p>\n<p><em>Sus\u021bine #TM2021 \u2013 Timi\u0219oara 2021 Capital\u0103 Cultural\u0103 European\u0103<\/em><\/p>\n<p><strong>PROGRAM<\/strong><\/p>\n<p><strong>14:00 \u2013 15:00 \u00a0Webinar EDENLW\u00a0<\/strong><span style=\"color: #3366ff;\"><a style=\"color: #3366ff;\" href=\"http:\/\/www.eden-online.org\/eden_conference\/edlw-2016\/\">http:\/\/www.eden-online.org\/eden_conference\/edlw-2016\/<\/a><\/span><\/p>\n<p><strong>15:00 &#8211;\u00a0<\/strong><strong>Deschidere<br \/>\n<\/strong>Prof. Dr. Ing Radu Vasiu (Pre\u0219edinte Senat, Director Centrul Multimedia, Universitatea Politehnica Timisoara)<br \/>\nDr. Diana Andone (director CEL, Universitatea Politehnica Timisoara)<\/p>\n<p><strong>15:05 \u2013 15:20<\/strong><\/p>\n<p>Prof. Dr. Ing Radu Vasiu (CM, Universitatea Politehnica Timisoara)<\/p>\n<p>Competente si abilitati digitale &#8211; concepte si norme EU Tehnologii web 2.0 pentru cultura<\/p>\n<p><strong>15:20 \u2013 15:40<br \/>\n<\/strong>Dr. Carmen Simon (Reximedia)<br \/>\n<strong>Tehnici de prezentare &#8211; creating memorable content<\/strong><\/p>\n<p><strong>15:40 \u2013 16:10<br \/>\n<\/strong>Dr. Diana Andone (CEL, Universitatea Politehnica Timisoara)<strong><br \/>\nTehnologii web 2.0 pentru cultura<\/strong><\/p>\n<p><strong>16:10 \u2013 16:30<br \/>\n<\/strong>Echipa Asociatia Timisoara Capitala Culturala Europeana<br \/>\n<strong>Conceptul si programele Timisoara 2021<\/strong><\/p>\n<p><strong>16:30 \u2013 16:45<br \/>\n<\/strong>Dr. Sorina Jecza (Fundatia Triade)<br \/>\n<strong>Interferente intre cultura si lumea digitala<\/strong><\/p>\n<p><strong>16:45 \u2013 17:00<\/strong><br \/>\nPauza de cafea<\/p>\n<p><strong>17:00 \u2013 17:15<br \/>\n<\/strong>Prof. Dr. Ing Radu Vasiu (CM, Universitatea Politehnica Timisoara)<br \/>\n<strong>Date deschise in cultura<\/strong><\/p>\n<p><strong>17:15 \u2013 17:45<br \/>\n<\/strong>As.Dr.Ing. Silviu Vert (Universitatea Politehnica Timisoara)<br \/>\n<strong>Aplicatii mobile pentru cultura<br \/>\nRealitate virtuala si augmentata pentru cultura si turism<\/strong><\/p>\n<p><strong>17:45 \u2013 18:00<br \/>\n<\/strong>Dr. Diana Andone (CEL, Universitatea Politehnica Timisoara)<br \/>\n<strong>Unelte digitale online si mobile pentru management, marketing si comunicare<\/strong><\/p>\n<p><strong>18:00 \u2013 18:15<br \/>\n<\/strong>Conf.Dr.Ing. Mugur Mocofan (CM, Universitatea Politehnica Timisoara)<br \/>\n<strong>Tehnici de editare si prelucrare imagini si streaming video<\/strong><\/p>\n<p><strong>18:15 \u2013 18:30<br \/>\n<\/strong>Mark Frydenberg, Bentley University USA<br \/>\n<strong>Aplicatii web pentru turism si cultura<\/strong><\/p>\n<p>Informatii la <span style=\"color: #3366ff;\"><a style=\"color: #3366ff;\" href=\"http:\/\/elearning.upt.ro\/\">http:\/\/elearning.upt.ro\/<\/a><\/span>\u00a0si <span style=\"color: #3366ff;\"><a style=\"color: #3366ff;\" href=\"mailto:diana.andone@upt.ro\">diana.andone@upt.ro<\/a><\/span><\/p>\n<p><strong>Dr. Diana Andone<\/strong> este director al Centrului de e-Learning de la Universitatea Politehnica Timi\u0219oara, cu responsabilit\u0103\u021bi \u00een planificarea \u0219i implementarea \u00eenv\u0103\u021b\u0103m\u00e2ntului la distan\u021b\u0103 \u0219i a integr\u0103rii utiliz\u0103rii tehnologiilor educa\u021bionale online pentru toate formele de \u00eenv\u0103\u021b\u0103m\u00e2nt, prin Campusul Virtual al UPT \u2013 CVUPT. Dr. Andone este lector in tehnologii multimedia \u0219i web, cu o activitate de cercetare intens\u0103 la nivel interna\u021bional prin diverse proiecte cu finan\u021bare european\u0103 \u0219i multiple publica\u021bii. Pasionat\u0103 de utilizarea tehnologiilor \u00een via\u021ba de zi cu zi, Diana promoveaz\u0103 utilizarea resurselor deschise \u0219i MOOCs, dezvolt\u00e2nd UniCampus &#8211; cursuri online \u00een Rom\u00e2nia.<\/p>\n<p>Lista de publicatii cuprinde 9 c\u0103r\u021bi \u0219i 82 de lucr\u0103ri prezentate la conferin\u021be interna\u021bionale, ea fiind referent pentru 12 Conferin\u021be Interna\u021bionale, 4 reviste, 7 premii pentru cea mai buna lucrare, obtinute la diferite conferin\u021be \u0219i \u00eencep\u00e2nd cu anul 2010 este co-presedinte la WWW \/ Conferin\u021ba Interna\u021bional\u0103 IADIS pe Internet. In ultimii ani, a fost implicata in 21 de proiecte cu finantare europeana.<\/p>\n<p>\u00cen 2012, ea a primit titlul de membru EDEN (European Distance and E-Learning Network), iar \u00een 2014 a fost ales membru al Comitetului Executiv EDEN.<\/p>\n<p><strong>Dr. Radu Vasiu<\/strong> a finalizat studiile de master si doctorat in Inginerie Electronica si Telecomunicatii la Universaitatea Politehnica din Timisoara in 1982, respective, 1997. Momentan, este professor in cadrul facultatii de Electronica si Telecomunicatii la Universitatrea Politehnica din Timisoara. Ariile si domeniile sale de cercetare din ultimii ani au fost orientate spre \u2018open data\u201d, smart cities, aplicatii mobile, e-learning, multimedia si tehnologii web. Din 1993, a fost implicat in mai mult de 30 de proiecte internationale (Tempus, Phare, Socrates, Leonardo da Vinci, Life Long Learning, FP6, etc), in special in domeniul multimedia si e-learning, atat in calitate de coordinator, cat si in calitate de contractor.<\/p>\n<p>Din 2016 este Presedintele Senatului Universitatii Politehnica Timisoara si \u00a0este din 2004 Director al Centrului Multimedia.<\/p>\n<p>A avut calitatea de professor invitat in diferite universitati din Marea Britanie, Finlanda, Franta, Austria, Grecia si Olanda.<\/p>\n<p>In present, prof Vasiu este presedintele Asociatiei Internationale pentru e-Stiinta (IAFeS), care promoveaza la nivel international utilizarea ICT in stiinta si tehnologie.<\/p>\n<p>De asemenea, este membru al IEEE Computer Society and IEEE Communications Society, European Association for Telematics Applications (EATA), European Distance and E-learning Network (EDEN), International Association of Science and Technology Engineers for Development (IASTED), European Portal for Advanced Collaboration in E-learning (EuroPACE) si a Comisiei pentru integrarea europeana a Romaniei acaemice \u2013 filiala Timisoara.<\/p>\n<p><strong>As. Dr. Ing. Silviu Vert<\/strong> este asistent la Universitatea Politehnica din Timi\u0219oara si si-a finalizat studiile de doctorat explorand poten\u021bialul datelor deschise \u00een aplicatii de realitate augmentata. El este si dezvoltator pentru platforma de e-Learning a UPT \u2013 Campusul Virtual. Este implicat in mod activ in activitati de tip advocacy \u00a0in \u201copen government\u201d si la nivel local si national.<\/p>\n<p><strong>Dr. Carmen Simon<\/strong>, Rexi Media<\/p>\n<p>Carmen este un expert in neuro\u0219tiin\u021be cognitive \u0219i co-fondator al companiei Rexi Media, o companie care folose\u0219te brain science pentru a ajuta corpora\u021biile s\u0103 creeze mesaje memorabile. \u00a0Ea este \u0219i un autor de succes, cu numeroase publicatii si un keynote speaker frecvent al conferintelor din S.U.A., Canada, Europa si Asia. Ulitma ei carte \u00a0Impossible to Ignore: Create Memorable Content to Influence Decisions, a fost selectat\u0103 una dintre cele mai bune zece c\u0103r\u021bi ale anului in men\u021bion\u0103rile a diverse publica\u021bii de specialitate ca \u0219i Inc.com., Forbes \u0219i Fast Company. Fiind un om de \u0219tiint\u0103 experimentat in domeniul neurologiei, cu dou\u0103 doctorate \u00een tehnologii instruc\u021bionale \u0219i psihologia cognitiv\u0103, Dr. Simon a recurs la ultimele descoperiri din cercetarea neurologic\u0103, pentru a utiliza memoria \u00een influen\u021barea deciziilor.<\/p>\n<p><strong>Dr. Sorina Jecza<\/strong> are formatie umanist\u0103, fiind absolvent\u0103 a Facult\u0103\u0163ii de Filologie a Universit\u0103\u0163ii din Timi\u015foara (1975-1979), doctor \u00een Arte vizuale (2006). Cercet\u0103tor \u015ftiin\u0163ific la Institutul de Studii Banatice \u201cTitu Maiorescu\u201d al Academiei Rom\u00e2ne, Filiala Timi\u015foara (1990-2015).<\/p>\n<p>Director executiv \u015fi, \u00een prezent, pre\u015fedinte al Funda\u0163iei TRIADE din Timi\u015foara, a organizat \u00een aceast\u0103 calitate, peste 200 de expozi\u0163ii, a ini\u0163iat \u015fi coordonat numeroase proiecte finan\u0163ate de c\u0103tre Ministerul Culturii, Institutul Cultural Rom\u00e2n, Administra\u0163ia Fondului Cultural Na\u0163ional, Prim\u0103ria Timi\u015foara. De asemenea, ca editor, a \u00eengrijit \u015fi publicat, \u00a0sub egida Funda\u0163iei Interart Triade, peste 200 de volume: cataloage de art\u0103, albume, monografii, c\u0103r\u0163i de literatur\u0103, iar, \u00een calitate de autor sau coautor, a publicat, lucr\u0103ri de istorie literar\u0103 \u015fi plastic\u0103.<\/p>\n<p><strong>Mark Frydenberg<\/strong> este Senior Lecturer la Bentley University, un autor de succes din seria de c\u0103r\u021bi Cengage Learning. Interesele profesionale ale lui Mark includ utilizarea tehnologiilor in educa\u021bie. El este Directorul CIS Learning and Technology Sandbox (http:\/\/cis.bentley.edu\/sandbox) \u0219i este un speaker frecvent la conferin\u021be pe teme de utilizare a tehnologiilor web 2.0.<\/p>\n<p><img fetchpriority=\"high\" decoding=\"async\" class=\"alignnone size-medium wp-image-3800\" src=\"http:\/\/new.elearning.upt.ro\/wp-content\/uploads\/2018\/01\/Afish_workshop1-1-212x300.jpg\" alt=\"\" width=\"212\" height=\"300\" srcset=\"https:\/\/elearning.upt.ro\/wp-content\/uploads\/2018\/01\/Afish_workshop1-1-212x300.jpg 212w, https:\/\/elearning.upt.ro\/wp-content\/uploads\/2018\/01\/Afish_workshop1-1-600x849.jpg 600w, https:\/\/elearning.upt.ro\/wp-content\/uploads\/2018\/01\/Afish_workshop1-1.jpg 724w, https:\/\/elearning.upt.ro\/wp-content\/uploads\/2018\/01\/Afish_workshop1-1-255x361.jpg 255w\" sizes=\"(max-width: 212px) 100vw, 212px\" \/><\/p>\n<p><a href=\"http:\/\/new.elearning.upt.ro\/?cat=78\"><strong>&gt;&gt;Inapoi<\/strong><\/a><\/p>\n","protected":false},"excerpt":{"rendered":"<p>Centrul de ID\/IFR si e-Learning \u2013 CEL\u00a0 \u00a0 \u00a0 \u00a0 \u00a0 \u00a0 \u00a0 \u00a0 \u00a0 \u00a0 \u00a0 \u00a0 \u00a0 \u00a0 \u00a0 \u00a0 \u00a0 \u00a0 \u00a0 \u00a0 \u00a0 \u00a0 \u00a0 \u00a0 \u00a0 \u00a0 \u00a0 \u00a0 \u00a0 \u00a0 \u00a0 \u00a0 Centrul Multimedia Workshop Digital Skills and Competence in Culture Competen\u021be \u0219i abilit\u0103\u021bi digitale in Cultur\u0103 \u00a0 Miercuri [&hellip;]<\/p>\n","protected":false},"author":1,"featured_media":5056,"comment_status":"closed","ping_status":"open","sticky":false,"template":"","format":"standard","meta":{"footnotes":""},"categories":[251,77,78],"tags":[],"class_list":["post-3797","post","type-post","status-publish","format-standard","has-post-thumbnail","hentry","category-noutati","category-noutati-educatie","category-noutati-inovare"],"yoast_head":"<!-- This site is optimized with the Yoast SEO plugin v27.4 - https:\/\/yoast.com\/product\/yoast-seo-wordpress\/ -->\n<title>Competen\u021be \u0219i abilit\u0103\u021bi digitale in Cultur\u0103 - Universitatea Politehnica Timi\u015foara Departamentul de ID\/IFR \u0219i Educa\u021bie Digital\u0103 \u2013 DeL<\/title>\n<meta name=\"robots\" content=\"index, follow, max-snippet:-1, max-image-preview:large, max-video-preview:-1\" \/>\n<link rel=\"canonical\" href=\"https:\/\/elearning.upt.ro\/ro\/educatie\/noutati-educatie\/competente-si-abilitati-digitale-in-cultura\/\" \/>\n<meta property=\"og:locale\" content=\"ro_RO\" \/>\n<meta property=\"og:type\" content=\"article\" \/>\n<meta property=\"og:title\" content=\"Competen\u021be \u0219i abilit\u0103\u021bi digitale in Cultur\u0103 - Universitatea Politehnica Timi\u015foara Departamentul de ID\/IFR \u0219i Educa\u021bie Digital\u0103 \u2013 DeL\" \/>\n<meta property=\"og:description\" content=\"Centrul de ID\/IFR si e-Learning \u2013 CEL\u00a0 \u00a0 \u00a0 \u00a0 \u00a0 \u00a0 \u00a0 \u00a0 \u00a0 \u00a0 \u00a0 \u00a0 \u00a0 \u00a0 \u00a0 \u00a0 \u00a0 \u00a0 \u00a0 \u00a0 \u00a0 \u00a0 \u00a0 \u00a0 \u00a0 \u00a0 \u00a0 \u00a0 \u00a0 \u00a0 \u00a0 \u00a0 Centrul Multimedia Workshop Digital Skills and Competence in Culture Competen\u021be \u0219i abilit\u0103\u021bi digitale in Cultur\u0103 \u00a0 Miercuri [&hellip;]\" \/>\n<meta property=\"og:url\" content=\"https:\/\/elearning.upt.ro\/ro\/educatie\/noutati-educatie\/competente-si-abilitati-digitale-in-cultura\/\" \/>\n<meta property=\"og:site_name\" content=\"Universitatea Politehnica Timi\u015foara Departamentul de ID\/IFR \u0219i Educa\u021bie Digital\u0103 \u2013 DeL\" \/>\n<meta property=\"article:publisher\" content=\"https:\/\/www.facebook.com\/CIDUPT\/?ref=page_internal\" \/>\n<meta property=\"article:published_time\" content=\"2016-10-24T23:05:46+00:00\" \/>\n<meta property=\"article:modified_time\" content=\"2022-11-01T13:36:24+00:00\" \/>\n<meta property=\"og:image\" content=\"https:\/\/elearning.upt.ro\/wp-content\/uploads\/2019\/01\/LogoCeL20RO-1.jpg\" \/>\n\t<meta property=\"og:image:width\" content=\"282\" \/>\n\t<meta property=\"og:image:height\" content=\"174\" \/>\n\t<meta property=\"og:image:type\" content=\"image\/jpeg\" \/>\n<meta name=\"author\" content=\"CeL\" \/>\n<meta name=\"twitter:card\" content=\"summary_large_image\" \/>\n<meta name=\"twitter:label1\" content=\"Written by\" \/>\n\t<meta name=\"twitter:data1\" content=\"CeL\" \/>\n\t<meta name=\"twitter:label2\" content=\"Est. reading time\" \/>\n\t<meta name=\"twitter:data2\" content=\"6 minutes\" \/>\n<script type=\"application\/ld+json\" class=\"yoast-schema-graph\">{\"@context\":\"https:\\\/\\\/schema.org\",\"@graph\":[{\"@type\":\"Article\",\"@id\":\"https:\\\/\\\/elearning.upt.ro\\\/educatie\\\/noutati-educatie\\\/competente-si-abilitati-digitale-in-cultura\\\/#article\",\"isPartOf\":{\"@id\":\"https:\\\/\\\/elearning.upt.ro\\\/educatie\\\/noutati-educatie\\\/competente-si-abilitati-digitale-in-cultura\\\/\"},\"author\":{\"name\":\"CeL\",\"@id\":\"https:\\\/\\\/elearning.upt.ro\\\/ro\\\/#\\\/schema\\\/person\\\/48f227619c4c2c3f9a40143da0fa1316\"},\"headline\":\"Competen\u021be \u0219i abilit\u0103\u021bi digitale in Cultur\u0103\",\"datePublished\":\"2016-10-24T23:05:46+00:00\",\"dateModified\":\"2022-11-01T13:36:24+00:00\",\"mainEntityOfPage\":{\"@id\":\"https:\\\/\\\/elearning.upt.ro\\\/educatie\\\/noutati-educatie\\\/competente-si-abilitati-digitale-in-cultura\\\/\"},\"wordCount\":1197,\"image\":{\"@id\":\"https:\\\/\\\/elearning.upt.ro\\\/educatie\\\/noutati-educatie\\\/competente-si-abilitati-digitale-in-cultura\\\/#primaryimage\"},\"thumbnailUrl\":\"https:\\\/\\\/elearning.upt.ro\\\/wp-content\\\/uploads\\\/2019\\\/01\\\/LogoCeL20RO-1.jpg\",\"articleSection\":[\"Noutati\",\"Noutati Educatie\",\"Noutati Inovare\"],\"inLanguage\":\"ro-RO\"},{\"@type\":\"WebPage\",\"@id\":\"https:\\\/\\\/elearning.upt.ro\\\/educatie\\\/noutati-educatie\\\/competente-si-abilitati-digitale-in-cultura\\\/\",\"url\":\"https:\\\/\\\/elearning.upt.ro\\\/educatie\\\/noutati-educatie\\\/competente-si-abilitati-digitale-in-cultura\\\/\",\"name\":\"Competen\u021be \u0219i abilit\u0103\u021bi digitale in Cultur\u0103 - Universitatea Politehnica Timi\u015foara Departamentul de ID\\\/IFR \u0219i Educa\u021bie Digital\u0103 \u2013 DeL\",\"isPartOf\":{\"@id\":\"https:\\\/\\\/elearning.upt.ro\\\/ro\\\/#website\"},\"primaryImageOfPage\":{\"@id\":\"https:\\\/\\\/elearning.upt.ro\\\/educatie\\\/noutati-educatie\\\/competente-si-abilitati-digitale-in-cultura\\\/#primaryimage\"},\"image\":{\"@id\":\"https:\\\/\\\/elearning.upt.ro\\\/educatie\\\/noutati-educatie\\\/competente-si-abilitati-digitale-in-cultura\\\/#primaryimage\"},\"thumbnailUrl\":\"https:\\\/\\\/elearning.upt.ro\\\/wp-content\\\/uploads\\\/2019\\\/01\\\/LogoCeL20RO-1.jpg\",\"datePublished\":\"2016-10-24T23:05:46+00:00\",\"dateModified\":\"2022-11-01T13:36:24+00:00\",\"author\":{\"@id\":\"https:\\\/\\\/elearning.upt.ro\\\/ro\\\/#\\\/schema\\\/person\\\/48f227619c4c2c3f9a40143da0fa1316\"},\"breadcrumb\":{\"@id\":\"https:\\\/\\\/elearning.upt.ro\\\/educatie\\\/noutati-educatie\\\/competente-si-abilitati-digitale-in-cultura\\\/#breadcrumb\"},\"inLanguage\":\"ro-RO\",\"potentialAction\":[{\"@type\":\"ReadAction\",\"target\":[\"https:\\\/\\\/elearning.upt.ro\\\/educatie\\\/noutati-educatie\\\/competente-si-abilitati-digitale-in-cultura\\\/\"]}]},{\"@type\":\"ImageObject\",\"inLanguage\":\"ro-RO\",\"@id\":\"https:\\\/\\\/elearning.upt.ro\\\/educatie\\\/noutati-educatie\\\/competente-si-abilitati-digitale-in-cultura\\\/#primaryimage\",\"url\":\"https:\\\/\\\/elearning.upt.ro\\\/wp-content\\\/uploads\\\/2019\\\/01\\\/LogoCeL20RO-1.jpg\",\"contentUrl\":\"https:\\\/\\\/elearning.upt.ro\\\/wp-content\\\/uploads\\\/2019\\\/01\\\/LogoCeL20RO-1.jpg\",\"width\":282,\"height\":174},{\"@type\":\"BreadcrumbList\",\"@id\":\"https:\\\/\\\/elearning.upt.ro\\\/educatie\\\/noutati-educatie\\\/competente-si-abilitati-digitale-in-cultura\\\/#breadcrumb\",\"itemListElement\":[{\"@type\":\"ListItem\",\"position\":1,\"name\":\"Home\",\"item\":\"https:\\\/\\\/elearning.upt.ro\\\/\"},{\"@type\":\"ListItem\",\"position\":2,\"name\":\"Competen\u021be \u0219i abilit\u0103\u021bi digitale in Cultur\u0103\"}]},{\"@type\":\"WebSite\",\"@id\":\"https:\\\/\\\/elearning.upt.ro\\\/ro\\\/#website\",\"url\":\"https:\\\/\\\/elearning.upt.ro\\\/ro\\\/\",\"name\":\"Universitatea Politehnica Timi\u015foara Departamentul de ID\\\/IFR \u0219i Educa\u021bie Digital\u0103 \u2013 DeL\",\"description\":\"\",\"potentialAction\":[{\"@type\":\"SearchAction\",\"target\":{\"@type\":\"EntryPoint\",\"urlTemplate\":\"https:\\\/\\\/elearning.upt.ro\\\/ro\\\/?s={search_term_string}\"},\"query-input\":{\"@type\":\"PropertyValueSpecification\",\"valueRequired\":true,\"valueName\":\"search_term_string\"}}],\"inLanguage\":\"ro-RO\"},{\"@type\":\"Person\",\"@id\":\"https:\\\/\\\/elearning.upt.ro\\\/ro\\\/#\\\/schema\\\/person\\\/48f227619c4c2c3f9a40143da0fa1316\",\"name\":\"CeL\",\"image\":{\"@type\":\"ImageObject\",\"inLanguage\":\"ro-RO\",\"@id\":\"https:\\\/\\\/secure.gravatar.com\\\/avatar\\\/f32c49254ecbb28577806521f9f0df6400a1240957a45612ab56ced288a1c583?s=96&d=mm&r=g\",\"url\":\"https:\\\/\\\/secure.gravatar.com\\\/avatar\\\/f32c49254ecbb28577806521f9f0df6400a1240957a45612ab56ced288a1c583?s=96&d=mm&r=g\",\"contentUrl\":\"https:\\\/\\\/secure.gravatar.com\\\/avatar\\\/f32c49254ecbb28577806521f9f0df6400a1240957a45612ab56ced288a1c583?s=96&d=mm&r=g\",\"caption\":\"CeL\"},\"url\":\"https:\\\/\\\/elearning.upt.ro\\\/ro\\\/author\\\/silviuvert\\\/\"}]}<\/script>\n<!-- \/ Yoast SEO plugin. -->","yoast_head_json":{"title":"Competen\u021be \u0219i abilit\u0103\u021bi digitale in Cultur\u0103 - Universitatea Politehnica Timi\u015foara Departamentul de ID\/IFR \u0219i Educa\u021bie Digital\u0103 \u2013 DeL","robots":{"index":"index","follow":"follow","max-snippet":"max-snippet:-1","max-image-preview":"max-image-preview:large","max-video-preview":"max-video-preview:-1"},"canonical":"https:\/\/elearning.upt.ro\/ro\/educatie\/noutati-educatie\/competente-si-abilitati-digitale-in-cultura\/","og_locale":"ro_RO","og_type":"article","og_title":"Competen\u021be \u0219i abilit\u0103\u021bi digitale in Cultur\u0103 - Universitatea Politehnica Timi\u015foara Departamentul de ID\/IFR \u0219i Educa\u021bie Digital\u0103 \u2013 DeL","og_description":"Centrul de ID\/IFR si e-Learning \u2013 CEL\u00a0 \u00a0 \u00a0 \u00a0 \u00a0 \u00a0 \u00a0 \u00a0 \u00a0 \u00a0 \u00a0 \u00a0 \u00a0 \u00a0 \u00a0 \u00a0 \u00a0 \u00a0 \u00a0 \u00a0 \u00a0 \u00a0 \u00a0 \u00a0 \u00a0 \u00a0 \u00a0 \u00a0 \u00a0 \u00a0 \u00a0 \u00a0 Centrul Multimedia Workshop Digital Skills and Competence in Culture Competen\u021be \u0219i abilit\u0103\u021bi digitale in Cultur\u0103 \u00a0 Miercuri [&hellip;]","og_url":"https:\/\/elearning.upt.ro\/ro\/educatie\/noutati-educatie\/competente-si-abilitati-digitale-in-cultura\/","og_site_name":"Universitatea Politehnica Timi\u015foara Departamentul de ID\/IFR \u0219i Educa\u021bie Digital\u0103 \u2013 DeL","article_publisher":"https:\/\/www.facebook.com\/CIDUPT\/?ref=page_internal","article_published_time":"2016-10-24T23:05:46+00:00","article_modified_time":"2022-11-01T13:36:24+00:00","og_image":[{"width":282,"height":174,"url":"https:\/\/elearning.upt.ro\/wp-content\/uploads\/2019\/01\/LogoCeL20RO-1.jpg","type":"image\/jpeg"}],"author":"CeL","twitter_card":"summary_large_image","twitter_misc":{"Written by":"CeL","Est. reading time":"6 minutes"},"schema":{"@context":"https:\/\/schema.org","@graph":[{"@type":"Article","@id":"https:\/\/elearning.upt.ro\/educatie\/noutati-educatie\/competente-si-abilitati-digitale-in-cultura\/#article","isPartOf":{"@id":"https:\/\/elearning.upt.ro\/educatie\/noutati-educatie\/competente-si-abilitati-digitale-in-cultura\/"},"author":{"name":"CeL","@id":"https:\/\/elearning.upt.ro\/ro\/#\/schema\/person\/48f227619c4c2c3f9a40143da0fa1316"},"headline":"Competen\u021be \u0219i abilit\u0103\u021bi digitale in Cultur\u0103","datePublished":"2016-10-24T23:05:46+00:00","dateModified":"2022-11-01T13:36:24+00:00","mainEntityOfPage":{"@id":"https:\/\/elearning.upt.ro\/educatie\/noutati-educatie\/competente-si-abilitati-digitale-in-cultura\/"},"wordCount":1197,"image":{"@id":"https:\/\/elearning.upt.ro\/educatie\/noutati-educatie\/competente-si-abilitati-digitale-in-cultura\/#primaryimage"},"thumbnailUrl":"https:\/\/elearning.upt.ro\/wp-content\/uploads\/2019\/01\/LogoCeL20RO-1.jpg","articleSection":["Noutati","Noutati Educatie","Noutati Inovare"],"inLanguage":"ro-RO"},{"@type":"WebPage","@id":"https:\/\/elearning.upt.ro\/educatie\/noutati-educatie\/competente-si-abilitati-digitale-in-cultura\/","url":"https:\/\/elearning.upt.ro\/educatie\/noutati-educatie\/competente-si-abilitati-digitale-in-cultura\/","name":"Competen\u021be \u0219i abilit\u0103\u021bi digitale in Cultur\u0103 - Universitatea Politehnica Timi\u015foara Departamentul de ID\/IFR \u0219i Educa\u021bie Digital\u0103 \u2013 DeL","isPartOf":{"@id":"https:\/\/elearning.upt.ro\/ro\/#website"},"primaryImageOfPage":{"@id":"https:\/\/elearning.upt.ro\/educatie\/noutati-educatie\/competente-si-abilitati-digitale-in-cultura\/#primaryimage"},"image":{"@id":"https:\/\/elearning.upt.ro\/educatie\/noutati-educatie\/competente-si-abilitati-digitale-in-cultura\/#primaryimage"},"thumbnailUrl":"https:\/\/elearning.upt.ro\/wp-content\/uploads\/2019\/01\/LogoCeL20RO-1.jpg","datePublished":"2016-10-24T23:05:46+00:00","dateModified":"2022-11-01T13:36:24+00:00","author":{"@id":"https:\/\/elearning.upt.ro\/ro\/#\/schema\/person\/48f227619c4c2c3f9a40143da0fa1316"},"breadcrumb":{"@id":"https:\/\/elearning.upt.ro\/educatie\/noutati-educatie\/competente-si-abilitati-digitale-in-cultura\/#breadcrumb"},"inLanguage":"ro-RO","potentialAction":[{"@type":"ReadAction","target":["https:\/\/elearning.upt.ro\/educatie\/noutati-educatie\/competente-si-abilitati-digitale-in-cultura\/"]}]},{"@type":"ImageObject","inLanguage":"ro-RO","@id":"https:\/\/elearning.upt.ro\/educatie\/noutati-educatie\/competente-si-abilitati-digitale-in-cultura\/#primaryimage","url":"https:\/\/elearning.upt.ro\/wp-content\/uploads\/2019\/01\/LogoCeL20RO-1.jpg","contentUrl":"https:\/\/elearning.upt.ro\/wp-content\/uploads\/2019\/01\/LogoCeL20RO-1.jpg","width":282,"height":174},{"@type":"BreadcrumbList","@id":"https:\/\/elearning.upt.ro\/educatie\/noutati-educatie\/competente-si-abilitati-digitale-in-cultura\/#breadcrumb","itemListElement":[{"@type":"ListItem","position":1,"name":"Home","item":"https:\/\/elearning.upt.ro\/"},{"@type":"ListItem","position":2,"name":"Competen\u021be \u0219i abilit\u0103\u021bi digitale in Cultur\u0103"}]},{"@type":"WebSite","@id":"https:\/\/elearning.upt.ro\/ro\/#website","url":"https:\/\/elearning.upt.ro\/ro\/","name":"Universitatea Politehnica Timi\u015foara Departamentul de ID\/IFR \u0219i Educa\u021bie Digital\u0103 \u2013 DeL","description":"","potentialAction":[{"@type":"SearchAction","target":{"@type":"EntryPoint","urlTemplate":"https:\/\/elearning.upt.ro\/ro\/?s={search_term_string}"},"query-input":{"@type":"PropertyValueSpecification","valueRequired":true,"valueName":"search_term_string"}}],"inLanguage":"ro-RO"},{"@type":"Person","@id":"https:\/\/elearning.upt.ro\/ro\/#\/schema\/person\/48f227619c4c2c3f9a40143da0fa1316","name":"CeL","image":{"@type":"ImageObject","inLanguage":"ro-RO","@id":"https:\/\/secure.gravatar.com\/avatar\/f32c49254ecbb28577806521f9f0df6400a1240957a45612ab56ced288a1c583?s=96&d=mm&r=g","url":"https:\/\/secure.gravatar.com\/avatar\/f32c49254ecbb28577806521f9f0df6400a1240957a45612ab56ced288a1c583?s=96&d=mm&r=g","contentUrl":"https:\/\/secure.gravatar.com\/avatar\/f32c49254ecbb28577806521f9f0df6400a1240957a45612ab56ced288a1c583?s=96&d=mm&r=g","caption":"CeL"},"url":"https:\/\/elearning.upt.ro\/ro\/author\/silviuvert\/"}]}},"_links":{"self":[{"href":"https:\/\/elearning.upt.ro\/ro\/wp-json\/wp\/v2\/posts\/3797","targetHints":{"allow":["GET"]}}],"collection":[{"href":"https:\/\/elearning.upt.ro\/ro\/wp-json\/wp\/v2\/posts"}],"about":[{"href":"https:\/\/elearning.upt.ro\/ro\/wp-json\/wp\/v2\/types\/post"}],"author":[{"embeddable":true,"href":"https:\/\/elearning.upt.ro\/ro\/wp-json\/wp\/v2\/users\/1"}],"replies":[{"embeddable":true,"href":"https:\/\/elearning.upt.ro\/ro\/wp-json\/wp\/v2\/comments?post=3797"}],"version-history":[{"count":8,"href":"https:\/\/elearning.upt.ro\/ro\/wp-json\/wp\/v2\/posts\/3797\/revisions"}],"predecessor-version":[{"id":23359,"href":"https:\/\/elearning.upt.ro\/ro\/wp-json\/wp\/v2\/posts\/3797\/revisions\/23359"}],"wp:featuredmedia":[{"embeddable":true,"href":"https:\/\/elearning.upt.ro\/ro\/wp-json\/wp\/v2\/media\/5056"}],"wp:attachment":[{"href":"https:\/\/elearning.upt.ro\/ro\/wp-json\/wp\/v2\/media?parent=3797"}],"wp:term":[{"taxonomy":"category","embeddable":true,"href":"https:\/\/elearning.upt.ro\/ro\/wp-json\/wp\/v2\/categories?post=3797"},{"taxonomy":"post_tag","embeddable":true,"href":"https:\/\/elearning.upt.ro\/ro\/wp-json\/wp\/v2\/tags?post=3797"}],"curies":[{"name":"wp","href":"https:\/\/api.w.org\/{rel}","templated":true}]}}