{"id":29917,"date":"2025-12-11T13:41:17","date_gmt":"2025-12-11T11:41:17","guid":{"rendered":"https:\/\/elearning.upt.ro\/?p=29917"},"modified":"2025-12-12T09:25:14","modified_gmt":"2025-12-12T07:25:14","slug":"silviu-vert-si-andrei-ternauciuc-echipa-del-distinsi-la-gala-premiilor-de-excelenta-upt-2025","status":"publish","type":"post","link":"https:\/\/elearning.upt.ro\/ro\/comunitate\/noutati-comunitate\/silviu-vert-si-andrei-ternauciuc-echipa-del-distinsi-la-gala-premiilor-de-excelenta-upt-2025\/","title":{"rendered":"Silviu Vert \u0219i Andrei Ternauciuc &#8211; echipa DeL, distin\u0219i la Gala Premiilor de Excelen\u021b\u0103 UPT 2025"},"content":{"rendered":"\t\t<div data-elementor-type=\"wp-post\" data-elementor-id=\"29917\" class=\"elementor elementor-29917\">\n\t\t\t\t\t\t<section class=\"elementor-section elementor-top-section elementor-element elementor-element-0be0208 elementor-section-boxed elementor-section-height-default elementor-section-height-default\" data-id=\"0be0208\" data-element_type=\"section\" data-e-type=\"section\">\n\t\t\t\t\t\t<div class=\"elementor-container elementor-column-gap-default\">\n\t\t\t\t\t<div class=\"elementor-column elementor-col-100 elementor-top-column elementor-element elementor-element-a0ab596\" data-id=\"a0ab596\" data-element_type=\"column\" data-e-type=\"column\">\n\t\t\t<div class=\"elementor-widget-wrap elementor-element-populated\">\n\t\t\t\t\t\t<div class=\"elementor-element elementor-element-85c384f elementor-widget elementor-widget-text-editor\" data-id=\"85c384f\" data-element_type=\"widget\" data-e-type=\"widget\" data-widget_type=\"text-editor.default\">\n\t\t\t\t<div class=\"elementor-widget-container\">\n\t\t\t\t\t\t\t\t\t<p>Dubl\u0103 celebrare a inova\u021biei \u00een echipa Departamentului de ID\/IFR \u0219i Educa\u021bie digital\u0103: colegii no\u0219tri, conf.dr.ing. <strong>Silviu Vert<\/strong> \u0219i \u0219.l.dr.ing. <strong>Andrei Ternauciuc<\/strong> au fost distin\u0219i la <strong>Gala Premiilor de Excelen\u021b\u0103 UPT 2025. <span style=\"font-weight: 400;\">Evenimentul, dedicat recunoa\u0219terii celor care duc mai departe misiunea UPT, a onorat contribu\u021biile aduse de colegii no\u0219tri \u00een\u00a0 digitalizare \u0219i interna\u021bionalizare, prin proiectul Alian\u021bei Universitare E\u00b3UDRES\u00b2.<\/span><\/strong><\/p>\t\t\t\t\t\t\t\t<\/div>\n\t\t\t\t<\/div>\n\t\t\t\t\t<\/div>\n\t\t<\/div>\n\t\t\t\t\t<\/div>\n\t\t<\/section>\n\t\t\t\t<section class=\"elementor-section elementor-top-section elementor-element elementor-element-b2cf087 elementor-section-boxed elementor-section-height-default elementor-section-height-default\" data-id=\"b2cf087\" data-element_type=\"section\" data-e-type=\"section\">\n\t\t\t\t\t\t<div class=\"elementor-container elementor-column-gap-default\">\n\t\t\t\t\t<div class=\"elementor-column elementor-col-100 elementor-top-column elementor-element elementor-element-2eb5f5a\" data-id=\"2eb5f5a\" data-element_type=\"column\" data-e-type=\"column\">\n\t\t\t<div class=\"elementor-widget-wrap elementor-element-populated\">\n\t\t\t\t\t\t<section class=\"elementor-section elementor-inner-section elementor-element elementor-element-fe1fc2d elementor-section-boxed elementor-section-height-default elementor-section-height-default\" data-id=\"fe1fc2d\" data-element_type=\"section\" data-e-type=\"section\">\n\t\t\t\t\t\t<div class=\"elementor-container elementor-column-gap-default\">\n\t\t\t\t\t<div class=\"elementor-column elementor-col-50 elementor-inner-column elementor-element elementor-element-ba1a57f\" data-id=\"ba1a57f\" data-element_type=\"column\" data-e-type=\"column\">\n\t\t\t<div class=\"elementor-widget-wrap elementor-element-populated\">\n\t\t\t\t\t\t<div class=\"elementor-element elementor-element-78575fe elementor-widget elementor-widget-image\" data-id=\"78575fe\" data-element_type=\"widget\" data-e-type=\"widget\" data-widget_type=\"image.default\">\n\t\t\t\t<div class=\"elementor-widget-container\">\n\t\t\t\t\t\t\t\t\t\t\t\t\t\t\t<img fetchpriority=\"high\" decoding=\"async\" width=\"782\" height=\"1024\" src=\"https:\/\/elearning.upt.ro\/wp-content\/uploads\/2025\/12\/IMG_0122-782x1024.jpeg\" class=\"attachment-large size-large wp-image-29924\" alt=\"\" srcset=\"https:\/\/elearning.upt.ro\/wp-content\/uploads\/2025\/12\/IMG_0122-782x1024.jpeg 782w, https:\/\/elearning.upt.ro\/wp-content\/uploads\/2025\/12\/IMG_0122-229x300.jpeg 229w, https:\/\/elearning.upt.ro\/wp-content\/uploads\/2025\/12\/IMG_0122-768x1005.jpeg 768w, https:\/\/elearning.upt.ro\/wp-content\/uploads\/2025\/12\/IMG_0122-1174x1536.jpeg 1174w, https:\/\/elearning.upt.ro\/wp-content\/uploads\/2025\/12\/IMG_0122-1565x2048.jpeg 1565w, https:\/\/elearning.upt.ro\/wp-content\/uploads\/2025\/12\/IMG_0122-9x12.jpeg 9w, https:\/\/elearning.upt.ro\/wp-content\/uploads\/2025\/12\/IMG_0122-255x334.jpeg 255w, https:\/\/elearning.upt.ro\/wp-content\/uploads\/2025\/12\/IMG_0122-scaled.jpeg 1956w\" sizes=\"(max-width: 782px) 100vw, 782px\" \/>\t\t\t\t\t\t\t\t\t\t\t\t\t\t\t<\/div>\n\t\t\t\t<\/div>\n\t\t\t\t\t<\/div>\n\t\t<\/div>\n\t\t\t\t<div class=\"elementor-column elementor-col-50 elementor-inner-column elementor-element elementor-element-f089cab\" data-id=\"f089cab\" data-element_type=\"column\" data-e-type=\"column\">\n\t\t\t<div class=\"elementor-widget-wrap elementor-element-populated\">\n\t\t\t\t\t\t<div class=\"elementor-element elementor-element-72fe072 elementor-widget elementor-widget-image\" data-id=\"72fe072\" data-element_type=\"widget\" data-e-type=\"widget\" data-widget_type=\"image.default\">\n\t\t\t\t<div class=\"elementor-widget-container\">\n\t\t\t\t\t\t\t\t\t\t\t\t\t\t\t<img decoding=\"async\" width=\"789\" height=\"1024\" src=\"https:\/\/elearning.upt.ro\/wp-content\/uploads\/2025\/12\/IMG_0115-789x1024.jpeg\" class=\"attachment-large size-large wp-image-29918\" alt=\"\" srcset=\"https:\/\/elearning.upt.ro\/wp-content\/uploads\/2025\/12\/IMG_0115-789x1024.jpeg 789w, https:\/\/elearning.upt.ro\/wp-content\/uploads\/2025\/12\/IMG_0115-231x300.jpeg 231w, https:\/\/elearning.upt.ro\/wp-content\/uploads\/2025\/12\/IMG_0115-768x996.jpeg 768w, https:\/\/elearning.upt.ro\/wp-content\/uploads\/2025\/12\/IMG_0115-1184x1536.jpeg 1184w, https:\/\/elearning.upt.ro\/wp-content\/uploads\/2025\/12\/IMG_0115-1579x2048.jpeg 1579w, https:\/\/elearning.upt.ro\/wp-content\/uploads\/2025\/12\/IMG_0115-9x12.jpeg 9w, https:\/\/elearning.upt.ro\/wp-content\/uploads\/2025\/12\/IMG_0115-255x331.jpeg 255w, https:\/\/elearning.upt.ro\/wp-content\/uploads\/2025\/12\/IMG_0115-scaled.jpeg 1973w\" sizes=\"(max-width: 789px) 100vw, 789px\" \/>\t\t\t\t\t\t\t\t\t\t\t\t\t\t\t<\/div>\n\t\t\t\t<\/div>\n\t\t\t\t\t<\/div>\n\t\t<\/div>\n\t\t\t\t\t<\/div>\n\t\t<\/section>\n\t\t\t\t\t<\/div>\n\t\t<\/div>\n\t\t\t\t\t<\/div>\n\t\t<\/section>\n\t\t\t\t<section class=\"elementor-section elementor-top-section elementor-element elementor-element-053ae89 elementor-section-boxed elementor-section-height-default elementor-section-height-default\" data-id=\"053ae89\" data-element_type=\"section\" data-e-type=\"section\">\n\t\t\t\t\t\t<div class=\"elementor-container elementor-column-gap-default\">\n\t\t\t\t\t<div class=\"elementor-column elementor-col-100 elementor-top-column elementor-element elementor-element-cea88d6\" data-id=\"cea88d6\" data-element_type=\"column\" data-e-type=\"column\">\n\t\t\t<div class=\"elementor-widget-wrap elementor-element-populated\">\n\t\t\t\t\t\t<div class=\"elementor-element elementor-element-3e6065a elementor-widget elementor-widget-heading\" data-id=\"3e6065a\" data-element_type=\"widget\" data-e-type=\"widget\" data-widget_type=\"heading.default\">\n\t\t\t\t<div class=\"elementor-widget-container\">\n\t\t\t\t\t<h2 class=\"elementor-heading-title elementor-size-default\">Silviu Vert \u2013 Premiul pentru Digitalizare<\/h2>\t\t\t\t<\/div>\n\t\t\t\t<\/div>\n\t\t\t\t\t<\/div>\n\t\t<\/div>\n\t\t\t\t\t<\/div>\n\t\t<\/section>\n\t\t\t\t<section class=\"elementor-section elementor-top-section elementor-element elementor-element-84f54b3 elementor-section-boxed elementor-section-height-default elementor-section-height-default\" data-id=\"84f54b3\" data-element_type=\"section\" data-e-type=\"section\">\n\t\t\t\t\t\t<div class=\"elementor-container elementor-column-gap-default\">\n\t\t\t\t\t<div class=\"elementor-column elementor-col-100 elementor-top-column elementor-element elementor-element-cc5f09c\" data-id=\"cc5f09c\" data-element_type=\"column\" data-e-type=\"column\">\n\t\t\t<div class=\"elementor-widget-wrap elementor-element-populated\">\n\t\t\t\t\t\t<div class=\"elementor-element elementor-element-427559d elementor-widget elementor-widget-text-editor\" data-id=\"427559d\" data-element_type=\"widget\" data-e-type=\"widget\" data-widget_type=\"text-editor.default\">\n\t\t\t\t<div class=\"elementor-widget-container\">\n\t\t\t\t\t\t\t\t\t<p><span style=\"font-weight: 400;\">Colegul nostru, conf.dr.ing. <\/span><b>Silviu Vert<\/b><span style=\"font-weight: 400;\">, a fost distins cu <\/span><b>Premiul pentru Excelen\u021b\u0103 \u00een Digitalizare<\/b><span style=\"font-weight: 400;\">, distinc\u021bie \u00eenm\u00e2nat\u0103 de pre\u0219edintele Senatului UPT conf.univ.dr.\u00a0 <\/span><b>Liviu Cadariu<\/b><span style=\"font-weight: 400;\">. Premiul recompenseaz\u0103 efortul complex depus \u00een coordonarea echipei care a creat noul ecosistem digital al universit\u0103\u021bi viitorul site web al universit\u0103\u021bii.<\/span><\/p><p><span style=\"font-weight: 400;\">\u201e<em>Vom acorda premiul pentru digitalizare unui t\u00e2n\u0103r coleg de la facultatea de Electronic\u0103, Telecomunica\u021bii \u0219i Tehnologii Informa\u021bionale, pasionat de tehnologie, care s-a str\u0103duit \u00een ultimul an \u0219i jum\u0103tate s\u0103 fie al\u0103turi de noi, s\u0103 coordoneze\u00a0 o echip\u0103 mixt\u0103, format\u0103 din reprezentan\u021bi ai companiilor, iar pe de alt\u0103 parte, din stakeholderii din universitate &#8211; o echip\u0103 care a contribuit (&#8230;) la realizarea a ceea ce se nume\u0219te noul site sau noul ecosistem al Universit\u0103\u021bii Politehnica Timi\u0219oara<\/em>\u201d a men\u021bionat conf. univ.dr.<\/span><b> Liviu Cadariu <\/b><span style=\"font-weight: 400;\">\u00a0\u00een discursul s\u0103u de acordare a premiului.<\/span><\/p><p><span style=\"font-weight: 400;\">\u00cen discursul s\u0103u de acceptare, conf. dr. ing. <\/span><b>Silviu Vert<\/b><span style=\"font-weight: 400;\"> a subliniat viziunea din spatele proiectului \u00een discursul s\u0103u \u0219i a adresat o serie de mul\u021bumiri echipei cu care a colaborat, precum \u0219i mentorilor s\u0103i din parcursul profesional:<\/span><\/p>\t\t\t\t\t\t\t\t<\/div>\n\t\t\t\t<\/div>\n\t\t\t\t\t<\/div>\n\t\t<\/div>\n\t\t\t\t\t<\/div>\n\t\t<\/section>\n\t\t\t\t<section class=\"elementor-section elementor-top-section elementor-element elementor-element-e192fa4 elementor-section-boxed elementor-section-height-default elementor-section-height-default\" data-id=\"e192fa4\" data-element_type=\"section\" data-e-type=\"section\">\n\t\t\t\t\t\t<div class=\"elementor-container elementor-column-gap-default\">\n\t\t\t\t\t<div class=\"elementor-column elementor-col-100 elementor-top-column elementor-element elementor-element-a2080f9\" data-id=\"a2080f9\" data-element_type=\"column\" data-e-type=\"column\">\n\t\t\t<div class=\"elementor-widget-wrap elementor-element-populated\">\n\t\t\t\t\t\t<section class=\"elementor-section elementor-inner-section elementor-element elementor-element-9d7e5fe elementor-section-boxed elementor-section-height-default elementor-section-height-default\" data-id=\"9d7e5fe\" data-element_type=\"section\" data-e-type=\"section\">\n\t\t\t\t\t\t<div class=\"elementor-container elementor-column-gap-default\">\n\t\t\t\t\t<div class=\"elementor-column elementor-col-50 elementor-inner-column elementor-element elementor-element-9137ab8\" data-id=\"9137ab8\" data-element_type=\"column\" data-e-type=\"column\">\n\t\t\t<div class=\"elementor-widget-wrap elementor-element-populated\">\n\t\t\t\t\t\t<div class=\"elementor-element elementor-element-97ab083 elementor-widget elementor-widget-text-editor\" data-id=\"97ab083\" data-element_type=\"widget\" data-e-type=\"widget\" data-widget_type=\"text-editor.default\">\n\t\t\t\t<div class=\"elementor-widget-container\">\n\t\t\t\t\t\t\t\t\t<p><span style=\"font-weight: 400;\">\u201e<strong><em>Acest premiu m\u0103 onoreaz\u0103 foarte mult. Ce am dorit (&#8230;) s\u0103 ob\u021binem un ecosistem digital coerent, conectat \u0219i accesibil, a\u0219a cum o universitate cu tradi\u021bie \u0219i cu activit\u0103\u021bile moderne \u0219i de impact ale universit\u0103\u021bii politehnica ar trebui s\u0103 aib\u0103. (&#8230;) R\u0103m\u00e2n profund \u00eendatorat profesorilor Radu Vasiu \u0219i Diana Andone pentru faptul c\u0103 mi-am format un set de competen\u021be prin proiecte de digitalizare pe care le-am derulat \u00een echipa \u0219i le derulez \u00een continuare \u00een echipa d\u00e2n\u0219ilor (echipele Departamentului de ID\/IFR \u0219i Educa\u021bie digital\u0103 \u0219i Centrul Multimedia), \u0219i \u00een special cursul de utilizare a experien\u021bei utilizatorului pe care l-am parcurs ca student la master \u0219i pe care apoi l-am preluat de la dr. ing. Diana Andone \u0219i\u00a0 m-a ajutat foarte mult s\u0103 \u00een\u021beleg multe aspecte ale realiz\u0103rii unui astfel de proiect<\/em><\/strong>\u201d, au fost cuvintele adresate de conf. dr. ing. <strong>Silviu Vert<\/strong> pe scen\u0103.<\/span><\/p>\t\t\t\t\t\t\t\t<\/div>\n\t\t\t\t<\/div>\n\t\t\t\t\t<\/div>\n\t\t<\/div>\n\t\t\t\t<div class=\"elementor-column elementor-col-50 elementor-inner-column elementor-element elementor-element-fe8d53d\" data-id=\"fe8d53d\" data-element_type=\"column\" data-e-type=\"column\">\n\t\t\t<div class=\"elementor-widget-wrap elementor-element-populated\">\n\t\t\t\t\t\t<div class=\"elementor-element elementor-element-6475326 elementor-widget__width-initial elementor-widget elementor-widget-image\" data-id=\"6475326\" data-element_type=\"widget\" data-e-type=\"widget\" data-widget_type=\"image.default\">\n\t\t\t\t<div class=\"elementor-widget-container\">\n\t\t\t\t\t\t\t\t\t\t\t\t\t\t\t<img decoding=\"async\" width=\"768\" height=\"1024\" src=\"https:\/\/elearning.upt.ro\/wp-content\/uploads\/2025\/12\/IMG_0124-768x1024.jpeg\" class=\"attachment-large size-large wp-image-29926\" alt=\"\" srcset=\"https:\/\/elearning.upt.ro\/wp-content\/uploads\/2025\/12\/IMG_0124-768x1024.jpeg 768w, https:\/\/elearning.upt.ro\/wp-content\/uploads\/2025\/12\/IMG_0124-225x300.jpeg 225w, https:\/\/elearning.upt.ro\/wp-content\/uploads\/2025\/12\/IMG_0124-1152x1536.jpeg 1152w, https:\/\/elearning.upt.ro\/wp-content\/uploads\/2025\/12\/IMG_0124-1536x2048.jpeg 1536w, https:\/\/elearning.upt.ro\/wp-content\/uploads\/2025\/12\/IMG_0124-9x12.jpeg 9w, https:\/\/elearning.upt.ro\/wp-content\/uploads\/2025\/12\/IMG_0124-255x340.jpeg 255w, https:\/\/elearning.upt.ro\/wp-content\/uploads\/2025\/12\/IMG_0124-scaled.jpeg 1920w\" sizes=\"(max-width: 768px) 100vw, 768px\" \/>\t\t\t\t\t\t\t\t\t\t\t\t\t\t\t<\/div>\n\t\t\t\t<\/div>\n\t\t\t\t\t<\/div>\n\t\t<\/div>\n\t\t\t\t\t<\/div>\n\t\t<\/section>\n\t\t\t\t\t<\/div>\n\t\t<\/div>\n\t\t\t\t\t<\/div>\n\t\t<\/section>\n\t\t\t\t<section class=\"elementor-section elementor-top-section elementor-element elementor-element-042170c elementor-section-boxed elementor-section-height-default elementor-section-height-default\" data-id=\"042170c\" data-element_type=\"section\" data-e-type=\"section\">\n\t\t\t\t\t\t<div class=\"elementor-container elementor-column-gap-default\">\n\t\t\t\t\t<div class=\"elementor-column elementor-col-100 elementor-top-column elementor-element elementor-element-8f4560f\" data-id=\"8f4560f\" data-element_type=\"column\" data-e-type=\"column\">\n\t\t\t<div class=\"elementor-widget-wrap elementor-element-populated\">\n\t\t\t\t\t\t<div class=\"elementor-element elementor-element-f533d7f elementor-widget elementor-widget-heading\" data-id=\"f533d7f\" data-element_type=\"widget\" data-e-type=\"widget\" data-widget_type=\"heading.default\">\n\t\t\t\t<div class=\"elementor-widget-container\">\n\t\t\t\t\t<h2 class=\"elementor-heading-title elementor-size-default\">Andrei Ternauciuc \u2013 E\u00b3UDRES\u00b2 Award of Excellence \u00een Interna\u021bionalizare\n<\/h2>\t\t\t\t<\/div>\n\t\t\t\t<\/div>\n\t\t\t\t\t<\/div>\n\t\t<\/div>\n\t\t\t\t\t<\/div>\n\t\t<\/section>\n\t\t\t\t<section class=\"elementor-section elementor-top-section elementor-element elementor-element-a7739b8 elementor-section-boxed elementor-section-height-default elementor-section-height-default\" data-id=\"a7739b8\" data-element_type=\"section\" data-e-type=\"section\">\n\t\t\t\t\t\t<div class=\"elementor-container elementor-column-gap-default\">\n\t\t\t\t\t<div class=\"elementor-column elementor-col-100 elementor-top-column elementor-element elementor-element-eb28f0b\" data-id=\"eb28f0b\" data-element_type=\"column\" data-e-type=\"column\">\n\t\t\t<div class=\"elementor-widget-wrap elementor-element-populated\">\n\t\t\t\t\t\t<div class=\"elementor-element elementor-element-5d88db6 elementor-widget elementor-widget-text-editor\" data-id=\"5d88db6\" data-element_type=\"widget\" data-e-type=\"widget\" data-widget_type=\"text-editor.default\">\n\t\t\t\t<div class=\"elementor-widget-container\">\n\t\t\t\t\t\t\t\t\t<p><span style=\"font-weight: 400;\">\u0218.l.dr.ing. <\/span><b>Andrei Ternauciuc<\/b><span style=\"font-weight: 400;\">, care a fost distins cu noul premiu <\/span><span style=\"font-weight: 400;\">E\u00b3UDRES\u00b2<\/span><b> Award of Excellence \u00een Interna\u021bionalizare<\/b><span style=\"font-weight: 400;\">, \u00eenm\u00e2nat de <\/span><span style=\"font-weight: 400;\">prof.em.dr<\/span><span style=\"font-weight: 400;\">.ing. <\/span><b>Radu Vasiu &#8211; UPT site coordinator \u00een cadrul Alian\u021bei Universitare <\/b><b>E\u00b3UDRES\u00b2<\/b><span style=\"font-weight: 400;\">, premiul subliniind contribu\u021bia major\u0103 a Universit\u0103\u021bii Politehnica Timi\u0219oara la Alian\u021ba Universitar\u0103 European\u0103 <\/span><span style=\"font-weight: 400;\">E\u00b3UDRES\u00b2 (Engaged and Entrepreneurial European University as Driver for European Smart and Sustainable Regions)<\/span><span style=\"font-weight: 400;\">.<\/span><\/p>\t\t\t\t\t\t\t\t<\/div>\n\t\t\t\t<\/div>\n\t\t\t\t\t<\/div>\n\t\t<\/div>\n\t\t\t\t\t<\/div>\n\t\t<\/section>\n\t\t\t\t<section class=\"elementor-section elementor-top-section elementor-element elementor-element-5627837 elementor-section-boxed elementor-section-height-default elementor-section-height-default\" data-id=\"5627837\" data-element_type=\"section\" data-e-type=\"section\">\n\t\t\t\t\t\t<div class=\"elementor-container elementor-column-gap-default\">\n\t\t\t\t\t<div class=\"elementor-column elementor-col-100 elementor-top-column elementor-element elementor-element-3f99a8b\" data-id=\"3f99a8b\" data-element_type=\"column\" data-e-type=\"column\">\n\t\t\t<div class=\"elementor-widget-wrap elementor-element-populated\">\n\t\t\t\t\t\t<div class=\"elementor-element elementor-element-85cbfe8 elementor-widget elementor-widget-text-editor\" data-id=\"85cbfe8\" data-element_type=\"widget\" data-e-type=\"widget\" data-widget_type=\"text-editor.default\">\n\t\t\t\t<div class=\"elementor-widget-container\">\n\t\t\t\t\t\t\t\t\t<p><span style=\"font-weight: 400;\">Prof.em.dr.ing. Radu Vasiu a vorbit despre noul premiu instituit, mul\u021bumind\u00a0 \u00een mod deosebit conducerii UPT, care a decis ca din acest an s\u0103 ofere un premiu de excelen\u021b\u0103 <\/span><span style=\"font-weight: 400;\">E\u00b3UDRES\u00b2 \u0219i a introdus audien\u021bei proiectul <\/span><span style=\"font-weight: 400;\">E\u00b3UDRES\u00b2<\/span><span style=\"font-weight: 400;\"> &#8211; cel al unei Alian\u021be universitare europene din care UPT face parte,\u00a0 proiect din care fac parte 9 universit\u0103\u021bi la nivel european, din 9 \u021b\u0103ri diferite \u0219i care se uit\u0103 spre viitor, spre o viziune a cum vor ar\u0103ta universit\u0103\u021bile europene undeva dup\u0103 anul 2030. Acesta a introdus progresele proiectului, afl\u00e2ndu-se <\/span><span style=\"font-weight: 400;\">acum \u00eentr-o faz\u0103 de cre\u0219tere, urm\u00e2nd ca \u00een urm\u0103torii\u00a0 doi ani s\u0103 se implementeze dezvoltarea de cursuri comune, de proiecte comune, o serie \u00eentreag\u0103 de colabor\u0103ri interna\u021bionale. <\/span><\/p><p><span style=\"font-weight: 400;\">\u201e<em>Un pas hot\u0103r\u00e2tor \u00een acest sens a fost f\u0103cut cu sprijinul politehnicii \u00een aceast\u0103 alian\u021b\u0103, pentru c\u0103 anul acesta este anul \u00een care a fost lansat\u0103 <\/em><\/span><em><b>platforma digital\u0103<\/b><span style=\"font-weight: 400;\"> federat\u0103 a Alian\u021bei de Universit\u0103\u021bi\u00a0 <\/span><span style=\"font-weight: 400;\">E\u00b3UDRES\u00b2<\/span><span style=\"font-weight: 400;\">: platforma se nume\u0219te <\/span><b>Arena<\/b><span style=\"font-weight: 400;\"> \u0219i faciliteaz\u0103 colaborarea at\u00e2t la nivel educa\u021bional, c\u00e2t \u0219i la nivel de cercetare \u0219i de orice tip de colabor\u0103ri exist\u0103.\u00a0<\/span><\/em><\/p><p><em><span style=\"font-weight: 400;\">Platforma a fost dezvoltat\u0103 dup\u0103 un concept al UPT \u0219i am avut m\u00e2ndria s\u0103 avem un om care s\u0103 poat\u0103 s\u0103 participe direct la dezvoltarea aproape integral\u0103 a acestei platforme. Este vorba de un coleg al nostru &#8211; capul din spatele implement\u0103rii at\u00e2t a Campusului Virtual UPT, al platformei Unicampus de cursuri mooc, dezvoltat\u0103 tot de c\u0103tre UPT, unica din \u021bar\u0103 la aceast\u0103 or\u0103.\u00a0<\/span><\/em><\/p><p><em><span style=\"font-weight: 400;\">Este un om care \u0219i-a f\u0103cut doctoratul \u00een 2011, pe o tem\u0103 care avea ca subiect comunicare pe platforme digitale, facilit\u00e2nd diverse tipuri de interferen\u021be de comunic\u0103ri \u00eentre studen\u021bi \u0219i dasc\u0103li, \u00eentre studen\u021bi \u0219i al\u021bi studen\u021bi &#8211; colegi de-ai lor \u0219amd. Din acel moment a lucrat \u00een continuare \u00een acest domeniu, ajung\u00e2nd s\u0103 fie poate cel bun specialist \u00een Moodle \u00een Rom\u00e2nia. M\u0103 bucur s\u0103 \u00eel prezint pe c\u00e2\u0219tig\u0103torul acestui premiu, pe \u0219.l.dr.ing <\/span><\/em><b><em>Andrei Ternauciuc.<\/em>\u201d, a spus prof. Radu Vasiu, \u00een discursul de acordare a distinc\u021biei.<\/b><\/p><p>\u00a0<\/p>\t\t\t\t\t\t\t\t<\/div>\n\t\t\t\t<\/div>\n\t\t\t\t\t<\/div>\n\t\t<\/div>\n\t\t\t\t\t<\/div>\n\t\t<\/section>\n\t\t\t\t<section class=\"elementor-section elementor-top-section elementor-element elementor-element-61fa6ce elementor-section-boxed elementor-section-height-default elementor-section-height-default\" data-id=\"61fa6ce\" data-element_type=\"section\" data-e-type=\"section\">\n\t\t\t\t\t\t<div class=\"elementor-container elementor-column-gap-default\">\n\t\t\t\t\t<div class=\"elementor-column elementor-col-100 elementor-top-column elementor-element elementor-element-b62ba3d\" data-id=\"b62ba3d\" data-element_type=\"column\" data-e-type=\"column\">\n\t\t\t<div class=\"elementor-widget-wrap elementor-element-populated\">\n\t\t\t\t\t\t<section class=\"elementor-section elementor-inner-section elementor-element elementor-element-013c0de elementor-section-boxed elementor-section-height-default elementor-section-height-default\" data-id=\"013c0de\" data-element_type=\"section\" data-e-type=\"section\">\n\t\t\t\t\t\t<div class=\"elementor-container elementor-column-gap-default\">\n\t\t\t\t\t<div class=\"elementor-column elementor-col-50 elementor-inner-column elementor-element elementor-element-f055b36\" data-id=\"f055b36\" data-element_type=\"column\" data-e-type=\"column\">\n\t\t\t<div class=\"elementor-widget-wrap elementor-element-populated\">\n\t\t\t\t\t\t<div class=\"elementor-element elementor-element-f23df16 elementor-widget__width-initial elementor-widget elementor-widget-image\" data-id=\"f23df16\" data-element_type=\"widget\" data-e-type=\"widget\" data-widget_type=\"image.default\">\n\t\t\t\t<div class=\"elementor-widget-container\">\n\t\t\t\t\t\t\t\t\t\t\t\t\t\t\t<img loading=\"lazy\" decoding=\"async\" width=\"799\" height=\"1024\" src=\"https:\/\/elearning.upt.ro\/wp-content\/uploads\/2025\/12\/5F532005-0ECA-45D4-989F-7084127E2E8D-799x1024.jpg\" class=\"attachment-large size-large wp-image-29925\" alt=\"\" srcset=\"https:\/\/elearning.upt.ro\/wp-content\/uploads\/2025\/12\/5F532005-0ECA-45D4-989F-7084127E2E8D-799x1024.jpg 799w, https:\/\/elearning.upt.ro\/wp-content\/uploads\/2025\/12\/5F532005-0ECA-45D4-989F-7084127E2E8D-234x300.jpg 234w, https:\/\/elearning.upt.ro\/wp-content\/uploads\/2025\/12\/5F532005-0ECA-45D4-989F-7084127E2E8D-768x985.jpg 768w, https:\/\/elearning.upt.ro\/wp-content\/uploads\/2025\/12\/5F532005-0ECA-45D4-989F-7084127E2E8D-1198x1536.jpg 1198w, https:\/\/elearning.upt.ro\/wp-content\/uploads\/2025\/12\/5F532005-0ECA-45D4-989F-7084127E2E8D-1597x2048.jpg 1597w, https:\/\/elearning.upt.ro\/wp-content\/uploads\/2025\/12\/5F532005-0ECA-45D4-989F-7084127E2E8D-9x12.jpg 9w, https:\/\/elearning.upt.ro\/wp-content\/uploads\/2025\/12\/5F532005-0ECA-45D4-989F-7084127E2E8D-255x327.jpg 255w, https:\/\/elearning.upt.ro\/wp-content\/uploads\/2025\/12\/5F532005-0ECA-45D4-989F-7084127E2E8D-scaled.jpg 1997w\" sizes=\"(max-width: 799px) 100vw, 799px\" \/>\t\t\t\t\t\t\t\t\t\t\t\t\t\t\t<\/div>\n\t\t\t\t<\/div>\n\t\t\t\t\t<\/div>\n\t\t<\/div>\n\t\t\t\t<div class=\"elementor-column elementor-col-50 elementor-inner-column elementor-element elementor-element-5e28b2f\" data-id=\"5e28b2f\" data-element_type=\"column\" data-e-type=\"column\">\n\t\t\t<div class=\"elementor-widget-wrap elementor-element-populated\">\n\t\t\t\t\t\t<div class=\"elementor-element elementor-element-6537f5c elementor-widget elementor-widget-text-editor\" data-id=\"6537f5c\" data-element_type=\"widget\" data-e-type=\"widget\" data-widget_type=\"text-editor.default\">\n\t\t\t\t<div class=\"elementor-widget-container\">\n\t\t\t\t\t\t\t\t\t<p><span style=\"font-weight: 400;\">Colegul nostru, \u0219.l.dr.ing. <strong>Andrei Ternauciuc<\/strong> a vorbit despre importan\u021ba strategic\u0103 a proiectului: \u201e<strong><em>Sunt cuprins momentan de o serie de emo\u021bii, emo\u021bia de a fi \u00een fa\u021ba acestui ilustru auditoriu, bucuria de a vedea recunoa\u0219terea acestui proiect de o importan\u021b\u0103 foarte mare pentru UPT. Alian\u021ba <\/em><\/strong><\/span><strong><em>E\u00b3UDRES\u00b2<\/em><\/strong><span style=\"font-weight: 400;\"><strong><em> este o privire spre viitor pe care am \u00eendr\u0103znit cu to\u021bii s\u0103 o avem \u0219i s\u0103 o urm\u0103m. A\u0219 vrea s\u0103 mul\u021bumesc tuturor celor care contribuie activ la acest proiect &#8211; de la echipa de administrare, la echipa tehnic\u0103, la cadrele didactice \u0219i studen\u021bii care fac deplas\u0103ri \u0219i fac toate aceste activit\u0103\u021bi. Poate c\u0103 momentan, Arena pe care a men\u021bionat -o profesorul Vasiu este cea mai vizibil\u0103 parte, dar sunt convins c\u0103 \u00een anii urm\u0103tori, \u0219i altor persoane le va fi recunoscut\u0103 contribu\u021bia pe care o au pentru acest proiect strategic.<\/em> <\/strong>\u201d<\/span><\/p>\t\t\t\t\t\t\t\t<\/div>\n\t\t\t\t<\/div>\n\t\t\t\t\t<\/div>\n\t\t<\/div>\n\t\t\t\t\t<\/div>\n\t\t<\/section>\n\t\t\t\t\t<\/div>\n\t\t<\/div>\n\t\t\t\t\t<\/div>\n\t\t<\/section>\n\t\t\t\t<section class=\"elementor-section elementor-top-section elementor-element elementor-element-8b76353 elementor-section-boxed elementor-section-height-default elementor-section-height-default\" data-id=\"8b76353\" data-element_type=\"section\" data-e-type=\"section\">\n\t\t\t\t\t\t<div class=\"elementor-container elementor-column-gap-default\">\n\t\t\t\t\t<div class=\"elementor-column elementor-col-100 elementor-top-column elementor-element elementor-element-bcf145a\" data-id=\"bcf145a\" data-element_type=\"column\" data-e-type=\"column\">\n\t\t\t<div class=\"elementor-widget-wrap elementor-element-populated\">\n\t\t\t\t\t\t<div class=\"elementor-element elementor-element-6576eec elementor-widget elementor-widget-text-editor\" data-id=\"6576eec\" data-element_type=\"widget\" data-e-type=\"widget\" data-widget_type=\"text-editor.default\">\n\t\t\t\t<div class=\"elementor-widget-container\">\n\t\t\t\t\t\t\t\t\t<p><span style=\"font-weight: 400;\">\u00cen final, dr. <strong>Andrei Ternauciuc<\/strong> a lansat un apel la implicare: \u201e<em><strong>Nu \u00een ultimul r\u00e2nd, m\u0103 v\u0103d cuprins \u0219i de un sim\u021b al datoriei \u0219i pentru c\u0103 am v\u0103zut at\u00e2t de mult persoane premiate pentru excelen\u021b\u0103 \u00een cercetare, \u00een predare, \u0219amd, s\u0103 v\u0103 \u00eendemn, dac\u0103 nu a\u021bi f\u0103cut-o \u00eenc\u0103, s\u0103 v\u0103 \u00eenscrie\u021bi \u00een banca de cercet\u0103tori ai proiectului pentru a putea colabora cu cercet\u0103tori din celelalte institu\u021bii partenere \u0219i a implementa acest proiect la tot poten\u021bialul lui.\u201d<\/strong><\/em><\/span><\/p>\t\t\t\t\t\t\t\t<\/div>\n\t\t\t\t<\/div>\n\t\t\t\t\t<\/div>\n\t\t<\/div>\n\t\t\t\t\t<\/div>\n\t\t<\/section>\n\t\t\t\t<\/div>\n\t\t","protected":false},"excerpt":{"rendered":"<p>Dubl\u0103 celebrare a inova\u021biei \u00een echipa DeL: Colegii no\u0219tri, conf.dr.ing. Silviu Vert \u0219i \u0219.l.dr.ing Andrei Ternauciuc, distin\u0219i la Gala Premiilor de Excelen\u021b\u0103 UPT 2025.<\/p>\n","protected":false},"author":13,"featured_media":29918,"comment_status":"closed","ping_status":"closed","sticky":false,"template":"","format":"standard","meta":{"footnotes":""},"categories":[104,106,1],"tags":[],"class_list":["post-29917","post","type-post","status-publish","format-standard","has-post-thumbnail","hentry","category-comunitate","category-noutati-comunitate","category-uncategorized"],"yoast_head":"<!-- This site is optimized with the Yoast SEO plugin v27.4 - https:\/\/yoast.com\/product\/yoast-seo-wordpress\/ -->\n<title>Silviu Vert \u0219i Andrei Ternauciuc &#8211; echipa DeL, distin\u0219i la Gala Premiilor de Excelen\u021b\u0103 UPT 2025 - Universitatea Politehnica Timi\u015foara Departamentul de ID\/IFR \u0219i Educa\u021bie Digital\u0103 \u2013 DeL<\/title>\n<meta name=\"robots\" content=\"index, follow, max-snippet:-1, max-image-preview:large, max-video-preview:-1\" \/>\n<link rel=\"canonical\" href=\"https:\/\/elearning.upt.ro\/ro\/uncategorized\/silviu-vert-si-andrei-ternauciuc-echipa-del-distinsi-la-gala-premiilor-de-excelenta-upt-2025\/\" \/>\n<meta property=\"og:locale\" content=\"ro_RO\" \/>\n<meta property=\"og:type\" content=\"article\" \/>\n<meta property=\"og:title\" content=\"Silviu Vert \u0219i Andrei Ternauciuc &#8211; echipa DeL, distin\u0219i la Gala Premiilor de Excelen\u021b\u0103 UPT 2025 - Universitatea Politehnica Timi\u015foara Departamentul de ID\/IFR \u0219i Educa\u021bie Digital\u0103 \u2013 DeL\" \/>\n<meta property=\"og:description\" content=\"Dubl\u0103 celebrare a inova\u021biei \u00een echipa DeL: Colegii no\u0219tri, conf.dr.ing. Silviu Vert \u0219i \u0219.l.dr.ing Andrei Ternauciuc, distin\u0219i la Gala Premiilor de Excelen\u021b\u0103 UPT 2025.\" \/>\n<meta property=\"og:url\" content=\"https:\/\/elearning.upt.ro\/ro\/uncategorized\/silviu-vert-si-andrei-ternauciuc-echipa-del-distinsi-la-gala-premiilor-de-excelenta-upt-2025\/\" \/>\n<meta property=\"og:site_name\" content=\"Universitatea Politehnica Timi\u015foara Departamentul de ID\/IFR \u0219i Educa\u021bie Digital\u0103 \u2013 DeL\" \/>\n<meta property=\"article:publisher\" content=\"https:\/\/www.facebook.com\/CIDUPT\/?ref=page_internal\" \/>\n<meta property=\"article:published_time\" content=\"2025-12-11T11:41:17+00:00\" \/>\n<meta property=\"article:modified_time\" content=\"2025-12-12T07:25:14+00:00\" \/>\n<meta property=\"og:image\" content=\"https:\/\/elearning.upt.ro\/wp-content\/uploads\/2025\/12\/IMG_0115-scaled.jpeg\" \/>\n\t<meta property=\"og:image:width\" content=\"1973\" \/>\n\t<meta property=\"og:image:height\" content=\"2560\" \/>\n\t<meta property=\"og:image:type\" content=\"image\/jpeg\" \/>\n<meta name=\"author\" content=\"CeL\" \/>\n<meta name=\"twitter:card\" content=\"summary_large_image\" \/>\n<meta name=\"twitter:label1\" content=\"Written by\" \/>\n\t<meta name=\"twitter:data1\" content=\"CeL\" \/>\n\t<meta name=\"twitter:label2\" content=\"Est. reading time\" \/>\n\t<meta name=\"twitter:data2\" content=\"6 minutes\" \/>\n<script type=\"application\/ld+json\" class=\"yoast-schema-graph\">{\"@context\":\"https:\\\/\\\/schema.org\",\"@graph\":[{\"@type\":\"Article\",\"@id\":\"https:\\\/\\\/elearning.upt.ro\\\/uncategorized\\\/silviu-vert-si-andrei-ternauciuc-echipa-del-distinsi-la-gala-premiilor-de-excelenta-upt-2025\\\/#article\",\"isPartOf\":{\"@id\":\"https:\\\/\\\/elearning.upt.ro\\\/uncategorized\\\/silviu-vert-si-andrei-ternauciuc-echipa-del-distinsi-la-gala-premiilor-de-excelenta-upt-2025\\\/\"},\"author\":{\"name\":\"CeL\",\"@id\":\"https:\\\/\\\/elearning.upt.ro\\\/ro\\\/#\\\/schema\\\/person\\\/8bb5b84d8e634ea763262c452a39b3f4\"},\"headline\":\"Silviu Vert \u0219i Andrei Ternauciuc &#8211; echipa DeL, distin\u0219i la Gala Premiilor de Excelen\u021b\u0103 UPT 2025\",\"datePublished\":\"2025-12-11T11:41:17+00:00\",\"dateModified\":\"2025-12-12T07:25:14+00:00\",\"mainEntityOfPage\":{\"@id\":\"https:\\\/\\\/elearning.upt.ro\\\/uncategorized\\\/silviu-vert-si-andrei-ternauciuc-echipa-del-distinsi-la-gala-premiilor-de-excelenta-upt-2025\\\/\"},\"wordCount\":1131,\"image\":{\"@id\":\"https:\\\/\\\/elearning.upt.ro\\\/uncategorized\\\/silviu-vert-si-andrei-ternauciuc-echipa-del-distinsi-la-gala-premiilor-de-excelenta-upt-2025\\\/#primaryimage\"},\"thumbnailUrl\":\"https:\\\/\\\/elearning.upt.ro\\\/wp-content\\\/uploads\\\/2025\\\/12\\\/IMG_0115-scaled.jpeg\",\"articleSection\":[\"Comunitate\",\"Noutati Comunitate\"],\"inLanguage\":\"ro-RO\"},{\"@type\":\"WebPage\",\"@id\":\"https:\\\/\\\/elearning.upt.ro\\\/uncategorized\\\/silviu-vert-si-andrei-ternauciuc-echipa-del-distinsi-la-gala-premiilor-de-excelenta-upt-2025\\\/\",\"url\":\"https:\\\/\\\/elearning.upt.ro\\\/uncategorized\\\/silviu-vert-si-andrei-ternauciuc-echipa-del-distinsi-la-gala-premiilor-de-excelenta-upt-2025\\\/\",\"name\":\"Silviu Vert \u0219i Andrei Ternauciuc &#8211; echipa DeL, distin\u0219i la Gala Premiilor de Excelen\u021b\u0103 UPT 2025 - Universitatea Politehnica Timi\u015foara Departamentul de ID\\\/IFR \u0219i Educa\u021bie Digital\u0103 \u2013 DeL\",\"isPartOf\":{\"@id\":\"https:\\\/\\\/elearning.upt.ro\\\/ro\\\/#website\"},\"primaryImageOfPage\":{\"@id\":\"https:\\\/\\\/elearning.upt.ro\\\/uncategorized\\\/silviu-vert-si-andrei-ternauciuc-echipa-del-distinsi-la-gala-premiilor-de-excelenta-upt-2025\\\/#primaryimage\"},\"image\":{\"@id\":\"https:\\\/\\\/elearning.upt.ro\\\/uncategorized\\\/silviu-vert-si-andrei-ternauciuc-echipa-del-distinsi-la-gala-premiilor-de-excelenta-upt-2025\\\/#primaryimage\"},\"thumbnailUrl\":\"https:\\\/\\\/elearning.upt.ro\\\/wp-content\\\/uploads\\\/2025\\\/12\\\/IMG_0115-scaled.jpeg\",\"datePublished\":\"2025-12-11T11:41:17+00:00\",\"dateModified\":\"2025-12-12T07:25:14+00:00\",\"author\":{\"@id\":\"https:\\\/\\\/elearning.upt.ro\\\/ro\\\/#\\\/schema\\\/person\\\/8bb5b84d8e634ea763262c452a39b3f4\"},\"breadcrumb\":{\"@id\":\"https:\\\/\\\/elearning.upt.ro\\\/uncategorized\\\/silviu-vert-si-andrei-ternauciuc-echipa-del-distinsi-la-gala-premiilor-de-excelenta-upt-2025\\\/#breadcrumb\"},\"inLanguage\":\"ro-RO\",\"potentialAction\":[{\"@type\":\"ReadAction\",\"target\":[\"https:\\\/\\\/elearning.upt.ro\\\/uncategorized\\\/silviu-vert-si-andrei-ternauciuc-echipa-del-distinsi-la-gala-premiilor-de-excelenta-upt-2025\\\/\"]}]},{\"@type\":\"ImageObject\",\"inLanguage\":\"ro-RO\",\"@id\":\"https:\\\/\\\/elearning.upt.ro\\\/uncategorized\\\/silviu-vert-si-andrei-ternauciuc-echipa-del-distinsi-la-gala-premiilor-de-excelenta-upt-2025\\\/#primaryimage\",\"url\":\"https:\\\/\\\/elearning.upt.ro\\\/wp-content\\\/uploads\\\/2025\\\/12\\\/IMG_0115-scaled.jpeg\",\"contentUrl\":\"https:\\\/\\\/elearning.upt.ro\\\/wp-content\\\/uploads\\\/2025\\\/12\\\/IMG_0115-scaled.jpeg\",\"width\":1973,\"height\":2560},{\"@type\":\"BreadcrumbList\",\"@id\":\"https:\\\/\\\/elearning.upt.ro\\\/uncategorized\\\/silviu-vert-si-andrei-ternauciuc-echipa-del-distinsi-la-gala-premiilor-de-excelenta-upt-2025\\\/#breadcrumb\",\"itemListElement\":[{\"@type\":\"ListItem\",\"position\":1,\"name\":\"Home\",\"item\":\"https:\\\/\\\/elearning.upt.ro\\\/\"},{\"@type\":\"ListItem\",\"position\":2,\"name\":\"Silviu Vert \u0219i Andrei Ternauciuc &#8211; echipa DeL, distin\u0219i la Gala Premiilor de Excelen\u021b\u0103 UPT 2025\"}]},{\"@type\":\"WebSite\",\"@id\":\"https:\\\/\\\/elearning.upt.ro\\\/ro\\\/#website\",\"url\":\"https:\\\/\\\/elearning.upt.ro\\\/ro\\\/\",\"name\":\"Universitatea Politehnica Timi\u015foara Departamentul de ID\\\/IFR \u0219i Educa\u021bie Digital\u0103 \u2013 DeL\",\"description\":\"\",\"potentialAction\":[{\"@type\":\"SearchAction\",\"target\":{\"@type\":\"EntryPoint\",\"urlTemplate\":\"https:\\\/\\\/elearning.upt.ro\\\/ro\\\/?s={search_term_string}\"},\"query-input\":{\"@type\":\"PropertyValueSpecification\",\"valueRequired\":true,\"valueName\":\"search_term_string\"}}],\"inLanguage\":\"ro-RO\"},{\"@type\":\"Person\",\"@id\":\"https:\\\/\\\/elearning.upt.ro\\\/ro\\\/#\\\/schema\\\/person\\\/8bb5b84d8e634ea763262c452a39b3f4\",\"name\":\"CeL\",\"image\":{\"@type\":\"ImageObject\",\"inLanguage\":\"ro-RO\",\"@id\":\"https:\\\/\\\/secure.gravatar.com\\\/avatar\\\/9b67430c18ee40ef4a63a577131abb63a54ca1b5fbb5ec183bcc2003d846a51f?s=96&d=mm&r=g\",\"url\":\"https:\\\/\\\/secure.gravatar.com\\\/avatar\\\/9b67430c18ee40ef4a63a577131abb63a54ca1b5fbb5ec183bcc2003d846a51f?s=96&d=mm&r=g\",\"contentUrl\":\"https:\\\/\\\/secure.gravatar.com\\\/avatar\\\/9b67430c18ee40ef4a63a577131abb63a54ca1b5fbb5ec183bcc2003d846a51f?s=96&d=mm&r=g\",\"caption\":\"CeL\"},\"url\":\"https:\\\/\\\/elearning.upt.ro\\\/ro\\\/author\\\/renateiovi\\\/\"}]}<\/script>\n<!-- \/ Yoast SEO plugin. -->","yoast_head_json":{"title":"Silviu Vert \u0219i Andrei Ternauciuc &#8211; echipa DeL, distin\u0219i la Gala Premiilor de Excelen\u021b\u0103 UPT 2025 - Universitatea Politehnica Timi\u015foara Departamentul de ID\/IFR \u0219i Educa\u021bie Digital\u0103 \u2013 DeL","robots":{"index":"index","follow":"follow","max-snippet":"max-snippet:-1","max-image-preview":"max-image-preview:large","max-video-preview":"max-video-preview:-1"},"canonical":"https:\/\/elearning.upt.ro\/ro\/uncategorized\/silviu-vert-si-andrei-ternauciuc-echipa-del-distinsi-la-gala-premiilor-de-excelenta-upt-2025\/","og_locale":"ro_RO","og_type":"article","og_title":"Silviu Vert \u0219i Andrei Ternauciuc &#8211; echipa DeL, distin\u0219i la Gala Premiilor de Excelen\u021b\u0103 UPT 2025 - Universitatea Politehnica Timi\u015foara Departamentul de ID\/IFR \u0219i Educa\u021bie Digital\u0103 \u2013 DeL","og_description":"Dubl\u0103 celebrare a inova\u021biei \u00een echipa DeL: Colegii no\u0219tri, conf.dr.ing. Silviu Vert \u0219i \u0219.l.dr.ing Andrei Ternauciuc, distin\u0219i la Gala Premiilor de Excelen\u021b\u0103 UPT 2025.","og_url":"https:\/\/elearning.upt.ro\/ro\/uncategorized\/silviu-vert-si-andrei-ternauciuc-echipa-del-distinsi-la-gala-premiilor-de-excelenta-upt-2025\/","og_site_name":"Universitatea Politehnica Timi\u015foara Departamentul de ID\/IFR \u0219i Educa\u021bie Digital\u0103 \u2013 DeL","article_publisher":"https:\/\/www.facebook.com\/CIDUPT\/?ref=page_internal","article_published_time":"2025-12-11T11:41:17+00:00","article_modified_time":"2025-12-12T07:25:14+00:00","og_image":[{"width":1973,"height":2560,"url":"https:\/\/elearning.upt.ro\/wp-content\/uploads\/2025\/12\/IMG_0115-scaled.jpeg","type":"image\/jpeg"}],"author":"CeL","twitter_card":"summary_large_image","twitter_misc":{"Written by":"CeL","Est. reading time":"6 minutes"},"schema":{"@context":"https:\/\/schema.org","@graph":[{"@type":"Article","@id":"https:\/\/elearning.upt.ro\/uncategorized\/silviu-vert-si-andrei-ternauciuc-echipa-del-distinsi-la-gala-premiilor-de-excelenta-upt-2025\/#article","isPartOf":{"@id":"https:\/\/elearning.upt.ro\/uncategorized\/silviu-vert-si-andrei-ternauciuc-echipa-del-distinsi-la-gala-premiilor-de-excelenta-upt-2025\/"},"author":{"name":"CeL","@id":"https:\/\/elearning.upt.ro\/ro\/#\/schema\/person\/8bb5b84d8e634ea763262c452a39b3f4"},"headline":"Silviu Vert \u0219i Andrei Ternauciuc &#8211; echipa DeL, distin\u0219i la Gala Premiilor de Excelen\u021b\u0103 UPT 2025","datePublished":"2025-12-11T11:41:17+00:00","dateModified":"2025-12-12T07:25:14+00:00","mainEntityOfPage":{"@id":"https:\/\/elearning.upt.ro\/uncategorized\/silviu-vert-si-andrei-ternauciuc-echipa-del-distinsi-la-gala-premiilor-de-excelenta-upt-2025\/"},"wordCount":1131,"image":{"@id":"https:\/\/elearning.upt.ro\/uncategorized\/silviu-vert-si-andrei-ternauciuc-echipa-del-distinsi-la-gala-premiilor-de-excelenta-upt-2025\/#primaryimage"},"thumbnailUrl":"https:\/\/elearning.upt.ro\/wp-content\/uploads\/2025\/12\/IMG_0115-scaled.jpeg","articleSection":["Comunitate","Noutati Comunitate"],"inLanguage":"ro-RO"},{"@type":"WebPage","@id":"https:\/\/elearning.upt.ro\/uncategorized\/silviu-vert-si-andrei-ternauciuc-echipa-del-distinsi-la-gala-premiilor-de-excelenta-upt-2025\/","url":"https:\/\/elearning.upt.ro\/uncategorized\/silviu-vert-si-andrei-ternauciuc-echipa-del-distinsi-la-gala-premiilor-de-excelenta-upt-2025\/","name":"Silviu Vert \u0219i Andrei Ternauciuc &#8211; echipa DeL, distin\u0219i la Gala Premiilor de Excelen\u021b\u0103 UPT 2025 - Universitatea Politehnica Timi\u015foara Departamentul de ID\/IFR \u0219i Educa\u021bie Digital\u0103 \u2013 DeL","isPartOf":{"@id":"https:\/\/elearning.upt.ro\/ro\/#website"},"primaryImageOfPage":{"@id":"https:\/\/elearning.upt.ro\/uncategorized\/silviu-vert-si-andrei-ternauciuc-echipa-del-distinsi-la-gala-premiilor-de-excelenta-upt-2025\/#primaryimage"},"image":{"@id":"https:\/\/elearning.upt.ro\/uncategorized\/silviu-vert-si-andrei-ternauciuc-echipa-del-distinsi-la-gala-premiilor-de-excelenta-upt-2025\/#primaryimage"},"thumbnailUrl":"https:\/\/elearning.upt.ro\/wp-content\/uploads\/2025\/12\/IMG_0115-scaled.jpeg","datePublished":"2025-12-11T11:41:17+00:00","dateModified":"2025-12-12T07:25:14+00:00","author":{"@id":"https:\/\/elearning.upt.ro\/ro\/#\/schema\/person\/8bb5b84d8e634ea763262c452a39b3f4"},"breadcrumb":{"@id":"https:\/\/elearning.upt.ro\/uncategorized\/silviu-vert-si-andrei-ternauciuc-echipa-del-distinsi-la-gala-premiilor-de-excelenta-upt-2025\/#breadcrumb"},"inLanguage":"ro-RO","potentialAction":[{"@type":"ReadAction","target":["https:\/\/elearning.upt.ro\/uncategorized\/silviu-vert-si-andrei-ternauciuc-echipa-del-distinsi-la-gala-premiilor-de-excelenta-upt-2025\/"]}]},{"@type":"ImageObject","inLanguage":"ro-RO","@id":"https:\/\/elearning.upt.ro\/uncategorized\/silviu-vert-si-andrei-ternauciuc-echipa-del-distinsi-la-gala-premiilor-de-excelenta-upt-2025\/#primaryimage","url":"https:\/\/elearning.upt.ro\/wp-content\/uploads\/2025\/12\/IMG_0115-scaled.jpeg","contentUrl":"https:\/\/elearning.upt.ro\/wp-content\/uploads\/2025\/12\/IMG_0115-scaled.jpeg","width":1973,"height":2560},{"@type":"BreadcrumbList","@id":"https:\/\/elearning.upt.ro\/uncategorized\/silviu-vert-si-andrei-ternauciuc-echipa-del-distinsi-la-gala-premiilor-de-excelenta-upt-2025\/#breadcrumb","itemListElement":[{"@type":"ListItem","position":1,"name":"Home","item":"https:\/\/elearning.upt.ro\/"},{"@type":"ListItem","position":2,"name":"Silviu Vert \u0219i Andrei Ternauciuc &#8211; echipa DeL, distin\u0219i la Gala Premiilor de Excelen\u021b\u0103 UPT 2025"}]},{"@type":"WebSite","@id":"https:\/\/elearning.upt.ro\/ro\/#website","url":"https:\/\/elearning.upt.ro\/ro\/","name":"Universitatea Politehnica Timi\u015foara Departamentul de ID\/IFR \u0219i Educa\u021bie Digital\u0103 \u2013 DeL","description":"","potentialAction":[{"@type":"SearchAction","target":{"@type":"EntryPoint","urlTemplate":"https:\/\/elearning.upt.ro\/ro\/?s={search_term_string}"},"query-input":{"@type":"PropertyValueSpecification","valueRequired":true,"valueName":"search_term_string"}}],"inLanguage":"ro-RO"},{"@type":"Person","@id":"https:\/\/elearning.upt.ro\/ro\/#\/schema\/person\/8bb5b84d8e634ea763262c452a39b3f4","name":"CeL","image":{"@type":"ImageObject","inLanguage":"ro-RO","@id":"https:\/\/secure.gravatar.com\/avatar\/9b67430c18ee40ef4a63a577131abb63a54ca1b5fbb5ec183bcc2003d846a51f?s=96&d=mm&r=g","url":"https:\/\/secure.gravatar.com\/avatar\/9b67430c18ee40ef4a63a577131abb63a54ca1b5fbb5ec183bcc2003d846a51f?s=96&d=mm&r=g","contentUrl":"https:\/\/secure.gravatar.com\/avatar\/9b67430c18ee40ef4a63a577131abb63a54ca1b5fbb5ec183bcc2003d846a51f?s=96&d=mm&r=g","caption":"CeL"},"url":"https:\/\/elearning.upt.ro\/ro\/author\/renateiovi\/"}]}},"_links":{"self":[{"href":"https:\/\/elearning.upt.ro\/ro\/wp-json\/wp\/v2\/posts\/29917","targetHints":{"allow":["GET"]}}],"collection":[{"href":"https:\/\/elearning.upt.ro\/ro\/wp-json\/wp\/v2\/posts"}],"about":[{"href":"https:\/\/elearning.upt.ro\/ro\/wp-json\/wp\/v2\/types\/post"}],"author":[{"embeddable":true,"href":"https:\/\/elearning.upt.ro\/ro\/wp-json\/wp\/v2\/users\/13"}],"replies":[{"embeddable":true,"href":"https:\/\/elearning.upt.ro\/ro\/wp-json\/wp\/v2\/comments?post=29917"}],"version-history":[{"count":14,"href":"https:\/\/elearning.upt.ro\/ro\/wp-json\/wp\/v2\/posts\/29917\/revisions"}],"predecessor-version":[{"id":29940,"href":"https:\/\/elearning.upt.ro\/ro\/wp-json\/wp\/v2\/posts\/29917\/revisions\/29940"}],"wp:featuredmedia":[{"embeddable":true,"href":"https:\/\/elearning.upt.ro\/ro\/wp-json\/wp\/v2\/media\/29918"}],"wp:attachment":[{"href":"https:\/\/elearning.upt.ro\/ro\/wp-json\/wp\/v2\/media?parent=29917"}],"wp:term":[{"taxonomy":"category","embeddable":true,"href":"https:\/\/elearning.upt.ro\/ro\/wp-json\/wp\/v2\/categories?post=29917"},{"taxonomy":"post_tag","embeddable":true,"href":"https:\/\/elearning.upt.ro\/ro\/wp-json\/wp\/v2\/tags?post=29917"}],"curies":[{"name":"wp","href":"https:\/\/api.w.org\/{rel}","templated":true}]}}