{"id":26728,"date":"2024-07-31T18:12:55","date_gmt":"2024-07-31T15:12:55","guid":{"rendered":"https:\/\/elearning.upt.ro\/?p=26728"},"modified":"2025-06-10T15:35:54","modified_gmt":"2025-06-10T12:35:54","slug":"informatii-pentru-candidatii-admisi-la-id-ifr-in-sesiunea-iulie-2024","status":"publish","type":"post","link":"https:\/\/elearning.upt.ro\/ro\/educatie\/informatii-pentru-candidatii-admisi-la-id-ifr-in-sesiunea-iulie-2024\/","title":{"rendered":"Informa\u021bii pentru candida\u021bii admi\u0219i la ID\/IFR \u00een sesiunea IULIE 2024"},"content":{"rendered":"\t\t<div data-elementor-type=\"wp-post\" data-elementor-id=\"26728\" class=\"elementor elementor-26728\">\n\t\t\t\t\t\t<section class=\"elementor-section elementor-top-section elementor-element elementor-element-d0d3023 elementor-section-boxed elementor-section-height-default elementor-section-height-default\" data-id=\"d0d3023\" data-element_type=\"section\" data-e-type=\"section\">\n\t\t\t\t\t\t<div class=\"elementor-container elementor-column-gap-default\">\n\t\t\t\t\t<div class=\"elementor-column elementor-col-100 elementor-top-column elementor-element elementor-element-56bfe8c\" data-id=\"56bfe8c\" data-element_type=\"column\" data-e-type=\"column\">\n\t\t\t<div class=\"elementor-widget-wrap elementor-element-populated\">\n\t\t\t\t\t\t<div class=\"elementor-element elementor-element-3931911 elementor-widget elementor-widget-text-editor\" data-id=\"3931911\" data-element_type=\"widget\" data-e-type=\"widget\" data-widget_type=\"text-editor.default\">\n\t\t\t\t<div class=\"elementor-widget-container\">\n\t\t\t\t\t\t\t\t\t<p><span style=\"font-weight: 400;\">Felicit\u0103ri! A\u021bi fost admis la concursul de Admitere ID\/IFR 2024 \u0219i v\u0103 afla\u021bi la un pas de a dob\u00e2ndi oficial calitatea de student al Universit\u0103\u021bii Politehnica Timi\u0219oara.<\/span><\/p><p><span style=\"font-weight: 400;\">Urm\u0103torii pa\u0219i \u00een acest proces sunt:<\/span><\/p><ol><li style=\"font-weight: 400;\" aria-level=\"1\"><b>Achita\u021bi<\/b><span style=\"font-weight: 400;\"> jum\u0103tate din <\/span><b>taxa de studiu (1.800 lei)<\/b><span style=\"font-weight: 400;\"> p\u00e2n\u0103 \u00een <\/span><b>26 august<\/b><span style=\"font-weight: 400;\"> \u00een contul dvs. de Enroll <\/span><b>(Aten\u021bie!<\/b><span style=\"font-weight: 400;\"> Neachitarea taxei de studiu poate duce la <\/span><b>pierderea locului<\/b><span style=\"font-weight: 400;\"> dob\u00e2ndit \u00een urma concursului de admitere!)<\/span><\/li><li style=\"font-weight: 400;\" aria-level=\"1\"><span style=\"font-weight: 400;\">\u00cen cazul \u00een care nu a\u021bi adus deja <\/span><b>actele \u00een original<\/b><span style=\"font-weight: 400;\">, aduce\u021bi \u00een cursul lunii septembrie, cel t\u00e2rziu p\u00e2n\u0103 \u00een prima zi de facultate: Ce trebuie s\u0103 aduce\u021bi:<\/span><\/li><\/ol><ul><li style=\"font-weight: 400;\" aria-level=\"1\"><b>diplomele de Bacalaureat<\/b><span style=\"font-weight: 400;\"> \u0219i <\/span><b>foaia matricol\u0103 de liceu<\/b><span style=\"font-weight: 400;\"> &#8211; \u00een original \u0219i copii; noi vom autentifica copiile \u00een baza documentelor originale; actele originale vor r\u0103m\u00e2ne \u00een posesia dumneavoastr\u0103<\/span><\/li><\/ul><ul><li style=\"font-weight: 400;\" aria-level=\"1\"><span style=\"font-weight: 400;\">adeverin\u021ba medical\u0103 \u0219i pozele tip diplom\u0103 &#8211; se las\u0103 la dosar \u00een original<\/span><\/li><\/ul><ul><li style=\"font-weight: 400;\" aria-level=\"1\"><span style=\"font-weight: 400;\">copii dup\u0103 documentele de identitate (CI \u0219i CN)<\/span><\/li><\/ul><p><span style=\"font-weight: 400;\">\u00cen cursul lunii septembrie, pe adresa de e-mail pe care a\u021bi l\u0103sat-o \u00een platforma Enroll, ve\u021bi primi creden\u021bialele \u0219i informa\u021bii de utilizare pentru:<\/span><\/p><ul><li style=\"font-weight: 400;\" aria-level=\"1\"><span style=\"font-weight: 400;\">adresa de e-mail \u0219i contul de student.upt &#8211; aceast\u0103 adres\u0103 va deveni forma de coresponden\u021b\u0103 oficial\u0103 a universit\u0103\u021bii cu dvs. \u0219i, totodat\u0103, o platform\u0103 \u00een care ve\u021bi avea acces la informa\u021bii legate de taxele de studiu, dar \u0219i informa\u021bii administrative, comunicate de UPT<\/span><\/li><li style=\"font-weight: 400;\" aria-level=\"1\"><span style=\"font-weight: 400;\">datele de logare \u00een <a href=\"http:\/\/cv.upt.ro\" target=\"_blank\" rel=\"noopener\">Campusul Virtual UPT<\/a> &#8211; platforma dedicat\u0103 studen\u021bilor de la ID \u0219i IFR, prin intermediul c\u0103reia ve\u021bi avea acces la toate cursurile, ve\u021bi putea interac\u021biona cu colegii \u0219i cadrele didactice, ve\u021bi vedea \u0219i \u00eenc\u0103rca temele \u0219i notele \u0219i, totodat\u0103, ve\u021bi fi la curent cu ultimele nout\u0103\u021bi, afi\u0219ate pe avizierul virtual de c\u0103tre departamentul nostru<\/span><\/li><\/ul><p><span style=\"font-weight: 400;\">Structura anului universitar pentru anul 2024\/2025 este disponibil\u0103 aici,<\/span><\/p><p><span style=\"font-weight: 400;\">festivitatea de deschidere a anului universitar 2024\/2025 fiind programat\u0103 pe <strong>5 octombrie<\/strong>.<\/span><\/p><p><span style=\"font-weight: 400;\">V\u0103 dorim mult succes \u0219i v\u0103 st\u0103m la dispozi\u021bie pentru orice informa\u021bii suplimentare pe adresa <a href=\"mailto:contact@elearning.upt.ro\" target=\"_blank\" rel=\"noopener\">contact@elearning.upt.ro<\/a><\/span><\/p>\t\t\t\t\t\t\t\t<\/div>\n\t\t\t\t<\/div>\n\t\t\t\t\t<\/div>\n\t\t<\/div>\n\t\t\t\t\t<\/div>\n\t\t<\/section>\n\t\t\t\t<section class=\"elementor-section elementor-top-section elementor-element elementor-element-003445f elementor-section-boxed elementor-section-height-default elementor-section-height-default\" data-id=\"003445f\" data-element_type=\"section\" data-e-type=\"section\">\n\t\t\t\t\t\t<div class=\"elementor-container elementor-column-gap-default\">\n\t\t\t\t\t<div class=\"elementor-column elementor-col-100 elementor-top-column elementor-element elementor-element-9b90f95\" data-id=\"9b90f95\" data-element_type=\"column\" data-e-type=\"column\">\n\t\t\t<div class=\"elementor-widget-wrap elementor-element-populated\">\n\t\t\t\t\t\t<div class=\"elementor-element elementor-element-3f6ab21 elementor-button-info elementor-widget elementor-widget-button\" data-id=\"3f6ab21\" data-element_type=\"widget\" data-e-type=\"widget\" data-widget_type=\"button.default\">\n\t\t\t\t<div class=\"elementor-widget-container\">\n\t\t\t\t\t\t\t\t\t<div class=\"elementor-button-wrapper\">\n\t\t\t\t\t<a class=\"elementor-button elementor-button-link elementor-size-sm\" href=\"https:\/\/elearning.upt.ro\/ro\/noutati\/structura-anului-universitar-id-ifr-2024-2025\/\" target=\"_blank\">\n\t\t\t\t\t\t<span class=\"elementor-button-content-wrapper\">\n\t\t\t\t\t\t\t\t\t<span class=\"elementor-button-text\">Vezi AICI Structura anului universitar 2024-2025 \u0219i datele \u00eent\u00e2lnirilor<\/span>\n\t\t\t\t\t<\/span>\n\t\t\t\t\t<\/a>\n\t\t\t\t<\/div>\n\t\t\t\t\t\t\t\t<\/div>\n\t\t\t\t<\/div>\n\t\t\t\t\t<\/div>\n\t\t<\/div>\n\t\t\t\t\t<\/div>\n\t\t<\/section>\n\t\t\t\t<\/div>\n\t\t","protected":false},"excerpt":{"rendered":"<p>A\u021bi fost admis \u00een sesiunea de ADMITERE ID\/IFR 2024 din IULIE? Iat\u0103 care sunt pa\u0219ii pe care trebuie s\u0103 \u00eei urma\u021bi pentru a v\u0103 p\u0103stra locul \u0219i a deveni student la distan\u021b\u0103 \/ cu frecven\u021b\u0103 redus\u0103.<\/p>\n","protected":false},"author":13,"featured_media":26729,"comment_status":"closed","ping_status":"closed","sticky":false,"template":"","format":"standard","meta":{"footnotes":""},"categories":[76,251,77],"tags":[107,647,648,649],"class_list":["post-26728","post","type-post","status-publish","format-standard","has-post-thumbnail","hentry","category-educatie","category-noutati","category-noutati-educatie","tag-admitere","tag-informatii-admitere","tag-informatii-candidati-admisi-2024","tag-informatii-iulie-2024"],"yoast_head":"<!-- This site is optimized with the Yoast SEO plugin v27.4 - https:\/\/yoast.com\/product\/yoast-seo-wordpress\/ -->\n<title>Informa\u021bii pentru candida\u021bii admi\u0219i la ID\/IFR \u00een sesiunea IULIE 2024 - Universitatea Politehnica Timi\u015foara Departamentul de ID\/IFR \u0219i Educa\u021bie Digital\u0103 \u2013 DeL<\/title>\n<meta name=\"robots\" content=\"index, follow, max-snippet:-1, max-image-preview:large, max-video-preview:-1\" \/>\n<link rel=\"canonical\" href=\"https:\/\/elearning.upt.ro\/ro\/educatie\/informatii-pentru-candidatii-admisi-la-id-ifr-in-sesiunea-iulie-2024\/\" \/>\n<meta property=\"og:locale\" content=\"ro_RO\" \/>\n<meta property=\"og:type\" content=\"article\" \/>\n<meta property=\"og:title\" content=\"Informa\u021bii pentru candida\u021bii admi\u0219i la ID\/IFR \u00een sesiunea IULIE 2024 - Universitatea Politehnica Timi\u015foara Departamentul de ID\/IFR \u0219i Educa\u021bie Digital\u0103 \u2013 DeL\" \/>\n<meta property=\"og:description\" content=\"A\u021bi fost admis \u00een sesiunea de ADMITERE ID\/IFR 2024 din IULIE? Iat\u0103 care sunt pa\u0219ii pe care trebuie s\u0103 \u00eei urma\u021bi pentru a v\u0103 p\u0103stra locul \u0219i a deveni student la distan\u021b\u0103 \/ cu frecven\u021b\u0103 redus\u0103.\" \/>\n<meta property=\"og:url\" content=\"https:\/\/elearning.upt.ro\/ro\/educatie\/informatii-pentru-candidatii-admisi-la-id-ifr-in-sesiunea-iulie-2024\/\" \/>\n<meta property=\"og:site_name\" content=\"Universitatea Politehnica Timi\u015foara Departamentul de ID\/IFR \u0219i Educa\u021bie Digital\u0103 \u2013 DeL\" \/>\n<meta property=\"article:publisher\" content=\"https:\/\/www.facebook.com\/CIDUPT\/?ref=page_internal\" \/>\n<meta property=\"article:published_time\" content=\"2024-07-31T15:12:55+00:00\" \/>\n<meta property=\"article:modified_time\" content=\"2025-06-10T12:35:54+00:00\" \/>\n<meta property=\"og:image\" content=\"https:\/\/elearning.upt.ro\/wp-content\/uploads\/2024\/07\/Atentie_1-2.jpg\" \/>\n\t<meta property=\"og:image:width\" content=\"1080\" \/>\n\t<meta property=\"og:image:height\" content=\"1080\" \/>\n\t<meta property=\"og:image:type\" content=\"image\/jpeg\" \/>\n<meta name=\"author\" content=\"CeL\" \/>\n<meta name=\"twitter:card\" content=\"summary_large_image\" \/>\n<meta name=\"twitter:label1\" content=\"Written by\" \/>\n\t<meta name=\"twitter:data1\" content=\"CeL\" \/>\n\t<meta name=\"twitter:label2\" content=\"Est. reading time\" \/>\n\t<meta name=\"twitter:data2\" content=\"2 minutes\" \/>\n<script type=\"application\/ld+json\" class=\"yoast-schema-graph\">{\"@context\":\"https:\\\/\\\/schema.org\",\"@graph\":[{\"@type\":\"Article\",\"@id\":\"https:\\\/\\\/elearning.upt.ro\\\/educatie\\\/informatii-pentru-candidatii-admisi-la-id-ifr-in-sesiunea-iulie-2024\\\/#article\",\"isPartOf\":{\"@id\":\"https:\\\/\\\/elearning.upt.ro\\\/educatie\\\/informatii-pentru-candidatii-admisi-la-id-ifr-in-sesiunea-iulie-2024\\\/\"},\"author\":{\"name\":\"CeL\",\"@id\":\"https:\\\/\\\/elearning.upt.ro\\\/ro\\\/#\\\/schema\\\/person\\\/8bb5b84d8e634ea763262c452a39b3f4\"},\"headline\":\"Informa\u021bii pentru candida\u021bii admi\u0219i la ID\\\/IFR \u00een sesiunea IULIE 2024\",\"datePublished\":\"2024-07-31T15:12:55+00:00\",\"dateModified\":\"2025-06-10T12:35:54+00:00\",\"mainEntityOfPage\":{\"@id\":\"https:\\\/\\\/elearning.upt.ro\\\/educatie\\\/informatii-pentru-candidatii-admisi-la-id-ifr-in-sesiunea-iulie-2024\\\/\"},\"wordCount\":369,\"image\":{\"@id\":\"https:\\\/\\\/elearning.upt.ro\\\/educatie\\\/informatii-pentru-candidatii-admisi-la-id-ifr-in-sesiunea-iulie-2024\\\/#primaryimage\"},\"thumbnailUrl\":\"https:\\\/\\\/elearning.upt.ro\\\/wp-content\\\/uploads\\\/2024\\\/07\\\/Atentie_1-2.jpg\",\"keywords\":[\"admitere\",\"informatii admitere\",\"informatii candidati admisi 2024\",\"informatii iulie 2024\"],\"articleSection\":[\"Educatie\",\"Noutati\",\"Noutati Educatie\"],\"inLanguage\":\"ro-RO\"},{\"@type\":\"WebPage\",\"@id\":\"https:\\\/\\\/elearning.upt.ro\\\/educatie\\\/informatii-pentru-candidatii-admisi-la-id-ifr-in-sesiunea-iulie-2024\\\/\",\"url\":\"https:\\\/\\\/elearning.upt.ro\\\/educatie\\\/informatii-pentru-candidatii-admisi-la-id-ifr-in-sesiunea-iulie-2024\\\/\",\"name\":\"Informa\u021bii pentru candida\u021bii admi\u0219i la ID\\\/IFR \u00een sesiunea IULIE 2024 - Universitatea Politehnica Timi\u015foara Departamentul de ID\\\/IFR \u0219i Educa\u021bie Digital\u0103 \u2013 DeL\",\"isPartOf\":{\"@id\":\"https:\\\/\\\/elearning.upt.ro\\\/ro\\\/#website\"},\"primaryImageOfPage\":{\"@id\":\"https:\\\/\\\/elearning.upt.ro\\\/educatie\\\/informatii-pentru-candidatii-admisi-la-id-ifr-in-sesiunea-iulie-2024\\\/#primaryimage\"},\"image\":{\"@id\":\"https:\\\/\\\/elearning.upt.ro\\\/educatie\\\/informatii-pentru-candidatii-admisi-la-id-ifr-in-sesiunea-iulie-2024\\\/#primaryimage\"},\"thumbnailUrl\":\"https:\\\/\\\/elearning.upt.ro\\\/wp-content\\\/uploads\\\/2024\\\/07\\\/Atentie_1-2.jpg\",\"datePublished\":\"2024-07-31T15:12:55+00:00\",\"dateModified\":\"2025-06-10T12:35:54+00:00\",\"author\":{\"@id\":\"https:\\\/\\\/elearning.upt.ro\\\/ro\\\/#\\\/schema\\\/person\\\/8bb5b84d8e634ea763262c452a39b3f4\"},\"breadcrumb\":{\"@id\":\"https:\\\/\\\/elearning.upt.ro\\\/educatie\\\/informatii-pentru-candidatii-admisi-la-id-ifr-in-sesiunea-iulie-2024\\\/#breadcrumb\"},\"inLanguage\":\"ro-RO\",\"potentialAction\":[{\"@type\":\"ReadAction\",\"target\":[\"https:\\\/\\\/elearning.upt.ro\\\/educatie\\\/informatii-pentru-candidatii-admisi-la-id-ifr-in-sesiunea-iulie-2024\\\/\"]}]},{\"@type\":\"ImageObject\",\"inLanguage\":\"ro-RO\",\"@id\":\"https:\\\/\\\/elearning.upt.ro\\\/educatie\\\/informatii-pentru-candidatii-admisi-la-id-ifr-in-sesiunea-iulie-2024\\\/#primaryimage\",\"url\":\"https:\\\/\\\/elearning.upt.ro\\\/wp-content\\\/uploads\\\/2024\\\/07\\\/Atentie_1-2.jpg\",\"contentUrl\":\"https:\\\/\\\/elearning.upt.ro\\\/wp-content\\\/uploads\\\/2024\\\/07\\\/Atentie_1-2.jpg\",\"width\":1080,\"height\":1080},{\"@type\":\"BreadcrumbList\",\"@id\":\"https:\\\/\\\/elearning.upt.ro\\\/educatie\\\/informatii-pentru-candidatii-admisi-la-id-ifr-in-sesiunea-iulie-2024\\\/#breadcrumb\",\"itemListElement\":[{\"@type\":\"ListItem\",\"position\":1,\"name\":\"Home\",\"item\":\"https:\\\/\\\/elearning.upt.ro\\\/\"},{\"@type\":\"ListItem\",\"position\":2,\"name\":\"Informa\u021bii pentru candida\u021bii admi\u0219i la ID\\\/IFR \u00een sesiunea IULIE 2024\"}]},{\"@type\":\"WebSite\",\"@id\":\"https:\\\/\\\/elearning.upt.ro\\\/ro\\\/#website\",\"url\":\"https:\\\/\\\/elearning.upt.ro\\\/ro\\\/\",\"name\":\"Universitatea Politehnica Timi\u015foara Departamentul de ID\\\/IFR \u0219i Educa\u021bie Digital\u0103 \u2013 DeL\",\"description\":\"\",\"potentialAction\":[{\"@type\":\"SearchAction\",\"target\":{\"@type\":\"EntryPoint\",\"urlTemplate\":\"https:\\\/\\\/elearning.upt.ro\\\/ro\\\/?s={search_term_string}\"},\"query-input\":{\"@type\":\"PropertyValueSpecification\",\"valueRequired\":true,\"valueName\":\"search_term_string\"}}],\"inLanguage\":\"ro-RO\"},{\"@type\":\"Person\",\"@id\":\"https:\\\/\\\/elearning.upt.ro\\\/ro\\\/#\\\/schema\\\/person\\\/8bb5b84d8e634ea763262c452a39b3f4\",\"name\":\"CeL\",\"image\":{\"@type\":\"ImageObject\",\"inLanguage\":\"ro-RO\",\"@id\":\"https:\\\/\\\/secure.gravatar.com\\\/avatar\\\/9b67430c18ee40ef4a63a577131abb63a54ca1b5fbb5ec183bcc2003d846a51f?s=96&d=mm&r=g\",\"url\":\"https:\\\/\\\/secure.gravatar.com\\\/avatar\\\/9b67430c18ee40ef4a63a577131abb63a54ca1b5fbb5ec183bcc2003d846a51f?s=96&d=mm&r=g\",\"contentUrl\":\"https:\\\/\\\/secure.gravatar.com\\\/avatar\\\/9b67430c18ee40ef4a63a577131abb63a54ca1b5fbb5ec183bcc2003d846a51f?s=96&d=mm&r=g\",\"caption\":\"CeL\"},\"url\":\"https:\\\/\\\/elearning.upt.ro\\\/ro\\\/author\\\/renateiovi\\\/\"}]}<\/script>\n<!-- \/ Yoast SEO plugin. -->","yoast_head_json":{"title":"Informa\u021bii pentru candida\u021bii admi\u0219i la ID\/IFR \u00een sesiunea IULIE 2024 - Universitatea Politehnica Timi\u015foara Departamentul de ID\/IFR \u0219i Educa\u021bie Digital\u0103 \u2013 DeL","robots":{"index":"index","follow":"follow","max-snippet":"max-snippet:-1","max-image-preview":"max-image-preview:large","max-video-preview":"max-video-preview:-1"},"canonical":"https:\/\/elearning.upt.ro\/ro\/educatie\/informatii-pentru-candidatii-admisi-la-id-ifr-in-sesiunea-iulie-2024\/","og_locale":"ro_RO","og_type":"article","og_title":"Informa\u021bii pentru candida\u021bii admi\u0219i la ID\/IFR \u00een sesiunea IULIE 2024 - Universitatea Politehnica Timi\u015foara Departamentul de ID\/IFR \u0219i Educa\u021bie Digital\u0103 \u2013 DeL","og_description":"A\u021bi fost admis \u00een sesiunea de ADMITERE ID\/IFR 2024 din IULIE? Iat\u0103 care sunt pa\u0219ii pe care trebuie s\u0103 \u00eei urma\u021bi pentru a v\u0103 p\u0103stra locul \u0219i a deveni student la distan\u021b\u0103 \/ cu frecven\u021b\u0103 redus\u0103.","og_url":"https:\/\/elearning.upt.ro\/ro\/educatie\/informatii-pentru-candidatii-admisi-la-id-ifr-in-sesiunea-iulie-2024\/","og_site_name":"Universitatea Politehnica Timi\u015foara Departamentul de ID\/IFR \u0219i Educa\u021bie Digital\u0103 \u2013 DeL","article_publisher":"https:\/\/www.facebook.com\/CIDUPT\/?ref=page_internal","article_published_time":"2024-07-31T15:12:55+00:00","article_modified_time":"2025-06-10T12:35:54+00:00","og_image":[{"width":1080,"height":1080,"url":"https:\/\/elearning.upt.ro\/wp-content\/uploads\/2024\/07\/Atentie_1-2.jpg","type":"image\/jpeg"}],"author":"CeL","twitter_card":"summary_large_image","twitter_misc":{"Written by":"CeL","Est. reading time":"2 minutes"},"schema":{"@context":"https:\/\/schema.org","@graph":[{"@type":"Article","@id":"https:\/\/elearning.upt.ro\/educatie\/informatii-pentru-candidatii-admisi-la-id-ifr-in-sesiunea-iulie-2024\/#article","isPartOf":{"@id":"https:\/\/elearning.upt.ro\/educatie\/informatii-pentru-candidatii-admisi-la-id-ifr-in-sesiunea-iulie-2024\/"},"author":{"name":"CeL","@id":"https:\/\/elearning.upt.ro\/ro\/#\/schema\/person\/8bb5b84d8e634ea763262c452a39b3f4"},"headline":"Informa\u021bii pentru candida\u021bii admi\u0219i la ID\/IFR \u00een sesiunea IULIE 2024","datePublished":"2024-07-31T15:12:55+00:00","dateModified":"2025-06-10T12:35:54+00:00","mainEntityOfPage":{"@id":"https:\/\/elearning.upt.ro\/educatie\/informatii-pentru-candidatii-admisi-la-id-ifr-in-sesiunea-iulie-2024\/"},"wordCount":369,"image":{"@id":"https:\/\/elearning.upt.ro\/educatie\/informatii-pentru-candidatii-admisi-la-id-ifr-in-sesiunea-iulie-2024\/#primaryimage"},"thumbnailUrl":"https:\/\/elearning.upt.ro\/wp-content\/uploads\/2024\/07\/Atentie_1-2.jpg","keywords":["admitere","informatii admitere","informatii candidati admisi 2024","informatii iulie 2024"],"articleSection":["Educatie","Noutati","Noutati Educatie"],"inLanguage":"ro-RO"},{"@type":"WebPage","@id":"https:\/\/elearning.upt.ro\/educatie\/informatii-pentru-candidatii-admisi-la-id-ifr-in-sesiunea-iulie-2024\/","url":"https:\/\/elearning.upt.ro\/educatie\/informatii-pentru-candidatii-admisi-la-id-ifr-in-sesiunea-iulie-2024\/","name":"Informa\u021bii pentru candida\u021bii admi\u0219i la ID\/IFR \u00een sesiunea IULIE 2024 - Universitatea Politehnica Timi\u015foara Departamentul de ID\/IFR \u0219i Educa\u021bie Digital\u0103 \u2013 DeL","isPartOf":{"@id":"https:\/\/elearning.upt.ro\/ro\/#website"},"primaryImageOfPage":{"@id":"https:\/\/elearning.upt.ro\/educatie\/informatii-pentru-candidatii-admisi-la-id-ifr-in-sesiunea-iulie-2024\/#primaryimage"},"image":{"@id":"https:\/\/elearning.upt.ro\/educatie\/informatii-pentru-candidatii-admisi-la-id-ifr-in-sesiunea-iulie-2024\/#primaryimage"},"thumbnailUrl":"https:\/\/elearning.upt.ro\/wp-content\/uploads\/2024\/07\/Atentie_1-2.jpg","datePublished":"2024-07-31T15:12:55+00:00","dateModified":"2025-06-10T12:35:54+00:00","author":{"@id":"https:\/\/elearning.upt.ro\/ro\/#\/schema\/person\/8bb5b84d8e634ea763262c452a39b3f4"},"breadcrumb":{"@id":"https:\/\/elearning.upt.ro\/educatie\/informatii-pentru-candidatii-admisi-la-id-ifr-in-sesiunea-iulie-2024\/#breadcrumb"},"inLanguage":"ro-RO","potentialAction":[{"@type":"ReadAction","target":["https:\/\/elearning.upt.ro\/educatie\/informatii-pentru-candidatii-admisi-la-id-ifr-in-sesiunea-iulie-2024\/"]}]},{"@type":"ImageObject","inLanguage":"ro-RO","@id":"https:\/\/elearning.upt.ro\/educatie\/informatii-pentru-candidatii-admisi-la-id-ifr-in-sesiunea-iulie-2024\/#primaryimage","url":"https:\/\/elearning.upt.ro\/wp-content\/uploads\/2024\/07\/Atentie_1-2.jpg","contentUrl":"https:\/\/elearning.upt.ro\/wp-content\/uploads\/2024\/07\/Atentie_1-2.jpg","width":1080,"height":1080},{"@type":"BreadcrumbList","@id":"https:\/\/elearning.upt.ro\/educatie\/informatii-pentru-candidatii-admisi-la-id-ifr-in-sesiunea-iulie-2024\/#breadcrumb","itemListElement":[{"@type":"ListItem","position":1,"name":"Home","item":"https:\/\/elearning.upt.ro\/"},{"@type":"ListItem","position":2,"name":"Informa\u021bii pentru candida\u021bii admi\u0219i la ID\/IFR \u00een sesiunea IULIE 2024"}]},{"@type":"WebSite","@id":"https:\/\/elearning.upt.ro\/ro\/#website","url":"https:\/\/elearning.upt.ro\/ro\/","name":"Universitatea Politehnica Timi\u015foara Departamentul de ID\/IFR \u0219i Educa\u021bie Digital\u0103 \u2013 DeL","description":"","potentialAction":[{"@type":"SearchAction","target":{"@type":"EntryPoint","urlTemplate":"https:\/\/elearning.upt.ro\/ro\/?s={search_term_string}"},"query-input":{"@type":"PropertyValueSpecification","valueRequired":true,"valueName":"search_term_string"}}],"inLanguage":"ro-RO"},{"@type":"Person","@id":"https:\/\/elearning.upt.ro\/ro\/#\/schema\/person\/8bb5b84d8e634ea763262c452a39b3f4","name":"CeL","image":{"@type":"ImageObject","inLanguage":"ro-RO","@id":"https:\/\/secure.gravatar.com\/avatar\/9b67430c18ee40ef4a63a577131abb63a54ca1b5fbb5ec183bcc2003d846a51f?s=96&d=mm&r=g","url":"https:\/\/secure.gravatar.com\/avatar\/9b67430c18ee40ef4a63a577131abb63a54ca1b5fbb5ec183bcc2003d846a51f?s=96&d=mm&r=g","contentUrl":"https:\/\/secure.gravatar.com\/avatar\/9b67430c18ee40ef4a63a577131abb63a54ca1b5fbb5ec183bcc2003d846a51f?s=96&d=mm&r=g","caption":"CeL"},"url":"https:\/\/elearning.upt.ro\/ro\/author\/renateiovi\/"}]}},"_links":{"self":[{"href":"https:\/\/elearning.upt.ro\/ro\/wp-json\/wp\/v2\/posts\/26728","targetHints":{"allow":["GET"]}}],"collection":[{"href":"https:\/\/elearning.upt.ro\/ro\/wp-json\/wp\/v2\/posts"}],"about":[{"href":"https:\/\/elearning.upt.ro\/ro\/wp-json\/wp\/v2\/types\/post"}],"author":[{"embeddable":true,"href":"https:\/\/elearning.upt.ro\/ro\/wp-json\/wp\/v2\/users\/13"}],"replies":[{"embeddable":true,"href":"https:\/\/elearning.upt.ro\/ro\/wp-json\/wp\/v2\/comments?post=26728"}],"version-history":[{"count":9,"href":"https:\/\/elearning.upt.ro\/ro\/wp-json\/wp\/v2\/posts\/26728\/revisions"}],"predecessor-version":[{"id":26739,"href":"https:\/\/elearning.upt.ro\/ro\/wp-json\/wp\/v2\/posts\/26728\/revisions\/26739"}],"wp:featuredmedia":[{"embeddable":true,"href":"https:\/\/elearning.upt.ro\/ro\/wp-json\/wp\/v2\/media\/26729"}],"wp:attachment":[{"href":"https:\/\/elearning.upt.ro\/ro\/wp-json\/wp\/v2\/media?parent=26728"}],"wp:term":[{"taxonomy":"category","embeddable":true,"href":"https:\/\/elearning.upt.ro\/ro\/wp-json\/wp\/v2\/categories?post=26728"},{"taxonomy":"post_tag","embeddable":true,"href":"https:\/\/elearning.upt.ro\/ro\/wp-json\/wp\/v2\/tags?post=26728"}],"curies":[{"name":"wp","href":"https:\/\/api.w.org\/{rel}","templated":true}]}}