{"id":26195,"date":"2024-05-15T10:04:08","date_gmt":"2024-05-15T07:04:08","guid":{"rendered":"https:\/\/elearning.upt.ro\/?p=26195"},"modified":"2024-05-15T10:08:20","modified_gmt":"2024-05-15T07:08:20","slug":"vino-la-noaptea-europeana-a-muzeelor-2024-8211-de-la-mecipt-la-vr","status":"publish","type":"post","link":"https:\/\/elearning.upt.ro\/ro\/comunitate\/vino-la-noaptea-europeana-a-muzeelor-2024-8211-de-la-mecipt-la-vr\/","title":{"rendered":"Vino la Noaptea European\u0103 a Muzeelor 2024 &#8211; De la MECIPT la VR"},"content":{"rendered":"\t\t<div data-elementor-type=\"wp-post\" data-elementor-id=\"26195\" class=\"elementor elementor-26195\">\n\t\t\t\t\t\t<section class=\"elementor-section elementor-top-section elementor-element elementor-element-98698dc elementor-section-boxed elementor-section-height-default elementor-section-height-default\" data-id=\"98698dc\" data-element_type=\"section\" data-e-type=\"section\">\n\t\t\t\t\t\t<div class=\"elementor-container elementor-column-gap-default\">\n\t\t\t\t\t<div class=\"elementor-column elementor-col-100 elementor-top-column elementor-element elementor-element-04befa7\" data-id=\"04befa7\" data-element_type=\"column\" data-e-type=\"column\">\n\t\t\t<div class=\"elementor-widget-wrap elementor-element-populated\">\n\t\t\t\t\t\t<div class=\"elementor-element elementor-element-c57e867 elementor-widget elementor-widget-text-editor\" data-id=\"c57e867\" data-element_type=\"widget\" data-e-type=\"widget\" data-widget_type=\"text-editor.default\">\n\t\t\t\t<div class=\"elementor-widget-container\">\n\t\t\t\t\t\t\t\t\t<p><span style=\"font-weight: 400;\">Pe 18 mai 2024, Universitatea Politehnica Timi\u0219oara, al\u0103turi de Departamentul ID\/IFR \u0219i Educa\u021bie digital\u0103, Centrul Multimedia \u0219i \u00eempreun\u0103 cu proiectul cultural Spotlight Heritage Timi\u0219oara te invit\u0103 la ce-a de-a 20 edi\u021bie a evenimentului Noaptea European\u0103 a Muzeelor!<\/span><\/p>\t\t\t\t\t\t\t\t<\/div>\n\t\t\t\t<\/div>\n\t\t\t\t\t<\/div>\n\t\t<\/div>\n\t\t\t\t\t<\/div>\n\t\t<\/section>\n\t\t\t\t<section class=\"elementor-section elementor-top-section elementor-element elementor-element-3c6ca24 elementor-section-boxed elementor-section-height-default elementor-section-height-default\" data-id=\"3c6ca24\" data-element_type=\"section\" data-e-type=\"section\">\n\t\t\t\t\t\t<div class=\"elementor-container elementor-column-gap-default\">\n\t\t\t\t\t<div class=\"elementor-column elementor-col-100 elementor-top-column elementor-element elementor-element-9756aae\" data-id=\"9756aae\" data-element_type=\"column\" data-e-type=\"column\">\n\t\t\t<div class=\"elementor-widget-wrap elementor-element-populated\">\n\t\t\t\t\t\t<div class=\"elementor-element elementor-element-436053b elementor-widget elementor-widget-image\" data-id=\"436053b\" data-element_type=\"widget\" data-e-type=\"widget\" data-widget_type=\"image.default\">\n\t\t\t\t<div class=\"elementor-widget-container\">\n\t\t\t\t\t\t\t\t\t\t\t\t\t\t\t<img fetchpriority=\"high\" decoding=\"async\" width=\"768\" height=\"432\" src=\"https:\/\/elearning.upt.ro\/wp-content\/uploads\/2024\/05\/SH_Noaptea-Muzeelor_2024_TM2023-768x432.jpg\" class=\"attachment-medium_large size-medium_large wp-image-26199\" alt=\"\" srcset=\"https:\/\/elearning.upt.ro\/wp-content\/uploads\/2024\/05\/SH_Noaptea-Muzeelor_2024_TM2023-768x432.jpg 768w, https:\/\/elearning.upt.ro\/wp-content\/uploads\/2024\/05\/SH_Noaptea-Muzeelor_2024_TM2023-300x169.jpg 300w, https:\/\/elearning.upt.ro\/wp-content\/uploads\/2024\/05\/SH_Noaptea-Muzeelor_2024_TM2023-1024x576.jpg 1024w, https:\/\/elearning.upt.ro\/wp-content\/uploads\/2024\/05\/SH_Noaptea-Muzeelor_2024_TM2023-1536x864.jpg 1536w, https:\/\/elearning.upt.ro\/wp-content\/uploads\/2024\/05\/SH_Noaptea-Muzeelor_2024_TM2023-18x10.jpg 18w, https:\/\/elearning.upt.ro\/wp-content\/uploads\/2024\/05\/SH_Noaptea-Muzeelor_2024_TM2023-255x143.jpg 255w, https:\/\/elearning.upt.ro\/wp-content\/uploads\/2024\/05\/SH_Noaptea-Muzeelor_2024_TM2023.jpg 1920w\" sizes=\"(max-width: 768px) 100vw, 768px\" \/>\t\t\t\t\t\t\t\t\t\t\t\t\t\t\t<\/div>\n\t\t\t\t<\/div>\n\t\t\t\t\t<\/div>\n\t\t<\/div>\n\t\t\t\t\t<\/div>\n\t\t<\/section>\n\t\t\t\t<section class=\"elementor-section elementor-top-section elementor-element elementor-element-396ae94 elementor-section-boxed elementor-section-height-default elementor-section-height-default\" data-id=\"396ae94\" data-element_type=\"section\" data-e-type=\"section\">\n\t\t\t\t\t\t<div class=\"elementor-container elementor-column-gap-default\">\n\t\t\t\t\t<div class=\"elementor-column elementor-col-100 elementor-top-column elementor-element elementor-element-23623b5\" data-id=\"23623b5\" data-element_type=\"column\" data-e-type=\"column\">\n\t\t\t<div class=\"elementor-widget-wrap elementor-element-populated\">\n\t\t\t\t\t\t<div class=\"elementor-element elementor-element-f12af5b elementor-widget elementor-widget-text-editor\" data-id=\"f12af5b\" data-element_type=\"widget\" data-e-type=\"widget\" data-widget_type=\"text-editor.default\">\n\t\t\t\t<div class=\"elementor-widget-container\">\n\t\t\t\t\t\t\t\t\t<p><b>Muzeul Tehnic UPT<\/b><span style=\"font-weight: 400;\"> (Splaiul Spiru Haret &#8211; Experimentarium TM) prinde via\u021b\u0103 \u0219i aduce publicului o serie de instala\u021bii digitale unice, realizate de c\u0103tre arti\u0219ti, colaboratori, studen\u021bi \u0219i profesori ai UPT pentru Timi\u0219oara! \u00cencep\u00e2nd cu <\/span><b>ora 16:00 p\u00e2n\u0103 la ora 22:00, <\/b><span style=\"font-weight: 400;\">vino s\u0103 descoperi istoria tehnologiei informa\u021bionale, de la primele calculatoare la realitatea virtual\u0103.<\/span><b> Intrarea este gratuit\u0103!<\/b><\/p>\t\t\t\t\t\t\t\t<\/div>\n\t\t\t\t<\/div>\n\t\t\t\t\t<\/div>\n\t\t<\/div>\n\t\t\t\t\t<\/div>\n\t\t<\/section>\n\t\t\t\t<section class=\"elementor-section elementor-top-section elementor-element elementor-element-d2e7f73 elementor-section-boxed elementor-section-height-default elementor-section-height-default\" data-id=\"d2e7f73\" data-element_type=\"section\" data-e-type=\"section\">\n\t\t\t\t\t\t<div class=\"elementor-container elementor-column-gap-default\">\n\t\t\t\t\t<div class=\"elementor-column elementor-col-100 elementor-top-column elementor-element elementor-element-6080788\" data-id=\"6080788\" data-element_type=\"column\" data-e-type=\"column\">\n\t\t\t<div class=\"elementor-widget-wrap elementor-element-populated\">\n\t\t\t\t\t\t<div class=\"elementor-element elementor-element-6b63588 elementor-button-info elementor-align-center elementor-widget elementor-widget-button\" data-id=\"6b63588\" data-element_type=\"widget\" data-e-type=\"widget\" data-widget_type=\"button.default\">\n\t\t\t\t<div class=\"elementor-widget-container\">\n\t\t\t\t\t\t\t\t\t<div class=\"elementor-button-wrapper\">\n\t\t\t\t\t<a class=\"elementor-button elementor-button-link elementor-size-sm\" href=\"https:\/\/form.123formbuilder.com\/6650682\" target=\"_blank\">\n\t\t\t\t\t\t<span class=\"elementor-button-content-wrapper\">\n\t\t\t\t\t\t\t\t\t<span class=\"elementor-button-text\">Programeaz\u0103 \u0219i rezerv\u0103 un loc aici<\/span>\n\t\t\t\t\t<\/span>\n\t\t\t\t\t<\/a>\n\t\t\t\t<\/div>\n\t\t\t\t\t\t\t\t<\/div>\n\t\t\t\t<\/div>\n\t\t\t\t\t<\/div>\n\t\t<\/div>\n\t\t\t\t\t<\/div>\n\t\t<\/section>\n\t\t\t\t<section class=\"elementor-section elementor-top-section elementor-element elementor-element-6fb5e66 elementor-section-boxed elementor-section-height-default elementor-section-height-default\" data-id=\"6fb5e66\" data-element_type=\"section\" data-e-type=\"section\">\n\t\t\t\t\t\t<div class=\"elementor-container elementor-column-gap-default\">\n\t\t\t\t\t<div class=\"elementor-column elementor-col-100 elementor-top-column elementor-element elementor-element-33be26e\" data-id=\"33be26e\" data-element_type=\"column\" data-e-type=\"column\">\n\t\t\t<div class=\"elementor-widget-wrap elementor-element-populated\">\n\t\t\t\t\t\t<div class=\"elementor-element elementor-element-5619d99 elementor-widget elementor-widget-heading\" data-id=\"5619d99\" data-element_type=\"widget\" data-e-type=\"widget\" data-widget_type=\"heading.default\">\n\t\t\t\t<div class=\"elementor-widget-container\">\n\t\t\t\t\t<h2 class=\"elementor-heading-title elementor-size-default\">Ce po\u021bi descoperi:<\/h2>\t\t\t\t<\/div>\n\t\t\t\t<\/div>\n\t\t\t\t\t<\/div>\n\t\t<\/div>\n\t\t\t\t\t<\/div>\n\t\t<\/section>\n\t\t\t\t<section class=\"elementor-section elementor-top-section elementor-element elementor-element-6a1fcfe elementor-section-boxed elementor-section-height-default elementor-section-height-default\" data-id=\"6a1fcfe\" data-element_type=\"section\" data-e-type=\"section\">\n\t\t\t\t\t\t<div class=\"elementor-container elementor-column-gap-default\">\n\t\t\t\t\t<div class=\"elementor-column elementor-col-100 elementor-top-column elementor-element elementor-element-4ad5c49\" data-id=\"4ad5c49\" data-element_type=\"column\" data-e-type=\"column\">\n\t\t\t<div class=\"elementor-widget-wrap elementor-element-populated\">\n\t\t\t\t\t\t<div class=\"elementor-element elementor-element-76f2210 elementor-widget elementor-widget-text-editor\" data-id=\"76f2210\" data-element_type=\"widget\" data-e-type=\"widget\" data-widget_type=\"text-editor.default\">\n\t\t\t\t<div class=\"elementor-widget-container\">\n\t\t\t\t\t\t\t\t\t<ul><li style=\"font-weight: 400;\" aria-level=\"1\"><span style=\"font-weight: 400;\">Aplica\u021biile interactive de <\/span><b>edutainment din Patrimoniul sub reflectoare<\/b><span style=\"font-weight: 400;\">;<\/span><\/li><li style=\"font-weight: 400;\" aria-level=\"1\"><span style=\"font-weight: 400;\">Ultimele aplica\u021bii <\/span><a href=\"https:\/\/spotlight-timisoara.eu\/mobil-ar-vr\/\" target=\"_blank\" rel=\"noopener\"><b>Spotlight Heritage Timi\u0219oara<\/b><\/a><span style=\"font-weight: 400;\"><a href=\"_wp_link_placeholder\"> de realitate virtual\u0103 (VR) \u0219i realitate Mixt\u0103 (AR\/MR)<\/a> &#8211; interac\u021bioneaz\u0103 cu o lume real-virtual\u0103 complex\u0103, prin utilizarea tehnologiilor digitale de ultim\u0103 genera\u021bie care prezint\u0103 repere ale Timi\u0219oarei;<\/span><\/li><li style=\"font-weight: 400;\" aria-level=\"1\"><span style=\"font-weight: 400;\">\u00a0<\/span><b>Tipare ale Poeziei<\/b><span style=\"font-weight: 400;\">: descoper\u0103 Timi\u0219oara prin poezie \u0219i culoare (artist: Marius Jurca, 13m10j). Aceast\u0103 instala\u021bie este un proiect interactiv care are la baz\u0103 poezii create de scriitorul Robert \u0218erban, sub titlul \u201ePoeme despre Domni\u0219oara Timi\u0219oara&#8221;, parte din proiectul Patrimoniul sub reflectoare;<\/span><\/li><li style=\"font-weight: 400;\" aria-level=\"1\"><span style=\"font-weight: 400;\">Instala\u021bii digitale unice, ce combin\u0103 arta \u0219i tehnologia: <\/span><span style=\"font-weight: 400;\">\u00a0<\/span><ul><li style=\"font-weight: 400;\" aria-level=\"2\"><span style=\"font-weight: 400;\">\u00a0<\/span><span style=\"font-weight: 400;\">\ud835\udc0f\ud835\udc21\ud835\udc32\ud835\udc2c\ud835\udc22\ud835\udc1c \ud835\udc00\ud835\udc08 \ud835\udc06\ud835\udc1a\ud835\udc2b\ud835\udc1d\ud835\udc1e\ud835\udc27: o gr\u0103din\u0103 virtual\u0103 dinamic\u0103 cu plante \u0219i ciuperci virtuale (arti\u0219ti: Anna Dumitriu &amp; Alex May, \u00een colaborare cu CAPABLE Project \u0219i BioArt Revolution, organizat \u00een cadrul Romanian Science Festival) &#8211; descoper\u0103 o gr\u0103din\u0103 virtual\u0103 dinamic\u0103, \u00een care plante \u0219i ciuperci virtuale cresc \u0219i interac\u021bioneaz\u0103 unele cu altele \u0219i cum diferite medicamente pot afecta organismele organice, influen\u021b\u00e2ndu-le dezvoltarea;<\/span><\/li><\/ul><\/li><li style=\"font-weight: 400;\" aria-level=\"2\"><span style=\"font-weight: 400;\">Jocuri \u00een AR, prin care po\u021bi interac\u021biona cu obiecte din patrimoniul cultural al ora\u0219ului;<\/span><\/li><\/ul><ul><li style=\"font-weight: 400;\" aria-level=\"1\"><b>Istoria tehnologiilor informa\u021bionale<\/b><span style=\"font-weight: 400;\">: <\/span><b>viziteaz\u0103 MECIPT-1<\/b><span style=\"font-weight: 400;\">, primul calculator universitar din Rom\u00e2nia, dar \u0219i toate celelalte aparaturi tehnologice pentru a vedea cu proprii ochi evolu\u021bia tehnologic\u0103 a erei noastre;<\/span><\/li><\/ul>\t\t\t\t\t\t\t\t<\/div>\n\t\t\t\t<\/div>\n\t\t\t\t\t<\/div>\n\t\t<\/div>\n\t\t\t\t\t<\/div>\n\t\t<\/section>\n\t\t\t\t<section class=\"elementor-section elementor-top-section elementor-element elementor-element-6ad34e3 elementor-section-boxed elementor-section-height-default elementor-section-height-default\" data-id=\"6ad34e3\" data-element_type=\"section\" data-e-type=\"section\">\n\t\t\t\t\t\t<div class=\"elementor-container elementor-column-gap-default\">\n\t\t\t\t\t<div class=\"elementor-column elementor-col-100 elementor-top-column elementor-element elementor-element-ae78cbb\" data-id=\"ae78cbb\" data-element_type=\"column\" data-e-type=\"column\">\n\t\t\t<div class=\"elementor-widget-wrap elementor-element-populated\">\n\t\t\t\t\t\t<div class=\"elementor-element elementor-element-0e30a33 elementor-widget elementor-widget-text-editor\" data-id=\"0e30a33\" data-element_type=\"widget\" data-e-type=\"widget\" data-widget_type=\"text-editor.default\">\n\t\t\t\t<div class=\"elementor-widget-container\">\n\t\t\t\t\t\t\t\t\t<p><span style=\"font-weight: 400;\">Afl\u0103 unde a \u00eenceput totul \u0219i cum a ar\u0103tat primul calculator alfa numeric din mediul universitar din Rom\u00e2nia! Vino s\u0103 descoperi MECIPT-1, dar \u0219i evolu\u021biile tehnologiei \u00een Muzeul UPT! Evenimentul este conceput pentru a capta aten\u021bia tuturor, indiferent de v\u00e2rst\u0103, oferind o oportunitate excelent\u0103 de a \u00eenv\u0103\u021ba despre evolu\u021bia tehnologiei \u0219i impactul acesteia asupra societ\u0103\u021bii prin moduri neconven\u021bionale, \u00eembin\u0103nd mai multe domenii, medii \u0219i idei, cre\u00e2nd un univers de conexiuni \u0219i oportunit\u0103\u021bi pentru genera\u021biile viitoare.<\/span><\/p>\t\t\t\t\t\t\t\t<\/div>\n\t\t\t\t<\/div>\n\t\t\t\t\t<\/div>\n\t\t<\/div>\n\t\t\t\t\t<\/div>\n\t\t<\/section>\n\t\t\t\t<section class=\"elementor-section elementor-top-section elementor-element elementor-element-d5bc711 elementor-section-boxed elementor-section-height-default elementor-section-height-default\" data-id=\"d5bc711\" data-element_type=\"section\" data-e-type=\"section\">\n\t\t\t\t\t\t<div class=\"elementor-container elementor-column-gap-default\">\n\t\t\t\t\t<div class=\"elementor-column elementor-col-100 elementor-top-column elementor-element elementor-element-a115b9c\" data-id=\"a115b9c\" data-element_type=\"column\" data-e-type=\"column\">\n\t\t\t<div class=\"elementor-widget-wrap elementor-element-populated\">\n\t\t\t\t\t\t<div class=\"elementor-element elementor-element-f67472b elementor-widget elementor-widget-text-editor\" data-id=\"f67472b\" data-element_type=\"widget\" data-e-type=\"widget\" data-widget_type=\"text-editor.default\">\n\t\t\t\t<div class=\"elementor-widget-container\">\n\t\t\t\t\t\t\t\t\t<p><i><span style=\"font-weight: 400;\">Evenimentul Noaptea Muzeelor va fi organizat s\u00e2mb\u0103t\u0103, 18 mai, \u0219i va sta sub semnul cifrei 20. A\u0219teptat cu ner\u0103bdare \u00een fiecare an, mai ales de c\u0103tre publicul larg, Noaptea Muzeelor #20 se va desf\u0103\u0219ura pe tot parcursul zilei de 18 mai, p\u00e2n\u0103 t\u00e2rziu \u00een noapte, concomitent cu mai multe \u021b\u0103ri europene.<\/span><\/i><\/p>\t\t\t\t\t\t\t\t<\/div>\n\t\t\t\t<\/div>\n\t\t\t\t\t<\/div>\n\t\t<\/div>\n\t\t\t\t\t<\/div>\n\t\t<\/section>\n\t\t\t\t<section class=\"elementor-section elementor-top-section elementor-element elementor-element-2a009f8 elementor-section-boxed elementor-section-height-default elementor-section-height-default\" data-id=\"2a009f8\" data-element_type=\"section\" data-e-type=\"section\">\n\t\t\t\t\t\t<div class=\"elementor-container elementor-column-gap-default\">\n\t\t\t\t\t<div class=\"elementor-column elementor-col-100 elementor-top-column elementor-element elementor-element-0145666\" data-id=\"0145666\" data-element_type=\"column\" data-e-type=\"column\">\n\t\t\t<div class=\"elementor-widget-wrap elementor-element-populated\">\n\t\t\t\t\t\t<div class=\"elementor-element elementor-element-c26ae08 elementor-widget elementor-widget-text-editor\" data-id=\"c26ae08\" data-element_type=\"widget\" data-e-type=\"widget\" data-widget_type=\"text-editor.default\">\n\t\t\t\t<div class=\"elementor-widget-container\">\n\t\t\t\t\t\t\t\t\t<p><i><span style=\"font-weight: 400;\"><a href=\"https:\/\/spotlight-timisoara.eu\/\" target=\"_blank\" rel=\"noopener\">Spotlight Heritage Timi\u0219oara\/Patrimoniul sub reflectoare<\/a> este o ini\u021biativ\u0103 cultural\u0103 digital\u0103 a Universit\u0103\u021bii Politehnica Timi\u0219oara realizat\u0103 \u00een parteneriat cu Muzeul Na\u021bional al Banatului, parte a Programului Cultural Timi\u0219oara 2023 Capital\u0103 European\u0103 a Culturii. Proiect cultural co-finan\u021bat de Municipiul Timi\u0219oara prin Centrul de Proiecte, Consiliul Jude\u021bean Timi\u0219, Ministerul Culturii, EEA and Norway Grants.<\/span><\/i><\/p>\t\t\t\t\t\t\t\t<\/div>\n\t\t\t\t<\/div>\n\t\t\t\t\t<\/div>\n\t\t<\/div>\n\t\t\t\t\t<\/div>\n\t\t<\/section>\n\t\t\t\t<\/div>\n\t\t","protected":false},"excerpt":{"rendered":"<p>18 mai 2024, \u00eentre orele 16:00 &#8211; 22:00. Vino s\u0103 descoperi istoria tehnologiei informa\u021bionale, de la primele calculatoare, la realitatea virtual\u0103. Intrarea este gratuit\u0103!<\/p>\n","protected":false},"author":13,"featured_media":26196,"comment_status":"closed","ping_status":"closed","sticky":false,"template":"","format":"standard","meta":{"footnotes":""},"categories":[104,471,145,105],"tags":[608,624,623,622,625,626,607],"class_list":["post-26195","post","type-post","status-publish","format-standard","has-post-thumbnail","hentry","category-comunitate","category-evenimente","category-spotlight-heritage-timisoara","category-timisoara-2023","tag-ar","tag-centrul-multimedia","tag-mecipt","tag-noaptea-muzeelor-2024","tag-realitate-virtuala","tag-spotlight-heritaege-timisoara","tag-vr"],"yoast_head":"<!-- This site is optimized with the Yoast SEO plugin v27.4 - https:\/\/yoast.com\/product\/yoast-seo-wordpress\/ -->\n<title>Vino la Noaptea European\u0103 a Muzeelor 2024 &#8211; De la MECIPT la VR - Universitatea Politehnica Timi\u015foara Departamentul de ID\/IFR \u0219i Educa\u021bie Digital\u0103 \u2013 DeL<\/title>\n<meta name=\"robots\" content=\"index, follow, max-snippet:-1, max-image-preview:large, max-video-preview:-1\" \/>\n<link rel=\"canonical\" href=\"https:\/\/elearning.upt.ro\/ro\/comunitate\/vino-la-noaptea-europeana-a-muzeelor-2024-8211-de-la-mecipt-la-vr\/\" \/>\n<meta property=\"og:locale\" content=\"ro_RO\" \/>\n<meta property=\"og:type\" content=\"article\" \/>\n<meta property=\"og:title\" content=\"Vino la Noaptea European\u0103 a Muzeelor 2024 &#8211; De la MECIPT la VR - Universitatea Politehnica Timi\u015foara Departamentul de ID\/IFR \u0219i Educa\u021bie Digital\u0103 \u2013 DeL\" \/>\n<meta property=\"og:description\" content=\"18 mai 2024, \u00eentre orele 16:00 - 22:00. Vino s\u0103 descoperi istoria tehnologiei informa\u021bionale, de la primele calculatoare, la realitatea virtual\u0103. Intrarea este gratuit\u0103!\" \/>\n<meta property=\"og:url\" content=\"https:\/\/elearning.upt.ro\/ro\/comunitate\/vino-la-noaptea-europeana-a-muzeelor-2024-8211-de-la-mecipt-la-vr\/\" \/>\n<meta property=\"og:site_name\" content=\"Universitatea Politehnica Timi\u015foara Departamentul de ID\/IFR \u0219i Educa\u021bie Digital\u0103 \u2013 DeL\" \/>\n<meta property=\"article:publisher\" content=\"https:\/\/www.facebook.com\/CIDUPT\/?ref=page_internal\" \/>\n<meta property=\"article:published_time\" content=\"2024-05-15T07:04:08+00:00\" \/>\n<meta property=\"article:modified_time\" content=\"2024-05-15T07:08:20+00:00\" \/>\n<meta property=\"og:image\" content=\"https:\/\/elearning.upt.ro\/wp-content\/uploads\/2024\/05\/SH_Noaptea-Muzeelor_2024_Post.jpg\" \/>\n\t<meta property=\"og:image:width\" content=\"1080\" \/>\n\t<meta property=\"og:image:height\" content=\"1080\" \/>\n\t<meta property=\"og:image:type\" content=\"image\/jpeg\" \/>\n<meta name=\"author\" content=\"CeL\" \/>\n<meta name=\"twitter:card\" content=\"summary_large_image\" \/>\n<meta name=\"twitter:label1\" content=\"Written by\" \/>\n\t<meta name=\"twitter:data1\" content=\"CeL\" \/>\n\t<meta name=\"twitter:label2\" content=\"Est. reading time\" \/>\n\t<meta name=\"twitter:data2\" content=\"3 minutes\" \/>\n<script type=\"application\/ld+json\" class=\"yoast-schema-graph\">{\"@context\":\"https:\\\/\\\/schema.org\",\"@graph\":[{\"@type\":\"Article\",\"@id\":\"https:\\\/\\\/elearning.upt.ro\\\/ro\\\/comunitate\\\/vino-la-noaptea-europeana-a-muzeelor-2024-8211-de-la-mecipt-la-vr\\\/#article\",\"isPartOf\":{\"@id\":\"https:\\\/\\\/elearning.upt.ro\\\/ro\\\/comunitate\\\/vino-la-noaptea-europeana-a-muzeelor-2024-8211-de-la-mecipt-la-vr\\\/\"},\"author\":{\"name\":\"CeL\",\"@id\":\"https:\\\/\\\/elearning.upt.ro\\\/ro\\\/#\\\/schema\\\/person\\\/8bb5b84d8e634ea763262c452a39b3f4\"},\"headline\":\"Vino la Noaptea European\u0103 a Muzeelor 2024 &#8211; De la MECIPT la VR\",\"datePublished\":\"2024-05-15T07:04:08+00:00\",\"dateModified\":\"2024-05-15T07:08:20+00:00\",\"mainEntityOfPage\":{\"@id\":\"https:\\\/\\\/elearning.upt.ro\\\/ro\\\/comunitate\\\/vino-la-noaptea-europeana-a-muzeelor-2024-8211-de-la-mecipt-la-vr\\\/\"},\"wordCount\":537,\"image\":{\"@id\":\"https:\\\/\\\/elearning.upt.ro\\\/ro\\\/comunitate\\\/vino-la-noaptea-europeana-a-muzeelor-2024-8211-de-la-mecipt-la-vr\\\/#primaryimage\"},\"thumbnailUrl\":\"https:\\\/\\\/elearning.upt.ro\\\/wp-content\\\/uploads\\\/2024\\\/05\\\/SH_Noaptea-Muzeelor_2024_Post.jpg\",\"keywords\":[\"ar\",\"centrul multimedia\",\"mecipt\",\"noaptea muzeelor 2024\",\"realitate virtuala\",\"spotlight heritaege timisoara\",\"vr\"],\"articleSection\":[\"Comunitate\",\"Evenimente\",\"Spotlight Heritage Timi\u0219oara\",\"Timi\u0219oara 2023\"],\"inLanguage\":\"ro-RO\"},{\"@type\":\"WebPage\",\"@id\":\"https:\\\/\\\/elearning.upt.ro\\\/ro\\\/comunitate\\\/vino-la-noaptea-europeana-a-muzeelor-2024-8211-de-la-mecipt-la-vr\\\/\",\"url\":\"https:\\\/\\\/elearning.upt.ro\\\/ro\\\/comunitate\\\/vino-la-noaptea-europeana-a-muzeelor-2024-8211-de-la-mecipt-la-vr\\\/\",\"name\":\"Vino la Noaptea European\u0103 a Muzeelor 2024 &#8211; De la MECIPT la VR - Universitatea Politehnica Timi\u015foara Departamentul de ID\\\/IFR \u0219i Educa\u021bie Digital\u0103 \u2013 DeL\",\"isPartOf\":{\"@id\":\"https:\\\/\\\/elearning.upt.ro\\\/ro\\\/#website\"},\"primaryImageOfPage\":{\"@id\":\"https:\\\/\\\/elearning.upt.ro\\\/ro\\\/comunitate\\\/vino-la-noaptea-europeana-a-muzeelor-2024-8211-de-la-mecipt-la-vr\\\/#primaryimage\"},\"image\":{\"@id\":\"https:\\\/\\\/elearning.upt.ro\\\/ro\\\/comunitate\\\/vino-la-noaptea-europeana-a-muzeelor-2024-8211-de-la-mecipt-la-vr\\\/#primaryimage\"},\"thumbnailUrl\":\"https:\\\/\\\/elearning.upt.ro\\\/wp-content\\\/uploads\\\/2024\\\/05\\\/SH_Noaptea-Muzeelor_2024_Post.jpg\",\"datePublished\":\"2024-05-15T07:04:08+00:00\",\"dateModified\":\"2024-05-15T07:08:20+00:00\",\"author\":{\"@id\":\"https:\\\/\\\/elearning.upt.ro\\\/ro\\\/#\\\/schema\\\/person\\\/8bb5b84d8e634ea763262c452a39b3f4\"},\"breadcrumb\":{\"@id\":\"https:\\\/\\\/elearning.upt.ro\\\/ro\\\/comunitate\\\/vino-la-noaptea-europeana-a-muzeelor-2024-8211-de-la-mecipt-la-vr\\\/#breadcrumb\"},\"inLanguage\":\"ro-RO\",\"potentialAction\":[{\"@type\":\"ReadAction\",\"target\":[\"https:\\\/\\\/elearning.upt.ro\\\/ro\\\/comunitate\\\/vino-la-noaptea-europeana-a-muzeelor-2024-8211-de-la-mecipt-la-vr\\\/\"]}]},{\"@type\":\"ImageObject\",\"inLanguage\":\"ro-RO\",\"@id\":\"https:\\\/\\\/elearning.upt.ro\\\/ro\\\/comunitate\\\/vino-la-noaptea-europeana-a-muzeelor-2024-8211-de-la-mecipt-la-vr\\\/#primaryimage\",\"url\":\"https:\\\/\\\/elearning.upt.ro\\\/wp-content\\\/uploads\\\/2024\\\/05\\\/SH_Noaptea-Muzeelor_2024_Post.jpg\",\"contentUrl\":\"https:\\\/\\\/elearning.upt.ro\\\/wp-content\\\/uploads\\\/2024\\\/05\\\/SH_Noaptea-Muzeelor_2024_Post.jpg\",\"width\":1080,\"height\":1080},{\"@type\":\"BreadcrumbList\",\"@id\":\"https:\\\/\\\/elearning.upt.ro\\\/ro\\\/comunitate\\\/vino-la-noaptea-europeana-a-muzeelor-2024-8211-de-la-mecipt-la-vr\\\/#breadcrumb\",\"itemListElement\":[{\"@type\":\"ListItem\",\"position\":1,\"name\":\"Home\",\"item\":\"https:\\\/\\\/elearning.upt.ro\\\/\"},{\"@type\":\"ListItem\",\"position\":2,\"name\":\"Vino la Noaptea European\u0103 a Muzeelor 2024 &#8211; De la MECIPT la VR\"}]},{\"@type\":\"WebSite\",\"@id\":\"https:\\\/\\\/elearning.upt.ro\\\/ro\\\/#website\",\"url\":\"https:\\\/\\\/elearning.upt.ro\\\/ro\\\/\",\"name\":\"Universitatea Politehnica Timi\u015foara Departamentul de ID\\\/IFR \u0219i Educa\u021bie Digital\u0103 \u2013 DeL\",\"description\":\"\",\"potentialAction\":[{\"@type\":\"SearchAction\",\"target\":{\"@type\":\"EntryPoint\",\"urlTemplate\":\"https:\\\/\\\/elearning.upt.ro\\\/ro\\\/?s={search_term_string}\"},\"query-input\":{\"@type\":\"PropertyValueSpecification\",\"valueRequired\":true,\"valueName\":\"search_term_string\"}}],\"inLanguage\":\"ro-RO\"},{\"@type\":\"Person\",\"@id\":\"https:\\\/\\\/elearning.upt.ro\\\/ro\\\/#\\\/schema\\\/person\\\/8bb5b84d8e634ea763262c452a39b3f4\",\"name\":\"CeL\",\"image\":{\"@type\":\"ImageObject\",\"inLanguage\":\"ro-RO\",\"@id\":\"https:\\\/\\\/secure.gravatar.com\\\/avatar\\\/9b67430c18ee40ef4a63a577131abb63a54ca1b5fbb5ec183bcc2003d846a51f?s=96&d=mm&r=g\",\"url\":\"https:\\\/\\\/secure.gravatar.com\\\/avatar\\\/9b67430c18ee40ef4a63a577131abb63a54ca1b5fbb5ec183bcc2003d846a51f?s=96&d=mm&r=g\",\"contentUrl\":\"https:\\\/\\\/secure.gravatar.com\\\/avatar\\\/9b67430c18ee40ef4a63a577131abb63a54ca1b5fbb5ec183bcc2003d846a51f?s=96&d=mm&r=g\",\"caption\":\"CeL\"},\"url\":\"https:\\\/\\\/elearning.upt.ro\\\/ro\\\/author\\\/renateiovi\\\/\"}]}<\/script>\n<!-- \/ Yoast SEO plugin. -->","yoast_head_json":{"title":"Vino la Noaptea European\u0103 a Muzeelor 2024 &#8211; De la MECIPT la VR - Universitatea Politehnica Timi\u015foara Departamentul de ID\/IFR \u0219i Educa\u021bie Digital\u0103 \u2013 DeL","robots":{"index":"index","follow":"follow","max-snippet":"max-snippet:-1","max-image-preview":"max-image-preview:large","max-video-preview":"max-video-preview:-1"},"canonical":"https:\/\/elearning.upt.ro\/ro\/comunitate\/vino-la-noaptea-europeana-a-muzeelor-2024-8211-de-la-mecipt-la-vr\/","og_locale":"ro_RO","og_type":"article","og_title":"Vino la Noaptea European\u0103 a Muzeelor 2024 &#8211; De la MECIPT la VR - Universitatea Politehnica Timi\u015foara Departamentul de ID\/IFR \u0219i Educa\u021bie Digital\u0103 \u2013 DeL","og_description":"18 mai 2024, \u00eentre orele 16:00 - 22:00. Vino s\u0103 descoperi istoria tehnologiei informa\u021bionale, de la primele calculatoare, la realitatea virtual\u0103. Intrarea este gratuit\u0103!","og_url":"https:\/\/elearning.upt.ro\/ro\/comunitate\/vino-la-noaptea-europeana-a-muzeelor-2024-8211-de-la-mecipt-la-vr\/","og_site_name":"Universitatea Politehnica Timi\u015foara Departamentul de ID\/IFR \u0219i Educa\u021bie Digital\u0103 \u2013 DeL","article_publisher":"https:\/\/www.facebook.com\/CIDUPT\/?ref=page_internal","article_published_time":"2024-05-15T07:04:08+00:00","article_modified_time":"2024-05-15T07:08:20+00:00","og_image":[{"width":1080,"height":1080,"url":"https:\/\/elearning.upt.ro\/wp-content\/uploads\/2024\/05\/SH_Noaptea-Muzeelor_2024_Post.jpg","type":"image\/jpeg"}],"author":"CeL","twitter_card":"summary_large_image","twitter_misc":{"Written by":"CeL","Est. reading time":"3 minutes"},"schema":{"@context":"https:\/\/schema.org","@graph":[{"@type":"Article","@id":"https:\/\/elearning.upt.ro\/ro\/comunitate\/vino-la-noaptea-europeana-a-muzeelor-2024-8211-de-la-mecipt-la-vr\/#article","isPartOf":{"@id":"https:\/\/elearning.upt.ro\/ro\/comunitate\/vino-la-noaptea-europeana-a-muzeelor-2024-8211-de-la-mecipt-la-vr\/"},"author":{"name":"CeL","@id":"https:\/\/elearning.upt.ro\/ro\/#\/schema\/person\/8bb5b84d8e634ea763262c452a39b3f4"},"headline":"Vino la Noaptea European\u0103 a Muzeelor 2024 &#8211; De la MECIPT la VR","datePublished":"2024-05-15T07:04:08+00:00","dateModified":"2024-05-15T07:08:20+00:00","mainEntityOfPage":{"@id":"https:\/\/elearning.upt.ro\/ro\/comunitate\/vino-la-noaptea-europeana-a-muzeelor-2024-8211-de-la-mecipt-la-vr\/"},"wordCount":537,"image":{"@id":"https:\/\/elearning.upt.ro\/ro\/comunitate\/vino-la-noaptea-europeana-a-muzeelor-2024-8211-de-la-mecipt-la-vr\/#primaryimage"},"thumbnailUrl":"https:\/\/elearning.upt.ro\/wp-content\/uploads\/2024\/05\/SH_Noaptea-Muzeelor_2024_Post.jpg","keywords":["ar","centrul multimedia","mecipt","noaptea muzeelor 2024","realitate virtuala","spotlight heritaege timisoara","vr"],"articleSection":["Comunitate","Evenimente","Spotlight Heritage Timi\u0219oara","Timi\u0219oara 2023"],"inLanguage":"ro-RO"},{"@type":"WebPage","@id":"https:\/\/elearning.upt.ro\/ro\/comunitate\/vino-la-noaptea-europeana-a-muzeelor-2024-8211-de-la-mecipt-la-vr\/","url":"https:\/\/elearning.upt.ro\/ro\/comunitate\/vino-la-noaptea-europeana-a-muzeelor-2024-8211-de-la-mecipt-la-vr\/","name":"Vino la Noaptea European\u0103 a Muzeelor 2024 &#8211; De la MECIPT la VR - Universitatea Politehnica Timi\u015foara Departamentul de ID\/IFR \u0219i Educa\u021bie Digital\u0103 \u2013 DeL","isPartOf":{"@id":"https:\/\/elearning.upt.ro\/ro\/#website"},"primaryImageOfPage":{"@id":"https:\/\/elearning.upt.ro\/ro\/comunitate\/vino-la-noaptea-europeana-a-muzeelor-2024-8211-de-la-mecipt-la-vr\/#primaryimage"},"image":{"@id":"https:\/\/elearning.upt.ro\/ro\/comunitate\/vino-la-noaptea-europeana-a-muzeelor-2024-8211-de-la-mecipt-la-vr\/#primaryimage"},"thumbnailUrl":"https:\/\/elearning.upt.ro\/wp-content\/uploads\/2024\/05\/SH_Noaptea-Muzeelor_2024_Post.jpg","datePublished":"2024-05-15T07:04:08+00:00","dateModified":"2024-05-15T07:08:20+00:00","author":{"@id":"https:\/\/elearning.upt.ro\/ro\/#\/schema\/person\/8bb5b84d8e634ea763262c452a39b3f4"},"breadcrumb":{"@id":"https:\/\/elearning.upt.ro\/ro\/comunitate\/vino-la-noaptea-europeana-a-muzeelor-2024-8211-de-la-mecipt-la-vr\/#breadcrumb"},"inLanguage":"ro-RO","potentialAction":[{"@type":"ReadAction","target":["https:\/\/elearning.upt.ro\/ro\/comunitate\/vino-la-noaptea-europeana-a-muzeelor-2024-8211-de-la-mecipt-la-vr\/"]}]},{"@type":"ImageObject","inLanguage":"ro-RO","@id":"https:\/\/elearning.upt.ro\/ro\/comunitate\/vino-la-noaptea-europeana-a-muzeelor-2024-8211-de-la-mecipt-la-vr\/#primaryimage","url":"https:\/\/elearning.upt.ro\/wp-content\/uploads\/2024\/05\/SH_Noaptea-Muzeelor_2024_Post.jpg","contentUrl":"https:\/\/elearning.upt.ro\/wp-content\/uploads\/2024\/05\/SH_Noaptea-Muzeelor_2024_Post.jpg","width":1080,"height":1080},{"@type":"BreadcrumbList","@id":"https:\/\/elearning.upt.ro\/ro\/comunitate\/vino-la-noaptea-europeana-a-muzeelor-2024-8211-de-la-mecipt-la-vr\/#breadcrumb","itemListElement":[{"@type":"ListItem","position":1,"name":"Home","item":"https:\/\/elearning.upt.ro\/"},{"@type":"ListItem","position":2,"name":"Vino la Noaptea European\u0103 a Muzeelor 2024 &#8211; De la MECIPT la VR"}]},{"@type":"WebSite","@id":"https:\/\/elearning.upt.ro\/ro\/#website","url":"https:\/\/elearning.upt.ro\/ro\/","name":"Universitatea Politehnica Timi\u015foara Departamentul de ID\/IFR \u0219i Educa\u021bie Digital\u0103 \u2013 DeL","description":"","potentialAction":[{"@type":"SearchAction","target":{"@type":"EntryPoint","urlTemplate":"https:\/\/elearning.upt.ro\/ro\/?s={search_term_string}"},"query-input":{"@type":"PropertyValueSpecification","valueRequired":true,"valueName":"search_term_string"}}],"inLanguage":"ro-RO"},{"@type":"Person","@id":"https:\/\/elearning.upt.ro\/ro\/#\/schema\/person\/8bb5b84d8e634ea763262c452a39b3f4","name":"CeL","image":{"@type":"ImageObject","inLanguage":"ro-RO","@id":"https:\/\/secure.gravatar.com\/avatar\/9b67430c18ee40ef4a63a577131abb63a54ca1b5fbb5ec183bcc2003d846a51f?s=96&d=mm&r=g","url":"https:\/\/secure.gravatar.com\/avatar\/9b67430c18ee40ef4a63a577131abb63a54ca1b5fbb5ec183bcc2003d846a51f?s=96&d=mm&r=g","contentUrl":"https:\/\/secure.gravatar.com\/avatar\/9b67430c18ee40ef4a63a577131abb63a54ca1b5fbb5ec183bcc2003d846a51f?s=96&d=mm&r=g","caption":"CeL"},"url":"https:\/\/elearning.upt.ro\/ro\/author\/renateiovi\/"}]}},"_links":{"self":[{"href":"https:\/\/elearning.upt.ro\/ro\/wp-json\/wp\/v2\/posts\/26195","targetHints":{"allow":["GET"]}}],"collection":[{"href":"https:\/\/elearning.upt.ro\/ro\/wp-json\/wp\/v2\/posts"}],"about":[{"href":"https:\/\/elearning.upt.ro\/ro\/wp-json\/wp\/v2\/types\/post"}],"author":[{"embeddable":true,"href":"https:\/\/elearning.upt.ro\/ro\/wp-json\/wp\/v2\/users\/13"}],"replies":[{"embeddable":true,"href":"https:\/\/elearning.upt.ro\/ro\/wp-json\/wp\/v2\/comments?post=26195"}],"version-history":[{"count":6,"href":"https:\/\/elearning.upt.ro\/ro\/wp-json\/wp\/v2\/posts\/26195\/revisions"}],"predecessor-version":[{"id":26203,"href":"https:\/\/elearning.upt.ro\/ro\/wp-json\/wp\/v2\/posts\/26195\/revisions\/26203"}],"wp:featuredmedia":[{"embeddable":true,"href":"https:\/\/elearning.upt.ro\/ro\/wp-json\/wp\/v2\/media\/26196"}],"wp:attachment":[{"href":"https:\/\/elearning.upt.ro\/ro\/wp-json\/wp\/v2\/media?parent=26195"}],"wp:term":[{"taxonomy":"category","embeddable":true,"href":"https:\/\/elearning.upt.ro\/ro\/wp-json\/wp\/v2\/categories?post=26195"},{"taxonomy":"post_tag","embeddable":true,"href":"https:\/\/elearning.upt.ro\/ro\/wp-json\/wp\/v2\/tags?post=26195"}],"curies":[{"name":"wp","href":"https:\/\/api.w.org\/{rel}","templated":true}]}}