{"id":13322,"date":"2021-02-01T16:44:08","date_gmt":"2021-02-01T14:44:08","guid":{"rendered":"https:\/\/elearning.upt.ro\/?p=13322"},"modified":"2021-02-01T19:26:48","modified_gmt":"2021-02-01T17:26:48","slug":"upt-reprezentata-de-membrii-cel-la-intalnirea-de-debut-a-proiectului-tracce","status":"publish","type":"post","link":"https:\/\/elearning.upt.ro\/ro\/proiecte\/upt-reprezentata-de-membrii-cel-la-intalnirea-de-debut-a-proiectului-tracce\/","title":{"rendered":"UPT reprezentat\u0103 de membrii CeL la \u00eent\u00e2lnirea de debut a proiectului TraCCE"},"content":{"rendered":"\t\t<div data-elementor-type=\"wp-post\" data-elementor-id=\"13322\" class=\"elementor elementor-13322\">\n\t\t\t\t\t\t<section class=\"elementor-section elementor-top-section elementor-element elementor-element-4beaf07 elementor-section-boxed elementor-section-height-default elementor-section-height-default\" data-id=\"4beaf07\" data-element_type=\"section\" data-e-type=\"section\">\n\t\t\t\t\t\t<div class=\"elementor-container elementor-column-gap-default\">\n\t\t\t\t\t<div class=\"elementor-column elementor-col-100 elementor-top-column elementor-element elementor-element-1f0c182\" data-id=\"1f0c182\" data-element_type=\"column\" data-e-type=\"column\">\n\t\t\t<div class=\"elementor-widget-wrap elementor-element-populated\">\n\t\t\t\t\t\t<div class=\"elementor-element elementor-element-aeddfff elementor-widget elementor-widget-text-editor\" data-id=\"aeddfff\" data-element_type=\"widget\" data-e-type=\"widget\" data-widget_type=\"text-editor.default\">\n\t\t\t\t<div class=\"elementor-widget-container\">\n\t\t\t\t\t\t\t\t\t<p>Universitatea Politehnica Timi\u0219oara prin Centrul de e-Learning este parte dintr-un nou proiect transna\u021bional inovativ &#8211; <strong>TraCCE (Community Enabled Open Training on Creative &amp; Cultural Entrepreneurship)<\/strong>. Dr. ing <strong>Diana Andone<\/strong> \u0219i \u0219.l. dr. ing. <strong>Vlad Mih\u0103escu<\/strong>\u00a0 (manager de proiect) au participat joi, <strong>28 ianuarie<\/strong> 2021 la <strong>prima \u00eent\u00e2lnire virtual\u0103<\/strong> al\u0103turi de ceilal\u021bi parteneri de proiect.<\/p>\t\t\t\t\t\t\t\t<\/div>\n\t\t\t\t<\/div>\n\t\t\t\t\t<\/div>\n\t\t<\/div>\n\t\t\t\t\t<\/div>\n\t\t<\/section>\n\t\t\t\t<section class=\"elementor-section elementor-top-section elementor-element elementor-element-a2749d8 elementor-section-boxed elementor-section-height-default elementor-section-height-default\" data-id=\"a2749d8\" data-element_type=\"section\" data-e-type=\"section\">\n\t\t\t\t\t\t<div class=\"elementor-container elementor-column-gap-default\">\n\t\t\t\t\t<div class=\"elementor-column elementor-col-100 elementor-top-column elementor-element elementor-element-945d410\" data-id=\"945d410\" data-element_type=\"column\" data-e-type=\"column\">\n\t\t\t<div class=\"elementor-widget-wrap elementor-element-populated\">\n\t\t\t\t\t\t<div class=\"elementor-element elementor-element-23d5262 elementor-widget elementor-widget-image-gallery\" data-id=\"23d5262\" data-element_type=\"widget\" data-e-type=\"widget\" data-widget_type=\"image-gallery.default\">\n\t\t\t\t<div class=\"elementor-widget-container\">\n\t\t\t\t\t\t\t<div class=\"elementor-image-gallery\">\n\t\t\t\n\t\t<style type=\"text\/css\">\n\t\t\t#gallery-1 {\n\t\t\t\tmargin: auto;\n\t\t\t}\n\t\t\t#gallery-1 .gallery-item {\n\t\t\t\tfloat: left;\n\t\t\t\tmargin-top: 10px;\n\t\t\t\ttext-align: center;\n\t\t\t\twidth: 33%;\n\t\t\t}\n\t\t\t#gallery-1 img {\n\t\t\t\tborder: 2px solid #cfcfcf;\n\t\t\t}\n\t\t\t#gallery-1 .gallery-caption {\n\t\t\t\tmargin-left: 0;\n\t\t\t}\n\t\t\t\/* see gallery_shortcode() in wp-includes\/media.php *\/\n\t\t<\/style>\n\t\t<div id='gallery-1' class='gallery galleryid-13322 gallery-columns-3 gallery-size-thumbnail'><dl class='gallery-item'>\n\t\t\t<dt class='gallery-icon landscape'>\n\t\t\t\t<a data-elementor-open-lightbox=\"yes\" data-elementor-lightbox-slideshow=\"23d5262\" data-elementor-lightbox-title=\"2021-01-28_13-16-04\" data-e-action-hash=\"#elementor-action%3Aaction%3Dlightbox%26settings%3DeyJpZCI6MTMzMjUsInVybCI6Imh0dHBzOlwvXC9lbGVhcm5pbmcudXB0LnJvXC93cC1jb250ZW50XC91cGxvYWRzXC8yMDIxXC8wMlwvMjAyMS0wMS0yOF8xMy0xNi0wNC5wbmciLCJzbGlkZXNob3ciOiIyM2Q1MjYyIn0%3D\" href='https:\/\/elearning.upt.ro\/wp-content\/uploads\/2021\/02\/2021-01-28_13-16-04.png'><img decoding=\"async\" width=\"150\" height=\"150\" src=\"https:\/\/elearning.upt.ro\/wp-content\/uploads\/2021\/02\/2021-01-28_13-16-04-150x150.png\" class=\"attachment-thumbnail size-thumbnail\" alt=\"\" srcset=\"https:\/\/elearning.upt.ro\/wp-content\/uploads\/2021\/02\/2021-01-28_13-16-04-150x150.png 150w, https:\/\/elearning.upt.ro\/wp-content\/uploads\/2021\/02\/2021-01-28_13-16-04-50x50.png 50w, https:\/\/elearning.upt.ro\/wp-content\/uploads\/2021\/02\/2021-01-28_13-16-04-80x80.png 80w, https:\/\/elearning.upt.ro\/wp-content\/uploads\/2021\/02\/2021-01-28_13-16-04-263x263.png 263w, https:\/\/elearning.upt.ro\/wp-content\/uploads\/2021\/02\/2021-01-28_13-16-04-100x100.png 100w, https:\/\/elearning.upt.ro\/wp-content\/uploads\/2021\/02\/2021-01-28_13-16-04-526x526.png 526w, https:\/\/elearning.upt.ro\/wp-content\/uploads\/2021\/02\/2021-01-28_13-16-04-255x255.png 255w\" sizes=\"(max-width: 150px) 100vw, 150px\" \/><\/a>\n\t\t\t<\/dt><\/dl><dl class='gallery-item'>\n\t\t\t<dt class='gallery-icon landscape'>\n\t\t\t\t<a data-elementor-open-lightbox=\"yes\" data-elementor-lightbox-slideshow=\"23d5262\" data-elementor-lightbox-title=\"2021-01-28_14-01-55\" data-e-action-hash=\"#elementor-action%3Aaction%3Dlightbox%26settings%3DeyJpZCI6MTMzMjYsInVybCI6Imh0dHBzOlwvXC9lbGVhcm5pbmcudXB0LnJvXC93cC1jb250ZW50XC91cGxvYWRzXC8yMDIxXC8wMlwvMjAyMS0wMS0yOF8xNC0wMS01NS5wbmciLCJzbGlkZXNob3ciOiIyM2Q1MjYyIn0%3D\" href='https:\/\/elearning.upt.ro\/wp-content\/uploads\/2021\/02\/2021-01-28_14-01-55.png'><img decoding=\"async\" width=\"150\" height=\"150\" src=\"https:\/\/elearning.upt.ro\/wp-content\/uploads\/2021\/02\/2021-01-28_14-01-55-150x150.png\" class=\"attachment-thumbnail size-thumbnail\" alt=\"\" srcset=\"https:\/\/elearning.upt.ro\/wp-content\/uploads\/2021\/02\/2021-01-28_14-01-55-150x150.png 150w, https:\/\/elearning.upt.ro\/wp-content\/uploads\/2021\/02\/2021-01-28_14-01-55-50x50.png 50w, https:\/\/elearning.upt.ro\/wp-content\/uploads\/2021\/02\/2021-01-28_14-01-55-80x80.png 80w, https:\/\/elearning.upt.ro\/wp-content\/uploads\/2021\/02\/2021-01-28_14-01-55-263x263.png 263w, https:\/\/elearning.upt.ro\/wp-content\/uploads\/2021\/02\/2021-01-28_14-01-55-100x100.png 100w, https:\/\/elearning.upt.ro\/wp-content\/uploads\/2021\/02\/2021-01-28_14-01-55-526x526.png 526w, https:\/\/elearning.upt.ro\/wp-content\/uploads\/2021\/02\/2021-01-28_14-01-55-255x255.png 255w\" sizes=\"(max-width: 150px) 100vw, 150px\" \/><\/a>\n\t\t\t<\/dt><\/dl><dl class='gallery-item'>\n\t\t\t<dt class='gallery-icon landscape'>\n\t\t\t\t<a data-elementor-open-lightbox=\"yes\" data-elementor-lightbox-slideshow=\"23d5262\" data-elementor-lightbox-title=\"tracce3\" data-e-action-hash=\"#elementor-action%3Aaction%3Dlightbox%26settings%3DeyJpZCI6MTMzMjMsInVybCI6Imh0dHBzOlwvXC9lbGVhcm5pbmcudXB0LnJvXC93cC1jb250ZW50XC91cGxvYWRzXC8yMDIxXC8wMlwvdHJhY2NlMy5qcGciLCJzbGlkZXNob3ciOiIyM2Q1MjYyIn0%3D\" href='https:\/\/elearning.upt.ro\/wp-content\/uploads\/2021\/02\/tracce3.jpg'><img decoding=\"async\" width=\"150\" height=\"150\" src=\"https:\/\/elearning.upt.ro\/wp-content\/uploads\/2021\/02\/tracce3-150x150.jpg\" class=\"attachment-thumbnail size-thumbnail\" alt=\"\" srcset=\"https:\/\/elearning.upt.ro\/wp-content\/uploads\/2021\/02\/tracce3-150x150.jpg 150w, https:\/\/elearning.upt.ro\/wp-content\/uploads\/2021\/02\/tracce3-50x50.jpg 50w, https:\/\/elearning.upt.ro\/wp-content\/uploads\/2021\/02\/tracce3-80x80.jpg 80w, https:\/\/elearning.upt.ro\/wp-content\/uploads\/2021\/02\/tracce3-263x263.jpg 263w, https:\/\/elearning.upt.ro\/wp-content\/uploads\/2021\/02\/tracce3-100x100.jpg 100w, https:\/\/elearning.upt.ro\/wp-content\/uploads\/2021\/02\/tracce3-526x526.jpg 526w, https:\/\/elearning.upt.ro\/wp-content\/uploads\/2021\/02\/tracce3-255x255.jpg 255w\" sizes=\"(max-width: 150px) 100vw, 150px\" \/><\/a>\n\t\t\t<\/dt><\/dl><br style=\"clear: both\" \/>\n\t\t<\/div>\n\t\t<\/div>\n\t\t\t\t\t\t<\/div>\n\t\t\t\t<\/div>\n\t\t\t\t\t<\/div>\n\t\t<\/div>\n\t\t\t\t\t<\/div>\n\t\t<\/section>\n\t\t\t\t<section class=\"elementor-section elementor-top-section elementor-element elementor-element-a43826e elementor-section-boxed elementor-section-height-default elementor-section-height-default\" data-id=\"a43826e\" data-element_type=\"section\" data-e-type=\"section\">\n\t\t\t\t\t\t<div class=\"elementor-container elementor-column-gap-default\">\n\t\t\t\t\t<div class=\"elementor-column elementor-col-100 elementor-top-column elementor-element elementor-element-f49b053\" data-id=\"f49b053\" data-element_type=\"column\" data-e-type=\"column\">\n\t\t\t<div class=\"elementor-widget-wrap elementor-element-populated\">\n\t\t\t\t\t\t<div class=\"elementor-element elementor-element-3d4148d elementor-widget elementor-widget-text-editor\" data-id=\"3d4148d\" data-element_type=\"widget\" data-e-type=\"widget\" data-widget_type=\"text-editor.default\">\n\t\t\t\t<div class=\"elementor-widget-container\">\n\t\t\t\t\t\t\t\t\t<p><strong>Proiectul TraCCE<\/strong> adopt\u0103 o abordare transna\u021bional\u0103 \u0219i din perspectiva multiplelor p\u0103r\u021bi interesate pentru a construi un grup de reflec\u021bie \u00een CCE printr-o combina\u021bie transfrontalier\u0103 de expertiz\u0103 complementar\u0103 c\u0103tre dezvoltare (prin inova\u021bie deschis\u0103 \u0219i co-crea\u021bie cvadrupl\u0103 \/ cvintupl\u0103, \u00een spiral\u0103): un curriculum CCE de \u00eenv\u0103\u021b\u0103m\u00e2nt superior \u0219i un CCE de tip \u201eTrain the Trainers Toolkit\u201d care va fi oferit comunit\u0103\u021bii CCE (acces deschis) printr-un mediu virtual de \u00eenv\u0103\u021bare \u0219i pilotat prin patru ateliere interna\u021bionale.<\/p><p><strong>Rolul<\/strong> echipei care reprezint\u0103 <strong>Universitatea Politehnica din Timi\u0219oara<\/strong> va consta \u00een <strong>asigurarea calit\u0103\u021bii<\/strong> \u0219i asisten\u021b\u0103 cu <strong>platforma VLE<\/strong>.<\/p><p><strong>Partenerii de proiect<\/strong> sunt: Universitatea de Vest Timi\u0219oara, Kentro Erevnon Notioanatolikis Evropis Astiki Mi Kerdoskopiki Etaireia (Grecia), Hochschule Fur Angewandte, Wissenschaften Munchen (Germania), Universitatea Politehnica Timi\u0219oara, social innovators KG (Austria).<\/p>\t\t\t\t\t\t\t\t<\/div>\n\t\t\t\t<\/div>\n\t\t\t\t\t<\/div>\n\t\t<\/div>\n\t\t\t\t\t<\/div>\n\t\t<\/section>\n\t\t\t\t<\/div>\n\t\t","protected":false},"excerpt":{"rendered":"<p>Dr. ing. Diana Andone \u0219i \u0219.l. dr. ing Vlad Mih\u0103escu au participat joi, 28 ianuarie 2021, la prima \u00eent\u00e2lnire a partenerilor \u00een cadrul proiectului TraCCE (Community Enabled Open Training on Creative &#038; Cultural Entrepreneurship), \u00een calitate de manageri de proiect din partea UPT.<\/p>\n","protected":false},"author":13,"featured_media":13323,"comment_status":"closed","ping_status":"closed","sticky":false,"template":"","format":"standard","meta":{"footnotes":""},"categories":[90,72,73],"tags":[],"class_list":["post-13322","post","type-post","status-publish","format-standard","has-post-thumbnail","hentry","category-noutati-proiecte","category-proiecte","category-proiecte-eu"],"yoast_head":"<!-- This site is optimized with the Yoast SEO plugin v27.4 - https:\/\/yoast.com\/product\/yoast-seo-wordpress\/ -->\n<title>UPT reprezentat\u0103 de membrii CeL la \u00eent\u00e2lnirea de debut a proiectului TraCCE - Universitatea Politehnica Timi\u015foara Departamentul de ID\/IFR \u0219i Educa\u021bie Digital\u0103 \u2013 DeL<\/title>\n<meta name=\"robots\" content=\"index, follow, max-snippet:-1, max-image-preview:large, max-video-preview:-1\" \/>\n<link rel=\"canonical\" href=\"https:\/\/elearning.upt.ro\/ro\/proiecte\/upt-reprezentata-de-membrii-cel-la-intalnirea-de-debut-a-proiectului-tracce\/\" \/>\n<meta property=\"og:locale\" content=\"ro_RO\" \/>\n<meta property=\"og:type\" content=\"article\" \/>\n<meta property=\"og:title\" content=\"UPT reprezentat\u0103 de membrii CeL la \u00eent\u00e2lnirea de debut a proiectului TraCCE - Universitatea Politehnica Timi\u015foara Departamentul de ID\/IFR \u0219i Educa\u021bie Digital\u0103 \u2013 DeL\" \/>\n<meta property=\"og:description\" content=\"Dr. ing. Diana Andone \u0219i \u0219.l. dr. ing Vlad Mih\u0103escu au participat joi, 28 ianuarie 2021, la prima \u00eent\u00e2lnire a partenerilor \u00een cadrul proiectului TraCCE (Community Enabled Open Training on Creative &amp; Cultural Entrepreneurship), \u00een calitate de manageri de proiect din partea UPT.\" \/>\n<meta property=\"og:url\" content=\"https:\/\/elearning.upt.ro\/ro\/proiecte\/upt-reprezentata-de-membrii-cel-la-intalnirea-de-debut-a-proiectului-tracce\/\" \/>\n<meta property=\"og:site_name\" content=\"Universitatea Politehnica Timi\u015foara Departamentul de ID\/IFR \u0219i Educa\u021bie Digital\u0103 \u2013 DeL\" \/>\n<meta property=\"article:publisher\" content=\"https:\/\/www.facebook.com\/CIDUPT\/?ref=page_internal\" \/>\n<meta property=\"article:published_time\" content=\"2021-02-01T14:44:08+00:00\" \/>\n<meta property=\"article:modified_time\" content=\"2021-02-01T17:26:48+00:00\" \/>\n<meta property=\"og:image\" content=\"https:\/\/elearning.upt.ro\/wp-content\/uploads\/2021\/02\/tracce3.jpg\" \/>\n\t<meta property=\"og:image:width\" content=\"1913\" \/>\n\t<meta property=\"og:image:height\" content=\"939\" \/>\n\t<meta property=\"og:image:type\" content=\"image\/jpeg\" \/>\n<meta name=\"author\" content=\"CeL\" \/>\n<meta name=\"twitter:card\" content=\"summary_large_image\" \/>\n<meta name=\"twitter:label1\" content=\"Written by\" \/>\n\t<meta name=\"twitter:data1\" content=\"CeL\" \/>\n\t<meta name=\"twitter:label2\" content=\"Est. reading time\" \/>\n\t<meta name=\"twitter:data2\" content=\"1 minute\" \/>\n<script type=\"application\/ld+json\" class=\"yoast-schema-graph\">{\"@context\":\"https:\\\/\\\/schema.org\",\"@graph\":[{\"@type\":\"Article\",\"@id\":\"https:\\\/\\\/elearning.upt.ro\\\/ro\\\/proiecte\\\/upt-reprezentata-de-membrii-cel-la-intalnirea-de-debut-a-proiectului-tracce\\\/#article\",\"isPartOf\":{\"@id\":\"https:\\\/\\\/elearning.upt.ro\\\/ro\\\/proiecte\\\/upt-reprezentata-de-membrii-cel-la-intalnirea-de-debut-a-proiectului-tracce\\\/\"},\"author\":{\"name\":\"CeL\",\"@id\":\"https:\\\/\\\/elearning.upt.ro\\\/ro\\\/#\\\/schema\\\/person\\\/8bb5b84d8e634ea763262c452a39b3f4\"},\"headline\":\"UPT reprezentat\u0103 de membrii CeL la \u00eent\u00e2lnirea de debut a proiectului TraCCE\",\"datePublished\":\"2021-02-01T14:44:08+00:00\",\"dateModified\":\"2021-02-01T17:26:48+00:00\",\"mainEntityOfPage\":{\"@id\":\"https:\\\/\\\/elearning.upt.ro\\\/ro\\\/proiecte\\\/upt-reprezentata-de-membrii-cel-la-intalnirea-de-debut-a-proiectului-tracce\\\/\"},\"wordCount\":208,\"image\":{\"@id\":\"https:\\\/\\\/elearning.upt.ro\\\/ro\\\/proiecte\\\/upt-reprezentata-de-membrii-cel-la-intalnirea-de-debut-a-proiectului-tracce\\\/#primaryimage\"},\"thumbnailUrl\":\"https:\\\/\\\/elearning.upt.ro\\\/wp-content\\\/uploads\\\/2021\\\/02\\\/tracce3.jpg\",\"articleSection\":[\"Noutati\",\"Proiecte\",\"Proiecte EU\"],\"inLanguage\":\"ro-RO\"},{\"@type\":\"WebPage\",\"@id\":\"https:\\\/\\\/elearning.upt.ro\\\/ro\\\/proiecte\\\/upt-reprezentata-de-membrii-cel-la-intalnirea-de-debut-a-proiectului-tracce\\\/\",\"url\":\"https:\\\/\\\/elearning.upt.ro\\\/ro\\\/proiecte\\\/upt-reprezentata-de-membrii-cel-la-intalnirea-de-debut-a-proiectului-tracce\\\/\",\"name\":\"UPT reprezentat\u0103 de membrii CeL la \u00eent\u00e2lnirea de debut a proiectului TraCCE - Universitatea Politehnica Timi\u015foara Departamentul de ID\\\/IFR \u0219i Educa\u021bie Digital\u0103 \u2013 DeL\",\"isPartOf\":{\"@id\":\"https:\\\/\\\/elearning.upt.ro\\\/ro\\\/#website\"},\"primaryImageOfPage\":{\"@id\":\"https:\\\/\\\/elearning.upt.ro\\\/ro\\\/proiecte\\\/upt-reprezentata-de-membrii-cel-la-intalnirea-de-debut-a-proiectului-tracce\\\/#primaryimage\"},\"image\":{\"@id\":\"https:\\\/\\\/elearning.upt.ro\\\/ro\\\/proiecte\\\/upt-reprezentata-de-membrii-cel-la-intalnirea-de-debut-a-proiectului-tracce\\\/#primaryimage\"},\"thumbnailUrl\":\"https:\\\/\\\/elearning.upt.ro\\\/wp-content\\\/uploads\\\/2021\\\/02\\\/tracce3.jpg\",\"datePublished\":\"2021-02-01T14:44:08+00:00\",\"dateModified\":\"2021-02-01T17:26:48+00:00\",\"author\":{\"@id\":\"https:\\\/\\\/elearning.upt.ro\\\/ro\\\/#\\\/schema\\\/person\\\/8bb5b84d8e634ea763262c452a39b3f4\"},\"breadcrumb\":{\"@id\":\"https:\\\/\\\/elearning.upt.ro\\\/ro\\\/proiecte\\\/upt-reprezentata-de-membrii-cel-la-intalnirea-de-debut-a-proiectului-tracce\\\/#breadcrumb\"},\"inLanguage\":\"ro-RO\",\"potentialAction\":[{\"@type\":\"ReadAction\",\"target\":[\"https:\\\/\\\/elearning.upt.ro\\\/ro\\\/proiecte\\\/upt-reprezentata-de-membrii-cel-la-intalnirea-de-debut-a-proiectului-tracce\\\/\"]}]},{\"@type\":\"ImageObject\",\"inLanguage\":\"ro-RO\",\"@id\":\"https:\\\/\\\/elearning.upt.ro\\\/ro\\\/proiecte\\\/upt-reprezentata-de-membrii-cel-la-intalnirea-de-debut-a-proiectului-tracce\\\/#primaryimage\",\"url\":\"https:\\\/\\\/elearning.upt.ro\\\/wp-content\\\/uploads\\\/2021\\\/02\\\/tracce3.jpg\",\"contentUrl\":\"https:\\\/\\\/elearning.upt.ro\\\/wp-content\\\/uploads\\\/2021\\\/02\\\/tracce3.jpg\",\"width\":1913,\"height\":939},{\"@type\":\"BreadcrumbList\",\"@id\":\"https:\\\/\\\/elearning.upt.ro\\\/ro\\\/proiecte\\\/upt-reprezentata-de-membrii-cel-la-intalnirea-de-debut-a-proiectului-tracce\\\/#breadcrumb\",\"itemListElement\":[{\"@type\":\"ListItem\",\"position\":1,\"name\":\"Home\",\"item\":\"https:\\\/\\\/elearning.upt.ro\\\/\"},{\"@type\":\"ListItem\",\"position\":2,\"name\":\"UPT reprezentat\u0103 de membrii CeL la \u00eent\u00e2lnirea de debut a proiectului TraCCE\"}]},{\"@type\":\"WebSite\",\"@id\":\"https:\\\/\\\/elearning.upt.ro\\\/ro\\\/#website\",\"url\":\"https:\\\/\\\/elearning.upt.ro\\\/ro\\\/\",\"name\":\"Universitatea Politehnica Timi\u015foara Departamentul de ID\\\/IFR \u0219i Educa\u021bie Digital\u0103 \u2013 DeL\",\"description\":\"\",\"potentialAction\":[{\"@type\":\"SearchAction\",\"target\":{\"@type\":\"EntryPoint\",\"urlTemplate\":\"https:\\\/\\\/elearning.upt.ro\\\/ro\\\/?s={search_term_string}\"},\"query-input\":{\"@type\":\"PropertyValueSpecification\",\"valueRequired\":true,\"valueName\":\"search_term_string\"}}],\"inLanguage\":\"ro-RO\"},{\"@type\":\"Person\",\"@id\":\"https:\\\/\\\/elearning.upt.ro\\\/ro\\\/#\\\/schema\\\/person\\\/8bb5b84d8e634ea763262c452a39b3f4\",\"name\":\"CeL\",\"image\":{\"@type\":\"ImageObject\",\"inLanguage\":\"ro-RO\",\"@id\":\"https:\\\/\\\/secure.gravatar.com\\\/avatar\\\/9b67430c18ee40ef4a63a577131abb63a54ca1b5fbb5ec183bcc2003d846a51f?s=96&d=mm&r=g\",\"url\":\"https:\\\/\\\/secure.gravatar.com\\\/avatar\\\/9b67430c18ee40ef4a63a577131abb63a54ca1b5fbb5ec183bcc2003d846a51f?s=96&d=mm&r=g\",\"contentUrl\":\"https:\\\/\\\/secure.gravatar.com\\\/avatar\\\/9b67430c18ee40ef4a63a577131abb63a54ca1b5fbb5ec183bcc2003d846a51f?s=96&d=mm&r=g\",\"caption\":\"CeL\"},\"url\":\"https:\\\/\\\/elearning.upt.ro\\\/ro\\\/author\\\/renateiovi\\\/\"}]}<\/script>\n<!-- \/ Yoast SEO plugin. -->","yoast_head_json":{"title":"UPT reprezentat\u0103 de membrii CeL la \u00eent\u00e2lnirea de debut a proiectului TraCCE - Universitatea Politehnica Timi\u015foara Departamentul de ID\/IFR \u0219i Educa\u021bie Digital\u0103 \u2013 DeL","robots":{"index":"index","follow":"follow","max-snippet":"max-snippet:-1","max-image-preview":"max-image-preview:large","max-video-preview":"max-video-preview:-1"},"canonical":"https:\/\/elearning.upt.ro\/ro\/proiecte\/upt-reprezentata-de-membrii-cel-la-intalnirea-de-debut-a-proiectului-tracce\/","og_locale":"ro_RO","og_type":"article","og_title":"UPT reprezentat\u0103 de membrii CeL la \u00eent\u00e2lnirea de debut a proiectului TraCCE - Universitatea Politehnica Timi\u015foara Departamentul de ID\/IFR \u0219i Educa\u021bie Digital\u0103 \u2013 DeL","og_description":"Dr. ing. Diana Andone \u0219i \u0219.l. dr. ing Vlad Mih\u0103escu au participat joi, 28 ianuarie 2021, la prima \u00eent\u00e2lnire a partenerilor \u00een cadrul proiectului TraCCE (Community Enabled Open Training on Creative & Cultural Entrepreneurship), \u00een calitate de manageri de proiect din partea UPT.","og_url":"https:\/\/elearning.upt.ro\/ro\/proiecte\/upt-reprezentata-de-membrii-cel-la-intalnirea-de-debut-a-proiectului-tracce\/","og_site_name":"Universitatea Politehnica Timi\u015foara Departamentul de ID\/IFR \u0219i Educa\u021bie Digital\u0103 \u2013 DeL","article_publisher":"https:\/\/www.facebook.com\/CIDUPT\/?ref=page_internal","article_published_time":"2021-02-01T14:44:08+00:00","article_modified_time":"2021-02-01T17:26:48+00:00","og_image":[{"width":1913,"height":939,"url":"https:\/\/elearning.upt.ro\/wp-content\/uploads\/2021\/02\/tracce3.jpg","type":"image\/jpeg"}],"author":"CeL","twitter_card":"summary_large_image","twitter_misc":{"Written by":"CeL","Est. reading time":"1 minute"},"schema":{"@context":"https:\/\/schema.org","@graph":[{"@type":"Article","@id":"https:\/\/elearning.upt.ro\/ro\/proiecte\/upt-reprezentata-de-membrii-cel-la-intalnirea-de-debut-a-proiectului-tracce\/#article","isPartOf":{"@id":"https:\/\/elearning.upt.ro\/ro\/proiecte\/upt-reprezentata-de-membrii-cel-la-intalnirea-de-debut-a-proiectului-tracce\/"},"author":{"name":"CeL","@id":"https:\/\/elearning.upt.ro\/ro\/#\/schema\/person\/8bb5b84d8e634ea763262c452a39b3f4"},"headline":"UPT reprezentat\u0103 de membrii CeL la \u00eent\u00e2lnirea de debut a proiectului TraCCE","datePublished":"2021-02-01T14:44:08+00:00","dateModified":"2021-02-01T17:26:48+00:00","mainEntityOfPage":{"@id":"https:\/\/elearning.upt.ro\/ro\/proiecte\/upt-reprezentata-de-membrii-cel-la-intalnirea-de-debut-a-proiectului-tracce\/"},"wordCount":208,"image":{"@id":"https:\/\/elearning.upt.ro\/ro\/proiecte\/upt-reprezentata-de-membrii-cel-la-intalnirea-de-debut-a-proiectului-tracce\/#primaryimage"},"thumbnailUrl":"https:\/\/elearning.upt.ro\/wp-content\/uploads\/2021\/02\/tracce3.jpg","articleSection":["Noutati","Proiecte","Proiecte EU"],"inLanguage":"ro-RO"},{"@type":"WebPage","@id":"https:\/\/elearning.upt.ro\/ro\/proiecte\/upt-reprezentata-de-membrii-cel-la-intalnirea-de-debut-a-proiectului-tracce\/","url":"https:\/\/elearning.upt.ro\/ro\/proiecte\/upt-reprezentata-de-membrii-cel-la-intalnirea-de-debut-a-proiectului-tracce\/","name":"UPT reprezentat\u0103 de membrii CeL la \u00eent\u00e2lnirea de debut a proiectului TraCCE - Universitatea Politehnica Timi\u015foara Departamentul de ID\/IFR \u0219i Educa\u021bie Digital\u0103 \u2013 DeL","isPartOf":{"@id":"https:\/\/elearning.upt.ro\/ro\/#website"},"primaryImageOfPage":{"@id":"https:\/\/elearning.upt.ro\/ro\/proiecte\/upt-reprezentata-de-membrii-cel-la-intalnirea-de-debut-a-proiectului-tracce\/#primaryimage"},"image":{"@id":"https:\/\/elearning.upt.ro\/ro\/proiecte\/upt-reprezentata-de-membrii-cel-la-intalnirea-de-debut-a-proiectului-tracce\/#primaryimage"},"thumbnailUrl":"https:\/\/elearning.upt.ro\/wp-content\/uploads\/2021\/02\/tracce3.jpg","datePublished":"2021-02-01T14:44:08+00:00","dateModified":"2021-02-01T17:26:48+00:00","author":{"@id":"https:\/\/elearning.upt.ro\/ro\/#\/schema\/person\/8bb5b84d8e634ea763262c452a39b3f4"},"breadcrumb":{"@id":"https:\/\/elearning.upt.ro\/ro\/proiecte\/upt-reprezentata-de-membrii-cel-la-intalnirea-de-debut-a-proiectului-tracce\/#breadcrumb"},"inLanguage":"ro-RO","potentialAction":[{"@type":"ReadAction","target":["https:\/\/elearning.upt.ro\/ro\/proiecte\/upt-reprezentata-de-membrii-cel-la-intalnirea-de-debut-a-proiectului-tracce\/"]}]},{"@type":"ImageObject","inLanguage":"ro-RO","@id":"https:\/\/elearning.upt.ro\/ro\/proiecte\/upt-reprezentata-de-membrii-cel-la-intalnirea-de-debut-a-proiectului-tracce\/#primaryimage","url":"https:\/\/elearning.upt.ro\/wp-content\/uploads\/2021\/02\/tracce3.jpg","contentUrl":"https:\/\/elearning.upt.ro\/wp-content\/uploads\/2021\/02\/tracce3.jpg","width":1913,"height":939},{"@type":"BreadcrumbList","@id":"https:\/\/elearning.upt.ro\/ro\/proiecte\/upt-reprezentata-de-membrii-cel-la-intalnirea-de-debut-a-proiectului-tracce\/#breadcrumb","itemListElement":[{"@type":"ListItem","position":1,"name":"Home","item":"https:\/\/elearning.upt.ro\/"},{"@type":"ListItem","position":2,"name":"UPT reprezentat\u0103 de membrii CeL la \u00eent\u00e2lnirea de debut a proiectului TraCCE"}]},{"@type":"WebSite","@id":"https:\/\/elearning.upt.ro\/ro\/#website","url":"https:\/\/elearning.upt.ro\/ro\/","name":"Universitatea Politehnica Timi\u015foara Departamentul de ID\/IFR \u0219i Educa\u021bie Digital\u0103 \u2013 DeL","description":"","potentialAction":[{"@type":"SearchAction","target":{"@type":"EntryPoint","urlTemplate":"https:\/\/elearning.upt.ro\/ro\/?s={search_term_string}"},"query-input":{"@type":"PropertyValueSpecification","valueRequired":true,"valueName":"search_term_string"}}],"inLanguage":"ro-RO"},{"@type":"Person","@id":"https:\/\/elearning.upt.ro\/ro\/#\/schema\/person\/8bb5b84d8e634ea763262c452a39b3f4","name":"CeL","image":{"@type":"ImageObject","inLanguage":"ro-RO","@id":"https:\/\/secure.gravatar.com\/avatar\/9b67430c18ee40ef4a63a577131abb63a54ca1b5fbb5ec183bcc2003d846a51f?s=96&d=mm&r=g","url":"https:\/\/secure.gravatar.com\/avatar\/9b67430c18ee40ef4a63a577131abb63a54ca1b5fbb5ec183bcc2003d846a51f?s=96&d=mm&r=g","contentUrl":"https:\/\/secure.gravatar.com\/avatar\/9b67430c18ee40ef4a63a577131abb63a54ca1b5fbb5ec183bcc2003d846a51f?s=96&d=mm&r=g","caption":"CeL"},"url":"https:\/\/elearning.upt.ro\/ro\/author\/renateiovi\/"}]}},"_links":{"self":[{"href":"https:\/\/elearning.upt.ro\/ro\/wp-json\/wp\/v2\/posts\/13322","targetHints":{"allow":["GET"]}}],"collection":[{"href":"https:\/\/elearning.upt.ro\/ro\/wp-json\/wp\/v2\/posts"}],"about":[{"href":"https:\/\/elearning.upt.ro\/ro\/wp-json\/wp\/v2\/types\/post"}],"author":[{"embeddable":true,"href":"https:\/\/elearning.upt.ro\/ro\/wp-json\/wp\/v2\/users\/13"}],"replies":[{"embeddable":true,"href":"https:\/\/elearning.upt.ro\/ro\/wp-json\/wp\/v2\/comments?post=13322"}],"version-history":[{"count":24,"href":"https:\/\/elearning.upt.ro\/ro\/wp-json\/wp\/v2\/posts\/13322\/revisions"}],"predecessor-version":[{"id":13352,"href":"https:\/\/elearning.upt.ro\/ro\/wp-json\/wp\/v2\/posts\/13322\/revisions\/13352"}],"wp:featuredmedia":[{"embeddable":true,"href":"https:\/\/elearning.upt.ro\/ro\/wp-json\/wp\/v2\/media\/13323"}],"wp:attachment":[{"href":"https:\/\/elearning.upt.ro\/ro\/wp-json\/wp\/v2\/media?parent=13322"}],"wp:term":[{"taxonomy":"category","embeddable":true,"href":"https:\/\/elearning.upt.ro\/ro\/wp-json\/wp\/v2\/categories?post=13322"},{"taxonomy":"post_tag","embeddable":true,"href":"https:\/\/elearning.upt.ro\/ro\/wp-json\/wp\/v2\/tags?post=13322"}],"curies":[{"name":"wp","href":"https:\/\/api.w.org\/{rel}","templated":true}]}}