{"id":11884,"date":"2020-09-21T13:37:05","date_gmt":"2020-09-21T10:37:05","guid":{"rendered":"https:\/\/elearning.upt.ro\/?p=11884"},"modified":"2021-02-04T11:41:14","modified_gmt":"2021-02-04T09:41:14","slug":"webinar-impreunaonline-implicarea-studentilor-timisoreni-in-provocarile-inceputului-de-an-universitar-in-timpul-pandemiei","status":"publish","type":"post","link":"https:\/\/elearning.upt.ro\/ro\/comunitate\/webinar-impreunaonline-implicarea-studentilor-timisoreni-in-provocarile-inceputului-de-an-universitar-in-timpul-pandemiei\/","title":{"rendered":"Webinar #impreunaonline \u2013 Implicarea studen\u021bilor timi\u0219oreni \u00een provoc\u0103rile \u00eenceputului de an universitar \u00een timpul pandemiei"},"content":{"rendered":"\t\t<div data-elementor-type=\"wp-post\" data-elementor-id=\"11884\" class=\"elementor elementor-11884\">\n\t\t\t\t\t\t<section class=\"elementor-section elementor-top-section elementor-element elementor-element-1040915 elementor-section-boxed elementor-section-height-default elementor-section-height-default\" data-id=\"1040915\" data-element_type=\"section\" data-e-type=\"section\">\n\t\t\t\t\t\t<div class=\"elementor-container elementor-column-gap-default\">\n\t\t\t\t\t<div class=\"elementor-column elementor-col-100 elementor-top-column elementor-element elementor-element-f3f1413\" data-id=\"f3f1413\" data-element_type=\"column\" data-e-type=\"column\">\n\t\t\t<div class=\"elementor-widget-wrap elementor-element-populated\">\n\t\t\t\t\t\t<div class=\"elementor-element elementor-element-cf84268 elementor-widget elementor-widget-text-editor\" data-id=\"cf84268\" data-element_type=\"widget\" data-e-type=\"widget\" data-widget_type=\"text-editor.default\">\n\t\t\t\t<div class=\"elementor-widget-container\">\n\t\t\t\t\t\t\t\t\t<p><span style=\"color: #993300;\"><strong>#onlinetogether #impreunaonline<\/strong><\/span><\/p><p><span style=\"font-weight: 400;\">\u00cen aceast\u0103 perioad\u0103 de nesiguran\u021b\u0103 din cauza <strong>COVID-19<\/strong>, \u00een Rom\u00e2nia, la fel ca \u0219i \u00een alte \u021b\u0103ri, <strong>func\u021biile \u0219i activit\u0103\u021bile educa\u021bionale<\/strong> fa\u021b\u0103 \u00een fa\u021b\u0103 sunt mutate <strong>online<\/strong>, folosind aplica\u021bii, platforme \u0219i diverse unelte \u0219i metode de lucru pentru educa\u021bia la distan\u021b\u0103. <\/span><\/p><p><span style=\"font-weight: 400;\">\u00cen <strong>webinariile \u00cempreun\u0103 online<\/strong> r\u0103spundem la aceste provoc\u0103ri, \u00eentr-un mod c\u00e2t mai practic, \u00een spiritul <strong>educa\u021biei deschise<\/strong> \u0219i accesului liber la cunoa\u0219tere. Participan\u021bii au primit un Open Badge (certificat digital deschis) &#8211; \u00cempreun\u0103 online.<\/span><\/p>\t\t\t\t\t\t\t\t<\/div>\n\t\t\t\t<\/div>\n\t\t\t\t\t<\/div>\n\t\t<\/div>\n\t\t\t\t\t<\/div>\n\t\t<\/section>\n\t\t\t\t<section class=\"elementor-section elementor-top-section elementor-element elementor-element-f8fed55 elementor-section-boxed elementor-section-height-default elementor-section-height-default\" data-id=\"f8fed55\" data-element_type=\"section\" data-e-type=\"section\">\n\t\t\t\t\t\t<div class=\"elementor-container elementor-column-gap-default\">\n\t\t\t\t\t<div class=\"elementor-column elementor-col-100 elementor-top-column elementor-element elementor-element-3b13f28\" data-id=\"3b13f28\" data-element_type=\"column\" data-e-type=\"column\">\n\t\t\t<div class=\"elementor-widget-wrap elementor-element-populated\">\n\t\t\t\t\t\t<div class=\"elementor-element elementor-element-2b9ac8d elementor-alert-danger elementor-widget elementor-widget-alert\" data-id=\"2b9ac8d\" data-element_type=\"widget\" data-e-type=\"widget\" data-widget_type=\"alert.default\">\n\t\t\t\t<div class=\"elementor-widget-container\">\n\t\t\t\t\t\t\t<div class=\"elementor-alert\" role=\"alert\">\n\n\t\t\t\t\t\t<span class=\"elementor-alert-title\">Miercuri, 23 Septembrie 2020, ora 16:00<span style=\"text-align: left\"><\/span><\/span>\n\t\t\t\n\t\t\t\t\t\t<span class=\"elementor-alert-description\"> <b>Implicarea studen\u021bilor timi\u0219oreni \u00een provoc\u0103rile \u00eenceputului de an universitar \u00een timpul pandemiei<\/b> <br>\nPrezentatori:  <br>\n<b>Alexandru Iliescu<\/b> - Universitatea Politehnica Timi\u0219oara, <br><b>Adrian Breha<\/b> - Universitatea de Vest din Timi\u0219oara<br>\n<b>Bogdan Giurgiu<\/b> -  Universitatea de Medicin\u0103 \u0219i Farmacie \u201eVictor Babe\u0219\u201d din Timi\u0219oara \n<br><b>Orghici Gabriel<\/b> - Universitatea de \u0218tiin\u021be Agricole \u0219i Medicin\u0103 Veterinar\u0103 a Banatului<br>\nModerator<br><b>Dr. ing. Diana Andone<\/b> \u2013 Universitatea Politehnica Timi\u0219oara<\/span>\n\t\t\t\n\t\t\t\n\t\t<\/div>\n\t\t\t\t\t\t<\/div>\n\t\t\t\t<\/div>\n\t\t\t\t\t<\/div>\n\t\t<\/div>\n\t\t\t\t\t<\/div>\n\t\t<\/section>\n\t\t\t\t<section class=\"elementor-section elementor-top-section elementor-element elementor-element-4471c24 elementor-section-boxed elementor-section-height-default elementor-section-height-default\" data-id=\"4471c24\" data-element_type=\"section\" data-e-type=\"section\">\n\t\t\t\t\t\t<div class=\"elementor-container elementor-column-gap-default\">\n\t\t\t\t\t<div class=\"elementor-column elementor-col-100 elementor-top-column elementor-element elementor-element-58cd99f\" data-id=\"58cd99f\" data-element_type=\"column\" data-e-type=\"column\">\n\t\t\t<div class=\"elementor-widget-wrap elementor-element-populated\">\n\t\t\t\t\t\t<div class=\"elementor-element elementor-element-0dcbee2 elementor-widget elementor-widget-text-editor\" data-id=\"0dcbee2\" data-element_type=\"widget\" data-e-type=\"widget\" data-widget_type=\"text-editor.default\">\n\t\t\t\t<div class=\"elementor-widget-container\">\n\t\t\t\t\t\t\t\t\t<p><em><strong> Cum s-au implicat studen\u021bii din cele patru mari universit\u0103\u021bi timi\u0219orene \u00een \u00eenceputul anului universitar?<\/strong><\/em><\/p><p><em><strong>Care este perspectiva studen\u021bilor timi\u0219oreni asupra \u00eenceputului de an universitar \u00een timpul pandemiei?<\/strong><\/em><\/p>\t\t\t\t\t\t\t\t<\/div>\n\t\t\t\t<\/div>\n\t\t\t\t\t<\/div>\n\t\t<\/div>\n\t\t\t\t\t<\/div>\n\t\t<\/section>\n\t\t\t\t<section class=\"elementor-section elementor-top-section elementor-element elementor-element-e06aa0b elementor-section-boxed elementor-section-height-default elementor-section-height-default\" data-id=\"e06aa0b\" data-element_type=\"section\" data-e-type=\"section\">\n\t\t\t\t\t\t<div class=\"elementor-container elementor-column-gap-default\">\n\t\t\t\t\t<div class=\"elementor-column elementor-col-100 elementor-top-column elementor-element elementor-element-5b4c7b0\" data-id=\"5b4c7b0\" data-element_type=\"column\" data-e-type=\"column\">\n\t\t\t<div class=\"elementor-widget-wrap elementor-element-populated\">\n\t\t\t\t\t\t<div class=\"elementor-element elementor-element-9af8184 elementor-widget elementor-widget-text-editor\" data-id=\"9af8184\" data-element_type=\"widget\" data-e-type=\"widget\" data-widget_type=\"text-editor.default\">\n\t\t\t\t<div class=\"elementor-widget-container\">\n\t\t\t\t\t\t\t\t\t<p>Sunt numai c\u00e2teva din \u00eentreb\u0103rile la care reprezentan\u021bii studen\u021bilor din <strong>Universitatea Politehnica Timi\u0219oara<\/strong>, <strong>Universitatea de Vest din Timi\u0219oara<\/strong>, <strong>Universitatea de Medicin\u0103 \u0219i Farmacie \u201eVictor Babe\u0219\u201d din Timi\u0219oara<\/strong> \u0219i <strong>Universitatea de \u0218tiin\u021be Agricole \u0219i Medicin\u0103 Veterinar\u0103 a Banatului \u201dRegele Mihai I al Rom\u00e2niei<\/strong>\u201d au r\u0103spuns, \u00eentr-o sesiune interactiv\u0103 \u0219i cu discu\u021bii libere, dedicat\u0103 at\u00e2t studen\u021bilor, c\u00e2t \u0219i cadrelor didactice din universit\u0103\u021bile din Timi\u0219oara \u0219i Rom\u00e2nia.<\/p>\t\t\t\t\t\t\t\t<\/div>\n\t\t\t\t<\/div>\n\t\t\t\t<div class=\"elementor-element elementor-element-0e9bf8b elementor-widget elementor-widget-text-editor\" data-id=\"0e9bf8b\" data-element_type=\"widget\" data-e-type=\"widget\" data-widget_type=\"text-editor.default\">\n\t\t\t\t<div class=\"elementor-widget-container\">\n\t\t\t\t\t\t\t\t\t<p><strong>Peste 150 de participan\u021bi<\/strong> au urm\u0103rit prezentarea sus\u021binut\u0103 de reprezentan\u021bii studen\u021bilor celor patru mari universit\u0103\u021bi din Timi\u0219oara, at\u00e2t pe Zoom, c\u00e2t \u0219i pe canalele de transmisie LIVE &#8211; YouTube \u0219i Facebook, \u00eemp\u0103rt\u0103\u0219ind din experien\u021ba lor \u00een comentarii \u0219i adres\u00e2nd zeci de \u00eentreb\u0103ri cu privire la educa\u021bia online, dar \u0219i legate de celelalte activit\u0103\u021bi institu\u021bionale, care sunt \u00een continuare o \u00a0important\u0103 component\u0103 pentru sfera educa\u021bional\u0103, chiar \u0219i \u00een situa\u021bia actual\u0103.<\/p>\t\t\t\t\t\t\t\t<\/div>\n\t\t\t\t<\/div>\n\t\t\t\t<div class=\"elementor-element elementor-element-67d0f7d elementor-widget elementor-widget-text-editor\" data-id=\"67d0f7d\" data-element_type=\"widget\" data-e-type=\"widget\" data-widget_type=\"text-editor.default\">\n\t\t\t\t<div class=\"elementor-widget-container\">\n\t\t\t\t\t\t\t\t\t<p>Discu\u021bia s-a concentrat pe <strong>metodele pentru sus\u021binerea continu\u0103 a studen\u021bilor<\/strong>, noile propuneri \u0219i deciziile luate \u00een privin\u021ba activit\u0103\u021bilor academice, eforturile focaliz\u00e2ndu-se pe <strong>necesit\u0103\u021bile studen\u021biilor<\/strong> \u0219i a pus accentul pe<strong> munca colaborativ\u0103 \u00a0<\/strong>\u00een contextul nuan\u021b\u0103rii unei bune desf\u0103\u0219ur\u0103ri a activit\u0103\u021bilor pentru toate sectoarele de activitate academic\u0103 \u00een aceast\u0103 perioad\u0103.<\/p>\t\t\t\t\t\t\t\t<\/div>\n\t\t\t\t<\/div>\n\t\t\t\t<div class=\"elementor-element elementor-element-45348b9 elementor-widget elementor-widget-text-editor\" data-id=\"45348b9\" data-element_type=\"widget\" data-e-type=\"widget\" data-widget_type=\"text-editor.default\">\n\t\t\t\t<div class=\"elementor-widget-container\">\n\t\t\t\t\t\t\t\t\t<p>Concluzia prezentatorilor a fost c\u0103 majoritatea studen\u021bilor pot primi educa\u021bia online \u00een mod deschis, cel mai mult\u00a0<strong>cont\u00e2nd responsabilitatea, sus\u021binerea, implicarea \u0219i colaborarea<\/strong> tuturor actorilor din procesul educa\u021bional, iar aceast\u0103 perioad\u0103 aduce \u0219i beneficii\u2013 <strong>utilizarea tehnologiei \u00een educa\u021bie<\/strong> \u0219i pe viitor-<strong>dezvoltare-inovare<\/strong>.<\/p>\t\t\t\t\t\t\t\t<\/div>\n\t\t\t\t<\/div>\n\t\t\t\t\t<\/div>\n\t\t<\/div>\n\t\t\t\t\t<\/div>\n\t\t<\/section>\n\t\t\t\t<section class=\"elementor-section elementor-top-section elementor-element elementor-element-75cfa0f elementor-section-boxed elementor-section-height-default elementor-section-height-default\" data-id=\"75cfa0f\" data-element_type=\"section\" data-e-type=\"section\">\n\t\t\t\t\t\t<div class=\"elementor-container elementor-column-gap-default\">\n\t\t\t\t\t<div class=\"elementor-column elementor-col-100 elementor-top-column elementor-element elementor-element-e49ee17\" data-id=\"e49ee17\" data-element_type=\"column\" data-e-type=\"column\">\n\t\t\t<div class=\"elementor-widget-wrap elementor-element-populated\">\n\t\t\t\t\t\t<div class=\"elementor-element elementor-element-d3c1506 elementor-position-left elementor-vertical-align-top elementor-widget elementor-widget-image-box\" data-id=\"d3c1506\" data-element_type=\"widget\" data-e-type=\"widget\" data-widget_type=\"image-box.default\">\n\t\t\t\t<div class=\"elementor-widget-container\">\n\t\t\t\t\t<div class=\"elementor-image-box-wrapper\"><figure class=\"elementor-image-box-img\"><img decoding=\"async\" width=\"150\" height=\"150\" src=\"https:\/\/elearning.upt.ro\/wp-content\/uploads\/2020\/06\/Alexandru_Constantin_ILIESCU-150x150.jpg\" class=\"attachment-thumbnail size-thumbnail wp-image-10348\" alt=\"\" srcset=\"https:\/\/elearning.upt.ro\/wp-content\/uploads\/2020\/06\/Alexandru_Constantin_ILIESCU-150x150.jpg 150w, https:\/\/elearning.upt.ro\/wp-content\/uploads\/2020\/06\/Alexandru_Constantin_ILIESCU-50x50.jpg 50w, https:\/\/elearning.upt.ro\/wp-content\/uploads\/2020\/06\/Alexandru_Constantin_ILIESCU-80x80.jpg 80w, https:\/\/elearning.upt.ro\/wp-content\/uploads\/2020\/06\/Alexandru_Constantin_ILIESCU-263x263.jpg 263w, https:\/\/elearning.upt.ro\/wp-content\/uploads\/2020\/06\/Alexandru_Constantin_ILIESCU-100x100.jpg 100w, https:\/\/elearning.upt.ro\/wp-content\/uploads\/2020\/06\/Alexandru_Constantin_ILIESCU-526x526.jpg 526w, https:\/\/elearning.upt.ro\/wp-content\/uploads\/2020\/06\/Alexandru_Constantin_ILIESCU-255x255.jpg 255w\" sizes=\"(max-width: 150px) 100vw, 150px\" \/><\/figure><div class=\"elementor-image-box-content\"><h4 class=\"elementor-image-box-title\">Alexandru Constantin Iliescu, Universitatea Politehnica Timi\u0219oara<\/h4><p class=\"elementor-image-box-description\">Alexandru Constantin ILIESCU este student al Universit\u0103\u021bii Politehnica Timi\u0219oara, la Facultatea de Automatic\u0103 \u0219i Calculatoare. \u00cen prezent este studentul reprezentant in Consiliul de Administra\u021bie \u0219i pre\u0219edintele Ligii Studen\u021bilor din Facultatea de Automatic\u0103 \u0219i Calculatoare (Liga AC).<\/p><\/div><\/div>\t\t\t\t<\/div>\n\t\t\t\t<\/div>\n\t\t\t\t\t<\/div>\n\t\t<\/div>\n\t\t\t\t\t<\/div>\n\t\t<\/section>\n\t\t\t\t<section class=\"elementor-section elementor-top-section elementor-element elementor-element-87847ca elementor-section-boxed elementor-section-height-default elementor-section-height-default\" data-id=\"87847ca\" data-element_type=\"section\" data-e-type=\"section\">\n\t\t\t\t\t\t<div class=\"elementor-container elementor-column-gap-default\">\n\t\t\t\t\t<div class=\"elementor-column elementor-col-100 elementor-top-column elementor-element elementor-element-71f9be4\" data-id=\"71f9be4\" data-element_type=\"column\" data-e-type=\"column\">\n\t\t\t<div class=\"elementor-widget-wrap elementor-element-populated\">\n\t\t\t\t\t\t<div class=\"elementor-element elementor-element-8f3822f elementor-position-left elementor-vertical-align-top elementor-widget elementor-widget-image-box\" data-id=\"8f3822f\" data-element_type=\"widget\" data-e-type=\"widget\" data-widget_type=\"image-box.default\">\n\t\t\t\t<div class=\"elementor-widget-container\">\n\t\t\t\t\t<div class=\"elementor-image-box-wrapper\"><figure class=\"elementor-image-box-img\"><img decoding=\"async\" width=\"150\" height=\"150\" src=\"https:\/\/elearning.upt.ro\/wp-content\/uploads\/2020\/06\/Bogdan-giurgiu-150x150.jpg\" class=\"attachment-thumbnail size-thumbnail wp-image-10355\" alt=\"\" srcset=\"https:\/\/elearning.upt.ro\/wp-content\/uploads\/2020\/06\/Bogdan-giurgiu-150x150.jpg 150w, https:\/\/elearning.upt.ro\/wp-content\/uploads\/2020\/06\/Bogdan-giurgiu-50x50.jpg 50w, https:\/\/elearning.upt.ro\/wp-content\/uploads\/2020\/06\/Bogdan-giurgiu-80x80.jpg 80w, https:\/\/elearning.upt.ro\/wp-content\/uploads\/2020\/06\/Bogdan-giurgiu-263x263.jpg 263w, https:\/\/elearning.upt.ro\/wp-content\/uploads\/2020\/06\/Bogdan-giurgiu-100x100.jpg 100w, https:\/\/elearning.upt.ro\/wp-content\/uploads\/2020\/06\/Bogdan-giurgiu-526x526.jpg 526w, https:\/\/elearning.upt.ro\/wp-content\/uploads\/2020\/06\/Bogdan-giurgiu-255x255.jpg 255w\" sizes=\"(max-width: 150px) 100vw, 150px\" \/><\/figure><div class=\"elementor-image-box-content\"><h4 class=\"elementor-image-box-title\">Bogdan Giurgiu - Universitatea de Medicin\u0103 \u0219i Farmacie \u201dVictor Babe\u0219\u201d din Timi\u0219oara<\/h4><p class=\"elementor-image-box-description\">Bogdan este student \u00een anul VI la Universitatea de Medicin\u0103 \u0219i Farmacie \u201dVictor Babe\u0219\u201d din Timi\u0219oara \u2013 specializarea Medicin\u0103 General\u0103. \u00cen perioada 2017-2019 a activat ca voluntar \u00een programul V.A.D.A., ca tutore la disciplina de Anatomie \u0219i Embriologie \u2013 sus\u021bin\u00e2nd lucr\u0103ri practice cu studen\u021bii anilor 1 si 2. Este \u0219ef de serie cu activit\u0103\u021bi administrativ-organizatorice \u00een cadrul seriei din care face parte. Se ocup\u0103 \u0219i de asigurarea comunic\u0103rii dintre studen\u021bi \u0219i cadrele didactice. A ob\u021binut Diploma de excelen\u021b\u0103 din partea UMF Timi\u0219oara pentru activitatea ca student (11 Decembrie 2018). Domeniile sale de interes sunt Chirurgie generala, Urologie, Chirurgie oncologic\u0103, Oncologie \u0219i Pneumologie.<\/p><\/div><\/div>\t\t\t\t<\/div>\n\t\t\t\t<\/div>\n\t\t\t\t\t<\/div>\n\t\t<\/div>\n\t\t\t\t\t<\/div>\n\t\t<\/section>\n\t\t\t\t<section class=\"elementor-section elementor-top-section elementor-element elementor-element-50fac5f elementor-section-boxed elementor-section-height-default elementor-section-height-default\" data-id=\"50fac5f\" data-element_type=\"section\" data-e-type=\"section\">\n\t\t\t\t\t\t<div class=\"elementor-container elementor-column-gap-default\">\n\t\t\t\t\t<div class=\"elementor-column elementor-col-100 elementor-top-column elementor-element elementor-element-67c7e5b\" data-id=\"67c7e5b\" data-element_type=\"column\" data-e-type=\"column\">\n\t\t\t<div class=\"elementor-widget-wrap elementor-element-populated\">\n\t\t\t\t\t\t<div class=\"elementor-element elementor-element-2a89c59 elementor-position-left elementor-vertical-align-top elementor-widget elementor-widget-image-box\" data-id=\"2a89c59\" data-element_type=\"widget\" data-e-type=\"widget\" data-widget_type=\"image-box.default\">\n\t\t\t\t<div class=\"elementor-widget-container\">\n\t\t\t\t\t<div class=\"elementor-image-box-wrapper\"><figure class=\"elementor-image-box-img\"><img decoding=\"async\" width=\"150\" height=\"150\" src=\"https:\/\/elearning.upt.ro\/wp-content\/uploads\/2020\/06\/48909492728_48ea142030_o-150x150.jpg\" class=\"attachment-thumbnail size-thumbnail wp-image-10383\" alt=\"\" srcset=\"https:\/\/elearning.upt.ro\/wp-content\/uploads\/2020\/06\/48909492728_48ea142030_o-150x150.jpg 150w, https:\/\/elearning.upt.ro\/wp-content\/uploads\/2020\/06\/48909492728_48ea142030_o-50x50.jpg 50w, https:\/\/elearning.upt.ro\/wp-content\/uploads\/2020\/06\/48909492728_48ea142030_o-80x80.jpg 80w, https:\/\/elearning.upt.ro\/wp-content\/uploads\/2020\/06\/48909492728_48ea142030_o-263x263.jpg 263w, https:\/\/elearning.upt.ro\/wp-content\/uploads\/2020\/06\/48909492728_48ea142030_o-100x100.jpg 100w, https:\/\/elearning.upt.ro\/wp-content\/uploads\/2020\/06\/48909492728_48ea142030_o-526x526.jpg 526w, https:\/\/elearning.upt.ro\/wp-content\/uploads\/2020\/06\/48909492728_48ea142030_o-255x255.jpg 255w\" sizes=\"(max-width: 150px) 100vw, 150px\" \/><\/figure><div class=\"elementor-image-box-content\"><h4 class=\"elementor-image-box-title\">Breha Adrian - Universitatea de Vest Timi\u0219oara<\/h4><p class=\"elementor-image-box-description\">Breha Adrian este Pre\u0219edinte al Organiza\u021biei Studen\u021bilor din Universitatea de Vest din Timi\u0219oara, fiind student la Facultatea de \u0218tiin\u021be Politice, Filosofie \u0219i \u0218tiin\u021be ale Comunic\u0103rii la programul de studii de licen\u021b\u0103 Media Digital\u0103. \u00cen prezent, reprezint\u0103 interesele stunde\u021bilor \u00een Consiliul Facult\u0103\u021bii \u0219i \u00een Senatul UVT.<\/p><\/div><\/div>\t\t\t\t<\/div>\n\t\t\t\t<\/div>\n\t\t\t\t\t<\/div>\n\t\t<\/div>\n\t\t\t\t\t<\/div>\n\t\t<\/section>\n\t\t\t\t<section class=\"elementor-section elementor-top-section elementor-element elementor-element-73ac86f elementor-section-boxed elementor-section-height-default elementor-section-height-default\" data-id=\"73ac86f\" data-element_type=\"section\" data-e-type=\"section\">\n\t\t\t\t\t\t<div class=\"elementor-container elementor-column-gap-default\">\n\t\t\t\t\t<div class=\"elementor-column elementor-col-100 elementor-top-column elementor-element elementor-element-7771e73\" data-id=\"7771e73\" data-element_type=\"column\" data-e-type=\"column\">\n\t\t\t<div class=\"elementor-widget-wrap elementor-element-populated\">\n\t\t\t\t\t\t<div class=\"elementor-element elementor-element-c241c60 elementor-alert-info elementor-widget elementor-widget-alert\" data-id=\"c241c60\" data-element_type=\"widget\" data-e-type=\"widget\" data-widget_type=\"alert.default\">\n\t\t\t\t<div class=\"elementor-widget-container\">\n\t\t\t\t\t\t\t<div class=\"elementor-alert\" role=\"alert\">\n\n\t\t\t\t\t\t<span class=\"elementor-alert-title\">Open Badge (certificat digital deschis) - \u00cempreun\u0103 online<\/span>\n\t\t\t\n\t\t\t\t\t\t<span class=\"elementor-alert-description\">Participarea a fost gratuit\u0103 iar participan\u021bii au primit Open Badges (Certificate digitale deschise).<\/span>\n\t\t\t\n\t\t\t\n\t\t<\/div>\n\t\t\t\t\t\t<\/div>\n\t\t\t\t<\/div>\n\t\t\t\t\t<\/div>\n\t\t<\/div>\n\t\t\t\t\t<\/div>\n\t\t<\/section>\n\t\t\t\t<section class=\"elementor-section elementor-top-section elementor-element elementor-element-afd333c elementor-section-boxed elementor-section-height-default elementor-section-height-default\" data-id=\"afd333c\" data-element_type=\"section\" data-e-type=\"section\">\n\t\t\t\t\t\t<div class=\"elementor-container elementor-column-gap-default\">\n\t\t\t\t\t<div class=\"elementor-column elementor-col-100 elementor-top-column elementor-element elementor-element-d87d4e1\" data-id=\"d87d4e1\" data-element_type=\"column\" data-e-type=\"column\">\n\t\t\t<div class=\"elementor-widget-wrap elementor-element-populated\">\n\t\t\t\t\t\t<div class=\"elementor-element elementor-element-f1fb0e4 elementor-widget elementor-widget-image\" data-id=\"f1fb0e4\" data-element_type=\"widget\" data-e-type=\"widget\" data-widget_type=\"image.default\">\n\t\t\t\t<div class=\"elementor-widget-container\">\n\t\t\t\t\t\t\t\t\t\t\t\t<figure class=\"wp-caption\">\n\t\t\t\t\t\t\t\t\t\t\t<a href=\"https:\/\/elearning.upt.ro\/ro\/open-badges-certificate-digitale-deschise-impreuna-online\/\">\n\t\t\t\t\t\t\t<img loading=\"lazy\" decoding=\"async\" width=\"300\" height=\"300\" src=\"https:\/\/elearning.upt.ro\/wp-content\/uploads\/2020\/08\/Badge_MODEL-300x300.png\" class=\"attachment-medium size-medium wp-image-11313\" alt=\"\" srcset=\"https:\/\/elearning.upt.ro\/wp-content\/uploads\/2020\/08\/Badge_MODEL-300x300.png 300w, https:\/\/elearning.upt.ro\/wp-content\/uploads\/2020\/08\/Badge_MODEL-150x150.png 150w, https:\/\/elearning.upt.ro\/wp-content\/uploads\/2020\/08\/Badge_MODEL-50x50.png 50w, https:\/\/elearning.upt.ro\/wp-content\/uploads\/2020\/08\/Badge_MODEL-80x80.png 80w, https:\/\/elearning.upt.ro\/wp-content\/uploads\/2020\/08\/Badge_MODEL-263x263.png 263w, https:\/\/elearning.upt.ro\/wp-content\/uploads\/2020\/08\/Badge_MODEL-100x100.png 100w, https:\/\/elearning.upt.ro\/wp-content\/uploads\/2020\/08\/Badge_MODEL-255x255.png 255w, https:\/\/elearning.upt.ro\/wp-content\/uploads\/2020\/08\/Badge_MODEL.png 330w\" sizes=\"(max-width: 300px) 100vw, 300px\" \/>\t\t\t\t\t\t\t\t<\/a>\n\t\t\t\t\t\t\t\t\t\t\t<figcaption class=\"widget-image-caption wp-caption-text\">Click pe imagine pentru a vizualiza Open Badges emise la webinariile \u00cempreun\u0103 Online<\/figcaption>\n\t\t\t\t\t\t\t\t\t\t<\/figure>\n\t\t\t\t\t\t\t\t\t<\/div>\n\t\t\t\t<\/div>\n\t\t\t\t\t<\/div>\n\t\t<\/div>\n\t\t\t\t\t<\/div>\n\t\t<\/section>\n\t\t\t\t<section class=\"elementor-section elementor-top-section elementor-element elementor-element-4b619c5 elementor-section-boxed elementor-section-height-default elementor-section-height-default\" data-id=\"4b619c5\" data-element_type=\"section\" data-e-type=\"section\">\n\t\t\t\t\t\t<div class=\"elementor-container elementor-column-gap-default\">\n\t\t\t\t\t<div class=\"elementor-column elementor-col-100 elementor-top-column elementor-element elementor-element-494d255\" data-id=\"494d255\" data-element_type=\"column\" data-e-type=\"column\">\n\t\t\t<div class=\"elementor-widget-wrap elementor-element-populated\">\n\t\t\t\t\t\t<div class=\"elementor-element elementor-element-dcad3ad elementor-widget elementor-widget-text-editor\" data-id=\"dcad3ad\" data-element_type=\"widget\" data-e-type=\"widget\" data-widget_type=\"text-editor.default\">\n\t\t\t\t<div class=\"elementor-widget-container\">\n\t\t\t\t\t\t\t\t\t<p><span style=\"font-weight: 400;\">Webinariile \u00cempreun\u0103 online sunt organizate \u00een colaborare de IEEE Rom\u00e2nia, Alian\u021ba Rom\u00e2n\u0103 a Universit\u0103\u021bilor Tehnice,\u00a0 Asocia\u021bia EDEN \u0219i Universitatea Politehnica Timi\u0219oara, \u00een fiecare s\u0103pt\u0103m\u00e2n\u0103 cu invita\u021bi din alte universit\u0103\u021bi \u0219i \u0219coli din Rom\u00e2nia.<\/span><\/p>\t\t\t\t\t\t\t\t<\/div>\n\t\t\t\t<\/div>\n\t\t\t\t\t<\/div>\n\t\t<\/div>\n\t\t\t\t\t<\/div>\n\t\t<\/section>\n\t\t\t\t<section class=\"elementor-section elementor-top-section elementor-element elementor-element-881a58e elementor-section-boxed elementor-section-height-default elementor-section-height-default\" data-id=\"881a58e\" data-element_type=\"section\" data-e-type=\"section\">\n\t\t\t\t\t\t<div class=\"elementor-container elementor-column-gap-default\">\n\t\t\t\t\t<div class=\"elementor-column elementor-col-100 elementor-top-column elementor-element elementor-element-51f19e6\" data-id=\"51f19e6\" data-element_type=\"column\" data-e-type=\"column\">\n\t\t\t<div class=\"elementor-widget-wrap elementor-element-populated\">\n\t\t\t\t\t\t<div class=\"elementor-element elementor-element-add4863 elementor-widget elementor-widget-image\" data-id=\"add4863\" data-element_type=\"widget\" data-e-type=\"widget\" data-widget_type=\"image.default\">\n\t\t\t\t<div class=\"elementor-widget-container\">\n\t\t\t\t\t\t\t\t\t\t\t\t\t\t\t<img loading=\"lazy\" decoding=\"async\" width=\"768\" height=\"125\" src=\"https:\/\/elearning.upt.ro\/wp-content\/uploads\/2020\/08\/header-01-1-1024x167-1-768x125.png\" class=\"attachment-medium_large size-medium_large wp-image-11316\" alt=\"\" srcset=\"https:\/\/elearning.upt.ro\/wp-content\/uploads\/2020\/08\/header-01-1-1024x167-1-768x125.png 768w, https:\/\/elearning.upt.ro\/wp-content\/uploads\/2020\/08\/header-01-1-1024x167-1-300x49.png 300w, https:\/\/elearning.upt.ro\/wp-content\/uploads\/2020\/08\/header-01-1-1024x167-1-255x42.png 255w, https:\/\/elearning.upt.ro\/wp-content\/uploads\/2020\/08\/header-01-1-1024x167-1.png 1024w\" sizes=\"(max-width: 768px) 100vw, 768px\" \/>\t\t\t\t\t\t\t\t\t\t\t\t\t\t\t<\/div>\n\t\t\t\t<\/div>\n\t\t\t\t\t<\/div>\n\t\t<\/div>\n\t\t\t\t\t<\/div>\n\t\t<\/section>\n\t\t\t\t<section class=\"elementor-section elementor-top-section elementor-element elementor-element-2cfd438 elementor-section-boxed elementor-section-height-default elementor-section-height-default\" data-id=\"2cfd438\" data-element_type=\"section\" data-e-type=\"section\">\n\t\t\t\t\t\t<div class=\"elementor-container elementor-column-gap-default\">\n\t\t\t\t\t<div class=\"elementor-column elementor-col-100 elementor-top-column elementor-element elementor-element-f0e7c48\" data-id=\"f0e7c48\" data-element_type=\"column\" data-e-type=\"column\">\n\t\t\t<div class=\"elementor-widget-wrap elementor-element-populated\">\n\t\t\t\t\t\t<div class=\"elementor-element elementor-element-98abe88 elementor-widget elementor-widget-text-editor\" data-id=\"98abe88\" data-element_type=\"widget\" data-e-type=\"widget\" data-widget_type=\"text-editor.default\">\n\t\t\t\t<div class=\"elementor-widget-container\">\n\t\t\t\t\t\t\t\t\t<p><em>Urm\u0103re\u0219te \u00eenregistrarea webinarului mai jos:<\/em><\/p>\t\t\t\t\t\t\t\t<\/div>\n\t\t\t\t<\/div>\n\t\t\t\t\t<\/div>\n\t\t<\/div>\n\t\t\t\t\t<\/div>\n\t\t<\/section>\n\t\t\t\t<section class=\"elementor-section elementor-top-section elementor-element elementor-element-ab79778 elementor-section-boxed elementor-section-height-default elementor-section-height-default\" data-id=\"ab79778\" data-element_type=\"section\" data-e-type=\"section\">\n\t\t\t\t\t\t<div class=\"elementor-container elementor-column-gap-default\">\n\t\t\t\t\t<div class=\"elementor-column elementor-col-100 elementor-top-column elementor-element elementor-element-a7e7b52\" data-id=\"a7e7b52\" data-element_type=\"column\" data-e-type=\"column\">\n\t\t\t<div class=\"elementor-widget-wrap elementor-element-populated\">\n\t\t\t\t\t\t<div class=\"elementor-element elementor-element-1ef0dc2 elementor-widget elementor-widget-video\" data-id=\"1ef0dc2\" data-element_type=\"widget\" data-e-type=\"widget\" data-settings=\"{&quot;youtube_url&quot;:&quot;https:\\\/\\\/youtu.be\\\/Gj_8FTGQD4A&quot;,&quot;video_type&quot;:&quot;youtube&quot;,&quot;controls&quot;:&quot;yes&quot;}\" data-widget_type=\"video.default\">\n\t\t\t\t<div class=\"elementor-widget-container\">\n\t\t\t\t\t\t\t<div class=\"elementor-wrapper elementor-open-inline\">\n\t\t\t<div class=\"elementor-video\"><\/div>\t\t<\/div>\n\t\t\t\t\t\t<\/div>\n\t\t\t\t<\/div>\n\t\t\t\t\t<\/div>\n\t\t<\/div>\n\t\t\t\t\t<\/div>\n\t\t<\/section>\n\t\t\t\t<\/div>\n\t\t","protected":false},"excerpt":{"rendered":"<p>\u00cen data de 23.09.2020 a avut loc webinarul #impreunaonline &#8211; Implicarea studen\u021bilor timi\u0219oreni \u00een provoc\u0103rile \u00eenceputului de an universitar \u00een timpul pandemiei. Afl\u0103 mai multe detalii AICI!<\/p>\n","protected":false},"author":13,"featured_media":11913,"comment_status":"closed","ping_status":"closed","sticky":false,"template":"","format":"standard","meta":{"footnotes":""},"categories":[104,235,251],"tags":[238,413],"class_list":["post-11884","post","type-post","status-publish","format-standard","has-post-thumbnail","hentry","category-comunitate","category-impreuna-online","category-noutati","tag-impreunaonline","tag-webinar-impreunaonline-13"],"yoast_head":"<!-- This site is optimized with the Yoast SEO plugin v27.4 - https:\/\/yoast.com\/product\/yoast-seo-wordpress\/ -->\n<title>Webinar #impreunaonline \u2013 Implicarea studen\u021bilor timi\u0219oreni \u00een provoc\u0103rile \u00eenceputului de an universitar \u00een timpul pandemiei - Universitatea Politehnica Timi\u015foara Departamentul de ID\/IFR \u0219i Educa\u021bie Digital\u0103 \u2013 DeL<\/title>\n<meta name=\"robots\" content=\"index, follow, max-snippet:-1, max-image-preview:large, max-video-preview:-1\" \/>\n<link rel=\"canonical\" href=\"https:\/\/elearning.upt.ro\/ro\/comunitate\/webinar-impreunaonline-implicarea-studentilor-timisoreni-in-provocarile-inceputului-de-an-universitar-in-timpul-pandemiei\/\" \/>\n<meta property=\"og:locale\" content=\"ro_RO\" \/>\n<meta property=\"og:type\" content=\"article\" \/>\n<meta property=\"og:title\" content=\"Webinar #impreunaonline \u2013 Implicarea studen\u021bilor timi\u0219oreni \u00een provoc\u0103rile \u00eenceputului de an universitar \u00een timpul pandemiei - Universitatea Politehnica Timi\u015foara Departamentul de ID\/IFR \u0219i Educa\u021bie Digital\u0103 \u2013 DeL\" \/>\n<meta property=\"og:description\" content=\"\u00cen data de 23.09.2020 a avut loc webinarul #impreunaonline - Implicarea studen\u021bilor timi\u0219oreni \u00een provoc\u0103rile \u00eenceputului de an universitar \u00een timpul pandemiei. Afl\u0103 mai multe detalii AICI!\" \/>\n<meta property=\"og:url\" content=\"https:\/\/elearning.upt.ro\/ro\/comunitate\/webinar-impreunaonline-implicarea-studentilor-timisoreni-in-provocarile-inceputului-de-an-universitar-in-timpul-pandemiei\/\" \/>\n<meta property=\"og:site_name\" content=\"Universitatea Politehnica Timi\u015foara Departamentul de ID\/IFR \u0219i Educa\u021bie Digital\u0103 \u2013 DeL\" \/>\n<meta property=\"article:publisher\" content=\"https:\/\/www.facebook.com\/CIDUPT\/?ref=page_internal\" \/>\n<meta property=\"article:published_time\" content=\"2020-09-21T10:37:05+00:00\" \/>\n<meta property=\"article:modified_time\" content=\"2021-02-04T09:41:14+00:00\" \/>\n<meta property=\"og:image\" content=\"https:\/\/elearning.upt.ro\/wp-content\/uploads\/2020\/09\/Impreuna-online-05-1.png\" \/>\n\t<meta property=\"og:image:width\" content=\"1080\" \/>\n\t<meta property=\"og:image:height\" content=\"1080\" \/>\n\t<meta property=\"og:image:type\" content=\"image\/png\" \/>\n<meta name=\"author\" content=\"CeL\" \/>\n<meta name=\"twitter:card\" content=\"summary_large_image\" \/>\n<meta name=\"twitter:label1\" content=\"Written by\" \/>\n\t<meta name=\"twitter:data1\" content=\"CeL\" \/>\n\t<meta name=\"twitter:label2\" content=\"Est. reading time\" \/>\n\t<meta name=\"twitter:data2\" content=\"4 minutes\" \/>\n<script type=\"application\/ld+json\" class=\"yoast-schema-graph\">{\"@context\":\"https:\\\/\\\/schema.org\",\"@graph\":[{\"@type\":\"Article\",\"@id\":\"https:\\\/\\\/elearning.upt.ro\\\/en\\\/comunitate\\\/webinar-impreunaonline-implicarea-studentilor-timisoreni-in-provocarile-inceputului-de-an-universitar-in-timpul-pandemiei\\\/#article\",\"isPartOf\":{\"@id\":\"https:\\\/\\\/elearning.upt.ro\\\/en\\\/comunitate\\\/webinar-impreunaonline-implicarea-studentilor-timisoreni-in-provocarile-inceputului-de-an-universitar-in-timpul-pandemiei\\\/\"},\"author\":{\"name\":\"CeL\",\"@id\":\"https:\\\/\\\/elearning.upt.ro\\\/ro\\\/#\\\/schema\\\/person\\\/8bb5b84d8e634ea763262c452a39b3f4\"},\"headline\":\"Webinar #impreunaonline \u2013 Implicarea studen\u021bilor timi\u0219oreni \u00een provoc\u0103rile \u00eenceputului de an universitar \u00een timpul pandemiei\",\"datePublished\":\"2020-09-21T10:37:05+00:00\",\"dateModified\":\"2021-02-04T09:41:14+00:00\",\"mainEntityOfPage\":{\"@id\":\"https:\\\/\\\/elearning.upt.ro\\\/en\\\/comunitate\\\/webinar-impreunaonline-implicarea-studentilor-timisoreni-in-provocarile-inceputului-de-an-universitar-in-timpul-pandemiei\\\/\"},\"wordCount\":808,\"image\":{\"@id\":\"https:\\\/\\\/elearning.upt.ro\\\/en\\\/comunitate\\\/webinar-impreunaonline-implicarea-studentilor-timisoreni-in-provocarile-inceputului-de-an-universitar-in-timpul-pandemiei\\\/#primaryimage\"},\"thumbnailUrl\":\"https:\\\/\\\/elearning.upt.ro\\\/wp-content\\\/uploads\\\/2020\\\/09\\\/Impreuna-online-05-1.png\",\"keywords\":[\"impreunaonline\",\"webinar impreunaonline 13\"],\"articleSection\":[\"Comunitate\",\"Impreuna Online\",\"Noutati\"],\"inLanguage\":\"ro-RO\"},{\"@type\":\"WebPage\",\"@id\":\"https:\\\/\\\/elearning.upt.ro\\\/en\\\/comunitate\\\/webinar-impreunaonline-implicarea-studentilor-timisoreni-in-provocarile-inceputului-de-an-universitar-in-timpul-pandemiei\\\/\",\"url\":\"https:\\\/\\\/elearning.upt.ro\\\/en\\\/comunitate\\\/webinar-impreunaonline-implicarea-studentilor-timisoreni-in-provocarile-inceputului-de-an-universitar-in-timpul-pandemiei\\\/\",\"name\":\"Webinar #impreunaonline \u2013 Implicarea studen\u021bilor timi\u0219oreni \u00een provoc\u0103rile \u00eenceputului de an universitar \u00een timpul pandemiei - Universitatea Politehnica Timi\u015foara Departamentul de ID\\\/IFR \u0219i Educa\u021bie Digital\u0103 \u2013 DeL\",\"isPartOf\":{\"@id\":\"https:\\\/\\\/elearning.upt.ro\\\/ro\\\/#website\"},\"primaryImageOfPage\":{\"@id\":\"https:\\\/\\\/elearning.upt.ro\\\/en\\\/comunitate\\\/webinar-impreunaonline-implicarea-studentilor-timisoreni-in-provocarile-inceputului-de-an-universitar-in-timpul-pandemiei\\\/#primaryimage\"},\"image\":{\"@id\":\"https:\\\/\\\/elearning.upt.ro\\\/en\\\/comunitate\\\/webinar-impreunaonline-implicarea-studentilor-timisoreni-in-provocarile-inceputului-de-an-universitar-in-timpul-pandemiei\\\/#primaryimage\"},\"thumbnailUrl\":\"https:\\\/\\\/elearning.upt.ro\\\/wp-content\\\/uploads\\\/2020\\\/09\\\/Impreuna-online-05-1.png\",\"datePublished\":\"2020-09-21T10:37:05+00:00\",\"dateModified\":\"2021-02-04T09:41:14+00:00\",\"author\":{\"@id\":\"https:\\\/\\\/elearning.upt.ro\\\/ro\\\/#\\\/schema\\\/person\\\/8bb5b84d8e634ea763262c452a39b3f4\"},\"breadcrumb\":{\"@id\":\"https:\\\/\\\/elearning.upt.ro\\\/en\\\/comunitate\\\/webinar-impreunaonline-implicarea-studentilor-timisoreni-in-provocarile-inceputului-de-an-universitar-in-timpul-pandemiei\\\/#breadcrumb\"},\"inLanguage\":\"ro-RO\",\"potentialAction\":[{\"@type\":\"ReadAction\",\"target\":[\"https:\\\/\\\/elearning.upt.ro\\\/en\\\/comunitate\\\/webinar-impreunaonline-implicarea-studentilor-timisoreni-in-provocarile-inceputului-de-an-universitar-in-timpul-pandemiei\\\/\"]}]},{\"@type\":\"ImageObject\",\"inLanguage\":\"ro-RO\",\"@id\":\"https:\\\/\\\/elearning.upt.ro\\\/en\\\/comunitate\\\/webinar-impreunaonline-implicarea-studentilor-timisoreni-in-provocarile-inceputului-de-an-universitar-in-timpul-pandemiei\\\/#primaryimage\",\"url\":\"https:\\\/\\\/elearning.upt.ro\\\/wp-content\\\/uploads\\\/2020\\\/09\\\/Impreuna-online-05-1.png\",\"contentUrl\":\"https:\\\/\\\/elearning.upt.ro\\\/wp-content\\\/uploads\\\/2020\\\/09\\\/Impreuna-online-05-1.png\",\"width\":1080,\"height\":1080},{\"@type\":\"BreadcrumbList\",\"@id\":\"https:\\\/\\\/elearning.upt.ro\\\/en\\\/comunitate\\\/webinar-impreunaonline-implicarea-studentilor-timisoreni-in-provocarile-inceputului-de-an-universitar-in-timpul-pandemiei\\\/#breadcrumb\",\"itemListElement\":[{\"@type\":\"ListItem\",\"position\":1,\"name\":\"Home\",\"item\":\"https:\\\/\\\/elearning.upt.ro\\\/\"},{\"@type\":\"ListItem\",\"position\":2,\"name\":\"Webinar #impreunaonline \u2013 Implicarea studen\u021bilor timi\u0219oreni \u00een provoc\u0103rile \u00eenceputului de an universitar \u00een timpul pandemiei\"}]},{\"@type\":\"WebSite\",\"@id\":\"https:\\\/\\\/elearning.upt.ro\\\/ro\\\/#website\",\"url\":\"https:\\\/\\\/elearning.upt.ro\\\/ro\\\/\",\"name\":\"Universitatea Politehnica Timi\u015foara Departamentul de ID\\\/IFR \u0219i Educa\u021bie Digital\u0103 \u2013 DeL\",\"description\":\"\",\"potentialAction\":[{\"@type\":\"SearchAction\",\"target\":{\"@type\":\"EntryPoint\",\"urlTemplate\":\"https:\\\/\\\/elearning.upt.ro\\\/ro\\\/?s={search_term_string}\"},\"query-input\":{\"@type\":\"PropertyValueSpecification\",\"valueRequired\":true,\"valueName\":\"search_term_string\"}}],\"inLanguage\":\"ro-RO\"},{\"@type\":\"Person\",\"@id\":\"https:\\\/\\\/elearning.upt.ro\\\/ro\\\/#\\\/schema\\\/person\\\/8bb5b84d8e634ea763262c452a39b3f4\",\"name\":\"CeL\",\"image\":{\"@type\":\"ImageObject\",\"inLanguage\":\"ro-RO\",\"@id\":\"https:\\\/\\\/secure.gravatar.com\\\/avatar\\\/9b67430c18ee40ef4a63a577131abb63a54ca1b5fbb5ec183bcc2003d846a51f?s=96&d=mm&r=g\",\"url\":\"https:\\\/\\\/secure.gravatar.com\\\/avatar\\\/9b67430c18ee40ef4a63a577131abb63a54ca1b5fbb5ec183bcc2003d846a51f?s=96&d=mm&r=g\",\"contentUrl\":\"https:\\\/\\\/secure.gravatar.com\\\/avatar\\\/9b67430c18ee40ef4a63a577131abb63a54ca1b5fbb5ec183bcc2003d846a51f?s=96&d=mm&r=g\",\"caption\":\"CeL\"},\"url\":\"https:\\\/\\\/elearning.upt.ro\\\/ro\\\/author\\\/renateiovi\\\/\"}]}<\/script>\n<!-- \/ Yoast SEO plugin. -->","yoast_head_json":{"title":"Webinar #impreunaonline \u2013 Implicarea studen\u021bilor timi\u0219oreni \u00een provoc\u0103rile \u00eenceputului de an universitar \u00een timpul pandemiei - Universitatea Politehnica Timi\u015foara Departamentul de ID\/IFR \u0219i Educa\u021bie Digital\u0103 \u2013 DeL","robots":{"index":"index","follow":"follow","max-snippet":"max-snippet:-1","max-image-preview":"max-image-preview:large","max-video-preview":"max-video-preview:-1"},"canonical":"https:\/\/elearning.upt.ro\/ro\/comunitate\/webinar-impreunaonline-implicarea-studentilor-timisoreni-in-provocarile-inceputului-de-an-universitar-in-timpul-pandemiei\/","og_locale":"ro_RO","og_type":"article","og_title":"Webinar #impreunaonline \u2013 Implicarea studen\u021bilor timi\u0219oreni \u00een provoc\u0103rile \u00eenceputului de an universitar \u00een timpul pandemiei - Universitatea Politehnica Timi\u015foara Departamentul de ID\/IFR \u0219i Educa\u021bie Digital\u0103 \u2013 DeL","og_description":"\u00cen data de 23.09.2020 a avut loc webinarul #impreunaonline - Implicarea studen\u021bilor timi\u0219oreni \u00een provoc\u0103rile \u00eenceputului de an universitar \u00een timpul pandemiei. Afl\u0103 mai multe detalii AICI!","og_url":"https:\/\/elearning.upt.ro\/ro\/comunitate\/webinar-impreunaonline-implicarea-studentilor-timisoreni-in-provocarile-inceputului-de-an-universitar-in-timpul-pandemiei\/","og_site_name":"Universitatea Politehnica Timi\u015foara Departamentul de ID\/IFR \u0219i Educa\u021bie Digital\u0103 \u2013 DeL","article_publisher":"https:\/\/www.facebook.com\/CIDUPT\/?ref=page_internal","article_published_time":"2020-09-21T10:37:05+00:00","article_modified_time":"2021-02-04T09:41:14+00:00","og_image":[{"width":1080,"height":1080,"url":"https:\/\/elearning.upt.ro\/wp-content\/uploads\/2020\/09\/Impreuna-online-05-1.png","type":"image\/png"}],"author":"CeL","twitter_card":"summary_large_image","twitter_misc":{"Written by":"CeL","Est. reading time":"4 minutes"},"schema":{"@context":"https:\/\/schema.org","@graph":[{"@type":"Article","@id":"https:\/\/elearning.upt.ro\/en\/comunitate\/webinar-impreunaonline-implicarea-studentilor-timisoreni-in-provocarile-inceputului-de-an-universitar-in-timpul-pandemiei\/#article","isPartOf":{"@id":"https:\/\/elearning.upt.ro\/en\/comunitate\/webinar-impreunaonline-implicarea-studentilor-timisoreni-in-provocarile-inceputului-de-an-universitar-in-timpul-pandemiei\/"},"author":{"name":"CeL","@id":"https:\/\/elearning.upt.ro\/ro\/#\/schema\/person\/8bb5b84d8e634ea763262c452a39b3f4"},"headline":"Webinar #impreunaonline \u2013 Implicarea studen\u021bilor timi\u0219oreni \u00een provoc\u0103rile \u00eenceputului de an universitar \u00een timpul pandemiei","datePublished":"2020-09-21T10:37:05+00:00","dateModified":"2021-02-04T09:41:14+00:00","mainEntityOfPage":{"@id":"https:\/\/elearning.upt.ro\/en\/comunitate\/webinar-impreunaonline-implicarea-studentilor-timisoreni-in-provocarile-inceputului-de-an-universitar-in-timpul-pandemiei\/"},"wordCount":808,"image":{"@id":"https:\/\/elearning.upt.ro\/en\/comunitate\/webinar-impreunaonline-implicarea-studentilor-timisoreni-in-provocarile-inceputului-de-an-universitar-in-timpul-pandemiei\/#primaryimage"},"thumbnailUrl":"https:\/\/elearning.upt.ro\/wp-content\/uploads\/2020\/09\/Impreuna-online-05-1.png","keywords":["impreunaonline","webinar impreunaonline 13"],"articleSection":["Comunitate","Impreuna Online","Noutati"],"inLanguage":"ro-RO"},{"@type":"WebPage","@id":"https:\/\/elearning.upt.ro\/en\/comunitate\/webinar-impreunaonline-implicarea-studentilor-timisoreni-in-provocarile-inceputului-de-an-universitar-in-timpul-pandemiei\/","url":"https:\/\/elearning.upt.ro\/en\/comunitate\/webinar-impreunaonline-implicarea-studentilor-timisoreni-in-provocarile-inceputului-de-an-universitar-in-timpul-pandemiei\/","name":"Webinar #impreunaonline \u2013 Implicarea studen\u021bilor timi\u0219oreni \u00een provoc\u0103rile \u00eenceputului de an universitar \u00een timpul pandemiei - Universitatea Politehnica Timi\u015foara Departamentul de ID\/IFR \u0219i Educa\u021bie Digital\u0103 \u2013 DeL","isPartOf":{"@id":"https:\/\/elearning.upt.ro\/ro\/#website"},"primaryImageOfPage":{"@id":"https:\/\/elearning.upt.ro\/en\/comunitate\/webinar-impreunaonline-implicarea-studentilor-timisoreni-in-provocarile-inceputului-de-an-universitar-in-timpul-pandemiei\/#primaryimage"},"image":{"@id":"https:\/\/elearning.upt.ro\/en\/comunitate\/webinar-impreunaonline-implicarea-studentilor-timisoreni-in-provocarile-inceputului-de-an-universitar-in-timpul-pandemiei\/#primaryimage"},"thumbnailUrl":"https:\/\/elearning.upt.ro\/wp-content\/uploads\/2020\/09\/Impreuna-online-05-1.png","datePublished":"2020-09-21T10:37:05+00:00","dateModified":"2021-02-04T09:41:14+00:00","author":{"@id":"https:\/\/elearning.upt.ro\/ro\/#\/schema\/person\/8bb5b84d8e634ea763262c452a39b3f4"},"breadcrumb":{"@id":"https:\/\/elearning.upt.ro\/en\/comunitate\/webinar-impreunaonline-implicarea-studentilor-timisoreni-in-provocarile-inceputului-de-an-universitar-in-timpul-pandemiei\/#breadcrumb"},"inLanguage":"ro-RO","potentialAction":[{"@type":"ReadAction","target":["https:\/\/elearning.upt.ro\/en\/comunitate\/webinar-impreunaonline-implicarea-studentilor-timisoreni-in-provocarile-inceputului-de-an-universitar-in-timpul-pandemiei\/"]}]},{"@type":"ImageObject","inLanguage":"ro-RO","@id":"https:\/\/elearning.upt.ro\/en\/comunitate\/webinar-impreunaonline-implicarea-studentilor-timisoreni-in-provocarile-inceputului-de-an-universitar-in-timpul-pandemiei\/#primaryimage","url":"https:\/\/elearning.upt.ro\/wp-content\/uploads\/2020\/09\/Impreuna-online-05-1.png","contentUrl":"https:\/\/elearning.upt.ro\/wp-content\/uploads\/2020\/09\/Impreuna-online-05-1.png","width":1080,"height":1080},{"@type":"BreadcrumbList","@id":"https:\/\/elearning.upt.ro\/en\/comunitate\/webinar-impreunaonline-implicarea-studentilor-timisoreni-in-provocarile-inceputului-de-an-universitar-in-timpul-pandemiei\/#breadcrumb","itemListElement":[{"@type":"ListItem","position":1,"name":"Home","item":"https:\/\/elearning.upt.ro\/"},{"@type":"ListItem","position":2,"name":"Webinar #impreunaonline \u2013 Implicarea studen\u021bilor timi\u0219oreni \u00een provoc\u0103rile \u00eenceputului de an universitar \u00een timpul pandemiei"}]},{"@type":"WebSite","@id":"https:\/\/elearning.upt.ro\/ro\/#website","url":"https:\/\/elearning.upt.ro\/ro\/","name":"Universitatea Politehnica Timi\u015foara Departamentul de ID\/IFR \u0219i Educa\u021bie Digital\u0103 \u2013 DeL","description":"","potentialAction":[{"@type":"SearchAction","target":{"@type":"EntryPoint","urlTemplate":"https:\/\/elearning.upt.ro\/ro\/?s={search_term_string}"},"query-input":{"@type":"PropertyValueSpecification","valueRequired":true,"valueName":"search_term_string"}}],"inLanguage":"ro-RO"},{"@type":"Person","@id":"https:\/\/elearning.upt.ro\/ro\/#\/schema\/person\/8bb5b84d8e634ea763262c452a39b3f4","name":"CeL","image":{"@type":"ImageObject","inLanguage":"ro-RO","@id":"https:\/\/secure.gravatar.com\/avatar\/9b67430c18ee40ef4a63a577131abb63a54ca1b5fbb5ec183bcc2003d846a51f?s=96&d=mm&r=g","url":"https:\/\/secure.gravatar.com\/avatar\/9b67430c18ee40ef4a63a577131abb63a54ca1b5fbb5ec183bcc2003d846a51f?s=96&d=mm&r=g","contentUrl":"https:\/\/secure.gravatar.com\/avatar\/9b67430c18ee40ef4a63a577131abb63a54ca1b5fbb5ec183bcc2003d846a51f?s=96&d=mm&r=g","caption":"CeL"},"url":"https:\/\/elearning.upt.ro\/ro\/author\/renateiovi\/"}]}},"_links":{"self":[{"href":"https:\/\/elearning.upt.ro\/ro\/wp-json\/wp\/v2\/posts\/11884","targetHints":{"allow":["GET"]}}],"collection":[{"href":"https:\/\/elearning.upt.ro\/ro\/wp-json\/wp\/v2\/posts"}],"about":[{"href":"https:\/\/elearning.upt.ro\/ro\/wp-json\/wp\/v2\/types\/post"}],"author":[{"embeddable":true,"href":"https:\/\/elearning.upt.ro\/ro\/wp-json\/wp\/v2\/users\/13"}],"replies":[{"embeddable":true,"href":"https:\/\/elearning.upt.ro\/ro\/wp-json\/wp\/v2\/comments?post=11884"}],"version-history":[{"count":35,"href":"https:\/\/elearning.upt.ro\/ro\/wp-json\/wp\/v2\/posts\/11884\/revisions"}],"predecessor-version":[{"id":11939,"href":"https:\/\/elearning.upt.ro\/ro\/wp-json\/wp\/v2\/posts\/11884\/revisions\/11939"}],"wp:featuredmedia":[{"embeddable":true,"href":"https:\/\/elearning.upt.ro\/ro\/wp-json\/wp\/v2\/media\/11913"}],"wp:attachment":[{"href":"https:\/\/elearning.upt.ro\/ro\/wp-json\/wp\/v2\/media?parent=11884"}],"wp:term":[{"taxonomy":"category","embeddable":true,"href":"https:\/\/elearning.upt.ro\/ro\/wp-json\/wp\/v2\/categories?post=11884"},{"taxonomy":"post_tag","embeddable":true,"href":"https:\/\/elearning.upt.ro\/ro\/wp-json\/wp\/v2\/tags?post=11884"}],"curies":[{"name":"wp","href":"https:\/\/api.w.org\/{rel}","templated":true}]}}