{"id":11676,"date":"2020-09-11T15:24:05","date_gmt":"2020-09-11T12:24:05","guid":{"rendered":"https:\/\/elearning.upt.ro\/?p=11676"},"modified":"2021-02-04T11:41:59","modified_gmt":"2021-02-04T09:41:59","slug":"noul-an-universitar-incepe-in-3-octombrie-pentru-studentii-de-la-id-ifr","status":"publish","type":"post","link":"https:\/\/elearning.upt.ro\/ro\/educatie\/noul-an-universitar-incepe-in-3-octombrie-pentru-studentii-de-la-id-ifr\/","title":{"rendered":"Noul an universitar \u00eencepe \u00een 3 octombrie pentru studen\u021bii de la ID\/IFR"},"content":{"rendered":"\t\t<div data-elementor-type=\"wp-post\" data-elementor-id=\"11676\" class=\"elementor elementor-11676\">\n\t\t\t\t\t\t<section class=\"elementor-section elementor-top-section elementor-element elementor-element-8183972 elementor-section-boxed elementor-section-height-default elementor-section-height-default\" data-id=\"8183972\" data-element_type=\"section\" data-e-type=\"section\">\n\t\t\t\t\t\t<div class=\"elementor-container elementor-column-gap-default\">\n\t\t\t\t\t<div class=\"elementor-column elementor-col-100 elementor-top-column elementor-element elementor-element-a7dc0fd\" data-id=\"a7dc0fd\" data-element_type=\"column\" data-e-type=\"column\">\n\t\t\t<div class=\"elementor-widget-wrap elementor-element-populated\">\n\t\t\t\t\t\t<div class=\"elementor-element elementor-element-518244e elementor-widget elementor-widget-text-editor\" data-id=\"518244e\" data-element_type=\"widget\" data-e-type=\"widget\" data-widget_type=\"text-editor.default\">\n\t\t\t\t<div class=\"elementor-widget-container\">\n\t\t\t\t\t\t\t\t\t<p>Anul universitar 2020-2021 debuteaz\u0103 <strong>s\u00e2mb\u0103t\u0103, 3 octombrie<\/strong> 2020 pentru studen\u021bii la cursurile la distan\u021b\u0103 \u0219i cu frecven\u021b\u0103 redus\u0103. Vezi calendarul cu datele \u00een care sunt programate cursurile \u0219i examenele la <strong>ID\/IFR<\/strong> \u00een noul an universitar!<\/p>\t\t\t\t\t\t\t\t<\/div>\n\t\t\t\t<\/div>\n\t\t\t\t\t<\/div>\n\t\t<\/div>\n\t\t\t\t\t<\/div>\n\t\t<\/section>\n\t\t\t\t<section class=\"elementor-section elementor-top-section elementor-element elementor-element-6b0d048 elementor-section-boxed elementor-section-height-default elementor-section-height-default\" data-id=\"6b0d048\" data-element_type=\"section\" data-e-type=\"section\">\n\t\t\t\t\t\t<div class=\"elementor-container elementor-column-gap-default\">\n\t\t\t\t\t<div class=\"elementor-column elementor-col-100 elementor-top-column elementor-element elementor-element-ed41c37\" data-id=\"ed41c37\" data-element_type=\"column\" data-e-type=\"column\">\n\t\t\t<div class=\"elementor-widget-wrap elementor-element-populated\">\n\t\t\t\t\t\t<div class=\"elementor-element elementor-element-5ba321b elementor-widget elementor-widget-text-editor\" data-id=\"5ba321b\" data-element_type=\"widget\" data-e-type=\"widget\" data-widget_type=\"text-editor.default\">\n\t\t\t\t<div class=\"elementor-widget-container\">\n\t\t\t\t\t\t\t\t\t<p>Prima zi de cursuri din anul universitar <strong>2020\/2021<\/strong> pentru studen\u021bii la specializ\u0103rile de la <strong>distan\u021b\u0103 \u0219i cu frecven\u021b\u0103 redus\u0103<\/strong> este programat\u0103 s\u00e2mb\u0103t\u0103, <strong>3 octombrie<\/strong>. \u00cen aceea\u0219i zi va fi programat\u0103 \u0219i festivitatea de deschidere a anului universitar dedicat\u0103 studen\u021bilor din anul I, care va avea loc online \u0219i va fi organizat\u0103 de Centrul de ID\/IFR \u0219i e-Learning &#8211; UPT.<\/p>\t\t\t\t\t\t\t\t<\/div>\n\t\t\t\t<\/div>\n\t\t\t\t\t<\/div>\n\t\t<\/div>\n\t\t\t\t\t<\/div>\n\t\t<\/section>\n\t\t\t\t<section class=\"elementor-section elementor-top-section elementor-element elementor-element-3b86e34 elementor-section-boxed elementor-section-height-default elementor-section-height-default\" data-id=\"3b86e34\" data-element_type=\"section\" data-e-type=\"section\">\n\t\t\t\t\t\t<div class=\"elementor-container elementor-column-gap-default\">\n\t\t\t\t\t<div class=\"elementor-column elementor-col-100 elementor-top-column elementor-element elementor-element-0d56f0f\" data-id=\"0d56f0f\" data-element_type=\"column\" data-e-type=\"column\">\n\t\t\t<div class=\"elementor-widget-wrap elementor-element-populated\">\n\t\t\t\t\t\t<div class=\"elementor-element elementor-element-74167c8 elementor-button-info elementor-align-center elementor-widget elementor-widget-button\" data-id=\"74167c8\" data-element_type=\"widget\" data-e-type=\"widget\" data-widget_type=\"button.default\">\n\t\t\t\t<div class=\"elementor-widget-container\">\n\t\t\t\t\t\t\t\t\t<div class=\"elementor-button-wrapper\">\n\t\t\t\t\t<a class=\"elementor-button elementor-button-link elementor-size-sm\" href=\"https:\/\/elearning.upt.ro\/wp-content\/uploads\/2020\/09\/Structura-an-universitar-2020-2021_ID_IFR.pdf\">\n\t\t\t\t\t\t<span class=\"elementor-button-content-wrapper\">\n\t\t\t\t\t\t\t\t\t<span class=\"elementor-button-text\">Vezi STRUCTURA anului universitar ID-IFR 2020\/2021<\/span>\n\t\t\t\t\t<\/span>\n\t\t\t\t\t<\/a>\n\t\t\t\t<\/div>\n\t\t\t\t\t\t\t\t<\/div>\n\t\t\t\t<\/div>\n\t\t\t\t\t<\/div>\n\t\t<\/div>\n\t\t\t\t\t<\/div>\n\t\t<\/section>\n\t\t\t\t<section class=\"elementor-section elementor-top-section elementor-element elementor-element-bf3375a elementor-section-boxed elementor-section-height-default elementor-section-height-default\" data-id=\"bf3375a\" data-element_type=\"section\" data-e-type=\"section\">\n\t\t\t\t\t\t<div class=\"elementor-container elementor-column-gap-default\">\n\t\t\t\t\t<div class=\"elementor-column elementor-col-100 elementor-top-column elementor-element elementor-element-64f0450\" data-id=\"64f0450\" data-element_type=\"column\" data-e-type=\"column\">\n\t\t\t<div class=\"elementor-widget-wrap elementor-element-populated\">\n\t\t\t\t\t\t<div class=\"elementor-element elementor-element-a1c01cf elementor-widget elementor-widget-text-editor\" data-id=\"a1c01cf\" data-element_type=\"widget\" data-e-type=\"widget\" data-widget_type=\"text-editor.default\">\n\t\t\t\t<div class=\"elementor-widget-container\">\n\t\t\t\t\t\t\t\t\t<p>Av\u00e2nd \u00een vedere contextul actual al pandemiei covid-19, cursurile la distan\u021b\u0103 \u0219i cu frecven\u021b\u0103 redus\u0103 se vor desf\u0103\u0219ura cel mai probabil, online. Echipa CeL va reveni cu informa\u021bii noi despre modalitatea de desf\u0103\u0219urare a cursurilor \u0219i seminariilor \u00een cursul s\u0103pt\u0103m\u00e2nilor viitoare.<\/p>\t\t\t\t\t\t\t\t<\/div>\n\t\t\t\t<\/div>\n\t\t\t\t\t<\/div>\n\t\t<\/div>\n\t\t\t\t\t<\/div>\n\t\t<\/section>\n\t\t\t\t<section class=\"elementor-section elementor-top-section elementor-element elementor-element-e6a384c elementor-section-boxed elementor-section-height-default elementor-section-height-default\" data-id=\"e6a384c\" data-element_type=\"section\" data-e-type=\"section\">\n\t\t\t\t\t\t<div class=\"elementor-container elementor-column-gap-default\">\n\t\t\t\t\t<div class=\"elementor-column elementor-col-100 elementor-top-column elementor-element elementor-element-63d69f7\" data-id=\"63d69f7\" data-element_type=\"column\" data-e-type=\"column\">\n\t\t\t<div class=\"elementor-widget-wrap elementor-element-populated\">\n\t\t\t\t\t\t<div class=\"elementor-element elementor-element-323b9d6 elementor-widget elementor-widget-text-editor\" data-id=\"323b9d6\" data-element_type=\"widget\" data-e-type=\"widget\" data-widget_type=\"text-editor.default\">\n\t\t\t\t<div class=\"elementor-widget-container\">\n\t\t\t\t\t\t\t\t\t<p><em>Vom reveni cu detalii!<\/em><\/p>\t\t\t\t\t\t\t\t<\/div>\n\t\t\t\t<\/div>\n\t\t\t\t\t<\/div>\n\t\t<\/div>\n\t\t\t\t\t<\/div>\n\t\t<\/section>\n\t\t\t\t<\/div>\n\t\t","protected":false},"excerpt":{"rendered":"<p>Anul universitar 2020-2021 debuteaz\u0103 s\u00e2mb\u0103t\u0103, 3 octombrie pentru studen\u021bii la cursurile la distan\u021b\u0103 \u0219i cu frecven\u021b\u0103 redus\u0103. Vezi calendarul cu datele \u00een care sunt programate cursurile \u0219i examenele la ID\/IFR \u00een noul an universitar!<\/p>\n","protected":false},"author":13,"featured_media":11677,"comment_status":"closed","ping_status":"closed","sticky":false,"template":"","format":"standard","meta":{"footnotes":""},"categories":[76,251,77],"tags":[397,395,396],"class_list":["post-11676","post","type-post","status-publish","format-standard","has-post-thumbnail","hentry","category-educatie","category-noutati","category-noutati-educatie","tag-2020-2021","tag-an-universitar","tag-cursuri-id"],"yoast_head":"<!-- This site is optimized with the Yoast SEO plugin v27.4 - https:\/\/yoast.com\/product\/yoast-seo-wordpress\/ -->\n<title>Noul an universitar \u00eencepe \u00een 3 octombrie pentru studen\u021bii de la ID\/IFR - Universitatea Politehnica Timi\u015foara Departamentul de ID\/IFR \u0219i Educa\u021bie Digital\u0103 \u2013 DeL<\/title>\n<meta name=\"robots\" content=\"index, follow, max-snippet:-1, max-image-preview:large, max-video-preview:-1\" \/>\n<link rel=\"canonical\" href=\"https:\/\/elearning.upt.ro\/ro\/educatie\/noul-an-universitar-incepe-in-3-octombrie-pentru-studentii-de-la-id-ifr\/\" \/>\n<meta property=\"og:locale\" content=\"ro_RO\" \/>\n<meta property=\"og:type\" content=\"article\" \/>\n<meta property=\"og:title\" content=\"Noul an universitar \u00eencepe \u00een 3 octombrie pentru studen\u021bii de la ID\/IFR - Universitatea Politehnica Timi\u015foara Departamentul de ID\/IFR \u0219i Educa\u021bie Digital\u0103 \u2013 DeL\" \/>\n<meta property=\"og:description\" content=\"Anul universitar 2020-2021 debuteaz\u0103 s\u00e2mb\u0103t\u0103, 3 octombrie pentru studen\u021bii la cursurile la distan\u021b\u0103 \u0219i cu frecven\u021b\u0103 redus\u0103. Vezi calendarul cu datele \u00een care sunt programate cursurile \u0219i examenele la ID\/IFR \u00een noul an universitar!\" \/>\n<meta property=\"og:url\" content=\"https:\/\/elearning.upt.ro\/ro\/educatie\/noul-an-universitar-incepe-in-3-octombrie-pentru-studentii-de-la-id-ifr\/\" \/>\n<meta property=\"og:site_name\" content=\"Universitatea Politehnica Timi\u015foara Departamentul de ID\/IFR \u0219i Educa\u021bie Digital\u0103 \u2013 DeL\" \/>\n<meta property=\"article:publisher\" content=\"https:\/\/www.facebook.com\/CIDUPT\/?ref=page_internal\" \/>\n<meta property=\"article:published_time\" content=\"2020-09-11T12:24:05+00:00\" \/>\n<meta property=\"article:modified_time\" content=\"2021-02-04T09:41:59+00:00\" \/>\n<meta property=\"og:image\" content=\"https:\/\/elearning.upt.ro\/wp-content\/uploads\/2020\/09\/megaphone.jpg\" \/>\n\t<meta property=\"og:image:width\" content=\"1080\" \/>\n\t<meta property=\"og:image:height\" content=\"1080\" \/>\n\t<meta property=\"og:image:type\" content=\"image\/jpeg\" \/>\n<meta name=\"author\" content=\"CeL\" \/>\n<meta name=\"twitter:card\" content=\"summary_large_image\" \/>\n<meta name=\"twitter:label1\" content=\"Written by\" \/>\n\t<meta name=\"twitter:data1\" content=\"CeL\" \/>\n\t<meta name=\"twitter:label2\" content=\"Est. reading time\" \/>\n\t<meta name=\"twitter:data2\" content=\"1 minute\" \/>\n<script type=\"application\/ld+json\" class=\"yoast-schema-graph\">{\"@context\":\"https:\\\/\\\/schema.org\",\"@graph\":[{\"@type\":\"Article\",\"@id\":\"https:\\\/\\\/elearning.upt.ro\\\/en\\\/educatie\\\/noul-an-universitar-incepe-in-3-octombrie-pentru-studentii-de-la-id-ifr\\\/#article\",\"isPartOf\":{\"@id\":\"https:\\\/\\\/elearning.upt.ro\\\/en\\\/educatie\\\/noul-an-universitar-incepe-in-3-octombrie-pentru-studentii-de-la-id-ifr\\\/\"},\"author\":{\"name\":\"CeL\",\"@id\":\"https:\\\/\\\/elearning.upt.ro\\\/ro\\\/#\\\/schema\\\/person\\\/8bb5b84d8e634ea763262c452a39b3f4\"},\"headline\":\"Noul an universitar \u00eencepe \u00een 3 octombrie pentru studen\u021bii de la ID\\\/IFR\",\"datePublished\":\"2020-09-11T12:24:05+00:00\",\"dateModified\":\"2021-02-04T09:41:59+00:00\",\"mainEntityOfPage\":{\"@id\":\"https:\\\/\\\/elearning.upt.ro\\\/en\\\/educatie\\\/noul-an-universitar-incepe-in-3-octombrie-pentru-studentii-de-la-id-ifr\\\/\"},\"wordCount\":171,\"image\":{\"@id\":\"https:\\\/\\\/elearning.upt.ro\\\/en\\\/educatie\\\/noul-an-universitar-incepe-in-3-octombrie-pentru-studentii-de-la-id-ifr\\\/#primaryimage\"},\"thumbnailUrl\":\"https:\\\/\\\/elearning.upt.ro\\\/wp-content\\\/uploads\\\/2020\\\/09\\\/megaphone.jpg\",\"keywords\":[\"2020\\\/2021\",\"an universitar\",\"cursuri id\"],\"articleSection\":[\"Educatie\",\"Noutati\",\"Noutati Educatie\"],\"inLanguage\":\"ro-RO\"},{\"@type\":\"WebPage\",\"@id\":\"https:\\\/\\\/elearning.upt.ro\\\/en\\\/educatie\\\/noul-an-universitar-incepe-in-3-octombrie-pentru-studentii-de-la-id-ifr\\\/\",\"url\":\"https:\\\/\\\/elearning.upt.ro\\\/en\\\/educatie\\\/noul-an-universitar-incepe-in-3-octombrie-pentru-studentii-de-la-id-ifr\\\/\",\"name\":\"Noul an universitar \u00eencepe \u00een 3 octombrie pentru studen\u021bii de la ID\\\/IFR - Universitatea Politehnica Timi\u015foara Departamentul de ID\\\/IFR \u0219i Educa\u021bie Digital\u0103 \u2013 DeL\",\"isPartOf\":{\"@id\":\"https:\\\/\\\/elearning.upt.ro\\\/ro\\\/#website\"},\"primaryImageOfPage\":{\"@id\":\"https:\\\/\\\/elearning.upt.ro\\\/en\\\/educatie\\\/noul-an-universitar-incepe-in-3-octombrie-pentru-studentii-de-la-id-ifr\\\/#primaryimage\"},\"image\":{\"@id\":\"https:\\\/\\\/elearning.upt.ro\\\/en\\\/educatie\\\/noul-an-universitar-incepe-in-3-octombrie-pentru-studentii-de-la-id-ifr\\\/#primaryimage\"},\"thumbnailUrl\":\"https:\\\/\\\/elearning.upt.ro\\\/wp-content\\\/uploads\\\/2020\\\/09\\\/megaphone.jpg\",\"datePublished\":\"2020-09-11T12:24:05+00:00\",\"dateModified\":\"2021-02-04T09:41:59+00:00\",\"author\":{\"@id\":\"https:\\\/\\\/elearning.upt.ro\\\/ro\\\/#\\\/schema\\\/person\\\/8bb5b84d8e634ea763262c452a39b3f4\"},\"breadcrumb\":{\"@id\":\"https:\\\/\\\/elearning.upt.ro\\\/en\\\/educatie\\\/noul-an-universitar-incepe-in-3-octombrie-pentru-studentii-de-la-id-ifr\\\/#breadcrumb\"},\"inLanguage\":\"ro-RO\",\"potentialAction\":[{\"@type\":\"ReadAction\",\"target\":[\"https:\\\/\\\/elearning.upt.ro\\\/en\\\/educatie\\\/noul-an-universitar-incepe-in-3-octombrie-pentru-studentii-de-la-id-ifr\\\/\"]}]},{\"@type\":\"ImageObject\",\"inLanguage\":\"ro-RO\",\"@id\":\"https:\\\/\\\/elearning.upt.ro\\\/en\\\/educatie\\\/noul-an-universitar-incepe-in-3-octombrie-pentru-studentii-de-la-id-ifr\\\/#primaryimage\",\"url\":\"https:\\\/\\\/elearning.upt.ro\\\/wp-content\\\/uploads\\\/2020\\\/09\\\/megaphone.jpg\",\"contentUrl\":\"https:\\\/\\\/elearning.upt.ro\\\/wp-content\\\/uploads\\\/2020\\\/09\\\/megaphone.jpg\",\"width\":1080,\"height\":1080},{\"@type\":\"BreadcrumbList\",\"@id\":\"https:\\\/\\\/elearning.upt.ro\\\/en\\\/educatie\\\/noul-an-universitar-incepe-in-3-octombrie-pentru-studentii-de-la-id-ifr\\\/#breadcrumb\",\"itemListElement\":[{\"@type\":\"ListItem\",\"position\":1,\"name\":\"Home\",\"item\":\"https:\\\/\\\/elearning.upt.ro\\\/\"},{\"@type\":\"ListItem\",\"position\":2,\"name\":\"Noul an universitar \u00eencepe \u00een 3 octombrie pentru studen\u021bii de la ID\\\/IFR\"}]},{\"@type\":\"WebSite\",\"@id\":\"https:\\\/\\\/elearning.upt.ro\\\/ro\\\/#website\",\"url\":\"https:\\\/\\\/elearning.upt.ro\\\/ro\\\/\",\"name\":\"Universitatea Politehnica Timi\u015foara Departamentul de ID\\\/IFR \u0219i Educa\u021bie Digital\u0103 \u2013 DeL\",\"description\":\"\",\"potentialAction\":[{\"@type\":\"SearchAction\",\"target\":{\"@type\":\"EntryPoint\",\"urlTemplate\":\"https:\\\/\\\/elearning.upt.ro\\\/ro\\\/?s={search_term_string}\"},\"query-input\":{\"@type\":\"PropertyValueSpecification\",\"valueRequired\":true,\"valueName\":\"search_term_string\"}}],\"inLanguage\":\"ro-RO\"},{\"@type\":\"Person\",\"@id\":\"https:\\\/\\\/elearning.upt.ro\\\/ro\\\/#\\\/schema\\\/person\\\/8bb5b84d8e634ea763262c452a39b3f4\",\"name\":\"CeL\",\"image\":{\"@type\":\"ImageObject\",\"inLanguage\":\"ro-RO\",\"@id\":\"https:\\\/\\\/secure.gravatar.com\\\/avatar\\\/9b67430c18ee40ef4a63a577131abb63a54ca1b5fbb5ec183bcc2003d846a51f?s=96&d=mm&r=g\",\"url\":\"https:\\\/\\\/secure.gravatar.com\\\/avatar\\\/9b67430c18ee40ef4a63a577131abb63a54ca1b5fbb5ec183bcc2003d846a51f?s=96&d=mm&r=g\",\"contentUrl\":\"https:\\\/\\\/secure.gravatar.com\\\/avatar\\\/9b67430c18ee40ef4a63a577131abb63a54ca1b5fbb5ec183bcc2003d846a51f?s=96&d=mm&r=g\",\"caption\":\"CeL\"},\"url\":\"https:\\\/\\\/elearning.upt.ro\\\/ro\\\/author\\\/renateiovi\\\/\"}]}<\/script>\n<!-- \/ Yoast SEO plugin. -->","yoast_head_json":{"title":"Noul an universitar \u00eencepe \u00een 3 octombrie pentru studen\u021bii de la ID\/IFR - Universitatea Politehnica Timi\u015foara Departamentul de ID\/IFR \u0219i Educa\u021bie Digital\u0103 \u2013 DeL","robots":{"index":"index","follow":"follow","max-snippet":"max-snippet:-1","max-image-preview":"max-image-preview:large","max-video-preview":"max-video-preview:-1"},"canonical":"https:\/\/elearning.upt.ro\/ro\/educatie\/noul-an-universitar-incepe-in-3-octombrie-pentru-studentii-de-la-id-ifr\/","og_locale":"ro_RO","og_type":"article","og_title":"Noul an universitar \u00eencepe \u00een 3 octombrie pentru studen\u021bii de la ID\/IFR - Universitatea Politehnica Timi\u015foara Departamentul de ID\/IFR \u0219i Educa\u021bie Digital\u0103 \u2013 DeL","og_description":"Anul universitar 2020-2021 debuteaz\u0103 s\u00e2mb\u0103t\u0103, 3 octombrie pentru studen\u021bii la cursurile la distan\u021b\u0103 \u0219i cu frecven\u021b\u0103 redus\u0103. Vezi calendarul cu datele \u00een care sunt programate cursurile \u0219i examenele la ID\/IFR \u00een noul an universitar!","og_url":"https:\/\/elearning.upt.ro\/ro\/educatie\/noul-an-universitar-incepe-in-3-octombrie-pentru-studentii-de-la-id-ifr\/","og_site_name":"Universitatea Politehnica Timi\u015foara Departamentul de ID\/IFR \u0219i Educa\u021bie Digital\u0103 \u2013 DeL","article_publisher":"https:\/\/www.facebook.com\/CIDUPT\/?ref=page_internal","article_published_time":"2020-09-11T12:24:05+00:00","article_modified_time":"2021-02-04T09:41:59+00:00","og_image":[{"width":1080,"height":1080,"url":"https:\/\/elearning.upt.ro\/wp-content\/uploads\/2020\/09\/megaphone.jpg","type":"image\/jpeg"}],"author":"CeL","twitter_card":"summary_large_image","twitter_misc":{"Written by":"CeL","Est. reading time":"1 minute"},"schema":{"@context":"https:\/\/schema.org","@graph":[{"@type":"Article","@id":"https:\/\/elearning.upt.ro\/en\/educatie\/noul-an-universitar-incepe-in-3-octombrie-pentru-studentii-de-la-id-ifr\/#article","isPartOf":{"@id":"https:\/\/elearning.upt.ro\/en\/educatie\/noul-an-universitar-incepe-in-3-octombrie-pentru-studentii-de-la-id-ifr\/"},"author":{"name":"CeL","@id":"https:\/\/elearning.upt.ro\/ro\/#\/schema\/person\/8bb5b84d8e634ea763262c452a39b3f4"},"headline":"Noul an universitar \u00eencepe \u00een 3 octombrie pentru studen\u021bii de la ID\/IFR","datePublished":"2020-09-11T12:24:05+00:00","dateModified":"2021-02-04T09:41:59+00:00","mainEntityOfPage":{"@id":"https:\/\/elearning.upt.ro\/en\/educatie\/noul-an-universitar-incepe-in-3-octombrie-pentru-studentii-de-la-id-ifr\/"},"wordCount":171,"image":{"@id":"https:\/\/elearning.upt.ro\/en\/educatie\/noul-an-universitar-incepe-in-3-octombrie-pentru-studentii-de-la-id-ifr\/#primaryimage"},"thumbnailUrl":"https:\/\/elearning.upt.ro\/wp-content\/uploads\/2020\/09\/megaphone.jpg","keywords":["2020\/2021","an universitar","cursuri id"],"articleSection":["Educatie","Noutati","Noutati Educatie"],"inLanguage":"ro-RO"},{"@type":"WebPage","@id":"https:\/\/elearning.upt.ro\/en\/educatie\/noul-an-universitar-incepe-in-3-octombrie-pentru-studentii-de-la-id-ifr\/","url":"https:\/\/elearning.upt.ro\/en\/educatie\/noul-an-universitar-incepe-in-3-octombrie-pentru-studentii-de-la-id-ifr\/","name":"Noul an universitar \u00eencepe \u00een 3 octombrie pentru studen\u021bii de la ID\/IFR - Universitatea Politehnica Timi\u015foara Departamentul de ID\/IFR \u0219i Educa\u021bie Digital\u0103 \u2013 DeL","isPartOf":{"@id":"https:\/\/elearning.upt.ro\/ro\/#website"},"primaryImageOfPage":{"@id":"https:\/\/elearning.upt.ro\/en\/educatie\/noul-an-universitar-incepe-in-3-octombrie-pentru-studentii-de-la-id-ifr\/#primaryimage"},"image":{"@id":"https:\/\/elearning.upt.ro\/en\/educatie\/noul-an-universitar-incepe-in-3-octombrie-pentru-studentii-de-la-id-ifr\/#primaryimage"},"thumbnailUrl":"https:\/\/elearning.upt.ro\/wp-content\/uploads\/2020\/09\/megaphone.jpg","datePublished":"2020-09-11T12:24:05+00:00","dateModified":"2021-02-04T09:41:59+00:00","author":{"@id":"https:\/\/elearning.upt.ro\/ro\/#\/schema\/person\/8bb5b84d8e634ea763262c452a39b3f4"},"breadcrumb":{"@id":"https:\/\/elearning.upt.ro\/en\/educatie\/noul-an-universitar-incepe-in-3-octombrie-pentru-studentii-de-la-id-ifr\/#breadcrumb"},"inLanguage":"ro-RO","potentialAction":[{"@type":"ReadAction","target":["https:\/\/elearning.upt.ro\/en\/educatie\/noul-an-universitar-incepe-in-3-octombrie-pentru-studentii-de-la-id-ifr\/"]}]},{"@type":"ImageObject","inLanguage":"ro-RO","@id":"https:\/\/elearning.upt.ro\/en\/educatie\/noul-an-universitar-incepe-in-3-octombrie-pentru-studentii-de-la-id-ifr\/#primaryimage","url":"https:\/\/elearning.upt.ro\/wp-content\/uploads\/2020\/09\/megaphone.jpg","contentUrl":"https:\/\/elearning.upt.ro\/wp-content\/uploads\/2020\/09\/megaphone.jpg","width":1080,"height":1080},{"@type":"BreadcrumbList","@id":"https:\/\/elearning.upt.ro\/en\/educatie\/noul-an-universitar-incepe-in-3-octombrie-pentru-studentii-de-la-id-ifr\/#breadcrumb","itemListElement":[{"@type":"ListItem","position":1,"name":"Home","item":"https:\/\/elearning.upt.ro\/"},{"@type":"ListItem","position":2,"name":"Noul an universitar \u00eencepe \u00een 3 octombrie pentru studen\u021bii de la ID\/IFR"}]},{"@type":"WebSite","@id":"https:\/\/elearning.upt.ro\/ro\/#website","url":"https:\/\/elearning.upt.ro\/ro\/","name":"Universitatea Politehnica Timi\u015foara Departamentul de ID\/IFR \u0219i Educa\u021bie Digital\u0103 \u2013 DeL","description":"","potentialAction":[{"@type":"SearchAction","target":{"@type":"EntryPoint","urlTemplate":"https:\/\/elearning.upt.ro\/ro\/?s={search_term_string}"},"query-input":{"@type":"PropertyValueSpecification","valueRequired":true,"valueName":"search_term_string"}}],"inLanguage":"ro-RO"},{"@type":"Person","@id":"https:\/\/elearning.upt.ro\/ro\/#\/schema\/person\/8bb5b84d8e634ea763262c452a39b3f4","name":"CeL","image":{"@type":"ImageObject","inLanguage":"ro-RO","@id":"https:\/\/secure.gravatar.com\/avatar\/9b67430c18ee40ef4a63a577131abb63a54ca1b5fbb5ec183bcc2003d846a51f?s=96&d=mm&r=g","url":"https:\/\/secure.gravatar.com\/avatar\/9b67430c18ee40ef4a63a577131abb63a54ca1b5fbb5ec183bcc2003d846a51f?s=96&d=mm&r=g","contentUrl":"https:\/\/secure.gravatar.com\/avatar\/9b67430c18ee40ef4a63a577131abb63a54ca1b5fbb5ec183bcc2003d846a51f?s=96&d=mm&r=g","caption":"CeL"},"url":"https:\/\/elearning.upt.ro\/ro\/author\/renateiovi\/"}]}},"_links":{"self":[{"href":"https:\/\/elearning.upt.ro\/ro\/wp-json\/wp\/v2\/posts\/11676","targetHints":{"allow":["GET"]}}],"collection":[{"href":"https:\/\/elearning.upt.ro\/ro\/wp-json\/wp\/v2\/posts"}],"about":[{"href":"https:\/\/elearning.upt.ro\/ro\/wp-json\/wp\/v2\/types\/post"}],"author":[{"embeddable":true,"href":"https:\/\/elearning.upt.ro\/ro\/wp-json\/wp\/v2\/users\/13"}],"replies":[{"embeddable":true,"href":"https:\/\/elearning.upt.ro\/ro\/wp-json\/wp\/v2\/comments?post=11676"}],"version-history":[{"count":6,"href":"https:\/\/elearning.upt.ro\/ro\/wp-json\/wp\/v2\/posts\/11676\/revisions"}],"predecessor-version":[{"id":11684,"href":"https:\/\/elearning.upt.ro\/ro\/wp-json\/wp\/v2\/posts\/11676\/revisions\/11684"}],"wp:featuredmedia":[{"embeddable":true,"href":"https:\/\/elearning.upt.ro\/ro\/wp-json\/wp\/v2\/media\/11677"}],"wp:attachment":[{"href":"https:\/\/elearning.upt.ro\/ro\/wp-json\/wp\/v2\/media?parent=11676"}],"wp:term":[{"taxonomy":"category","embeddable":true,"href":"https:\/\/elearning.upt.ro\/ro\/wp-json\/wp\/v2\/categories?post=11676"},{"taxonomy":"post_tag","embeddable":true,"href":"https:\/\/elearning.upt.ro\/ro\/wp-json\/wp\/v2\/tags?post=11676"}],"curies":[{"name":"wp","href":"https:\/\/api.w.org\/{rel}","templated":true}]}}