{"id":11469,"date":"2020-08-07T14:31:10","date_gmt":"2020-08-07T11:31:10","guid":{"rendered":"https:\/\/elearning.upt.ro\/?p=11469"},"modified":"2021-02-04T11:43:25","modified_gmt":"2021-02-04T09:43:25","slug":"dr-diana-andone-despre-edutech-in-primul-episod-digital-society-podcast","status":"publish","type":"post","link":"https:\/\/elearning.upt.ro\/ro\/comunitate\/dr-diana-andone-despre-edutech-in-primul-episod-digital-society-podcast\/","title":{"rendered":"Dr. Diana Andone \u2013despre Edu&#038;Tech \u00een primul episod Digital Society Podcast"},"content":{"rendered":"\t\t<div data-elementor-type=\"wp-post\" data-elementor-id=\"11469\" class=\"elementor elementor-11469\">\n\t\t\t\t\t\t<section class=\"elementor-section elementor-top-section elementor-element elementor-element-e34c4c7 elementor-section-boxed elementor-section-height-default elementor-section-height-default\" data-id=\"e34c4c7\" data-element_type=\"section\" data-e-type=\"section\">\n\t\t\t\t\t\t<div class=\"elementor-container elementor-column-gap-default\">\n\t\t\t\t\t<div class=\"elementor-column elementor-col-100 elementor-top-column elementor-element elementor-element-61c2176\" data-id=\"61c2176\" data-element_type=\"column\" data-e-type=\"column\">\n\t\t\t<div class=\"elementor-widget-wrap elementor-element-populated\">\n\t\t\t\t\t\t<div class=\"elementor-element elementor-element-c4372e8 elementor-widget elementor-widget-text-editor\" data-id=\"c4372e8\" data-element_type=\"widget\" data-e-type=\"widget\" data-widget_type=\"text-editor.default\">\n\t\t\t\t<div class=\"elementor-widget-container\">\n\t\t\t\t\t\t\t\t\t<p>Directorul centrului de ID\/IFR \u0219i e-Learning, <strong>dr. ing. Diana Andone<\/strong> vorbe\u0219te despre digitalizarea accelerat\u0103 \u00een contextul epidemiologic al acestui an \u00een cadrul unui <strong>episod dedicat Edu &amp; Tech<\/strong> \u2013 primul din seria <a href=\"https:\/\/www.digitalsocietypodcast.com\/\" target=\"_blank\" rel=\"noopener\">Digital Society Podcast<\/a>.\u00a0<\/p>\t\t\t\t\t\t\t\t<\/div>\n\t\t\t\t<\/div>\n\t\t\t\t\t<\/div>\n\t\t<\/div>\n\t\t\t\t\t<\/div>\n\t\t<\/section>\n\t\t\t\t<section class=\"elementor-section elementor-top-section elementor-element elementor-element-fd61a2b elementor-section-boxed elementor-section-height-default elementor-section-height-default\" data-id=\"fd61a2b\" data-element_type=\"section\" data-e-type=\"section\">\n\t\t\t\t\t\t<div class=\"elementor-container elementor-column-gap-default\">\n\t\t\t\t\t<div class=\"elementor-column elementor-col-100 elementor-top-column elementor-element elementor-element-e468f3b\" data-id=\"e468f3b\" data-element_type=\"column\" data-e-type=\"column\">\n\t\t\t<div class=\"elementor-widget-wrap elementor-element-populated\">\n\t\t\t\t\t\t<div class=\"elementor-element elementor-element-66fd84f elementor-widget elementor-widget-text-editor\" data-id=\"66fd84f\" data-element_type=\"widget\" data-e-type=\"widget\" data-widget_type=\"text-editor.default\">\n\t\t\t\t<div class=\"elementor-widget-container\">\n\t\t\t\t\t\t\t\t\t<p>Podcast-ul face parte din seria <strong>Pove\u0219ti dintr-un experiment natural<\/strong> (Stories From A Natural Experiment), prin care <strong>Digital Society<\/strong> <strong>Podcast <\/strong>lanseaz\u0103 episodul dedicat <strong>Edu &amp; Tech \u00een Rom\u00e2nia<\/strong>, \u00een contextul epidemiologic al anului acesta, av\u00e2nd \u00een prim-plan digitalizarea accelerat\u0103. Una din cele trei voci reprezentative ale exper\u021bilor din domeniul tehnologiilor educa\u021bionale este dr. Diana Andone, directorul Centrului de ID\/IFR \u0219i e-Learning -UPT. Al\u0103turi de Andra Munteanu \u0219i Silvia Bogdan episodul red\u0103 \u00een dialog trei perspective \u0219i experien\u021be diferite din lumea educa\u021biei, for\u021bat\u0103 s\u0103 opereze exclusiv online \u00een perioada pandemiei. Dr. Diana Andone <em>vorbe\u0219te<\/em> pentru cei care au \u00eenceput s\u0103 <em>tr\u0103iasc\u0103<\/em> \u00een mediul online, iar astfel \u00ee\u0219i propune s\u0103 participe la educarea \u0219i ini\u021bierea altora \u00een acest proces.<\/p>\t\t\t\t\t\t\t\t<\/div>\n\t\t\t\t<\/div>\n\t\t\t\t\t<\/div>\n\t\t<\/div>\n\t\t\t\t\t<\/div>\n\t\t<\/section>\n\t\t\t\t<section class=\"elementor-section elementor-top-section elementor-element elementor-element-bd5b335 elementor-section-boxed elementor-section-height-default elementor-section-height-default\" data-id=\"bd5b335\" data-element_type=\"section\" data-e-type=\"section\">\n\t\t\t\t\t\t<div class=\"elementor-container elementor-column-gap-default\">\n\t\t\t\t\t<div class=\"elementor-column elementor-col-100 elementor-top-column elementor-element elementor-element-ec22637\" data-id=\"ec22637\" data-element_type=\"column\" data-e-type=\"column\">\n\t\t\t<div class=\"elementor-widget-wrap elementor-element-populated\">\n\t\t\t\t\t\t<div class=\"elementor-element elementor-element-9653e98 elementor-widget elementor-widget-text-editor\" data-id=\"9653e98\" data-element_type=\"widget\" data-e-type=\"widget\" data-widget_type=\"text-editor.default\">\n\t\t\t\t<div class=\"elementor-widget-container\">\n\t\t\t\t\t\t\t\t\t<p>Click pentru a asculta <span class=\"\">S01EP01 &#8211; Edu&amp;Tech<\/span><\/p>\t\t\t\t\t\t\t\t<\/div>\n\t\t\t\t<\/div>\n\t\t\t\t\t<\/div>\n\t\t<\/div>\n\t\t\t\t\t<\/div>\n\t\t<\/section>\n\t\t\t\t<section class=\"elementor-section elementor-top-section elementor-element elementor-element-23a21a2 elementor-section-boxed elementor-section-height-default elementor-section-height-default\" data-id=\"23a21a2\" data-element_type=\"section\" data-e-type=\"section\">\n\t\t\t\t\t\t<div class=\"elementor-container elementor-column-gap-default\">\n\t\t\t\t\t<div class=\"elementor-column elementor-col-100 elementor-top-column elementor-element elementor-element-fb5db77\" data-id=\"fb5db77\" data-element_type=\"column\" data-e-type=\"column\">\n\t\t\t<div class=\"elementor-widget-wrap elementor-element-populated\">\n\t\t\t\t\t\t<div class=\"elementor-element elementor-element-ed3e186 elementor-widget elementor-widget-shortcode\" data-id=\"ed3e186\" data-element_type=\"widget\" data-e-type=\"widget\" data-widget_type=\"shortcode.default\">\n\t\t\t\t<div class=\"elementor-widget-container\">\n\t\t\t\t\t\t\t<div class=\"elementor-shortcode\"><iframe width=\"60%\" height=\"300\" scrolling=\"no\" frameborder=\"no\" allow=\"autoplay\" src=\"https:\/\/w.soundcloud.com\/player\/?url=https%3A\/\/api.soundcloud.com\/tracks\/871166752&color=%23ff5500&auto_play=false&hide_related=false&show_comments=true&show_user=true&show_reposts=false&show_teaser=true&visual=true\"><\/iframe><div style=\"font-size: 10px; color: #cccccc;line-break: anywhere;word-break: normal;overflow: hidden;white-space: nowrap;text-overflow: ellipsis; font-family: Interstate,Lucida Grande,Lucida Sans Unicode,Lucida Sans,Garuda,Verdana,Tahoma,sans-serif;font-weight: 100;\"><a href=\"https:\/\/soundcloud.com\/digital-society-podcast\" title=\"Digital Society Podcast\" target=\"_blank\" style=\"color: #cccccc; text-decoration: none;\">Digital Society Podcast<\/a> \u00b7 <a href=\"https:\/\/soundcloud.com\/digital-society-podcast\/s01ep01-edutech\" title=\"S01EP01 - Edu&amp;Tech\" target=\"_blank\" style=\"color: #cccccc; text-decoration: none;\">S01EP01 - Edu&amp;Tech<\/a><\/div><\/div>\n\t\t\t\t\t\t<\/div>\n\t\t\t\t<\/div>\n\t\t\t\t\t<\/div>\n\t\t<\/div>\n\t\t\t\t\t<\/div>\n\t\t<\/section>\n\t\t\t\t<section class=\"elementor-section elementor-top-section elementor-element elementor-element-b30251d elementor-section-boxed elementor-section-height-default elementor-section-height-default\" data-id=\"b30251d\" data-element_type=\"section\" data-e-type=\"section\">\n\t\t\t\t\t\t<div class=\"elementor-container elementor-column-gap-default\">\n\t\t\t\t\t<div class=\"elementor-column elementor-col-100 elementor-top-column elementor-element elementor-element-3310c06\" data-id=\"3310c06\" data-element_type=\"column\" data-e-type=\"column\">\n\t\t\t<div class=\"elementor-widget-wrap elementor-element-populated\">\n\t\t\t\t\t\t<div class=\"elementor-element elementor-element-0a1b8d1 eael-infobox-content-align--center eael-infobox-icon-bg-shape-none eael-infobox-icon-hover-bg-shape-none elementor-widget elementor-widget-eael-info-box\" data-id=\"0a1b8d1\" data-element_type=\"widget\" data-e-type=\"widget\" data-widget_type=\"eael-info-box.default\">\n\t\t\t\t<div class=\"elementor-widget-container\">\n\t\t\t\t\t        <div class=\"eael-infobox icon-on-top\">\n\t            <div class=\"infobox-icon eael-icon-only\">\n\n            \n                            <div class=\"infobox-icon-wrap\">\n                    <i aria-hidden=\"true\" class=\"fas fa-info-circle\"><\/i>                <\/div>\n            \n            \n        <\/div>\n            <div class=\"infobox-content eael-icon-only\">\n                    <div class=\"infobox-title-section\">\n                <h2 class=\"title\">Despre Digital Society Podacast<\/h2>            <\/div>\n            <div><p>Digital Society Podcast este o platform\u0103 a informa\u021biei \u0219i a cunoa\u0219terii, menit\u0103 s\u0103 genereze impact social prin intermediul \u0219tiin\u021bei, tehnologiei &amp; the stories of doers. Dezvoltat la Social Fabrics Research Lab de la Universitatea de Vest din Timi\u0219oara, podcastul este axat pe impactul, problemele \u0219i oportunit\u0103\u021bile pe care le aduce media digital\u0103. Proiectul abordeaz\u0103 o nevoie urgent\u0103 \u0219i un decalaj civic mare: \u00eemputernicirea cet\u0103\u021benilor prin \u0219tiin\u021b\u0103 \u0219i tehnologii digitale, pentru a contribui astfel la schimb\u0103rile sociale pozitive. Pentru a \u00eendeplini aceast\u0103 misiune, podcastul are un format unic: este bilingv, multi-na\u021bional \u0219i adopt\u0103 o perspectiv\u0103 global\u0103.<\/p><\/div>        <\/div>\n            <\/div>\n\n\t\t\t\t\t\t<\/div>\n\t\t\t\t<\/div>\n\t\t\t\t\t<\/div>\n\t\t<\/div>\n\t\t\t\t\t<\/div>\n\t\t<\/section>\n\t\t\t\t<\/div>\n\t\t","protected":false},"excerpt":{"rendered":"<p>Directorul centrului de ID\/IFR \u0219i e-Learning, dr. ing. Diana Andone vorbe\u0219te despre digitalizarea accelerat\u0103 \u00een contextul epidemiologic al acestui an \u00een cadrul unui episod dedicat Edu &#038; Tech \u2013 primul din seria Digital Society Podcast. Ascult\u0103 \u00eenregistrarea audio aici!<\/p>\n","protected":false},"author":13,"featured_media":11467,"comment_status":"closed","ping_status":"closed","sticky":false,"template":"","format":"standard","meta":{"footnotes":""},"categories":[104,251,106],"tags":[382,383,381],"class_list":["post-11469","post","type-post","status-publish","format-standard","has-post-thumbnail","hentry","category-comunitate","category-noutati","category-noutati-comunitate","tag-digital-society","tag-edutech","tag-podcast"],"yoast_head":"<!-- This site is optimized with the Yoast SEO plugin v27.4 - https:\/\/yoast.com\/product\/yoast-seo-wordpress\/ -->\n<title>Dr. Diana Andone \u2013despre Edu&amp;Tech \u00een primul episod Digital Society Podcast - Universitatea Politehnica Timi\u015foara Departamentul de ID\/IFR \u0219i Educa\u021bie Digital\u0103 \u2013 DeL<\/title>\n<meta name=\"robots\" content=\"index, follow, max-snippet:-1, max-image-preview:large, max-video-preview:-1\" \/>\n<link rel=\"canonical\" href=\"https:\/\/elearning.upt.ro\/ro\/comunitate\/dr-diana-andone-despre-edutech-in-primul-episod-digital-society-podcast\/\" \/>\n<meta property=\"og:locale\" content=\"ro_RO\" \/>\n<meta property=\"og:type\" content=\"article\" \/>\n<meta property=\"og:title\" content=\"Dr. Diana Andone \u2013despre Edu&amp;Tech \u00een primul episod Digital Society Podcast - Universitatea Politehnica Timi\u015foara Departamentul de ID\/IFR \u0219i Educa\u021bie Digital\u0103 \u2013 DeL\" \/>\n<meta property=\"og:description\" content=\"Directorul centrului de ID\/IFR \u0219i e-Learning, dr. ing. Diana Andone vorbe\u0219te despre digitalizarea accelerat\u0103 \u00een contextul epidemiologic al acestui an \u00een cadrul unui episod dedicat Edu &amp; Tech \u2013 primul din seria Digital Society Podcast. Ascult\u0103 \u00eenregistrarea audio aici!\" \/>\n<meta property=\"og:url\" content=\"https:\/\/elearning.upt.ro\/ro\/comunitate\/dr-diana-andone-despre-edutech-in-primul-episod-digital-society-podcast\/\" \/>\n<meta property=\"og:site_name\" content=\"Universitatea Politehnica Timi\u015foara Departamentul de ID\/IFR \u0219i Educa\u021bie Digital\u0103 \u2013 DeL\" \/>\n<meta property=\"article:publisher\" content=\"https:\/\/www.facebook.com\/CIDUPT\/?ref=page_internal\" \/>\n<meta property=\"article:published_time\" content=\"2020-08-07T11:31:10+00:00\" \/>\n<meta property=\"article:modified_time\" content=\"2021-02-04T09:43:25+00:00\" \/>\n<meta property=\"og:image\" content=\"https:\/\/elearning.upt.ro\/wp-content\/uploads\/2020\/08\/97131424_10222186956398733_5282677154079834112_o.jpg\" \/>\n\t<meta property=\"og:image:width\" content=\"1122\" \/>\n\t<meta property=\"og:image:height\" content=\"633\" \/>\n\t<meta property=\"og:image:type\" content=\"image\/jpeg\" \/>\n<meta name=\"author\" content=\"CeL\" \/>\n<meta name=\"twitter:card\" content=\"summary_large_image\" \/>\n<meta name=\"twitter:label1\" content=\"Written by\" \/>\n\t<meta name=\"twitter:data1\" content=\"CeL\" \/>\n\t<meta name=\"twitter:label2\" content=\"Est. reading time\" \/>\n\t<meta name=\"twitter:data2\" content=\"1 minute\" \/>\n<script type=\"application\/ld+json\" class=\"yoast-schema-graph\">{\"@context\":\"https:\\\/\\\/schema.org\",\"@graph\":[{\"@type\":\"Article\",\"@id\":\"https:\\\/\\\/elearning.upt.ro\\\/ro\\\/comunitate\\\/dr-diana-andone-despre-edutech-in-primul-episod-digital-society-podcast\\\/#article\",\"isPartOf\":{\"@id\":\"https:\\\/\\\/elearning.upt.ro\\\/ro\\\/comunitate\\\/dr-diana-andone-despre-edutech-in-primul-episod-digital-society-podcast\\\/\"},\"author\":{\"name\":\"CeL\",\"@id\":\"https:\\\/\\\/elearning.upt.ro\\\/ro\\\/#\\\/schema\\\/person\\\/8bb5b84d8e634ea763262c452a39b3f4\"},\"headline\":\"Dr. Diana Andone \u2013despre Edu&#038;Tech \u00een primul episod Digital Society Podcast\",\"datePublished\":\"2020-08-07T11:31:10+00:00\",\"dateModified\":\"2021-02-04T09:43:25+00:00\",\"mainEntityOfPage\":{\"@id\":\"https:\\\/\\\/elearning.upt.ro\\\/ro\\\/comunitate\\\/dr-diana-andone-despre-edutech-in-primul-episod-digital-society-podcast\\\/\"},\"wordCount\":303,\"image\":{\"@id\":\"https:\\\/\\\/elearning.upt.ro\\\/ro\\\/comunitate\\\/dr-diana-andone-despre-edutech-in-primul-episod-digital-society-podcast\\\/#primaryimage\"},\"thumbnailUrl\":\"https:\\\/\\\/elearning.upt.ro\\\/wp-content\\\/uploads\\\/2020\\\/08\\\/97131424_10222186956398733_5282677154079834112_o.jpg\",\"keywords\":[\"digital society\",\"edu&amp;tech\",\"podcast\"],\"articleSection\":[\"Comunitate\",\"Noutati\",\"Noutati Comunitate\"],\"inLanguage\":\"ro-RO\"},{\"@type\":\"WebPage\",\"@id\":\"https:\\\/\\\/elearning.upt.ro\\\/ro\\\/comunitate\\\/dr-diana-andone-despre-edutech-in-primul-episod-digital-society-podcast\\\/\",\"url\":\"https:\\\/\\\/elearning.upt.ro\\\/ro\\\/comunitate\\\/dr-diana-andone-despre-edutech-in-primul-episod-digital-society-podcast\\\/\",\"name\":\"Dr. Diana Andone \u2013despre Edu&Tech \u00een primul episod Digital Society Podcast - Universitatea Politehnica Timi\u015foara Departamentul de ID\\\/IFR \u0219i Educa\u021bie Digital\u0103 \u2013 DeL\",\"isPartOf\":{\"@id\":\"https:\\\/\\\/elearning.upt.ro\\\/ro\\\/#website\"},\"primaryImageOfPage\":{\"@id\":\"https:\\\/\\\/elearning.upt.ro\\\/ro\\\/comunitate\\\/dr-diana-andone-despre-edutech-in-primul-episod-digital-society-podcast\\\/#primaryimage\"},\"image\":{\"@id\":\"https:\\\/\\\/elearning.upt.ro\\\/ro\\\/comunitate\\\/dr-diana-andone-despre-edutech-in-primul-episod-digital-society-podcast\\\/#primaryimage\"},\"thumbnailUrl\":\"https:\\\/\\\/elearning.upt.ro\\\/wp-content\\\/uploads\\\/2020\\\/08\\\/97131424_10222186956398733_5282677154079834112_o.jpg\",\"datePublished\":\"2020-08-07T11:31:10+00:00\",\"dateModified\":\"2021-02-04T09:43:25+00:00\",\"author\":{\"@id\":\"https:\\\/\\\/elearning.upt.ro\\\/ro\\\/#\\\/schema\\\/person\\\/8bb5b84d8e634ea763262c452a39b3f4\"},\"breadcrumb\":{\"@id\":\"https:\\\/\\\/elearning.upt.ro\\\/ro\\\/comunitate\\\/dr-diana-andone-despre-edutech-in-primul-episod-digital-society-podcast\\\/#breadcrumb\"},\"inLanguage\":\"ro-RO\",\"potentialAction\":[{\"@type\":\"ReadAction\",\"target\":[\"https:\\\/\\\/elearning.upt.ro\\\/ro\\\/comunitate\\\/dr-diana-andone-despre-edutech-in-primul-episod-digital-society-podcast\\\/\"]}]},{\"@type\":\"ImageObject\",\"inLanguage\":\"ro-RO\",\"@id\":\"https:\\\/\\\/elearning.upt.ro\\\/ro\\\/comunitate\\\/dr-diana-andone-despre-edutech-in-primul-episod-digital-society-podcast\\\/#primaryimage\",\"url\":\"https:\\\/\\\/elearning.upt.ro\\\/wp-content\\\/uploads\\\/2020\\\/08\\\/97131424_10222186956398733_5282677154079834112_o.jpg\",\"contentUrl\":\"https:\\\/\\\/elearning.upt.ro\\\/wp-content\\\/uploads\\\/2020\\\/08\\\/97131424_10222186956398733_5282677154079834112_o.jpg\",\"width\":1122,\"height\":633},{\"@type\":\"BreadcrumbList\",\"@id\":\"https:\\\/\\\/elearning.upt.ro\\\/ro\\\/comunitate\\\/dr-diana-andone-despre-edutech-in-primul-episod-digital-society-podcast\\\/#breadcrumb\",\"itemListElement\":[{\"@type\":\"ListItem\",\"position\":1,\"name\":\"Home\",\"item\":\"https:\\\/\\\/elearning.upt.ro\\\/\"},{\"@type\":\"ListItem\",\"position\":2,\"name\":\"Dr. Diana Andone \u2013despre Edu&#038;Tech \u00een primul episod Digital Society Podcast\"}]},{\"@type\":\"WebSite\",\"@id\":\"https:\\\/\\\/elearning.upt.ro\\\/ro\\\/#website\",\"url\":\"https:\\\/\\\/elearning.upt.ro\\\/ro\\\/\",\"name\":\"Universitatea Politehnica Timi\u015foara Departamentul de ID\\\/IFR \u0219i Educa\u021bie Digital\u0103 \u2013 DeL\",\"description\":\"\",\"potentialAction\":[{\"@type\":\"SearchAction\",\"target\":{\"@type\":\"EntryPoint\",\"urlTemplate\":\"https:\\\/\\\/elearning.upt.ro\\\/ro\\\/?s={search_term_string}\"},\"query-input\":{\"@type\":\"PropertyValueSpecification\",\"valueRequired\":true,\"valueName\":\"search_term_string\"}}],\"inLanguage\":\"ro-RO\"},{\"@type\":\"Person\",\"@id\":\"https:\\\/\\\/elearning.upt.ro\\\/ro\\\/#\\\/schema\\\/person\\\/8bb5b84d8e634ea763262c452a39b3f4\",\"name\":\"CeL\",\"image\":{\"@type\":\"ImageObject\",\"inLanguage\":\"ro-RO\",\"@id\":\"https:\\\/\\\/secure.gravatar.com\\\/avatar\\\/9b67430c18ee40ef4a63a577131abb63a54ca1b5fbb5ec183bcc2003d846a51f?s=96&d=mm&r=g\",\"url\":\"https:\\\/\\\/secure.gravatar.com\\\/avatar\\\/9b67430c18ee40ef4a63a577131abb63a54ca1b5fbb5ec183bcc2003d846a51f?s=96&d=mm&r=g\",\"contentUrl\":\"https:\\\/\\\/secure.gravatar.com\\\/avatar\\\/9b67430c18ee40ef4a63a577131abb63a54ca1b5fbb5ec183bcc2003d846a51f?s=96&d=mm&r=g\",\"caption\":\"CeL\"},\"url\":\"https:\\\/\\\/elearning.upt.ro\\\/ro\\\/author\\\/renateiovi\\\/\"}]}<\/script>\n<!-- \/ Yoast SEO plugin. -->","yoast_head_json":{"title":"Dr. Diana Andone \u2013despre Edu&Tech \u00een primul episod Digital Society Podcast - Universitatea Politehnica Timi\u015foara Departamentul de ID\/IFR \u0219i Educa\u021bie Digital\u0103 \u2013 DeL","robots":{"index":"index","follow":"follow","max-snippet":"max-snippet:-1","max-image-preview":"max-image-preview:large","max-video-preview":"max-video-preview:-1"},"canonical":"https:\/\/elearning.upt.ro\/ro\/comunitate\/dr-diana-andone-despre-edutech-in-primul-episod-digital-society-podcast\/","og_locale":"ro_RO","og_type":"article","og_title":"Dr. Diana Andone \u2013despre Edu&Tech \u00een primul episod Digital Society Podcast - Universitatea Politehnica Timi\u015foara Departamentul de ID\/IFR \u0219i Educa\u021bie Digital\u0103 \u2013 DeL","og_description":"Directorul centrului de ID\/IFR \u0219i e-Learning, dr. ing. Diana Andone vorbe\u0219te despre digitalizarea accelerat\u0103 \u00een contextul epidemiologic al acestui an \u00een cadrul unui episod dedicat Edu & Tech \u2013 primul din seria Digital Society Podcast. Ascult\u0103 \u00eenregistrarea audio aici!","og_url":"https:\/\/elearning.upt.ro\/ro\/comunitate\/dr-diana-andone-despre-edutech-in-primul-episod-digital-society-podcast\/","og_site_name":"Universitatea Politehnica Timi\u015foara Departamentul de ID\/IFR \u0219i Educa\u021bie Digital\u0103 \u2013 DeL","article_publisher":"https:\/\/www.facebook.com\/CIDUPT\/?ref=page_internal","article_published_time":"2020-08-07T11:31:10+00:00","article_modified_time":"2021-02-04T09:43:25+00:00","og_image":[{"width":1122,"height":633,"url":"https:\/\/elearning.upt.ro\/wp-content\/uploads\/2020\/08\/97131424_10222186956398733_5282677154079834112_o.jpg","type":"image\/jpeg"}],"author":"CeL","twitter_card":"summary_large_image","twitter_misc":{"Written by":"CeL","Est. reading time":"1 minute"},"schema":{"@context":"https:\/\/schema.org","@graph":[{"@type":"Article","@id":"https:\/\/elearning.upt.ro\/ro\/comunitate\/dr-diana-andone-despre-edutech-in-primul-episod-digital-society-podcast\/#article","isPartOf":{"@id":"https:\/\/elearning.upt.ro\/ro\/comunitate\/dr-diana-andone-despre-edutech-in-primul-episod-digital-society-podcast\/"},"author":{"name":"CeL","@id":"https:\/\/elearning.upt.ro\/ro\/#\/schema\/person\/8bb5b84d8e634ea763262c452a39b3f4"},"headline":"Dr. Diana Andone \u2013despre Edu&#038;Tech \u00een primul episod Digital Society Podcast","datePublished":"2020-08-07T11:31:10+00:00","dateModified":"2021-02-04T09:43:25+00:00","mainEntityOfPage":{"@id":"https:\/\/elearning.upt.ro\/ro\/comunitate\/dr-diana-andone-despre-edutech-in-primul-episod-digital-society-podcast\/"},"wordCount":303,"image":{"@id":"https:\/\/elearning.upt.ro\/ro\/comunitate\/dr-diana-andone-despre-edutech-in-primul-episod-digital-society-podcast\/#primaryimage"},"thumbnailUrl":"https:\/\/elearning.upt.ro\/wp-content\/uploads\/2020\/08\/97131424_10222186956398733_5282677154079834112_o.jpg","keywords":["digital society","edu&amp;tech","podcast"],"articleSection":["Comunitate","Noutati","Noutati Comunitate"],"inLanguage":"ro-RO"},{"@type":"WebPage","@id":"https:\/\/elearning.upt.ro\/ro\/comunitate\/dr-diana-andone-despre-edutech-in-primul-episod-digital-society-podcast\/","url":"https:\/\/elearning.upt.ro\/ro\/comunitate\/dr-diana-andone-despre-edutech-in-primul-episod-digital-society-podcast\/","name":"Dr. Diana Andone \u2013despre Edu&Tech \u00een primul episod Digital Society Podcast - Universitatea Politehnica Timi\u015foara Departamentul de ID\/IFR \u0219i Educa\u021bie Digital\u0103 \u2013 DeL","isPartOf":{"@id":"https:\/\/elearning.upt.ro\/ro\/#website"},"primaryImageOfPage":{"@id":"https:\/\/elearning.upt.ro\/ro\/comunitate\/dr-diana-andone-despre-edutech-in-primul-episod-digital-society-podcast\/#primaryimage"},"image":{"@id":"https:\/\/elearning.upt.ro\/ro\/comunitate\/dr-diana-andone-despre-edutech-in-primul-episod-digital-society-podcast\/#primaryimage"},"thumbnailUrl":"https:\/\/elearning.upt.ro\/wp-content\/uploads\/2020\/08\/97131424_10222186956398733_5282677154079834112_o.jpg","datePublished":"2020-08-07T11:31:10+00:00","dateModified":"2021-02-04T09:43:25+00:00","author":{"@id":"https:\/\/elearning.upt.ro\/ro\/#\/schema\/person\/8bb5b84d8e634ea763262c452a39b3f4"},"breadcrumb":{"@id":"https:\/\/elearning.upt.ro\/ro\/comunitate\/dr-diana-andone-despre-edutech-in-primul-episod-digital-society-podcast\/#breadcrumb"},"inLanguage":"ro-RO","potentialAction":[{"@type":"ReadAction","target":["https:\/\/elearning.upt.ro\/ro\/comunitate\/dr-diana-andone-despre-edutech-in-primul-episod-digital-society-podcast\/"]}]},{"@type":"ImageObject","inLanguage":"ro-RO","@id":"https:\/\/elearning.upt.ro\/ro\/comunitate\/dr-diana-andone-despre-edutech-in-primul-episod-digital-society-podcast\/#primaryimage","url":"https:\/\/elearning.upt.ro\/wp-content\/uploads\/2020\/08\/97131424_10222186956398733_5282677154079834112_o.jpg","contentUrl":"https:\/\/elearning.upt.ro\/wp-content\/uploads\/2020\/08\/97131424_10222186956398733_5282677154079834112_o.jpg","width":1122,"height":633},{"@type":"BreadcrumbList","@id":"https:\/\/elearning.upt.ro\/ro\/comunitate\/dr-diana-andone-despre-edutech-in-primul-episod-digital-society-podcast\/#breadcrumb","itemListElement":[{"@type":"ListItem","position":1,"name":"Home","item":"https:\/\/elearning.upt.ro\/"},{"@type":"ListItem","position":2,"name":"Dr. Diana Andone \u2013despre Edu&#038;Tech \u00een primul episod Digital Society Podcast"}]},{"@type":"WebSite","@id":"https:\/\/elearning.upt.ro\/ro\/#website","url":"https:\/\/elearning.upt.ro\/ro\/","name":"Universitatea Politehnica Timi\u015foara Departamentul de ID\/IFR \u0219i Educa\u021bie Digital\u0103 \u2013 DeL","description":"","potentialAction":[{"@type":"SearchAction","target":{"@type":"EntryPoint","urlTemplate":"https:\/\/elearning.upt.ro\/ro\/?s={search_term_string}"},"query-input":{"@type":"PropertyValueSpecification","valueRequired":true,"valueName":"search_term_string"}}],"inLanguage":"ro-RO"},{"@type":"Person","@id":"https:\/\/elearning.upt.ro\/ro\/#\/schema\/person\/8bb5b84d8e634ea763262c452a39b3f4","name":"CeL","image":{"@type":"ImageObject","inLanguage":"ro-RO","@id":"https:\/\/secure.gravatar.com\/avatar\/9b67430c18ee40ef4a63a577131abb63a54ca1b5fbb5ec183bcc2003d846a51f?s=96&d=mm&r=g","url":"https:\/\/secure.gravatar.com\/avatar\/9b67430c18ee40ef4a63a577131abb63a54ca1b5fbb5ec183bcc2003d846a51f?s=96&d=mm&r=g","contentUrl":"https:\/\/secure.gravatar.com\/avatar\/9b67430c18ee40ef4a63a577131abb63a54ca1b5fbb5ec183bcc2003d846a51f?s=96&d=mm&r=g","caption":"CeL"},"url":"https:\/\/elearning.upt.ro\/ro\/author\/renateiovi\/"}]}},"_links":{"self":[{"href":"https:\/\/elearning.upt.ro\/ro\/wp-json\/wp\/v2\/posts\/11469","targetHints":{"allow":["GET"]}}],"collection":[{"href":"https:\/\/elearning.upt.ro\/ro\/wp-json\/wp\/v2\/posts"}],"about":[{"href":"https:\/\/elearning.upt.ro\/ro\/wp-json\/wp\/v2\/types\/post"}],"author":[{"embeddable":true,"href":"https:\/\/elearning.upt.ro\/ro\/wp-json\/wp\/v2\/users\/13"}],"replies":[{"embeddable":true,"href":"https:\/\/elearning.upt.ro\/ro\/wp-json\/wp\/v2\/comments?post=11469"}],"version-history":[{"count":7,"href":"https:\/\/elearning.upt.ro\/ro\/wp-json\/wp\/v2\/posts\/11469\/revisions"}],"predecessor-version":[{"id":11476,"href":"https:\/\/elearning.upt.ro\/ro\/wp-json\/wp\/v2\/posts\/11469\/revisions\/11476"}],"wp:featuredmedia":[{"embeddable":true,"href":"https:\/\/elearning.upt.ro\/ro\/wp-json\/wp\/v2\/media\/11467"}],"wp:attachment":[{"href":"https:\/\/elearning.upt.ro\/ro\/wp-json\/wp\/v2\/media?parent=11469"}],"wp:term":[{"taxonomy":"category","embeddable":true,"href":"https:\/\/elearning.upt.ro\/ro\/wp-json\/wp\/v2\/categories?post=11469"},{"taxonomy":"post_tag","embeddable":true,"href":"https:\/\/elearning.upt.ro\/ro\/wp-json\/wp\/v2\/tags?post=11469"}],"curies":[{"name":"wp","href":"https:\/\/api.w.org\/{rel}","templated":true}]}}