{"id":11025,"date":"2020-06-30T13:46:16","date_gmt":"2020-06-30T10:46:16","guid":{"rendered":"https:\/\/elearning.upt.ro\/?p=11025"},"modified":"2021-02-04T11:44:37","modified_gmt":"2021-02-04T09:44:37","slug":"open-vm-webinar-de-mobilitate-virtuala-pentru-universitati-si-aliante-universitare-europene","status":"publish","type":"post","link":"https:\/\/elearning.upt.ro\/ro\/proiecte\/proiecte-eu\/open-vm-webinar-de-mobilitate-virtuala-pentru-universitati-si-aliante-universitare-europene\/","title":{"rendered":"Open VM: Webinar de mobilitate virtual\u0103 pentru universit\u0103\u021bi \u0219i alian\u021be universitare europene"},"content":{"rendered":"\t\t<div data-elementor-type=\"wp-post\" data-elementor-id=\"11025\" class=\"elementor elementor-11025\">\n\t\t\t\t\t\t<section class=\"elementor-section elementor-top-section elementor-element elementor-element-02ff30d elementor-section-boxed elementor-section-height-default elementor-section-height-default\" data-id=\"02ff30d\" data-element_type=\"section\" data-e-type=\"section\">\n\t\t\t\t\t\t<div class=\"elementor-container elementor-column-gap-default\">\n\t\t\t\t\t<div class=\"elementor-column elementor-col-100 elementor-top-column elementor-element elementor-element-e72e5db\" data-id=\"e72e5db\" data-element_type=\"column\" data-e-type=\"column\">\n\t\t\t<div class=\"elementor-widget-wrap elementor-element-populated\">\n\t\t\t\t\t\t<div class=\"elementor-element elementor-element-9c8b36f elementor-widget elementor-widget-text-editor\" data-id=\"9c8b36f\" data-element_type=\"widget\" data-e-type=\"widget\" data-widget_type=\"text-editor.default\">\n\t\t\t\t<div class=\"elementor-widget-container\">\n\t\t\t\t\t\t\t\t\t<p><span style=\"font-weight: 400;\">\u00cen perioada 18-19 iunie 2020 a avut loc Webinarul de mobilitate virtual\u0103 pentru universit\u0103\u021bi \u0219i alian\u021be universitare europene \u2013 ultimul eveniment de tip \u201emultiplier\u201d din cadrul proiectului Open Virtual Mobility, webinarul fiind axat pe calitate \u0219i durabilitate \u0219i integrat \u00een Output 7. A\u0219a cum s-a \u00eent\u00e2mplat pe parcursul celor trei ani de proiect, Output 7 a fost dezvoltat \u00een str\u00e2ns\u0103 colaborare de EADTU \u0219i UIB. EADTU a g\u0103zduit astfel evenimentul online, \u00eenregistr\u00e2nd succes \u00een r\u00e2ndul participan\u021bilor.<\/span><\/p>\t\t\t\t\t\t\t\t<\/div>\n\t\t\t\t<\/div>\n\t\t\t\t\t<\/div>\n\t\t<\/div>\n\t\t\t\t\t<\/div>\n\t\t<\/section>\n\t\t\t\t<section class=\"elementor-section elementor-top-section elementor-element elementor-element-3e8a628 elementor-section-boxed elementor-section-height-default elementor-section-height-default\" data-id=\"3e8a628\" data-element_type=\"section\" data-e-type=\"section\">\n\t\t\t\t\t\t<div class=\"elementor-container elementor-column-gap-default\">\n\t\t\t\t\t<div class=\"elementor-column elementor-col-100 elementor-top-column elementor-element elementor-element-713489a\" data-id=\"713489a\" data-element_type=\"column\" data-e-type=\"column\">\n\t\t\t<div class=\"elementor-widget-wrap elementor-element-populated\">\n\t\t\t\t\t\t<div class=\"elementor-element elementor-element-32aa1ef elementor-widget elementor-widget-image\" data-id=\"32aa1ef\" data-element_type=\"widget\" data-e-type=\"widget\" data-widget_type=\"image.default\">\n\t\t\t\t<div class=\"elementor-widget-container\">\n\t\t\t\t\t\t\t\t\t\t\t\t\t\t\t<img fetchpriority=\"high\" decoding=\"async\" width=\"900\" height=\"506\" src=\"https:\/\/elearning.upt.ro\/wp-content\/uploads\/2020\/06\/Untitled-1024x576.jpg\" class=\"attachment-large size-large wp-image-11026\" alt=\"\" srcset=\"https:\/\/elearning.upt.ro\/wp-content\/uploads\/2020\/06\/Untitled-1024x576.jpg 1024w, https:\/\/elearning.upt.ro\/wp-content\/uploads\/2020\/06\/Untitled-300x169.jpg 300w, https:\/\/elearning.upt.ro\/wp-content\/uploads\/2020\/06\/Untitled-768x432.jpg 768w, https:\/\/elearning.upt.ro\/wp-content\/uploads\/2020\/06\/Untitled-1536x864.jpg 1536w, https:\/\/elearning.upt.ro\/wp-content\/uploads\/2020\/06\/Untitled-255x143.jpg 255w, https:\/\/elearning.upt.ro\/wp-content\/uploads\/2020\/06\/Untitled.jpg 1920w\" sizes=\"(max-width: 900px) 100vw, 900px\" \/>\t\t\t\t\t\t\t\t\t\t\t\t\t\t\t<\/div>\n\t\t\t\t<\/div>\n\t\t\t\t\t<\/div>\n\t\t<\/div>\n\t\t\t\t\t<\/div>\n\t\t<\/section>\n\t\t\t\t<section class=\"elementor-section elementor-top-section elementor-element elementor-element-7bb8a47 elementor-section-boxed elementor-section-height-default elementor-section-height-default\" data-id=\"7bb8a47\" data-element_type=\"section\" data-e-type=\"section\">\n\t\t\t\t\t\t<div class=\"elementor-container elementor-column-gap-default\">\n\t\t\t\t\t<div class=\"elementor-column elementor-col-100 elementor-top-column elementor-element elementor-element-90ecb98\" data-id=\"90ecb98\" data-element_type=\"column\" data-e-type=\"column\">\n\t\t\t<div class=\"elementor-widget-wrap elementor-element-populated\">\n\t\t\t\t\t\t<div class=\"elementor-element elementor-element-b8f386a elementor-widget elementor-widget-text-editor\" data-id=\"b8f386a\" data-element_type=\"widget\" data-e-type=\"widget\" data-widget_type=\"text-editor.default\">\n\t\t\t\t<div class=\"elementor-widget-container\">\n\t\t\t\t\t\t\t\t\t<p>\u00cen cadrul primei zile, sesiunea a fost dedicat\u0103 bunelor practici \u0219i pedagogii inovatoare de formare a colabor\u0103rii interna\u021bionale \u0219i a mobilit\u0103\u021bii virtuale, iar \u00een cea de-a doua zi de webinar a fost prezentat proiectul Open VM cu mai multe detalii.<\/p>\t\t\t\t\t\t\t\t<\/div>\n\t\t\t\t<\/div>\n\t\t\t\t\t<\/div>\n\t\t<\/div>\n\t\t\t\t\t<\/div>\n\t\t<\/section>\n\t\t\t\t<section class=\"elementor-section elementor-top-section elementor-element elementor-element-757210b elementor-section-boxed elementor-section-height-default elementor-section-height-default\" data-id=\"757210b\" data-element_type=\"section\" data-e-type=\"section\">\n\t\t\t\t\t\t<div class=\"elementor-container elementor-column-gap-default\">\n\t\t\t\t\t<div class=\"elementor-column elementor-col-100 elementor-top-column elementor-element elementor-element-172317b\" data-id=\"172317b\" data-element_type=\"column\" data-e-type=\"column\">\n\t\t\t<div class=\"elementor-widget-wrap elementor-element-populated\">\n\t\t\t\t\t\t<div class=\"elementor-element elementor-element-319800a elementor-widget elementor-widget-text-editor\" data-id=\"319800a\" data-element_type=\"widget\" data-e-type=\"widget\" data-widget_type=\"text-editor.default\">\n\t\t\t\t<div class=\"elementor-widget-container\">\n\t\t\t\t\t\t\t\t\t<p>Dr. Diana Andone, directorul Centrului de e-Learning de la Universitatea Politehnica Timi\u0219oara a vorbit despre prezen\u021ba online \u0219i activit\u0103\u021bile pe proiect din ultimii ani \u0219i a prezentat site-ul web \u0219i hub-ul virtual Open VM.<\/p>\t\t\t\t\t\t\t\t<\/div>\n\t\t\t\t<\/div>\n\t\t\t\t\t<\/div>\n\t\t<\/div>\n\t\t\t\t\t<\/div>\n\t\t<\/section>\n\t\t\t\t<section class=\"elementor-section elementor-top-section elementor-element elementor-element-933ec56 elementor-section-boxed elementor-section-height-default elementor-section-height-default\" data-id=\"933ec56\" data-element_type=\"section\" data-e-type=\"section\">\n\t\t\t\t\t\t<div class=\"elementor-container elementor-column-gap-default\">\n\t\t\t\t\t<div class=\"elementor-column elementor-col-100 elementor-top-column elementor-element elementor-element-1cab557\" data-id=\"1cab557\" data-element_type=\"column\" data-e-type=\"column\">\n\t\t\t<div class=\"elementor-widget-wrap elementor-element-populated\">\n\t\t\t\t\t\t<div class=\"elementor-element elementor-element-18840b2 elementor-widget elementor-widget-text-editor\" data-id=\"18840b2\" data-element_type=\"widget\" data-e-type=\"widget\" data-widget_type=\"text-editor.default\">\n\t\t\t\t<div class=\"elementor-widget-container\">\n\t\t\t\t\t\t\t\t\t<p>Diana a expus \u0219i provoc\u0103rile cu care s-a confruntat echipa \u00een cadrul proiectului, \u00een procesul de dezvoltare a unui mediu de \u00eenv\u0103\u021bare personal\u0103, cu zone lucru comune \u0219i deschise pentru colaborare, \u00eemp\u0103r\u021bind hub-ul \u00een diferite zone principale bazate pe con\u021binut, pia\u021b\u0103, activit\u0103\u021bi \u0219i date deschise, dar \u0219i activit\u0103\u021bi de autoevaluare.<\/p><p>De asemenea, a fost prezentat\u0103 \u0219i aplica\u021bia mobil\u0103 Open VM, prin care pot fi accesate cursurile de pe dispozitivele mobile, aplica\u021bie dezvoltat\u0103 urm\u00e2nd cele mai inovative metode de uzabilitate.<\/p>\t\t\t\t\t\t\t\t<\/div>\n\t\t\t\t<\/div>\n\t\t\t\t\t<\/div>\n\t\t<\/div>\n\t\t\t\t\t<\/div>\n\t\t<\/section>\n\t\t\t\t<section class=\"elementor-section elementor-top-section elementor-element elementor-element-ec30bb4 elementor-section-boxed elementor-section-height-default elementor-section-height-default\" data-id=\"ec30bb4\" data-element_type=\"section\" data-e-type=\"section\">\n\t\t\t\t\t\t<div class=\"elementor-container elementor-column-gap-default\">\n\t\t\t\t\t<div class=\"elementor-column elementor-col-100 elementor-top-column elementor-element elementor-element-c46ebc3\" data-id=\"c46ebc3\" data-element_type=\"column\" data-e-type=\"column\">\n\t\t\t<div class=\"elementor-widget-wrap elementor-element-populated\">\n\t\t\t\t\t\t<div class=\"elementor-element elementor-element-f6d67bb elementor-widget elementor-widget-text-editor\" data-id=\"f6d67bb\" data-element_type=\"widget\" data-e-type=\"widget\" data-widget_type=\"text-editor.default\">\n\t\t\t\t<div class=\"elementor-widget-container\">\n\t\t\t\t\t\t\t\t\t<p>De asemenea, a fost prezentat\u0103 \u0219i aplica\u021bia mobil\u0103 Open VM, prin care pot fi accesate cursurile de pe dispozitivele mobile, aplica\u021bie dezvoltat\u0103 urm\u00e2nd cele mai inovative metode de uzabilitate.<\/p>\t\t\t\t\t\t\t\t<\/div>\n\t\t\t\t<\/div>\n\t\t\t\t\t<\/div>\n\t\t<\/div>\n\t\t\t\t\t<\/div>\n\t\t<\/section>\n\t\t\t\t<section class=\"elementor-section elementor-top-section elementor-element elementor-element-e13619a elementor-section-boxed elementor-section-height-default elementor-section-height-default\" data-id=\"e13619a\" data-element_type=\"section\" data-e-type=\"section\">\n\t\t\t\t\t\t<div class=\"elementor-container elementor-column-gap-default\">\n\t\t\t\t\t<div class=\"elementor-column elementor-col-100 elementor-top-column elementor-element elementor-element-e6a9f1e\" data-id=\"e6a9f1e\" data-element_type=\"column\" data-e-type=\"column\">\n\t\t\t<div class=\"elementor-widget-wrap elementor-element-populated\">\n\t\t\t\t\t\t<div class=\"elementor-element elementor-element-036a260 elementor-widget elementor-widget-text-editor\" data-id=\"036a260\" data-element_type=\"widget\" data-e-type=\"widget\" data-widget_type=\"text-editor.default\">\n\t\t\t\t<div class=\"elementor-widget-container\">\n\t\t\t\t\t\t\t\t\t<p>\u00cen plus, dr. Diana Andone a prezentat \u0219i c\u00e2teva date de pe platform\u0103, de la lansarea acestea \u00een luna mai 2019. Diferite tipuri de utilizatori au vizitat \u0219i accesat platforma de \u00eenv\u0103\u021bare Open VM\u00a0 \u00een perioada pilot \u0219i au \u00eentreprins o mul\u021bime de activit\u0103\u021bi. Printre ace\u0219tia s-au num\u0103rat studen\u021bi provenind dintr-o varietate de \u021b\u0103ri, cu diferite niveluri de educa\u021bie \u0219i experien\u021be diferite \u00een utilizarea instrumentelor diferite.<\/p><p>Prezentarea a st\u00e2rnit interes major \u00een r\u00e2ndul participan\u021bilor, care au adresat o serie de \u00eentreb\u0103ri \u0219i au primit r\u0103spuns \u00een sec\u021biunea de Q&amp;A.<\/p>\t\t\t\t\t\t\t\t<\/div>\n\t\t\t\t<\/div>\n\t\t\t\t\t<\/div>\n\t\t<\/div>\n\t\t\t\t\t<\/div>\n\t\t<\/section>\n\t\t\t\t<\/div>\n\t\t","protected":false},"excerpt":{"rendered":"<p>\u00cen perioada 18-19 iunie 2020 a avut loc Webinarul de mobilitate virtual\u0103 pentru universit\u0103\u021bi \u0219i alian\u021be universitare europene \u2013 ultimul eveniment de tip \u201emultiplier\u201d din cadrul proiectului Open Virtual Mobility, webinarul fiind axat pe calitate \u0219i durabilitate \u0219i integrat \u00een Rezultatul 7. <\/p>\n","protected":false},"author":13,"featured_media":11026,"comment_status":"closed","ping_status":"closed","sticky":false,"template":"","format":"standard","meta":{"footnotes":""},"categories":[251,122,73],"tags":[142,356],"class_list":["post-11025","post","type-post","status-publish","format-standard","has-post-thumbnail","hentry","category-noutati","category-openvm","category-proiecte-eu","tag-openvm","tag-webinar-open-vm"],"yoast_head":"<!-- This site is optimized with the Yoast SEO plugin v27.4 - https:\/\/yoast.com\/product\/yoast-seo-wordpress\/ -->\n<title>Open VM: Webinar de mobilitate virtual\u0103 pentru universit\u0103\u021bi \u0219i alian\u021be universitare europene - Universitatea Politehnica Timi\u015foara Departamentul de ID\/IFR \u0219i Educa\u021bie Digital\u0103 \u2013 DeL<\/title>\n<meta name=\"robots\" content=\"index, follow, max-snippet:-1, max-image-preview:large, max-video-preview:-1\" \/>\n<link rel=\"canonical\" href=\"https:\/\/elearning.upt.ro\/ro\/proiecte\/proiecte-eu\/open-vm-webinar-de-mobilitate-virtuala-pentru-universitati-si-aliante-universitare-europene\/\" \/>\n<meta property=\"og:locale\" content=\"ro_RO\" \/>\n<meta property=\"og:type\" content=\"article\" \/>\n<meta property=\"og:title\" content=\"Open VM: Webinar de mobilitate virtual\u0103 pentru universit\u0103\u021bi \u0219i alian\u021be universitare europene - Universitatea Politehnica Timi\u015foara Departamentul de ID\/IFR \u0219i Educa\u021bie Digital\u0103 \u2013 DeL\" \/>\n<meta property=\"og:description\" content=\"\u00cen perioada 18-19 iunie 2020 a avut loc Webinarul de mobilitate virtual\u0103 pentru universit\u0103\u021bi \u0219i alian\u021be universitare europene \u2013 ultimul eveniment de tip \u201emultiplier\u201d din cadrul proiectului Open Virtual Mobility, webinarul fiind axat pe calitate \u0219i durabilitate \u0219i integrat \u00een Rezultatul 7.\" \/>\n<meta property=\"og:url\" content=\"https:\/\/elearning.upt.ro\/ro\/proiecte\/proiecte-eu\/open-vm-webinar-de-mobilitate-virtuala-pentru-universitati-si-aliante-universitare-europene\/\" \/>\n<meta property=\"og:site_name\" content=\"Universitatea Politehnica Timi\u015foara Departamentul de ID\/IFR \u0219i Educa\u021bie Digital\u0103 \u2013 DeL\" \/>\n<meta property=\"article:publisher\" content=\"https:\/\/www.facebook.com\/CIDUPT\/?ref=page_internal\" \/>\n<meta property=\"article:published_time\" content=\"2020-06-30T10:46:16+00:00\" \/>\n<meta property=\"article:modified_time\" content=\"2021-02-04T09:44:37+00:00\" \/>\n<meta property=\"og:image\" content=\"https:\/\/elearning.upt.ro\/wp-content\/uploads\/2020\/06\/Untitled.jpg\" \/>\n\t<meta property=\"og:image:width\" content=\"1920\" \/>\n\t<meta property=\"og:image:height\" content=\"1080\" \/>\n\t<meta property=\"og:image:type\" content=\"image\/jpeg\" \/>\n<meta name=\"author\" content=\"CeL\" \/>\n<meta name=\"twitter:card\" content=\"summary_large_image\" \/>\n<meta name=\"twitter:label1\" content=\"Written by\" \/>\n\t<meta name=\"twitter:data1\" content=\"CeL\" \/>\n\t<meta name=\"twitter:label2\" content=\"Est. reading time\" \/>\n\t<meta name=\"twitter:data2\" content=\"2 minutes\" \/>\n<script type=\"application\/ld+json\" class=\"yoast-schema-graph\">{\"@context\":\"https:\\\/\\\/schema.org\",\"@graph\":[{\"@type\":\"Article\",\"@id\":\"https:\\\/\\\/elearning.upt.ro\\\/ro\\\/proiecte\\\/proiecte-eu\\\/open-vm-webinar-de-mobilitate-virtuala-pentru-universitati-si-aliante-universitare-europene\\\/#article\",\"isPartOf\":{\"@id\":\"https:\\\/\\\/elearning.upt.ro\\\/ro\\\/proiecte\\\/proiecte-eu\\\/open-vm-webinar-de-mobilitate-virtuala-pentru-universitati-si-aliante-universitare-europene\\\/\"},\"author\":{\"name\":\"CeL\",\"@id\":\"https:\\\/\\\/elearning.upt.ro\\\/ro\\\/#\\\/schema\\\/person\\\/8bb5b84d8e634ea763262c452a39b3f4\"},\"headline\":\"Open VM: Webinar de mobilitate virtual\u0103 pentru universit\u0103\u021bi \u0219i alian\u021be universitare europene\",\"datePublished\":\"2020-06-30T10:46:16+00:00\",\"dateModified\":\"2021-02-04T09:44:37+00:00\",\"mainEntityOfPage\":{\"@id\":\"https:\\\/\\\/elearning.upt.ro\\\/ro\\\/proiecte\\\/proiecte-eu\\\/open-vm-webinar-de-mobilitate-virtuala-pentru-universitati-si-aliante-universitare-europene\\\/\"},\"wordCount\":401,\"image\":{\"@id\":\"https:\\\/\\\/elearning.upt.ro\\\/ro\\\/proiecte\\\/proiecte-eu\\\/open-vm-webinar-de-mobilitate-virtuala-pentru-universitati-si-aliante-universitare-europene\\\/#primaryimage\"},\"thumbnailUrl\":\"https:\\\/\\\/elearning.upt.ro\\\/wp-content\\\/uploads\\\/2020\\\/06\\\/Untitled.jpg\",\"keywords\":[\"OpenVM\",\"webinar open vm\"],\"articleSection\":[\"Noutati\",\"OpenVM\",\"Proiecte EU\"],\"inLanguage\":\"ro-RO\"},{\"@type\":\"WebPage\",\"@id\":\"https:\\\/\\\/elearning.upt.ro\\\/ro\\\/proiecte\\\/proiecte-eu\\\/open-vm-webinar-de-mobilitate-virtuala-pentru-universitati-si-aliante-universitare-europene\\\/\",\"url\":\"https:\\\/\\\/elearning.upt.ro\\\/ro\\\/proiecte\\\/proiecte-eu\\\/open-vm-webinar-de-mobilitate-virtuala-pentru-universitati-si-aliante-universitare-europene\\\/\",\"name\":\"Open VM: Webinar de mobilitate virtual\u0103 pentru universit\u0103\u021bi \u0219i alian\u021be universitare europene - Universitatea Politehnica Timi\u015foara Departamentul de ID\\\/IFR \u0219i Educa\u021bie Digital\u0103 \u2013 DeL\",\"isPartOf\":{\"@id\":\"https:\\\/\\\/elearning.upt.ro\\\/ro\\\/#website\"},\"primaryImageOfPage\":{\"@id\":\"https:\\\/\\\/elearning.upt.ro\\\/ro\\\/proiecte\\\/proiecte-eu\\\/open-vm-webinar-de-mobilitate-virtuala-pentru-universitati-si-aliante-universitare-europene\\\/#primaryimage\"},\"image\":{\"@id\":\"https:\\\/\\\/elearning.upt.ro\\\/ro\\\/proiecte\\\/proiecte-eu\\\/open-vm-webinar-de-mobilitate-virtuala-pentru-universitati-si-aliante-universitare-europene\\\/#primaryimage\"},\"thumbnailUrl\":\"https:\\\/\\\/elearning.upt.ro\\\/wp-content\\\/uploads\\\/2020\\\/06\\\/Untitled.jpg\",\"datePublished\":\"2020-06-30T10:46:16+00:00\",\"dateModified\":\"2021-02-04T09:44:37+00:00\",\"author\":{\"@id\":\"https:\\\/\\\/elearning.upt.ro\\\/ro\\\/#\\\/schema\\\/person\\\/8bb5b84d8e634ea763262c452a39b3f4\"},\"breadcrumb\":{\"@id\":\"https:\\\/\\\/elearning.upt.ro\\\/ro\\\/proiecte\\\/proiecte-eu\\\/open-vm-webinar-de-mobilitate-virtuala-pentru-universitati-si-aliante-universitare-europene\\\/#breadcrumb\"},\"inLanguage\":\"ro-RO\",\"potentialAction\":[{\"@type\":\"ReadAction\",\"target\":[\"https:\\\/\\\/elearning.upt.ro\\\/ro\\\/proiecte\\\/proiecte-eu\\\/open-vm-webinar-de-mobilitate-virtuala-pentru-universitati-si-aliante-universitare-europene\\\/\"]}]},{\"@type\":\"ImageObject\",\"inLanguage\":\"ro-RO\",\"@id\":\"https:\\\/\\\/elearning.upt.ro\\\/ro\\\/proiecte\\\/proiecte-eu\\\/open-vm-webinar-de-mobilitate-virtuala-pentru-universitati-si-aliante-universitare-europene\\\/#primaryimage\",\"url\":\"https:\\\/\\\/elearning.upt.ro\\\/wp-content\\\/uploads\\\/2020\\\/06\\\/Untitled.jpg\",\"contentUrl\":\"https:\\\/\\\/elearning.upt.ro\\\/wp-content\\\/uploads\\\/2020\\\/06\\\/Untitled.jpg\",\"width\":1920,\"height\":1080},{\"@type\":\"BreadcrumbList\",\"@id\":\"https:\\\/\\\/elearning.upt.ro\\\/ro\\\/proiecte\\\/proiecte-eu\\\/open-vm-webinar-de-mobilitate-virtuala-pentru-universitati-si-aliante-universitare-europene\\\/#breadcrumb\",\"itemListElement\":[{\"@type\":\"ListItem\",\"position\":1,\"name\":\"Home\",\"item\":\"https:\\\/\\\/elearning.upt.ro\\\/\"},{\"@type\":\"ListItem\",\"position\":2,\"name\":\"Open VM: Webinar de mobilitate virtual\u0103 pentru universit\u0103\u021bi \u0219i alian\u021be universitare europene\"}]},{\"@type\":\"WebSite\",\"@id\":\"https:\\\/\\\/elearning.upt.ro\\\/ro\\\/#website\",\"url\":\"https:\\\/\\\/elearning.upt.ro\\\/ro\\\/\",\"name\":\"Universitatea Politehnica Timi\u015foara Departamentul de ID\\\/IFR \u0219i Educa\u021bie Digital\u0103 \u2013 DeL\",\"description\":\"\",\"potentialAction\":[{\"@type\":\"SearchAction\",\"target\":{\"@type\":\"EntryPoint\",\"urlTemplate\":\"https:\\\/\\\/elearning.upt.ro\\\/ro\\\/?s={search_term_string}\"},\"query-input\":{\"@type\":\"PropertyValueSpecification\",\"valueRequired\":true,\"valueName\":\"search_term_string\"}}],\"inLanguage\":\"ro-RO\"},{\"@type\":\"Person\",\"@id\":\"https:\\\/\\\/elearning.upt.ro\\\/ro\\\/#\\\/schema\\\/person\\\/8bb5b84d8e634ea763262c452a39b3f4\",\"name\":\"CeL\",\"image\":{\"@type\":\"ImageObject\",\"inLanguage\":\"ro-RO\",\"@id\":\"https:\\\/\\\/secure.gravatar.com\\\/avatar\\\/9b67430c18ee40ef4a63a577131abb63a54ca1b5fbb5ec183bcc2003d846a51f?s=96&d=mm&r=g\",\"url\":\"https:\\\/\\\/secure.gravatar.com\\\/avatar\\\/9b67430c18ee40ef4a63a577131abb63a54ca1b5fbb5ec183bcc2003d846a51f?s=96&d=mm&r=g\",\"contentUrl\":\"https:\\\/\\\/secure.gravatar.com\\\/avatar\\\/9b67430c18ee40ef4a63a577131abb63a54ca1b5fbb5ec183bcc2003d846a51f?s=96&d=mm&r=g\",\"caption\":\"CeL\"},\"url\":\"https:\\\/\\\/elearning.upt.ro\\\/ro\\\/author\\\/renateiovi\\\/\"}]}<\/script>\n<!-- \/ Yoast SEO plugin. -->","yoast_head_json":{"title":"Open VM: Webinar de mobilitate virtual\u0103 pentru universit\u0103\u021bi \u0219i alian\u021be universitare europene - Universitatea Politehnica Timi\u015foara Departamentul de ID\/IFR \u0219i Educa\u021bie Digital\u0103 \u2013 DeL","robots":{"index":"index","follow":"follow","max-snippet":"max-snippet:-1","max-image-preview":"max-image-preview:large","max-video-preview":"max-video-preview:-1"},"canonical":"https:\/\/elearning.upt.ro\/ro\/proiecte\/proiecte-eu\/open-vm-webinar-de-mobilitate-virtuala-pentru-universitati-si-aliante-universitare-europene\/","og_locale":"ro_RO","og_type":"article","og_title":"Open VM: Webinar de mobilitate virtual\u0103 pentru universit\u0103\u021bi \u0219i alian\u021be universitare europene - Universitatea Politehnica Timi\u015foara Departamentul de ID\/IFR \u0219i Educa\u021bie Digital\u0103 \u2013 DeL","og_description":"\u00cen perioada 18-19 iunie 2020 a avut loc Webinarul de mobilitate virtual\u0103 pentru universit\u0103\u021bi \u0219i alian\u021be universitare europene \u2013 ultimul eveniment de tip \u201emultiplier\u201d din cadrul proiectului Open Virtual Mobility, webinarul fiind axat pe calitate \u0219i durabilitate \u0219i integrat \u00een Rezultatul 7.","og_url":"https:\/\/elearning.upt.ro\/ro\/proiecte\/proiecte-eu\/open-vm-webinar-de-mobilitate-virtuala-pentru-universitati-si-aliante-universitare-europene\/","og_site_name":"Universitatea Politehnica Timi\u015foara Departamentul de ID\/IFR \u0219i Educa\u021bie Digital\u0103 \u2013 DeL","article_publisher":"https:\/\/www.facebook.com\/CIDUPT\/?ref=page_internal","article_published_time":"2020-06-30T10:46:16+00:00","article_modified_time":"2021-02-04T09:44:37+00:00","og_image":[{"width":1920,"height":1080,"url":"https:\/\/elearning.upt.ro\/wp-content\/uploads\/2020\/06\/Untitled.jpg","type":"image\/jpeg"}],"author":"CeL","twitter_card":"summary_large_image","twitter_misc":{"Written by":"CeL","Est. reading time":"2 minutes"},"schema":{"@context":"https:\/\/schema.org","@graph":[{"@type":"Article","@id":"https:\/\/elearning.upt.ro\/ro\/proiecte\/proiecte-eu\/open-vm-webinar-de-mobilitate-virtuala-pentru-universitati-si-aliante-universitare-europene\/#article","isPartOf":{"@id":"https:\/\/elearning.upt.ro\/ro\/proiecte\/proiecte-eu\/open-vm-webinar-de-mobilitate-virtuala-pentru-universitati-si-aliante-universitare-europene\/"},"author":{"name":"CeL","@id":"https:\/\/elearning.upt.ro\/ro\/#\/schema\/person\/8bb5b84d8e634ea763262c452a39b3f4"},"headline":"Open VM: Webinar de mobilitate virtual\u0103 pentru universit\u0103\u021bi \u0219i alian\u021be universitare europene","datePublished":"2020-06-30T10:46:16+00:00","dateModified":"2021-02-04T09:44:37+00:00","mainEntityOfPage":{"@id":"https:\/\/elearning.upt.ro\/ro\/proiecte\/proiecte-eu\/open-vm-webinar-de-mobilitate-virtuala-pentru-universitati-si-aliante-universitare-europene\/"},"wordCount":401,"image":{"@id":"https:\/\/elearning.upt.ro\/ro\/proiecte\/proiecte-eu\/open-vm-webinar-de-mobilitate-virtuala-pentru-universitati-si-aliante-universitare-europene\/#primaryimage"},"thumbnailUrl":"https:\/\/elearning.upt.ro\/wp-content\/uploads\/2020\/06\/Untitled.jpg","keywords":["OpenVM","webinar open vm"],"articleSection":["Noutati","OpenVM","Proiecte EU"],"inLanguage":"ro-RO"},{"@type":"WebPage","@id":"https:\/\/elearning.upt.ro\/ro\/proiecte\/proiecte-eu\/open-vm-webinar-de-mobilitate-virtuala-pentru-universitati-si-aliante-universitare-europene\/","url":"https:\/\/elearning.upt.ro\/ro\/proiecte\/proiecte-eu\/open-vm-webinar-de-mobilitate-virtuala-pentru-universitati-si-aliante-universitare-europene\/","name":"Open VM: Webinar de mobilitate virtual\u0103 pentru universit\u0103\u021bi \u0219i alian\u021be universitare europene - Universitatea Politehnica Timi\u015foara Departamentul de ID\/IFR \u0219i Educa\u021bie Digital\u0103 \u2013 DeL","isPartOf":{"@id":"https:\/\/elearning.upt.ro\/ro\/#website"},"primaryImageOfPage":{"@id":"https:\/\/elearning.upt.ro\/ro\/proiecte\/proiecte-eu\/open-vm-webinar-de-mobilitate-virtuala-pentru-universitati-si-aliante-universitare-europene\/#primaryimage"},"image":{"@id":"https:\/\/elearning.upt.ro\/ro\/proiecte\/proiecte-eu\/open-vm-webinar-de-mobilitate-virtuala-pentru-universitati-si-aliante-universitare-europene\/#primaryimage"},"thumbnailUrl":"https:\/\/elearning.upt.ro\/wp-content\/uploads\/2020\/06\/Untitled.jpg","datePublished":"2020-06-30T10:46:16+00:00","dateModified":"2021-02-04T09:44:37+00:00","author":{"@id":"https:\/\/elearning.upt.ro\/ro\/#\/schema\/person\/8bb5b84d8e634ea763262c452a39b3f4"},"breadcrumb":{"@id":"https:\/\/elearning.upt.ro\/ro\/proiecte\/proiecte-eu\/open-vm-webinar-de-mobilitate-virtuala-pentru-universitati-si-aliante-universitare-europene\/#breadcrumb"},"inLanguage":"ro-RO","potentialAction":[{"@type":"ReadAction","target":["https:\/\/elearning.upt.ro\/ro\/proiecte\/proiecte-eu\/open-vm-webinar-de-mobilitate-virtuala-pentru-universitati-si-aliante-universitare-europene\/"]}]},{"@type":"ImageObject","inLanguage":"ro-RO","@id":"https:\/\/elearning.upt.ro\/ro\/proiecte\/proiecte-eu\/open-vm-webinar-de-mobilitate-virtuala-pentru-universitati-si-aliante-universitare-europene\/#primaryimage","url":"https:\/\/elearning.upt.ro\/wp-content\/uploads\/2020\/06\/Untitled.jpg","contentUrl":"https:\/\/elearning.upt.ro\/wp-content\/uploads\/2020\/06\/Untitled.jpg","width":1920,"height":1080},{"@type":"BreadcrumbList","@id":"https:\/\/elearning.upt.ro\/ro\/proiecte\/proiecte-eu\/open-vm-webinar-de-mobilitate-virtuala-pentru-universitati-si-aliante-universitare-europene\/#breadcrumb","itemListElement":[{"@type":"ListItem","position":1,"name":"Home","item":"https:\/\/elearning.upt.ro\/"},{"@type":"ListItem","position":2,"name":"Open VM: Webinar de mobilitate virtual\u0103 pentru universit\u0103\u021bi \u0219i alian\u021be universitare europene"}]},{"@type":"WebSite","@id":"https:\/\/elearning.upt.ro\/ro\/#website","url":"https:\/\/elearning.upt.ro\/ro\/","name":"Universitatea Politehnica Timi\u015foara Departamentul de ID\/IFR \u0219i Educa\u021bie Digital\u0103 \u2013 DeL","description":"","potentialAction":[{"@type":"SearchAction","target":{"@type":"EntryPoint","urlTemplate":"https:\/\/elearning.upt.ro\/ro\/?s={search_term_string}"},"query-input":{"@type":"PropertyValueSpecification","valueRequired":true,"valueName":"search_term_string"}}],"inLanguage":"ro-RO"},{"@type":"Person","@id":"https:\/\/elearning.upt.ro\/ro\/#\/schema\/person\/8bb5b84d8e634ea763262c452a39b3f4","name":"CeL","image":{"@type":"ImageObject","inLanguage":"ro-RO","@id":"https:\/\/secure.gravatar.com\/avatar\/9b67430c18ee40ef4a63a577131abb63a54ca1b5fbb5ec183bcc2003d846a51f?s=96&d=mm&r=g","url":"https:\/\/secure.gravatar.com\/avatar\/9b67430c18ee40ef4a63a577131abb63a54ca1b5fbb5ec183bcc2003d846a51f?s=96&d=mm&r=g","contentUrl":"https:\/\/secure.gravatar.com\/avatar\/9b67430c18ee40ef4a63a577131abb63a54ca1b5fbb5ec183bcc2003d846a51f?s=96&d=mm&r=g","caption":"CeL"},"url":"https:\/\/elearning.upt.ro\/ro\/author\/renateiovi\/"}]}},"_links":{"self":[{"href":"https:\/\/elearning.upt.ro\/ro\/wp-json\/wp\/v2\/posts\/11025","targetHints":{"allow":["GET"]}}],"collection":[{"href":"https:\/\/elearning.upt.ro\/ro\/wp-json\/wp\/v2\/posts"}],"about":[{"href":"https:\/\/elearning.upt.ro\/ro\/wp-json\/wp\/v2\/types\/post"}],"author":[{"embeddable":true,"href":"https:\/\/elearning.upt.ro\/ro\/wp-json\/wp\/v2\/users\/13"}],"replies":[{"embeddable":true,"href":"https:\/\/elearning.upt.ro\/ro\/wp-json\/wp\/v2\/comments?post=11025"}],"version-history":[{"count":5,"href":"https:\/\/elearning.upt.ro\/ro\/wp-json\/wp\/v2\/posts\/11025\/revisions"}],"predecessor-version":[{"id":11056,"href":"https:\/\/elearning.upt.ro\/ro\/wp-json\/wp\/v2\/posts\/11025\/revisions\/11056"}],"wp:featuredmedia":[{"embeddable":true,"href":"https:\/\/elearning.upt.ro\/ro\/wp-json\/wp\/v2\/media\/11026"}],"wp:attachment":[{"href":"https:\/\/elearning.upt.ro\/ro\/wp-json\/wp\/v2\/media?parent=11025"}],"wp:term":[{"taxonomy":"category","embeddable":true,"href":"https:\/\/elearning.upt.ro\/ro\/wp-json\/wp\/v2\/categories?post=11025"},{"taxonomy":"post_tag","embeddable":true,"href":"https:\/\/elearning.upt.ro\/ro\/wp-json\/wp\/v2\/tags?post=11025"}],"curies":[{"name":"wp","href":"https:\/\/api.w.org\/{rel}","templated":true}]}}