{"id":11016,"date":"2020-06-29T10:05:14","date_gmt":"2020-06-29T07:05:14","guid":{"rendered":"https:\/\/elearning.upt.ro\/?p=11016"},"modified":"2021-02-04T11:44:46","modified_gmt":"2021-02-04T09:44:46","slug":"s-l-vlad-mihaescu-a-fost-ales-presedintele-eden-nap","status":"publish","type":"post","link":"https:\/\/elearning.upt.ro\/ro\/comunitate\/eden\/s-l-vlad-mihaescu-a-fost-ales-presedintele-eden-nap\/","title":{"rendered":"\u0218.l. Vlad Mih\u0103escu a fost ales pre\u0219edintele EDEN NAP"},"content":{"rendered":"\t\t<div data-elementor-type=\"wp-post\" data-elementor-id=\"11016\" class=\"elementor elementor-11016\">\n\t\t\t\t\t\t<section class=\"elementor-section elementor-top-section elementor-element elementor-element-eb4dd8e elementor-section-boxed elementor-section-height-default elementor-section-height-default\" data-id=\"eb4dd8e\" data-element_type=\"section\" data-e-type=\"section\">\n\t\t\t\t\t\t<div class=\"elementor-container elementor-column-gap-default\">\n\t\t\t\t\t<div class=\"elementor-column elementor-col-100 elementor-top-column elementor-element elementor-element-d1a6bc4\" data-id=\"d1a6bc4\" data-element_type=\"column\" data-e-type=\"column\">\n\t\t\t<div class=\"elementor-widget-wrap elementor-element-populated\">\n\t\t\t\t\t\t<div class=\"elementor-element elementor-element-31b2d21 elementor-widget elementor-widget-text-editor\" data-id=\"31b2d21\" data-element_type=\"widget\" data-e-type=\"widget\" data-widget_type=\"text-editor.default\">\n\t\t\t\t<div class=\"elementor-widget-container\">\n\t\t\t\t\t\t\t\t\t<p>Asocia\u021bia<strong>\u00a0EDEN (European Distance and e-Learning Network)<\/strong> a anun\u021bat \u00een cursul lunii iunie noul pre\u0219edinte al Comitetului EDEN NAP &#8211; re\u021beaua de profesioni\u0219ti din domeniul academic de eLearning. <strong>\u0218.l. Vlad Mih\u0103escu, <\/strong>\u00a0a fost ales prin vot unanim pre\u0219edintele structurii de conducere ale Asocia\u021biei. Acesta devine al doilea membru ales \u00een structurile de conducere ale Asocia\u021biei din echipa Centrului ID\/IFR \u0219i e-Learning \u2013 Universitatea Politehnica Timi\u0219oara.<\/p>\t\t\t\t\t\t\t\t<\/div>\n\t\t\t\t<\/div>\n\t\t\t\t\t<\/div>\n\t\t<\/div>\n\t\t\t\t\t<\/div>\n\t\t<\/section>\n\t\t\t\t<section class=\"elementor-section elementor-top-section elementor-element elementor-element-2b9c7f9 elementor-section-boxed elementor-section-height-default elementor-section-height-default\" data-id=\"2b9c7f9\" data-element_type=\"section\" data-e-type=\"section\">\n\t\t\t\t\t\t<div class=\"elementor-container elementor-column-gap-default\">\n\t\t\t\t\t<div class=\"elementor-column elementor-col-100 elementor-top-column elementor-element elementor-element-33bc825\" data-id=\"33bc825\" data-element_type=\"column\" data-e-type=\"column\">\n\t\t\t<div class=\"elementor-widget-wrap elementor-element-populated\">\n\t\t\t\t\t\t<div class=\"elementor-element elementor-element-3fa7269 elementor-align-center elementor-widget elementor-widget-button\" data-id=\"3fa7269\" data-element_type=\"widget\" data-e-type=\"widget\" data-widget_type=\"button.default\">\n\t\t\t\t<div class=\"elementor-widget-container\">\n\t\t\t\t\t\t\t\t\t<div class=\"elementor-button-wrapper\">\n\t\t\t\t\t<a class=\"elementor-button elementor-button-link elementor-size-sm\" href=\"https:\/\/www.eden-online.org\/new-chair-of-eden-nap-steering-committee-elected\/\" target=\"_blank\">\n\t\t\t\t\t\t<span class=\"elementor-button-content-wrapper\">\n\t\t\t\t\t\t\t\t\t<span class=\"elementor-button-text\">Vezi anun\u021bul de pe pagina oficial\u0103 AICI<\/span>\n\t\t\t\t\t<\/span>\n\t\t\t\t\t<\/a>\n\t\t\t\t<\/div>\n\t\t\t\t\t\t\t\t<\/div>\n\t\t\t\t<\/div>\n\t\t\t\t\t<\/div>\n\t\t<\/div>\n\t\t\t\t\t<\/div>\n\t\t<\/section>\n\t\t\t\t<section class=\"elementor-section elementor-top-section elementor-element elementor-element-c74f9ef elementor-section-boxed elementor-section-height-default elementor-section-height-default\" data-id=\"c74f9ef\" data-element_type=\"section\" data-e-type=\"section\">\n\t\t\t\t\t\t<div class=\"elementor-container elementor-column-gap-default\">\n\t\t\t\t\t<div class=\"elementor-column elementor-col-100 elementor-top-column elementor-element elementor-element-70f928d\" data-id=\"70f928d\" data-element_type=\"column\" data-e-type=\"column\">\n\t\t\t<div class=\"elementor-widget-wrap elementor-element-populated\">\n\t\t\t\t\t\t<div class=\"elementor-element elementor-element-6b628bb elementor-widget elementor-widget-text-editor\" data-id=\"6b628bb\" data-element_type=\"widget\" data-e-type=\"widget\" data-widget_type=\"text-editor.default\">\n\t\t\t\t<div class=\"elementor-widget-container\">\n\t\t\t\t\t\t\t\t\t<p>Pozi\u021bia a fost confirmat\u0103 \u00eencep\u00e2nd din luna iunie 2020, pentru o perioad\u0103 de trei ani. La fiecare trei ani, \u00een cadrul asocia\u021biei se aleg noii membrii, pentru a \u00eencuraja activit\u0103\u021bile EDEN \u2013 NAP.<\/p>\t\t\t\t\t\t\t\t<\/div>\n\t\t\t\t<\/div>\n\t\t\t\t\t<\/div>\n\t\t<\/div>\n\t\t\t\t\t<\/div>\n\t\t<\/section>\n\t\t\t\t<section class=\"elementor-section elementor-top-section elementor-element elementor-element-436d40b elementor-section-boxed elementor-section-height-default elementor-section-height-default\" data-id=\"436d40b\" data-element_type=\"section\" data-e-type=\"section\">\n\t\t\t\t\t\t<div class=\"elementor-container elementor-column-gap-default\">\n\t\t\t\t\t<div class=\"elementor-column elementor-col-100 elementor-top-column elementor-element elementor-element-68ad788\" data-id=\"68ad788\" data-element_type=\"column\" data-e-type=\"column\">\n\t\t\t<div class=\"elementor-widget-wrap elementor-element-populated\">\n\t\t\t\t\t\t<div class=\"elementor-element elementor-element-ed4104b elementor-widget elementor-widget-text-editor\" data-id=\"ed4104b\" data-element_type=\"widget\" data-e-type=\"widget\" data-widget_type=\"text-editor.default\">\n\t\t\t\t<div class=\"elementor-widget-container\">\n\t\t\t\t\t\t\t\t\t<p><img decoding=\"async\" class=\"wp-image-4446 alignleft\" src=\"https:\/\/elearning.upt.ro\/wp-content\/uploads\/2018\/11\/7.Mihaescu_-2-150x150.jpg\" alt=\"\" width=\"134\" height=\"134\" srcset=\"https:\/\/elearning.upt.ro\/wp-content\/uploads\/2018\/11\/7.Mihaescu_-2-150x150.jpg 150w, https:\/\/elearning.upt.ro\/wp-content\/uploads\/2018\/11\/7.Mihaescu_-2-50x50.jpg 50w, https:\/\/elearning.upt.ro\/wp-content\/uploads\/2018\/11\/7.Mihaescu_-2-80x80.jpg 80w, https:\/\/elearning.upt.ro\/wp-content\/uploads\/2018\/11\/7.Mihaescu_-2-263x263.jpg 263w, https:\/\/elearning.upt.ro\/wp-content\/uploads\/2018\/11\/7.Mihaescu_-2-100x100.jpg 100w, https:\/\/elearning.upt.ro\/wp-content\/uploads\/2018\/11\/7.Mihaescu_-2-526x526.jpg 526w, https:\/\/elearning.upt.ro\/wp-content\/uploads\/2018\/11\/7.Mihaescu_-2-255x255.jpg 255w, https:\/\/elearning.upt.ro\/wp-content\/uploads\/2018\/11\/7.Mihaescu_-2-300x300.jpg 300w\" sizes=\"(max-width: 134px) 100vw, 134px\" \/><a href=\"https:\/\/www.linkedin.com\/in\/vladmihaescu\/\" target=\"_blank\" rel=\"noopener\"><strong>Vlad Mih\u0103escu<\/strong><\/a> are un doctorat \u00een modele educa\u021bionale \u0219i tehnologice MOOCs \u0219i are o experien\u021b\u0103 de peste 10 ani ca trainer \u00een domenii cum ar fi tehnologiile multimedia, social media, e-turism, e-learning, uzabilitate, programare, soft skills \u0219i leadership. Autor a peste 25 de lucr\u0103ri \u0219tiin\u021bifice \u0219i capitole de c\u0103r\u021bi publicate la conferin\u021be interna\u021bionale \u0219i reviste, Vlad este implicat \u00een mai multe proiecte europene de cercetare \u00een domeniul e-Learning. De asemenea, este \u0219ef de lucr\u0103ri \u00een cadrul UPT.<\/p>\t\t\t\t\t\t\t\t<\/div>\n\t\t\t\t<\/div>\n\t\t\t\t\t<\/div>\n\t\t<\/div>\n\t\t\t\t\t<\/div>\n\t\t<\/section>\n\t\t\t\t<section class=\"elementor-section elementor-top-section elementor-element elementor-element-d225bfc elementor-section-boxed elementor-section-height-default elementor-section-height-default\" data-id=\"d225bfc\" data-element_type=\"section\" data-e-type=\"section\">\n\t\t\t\t\t\t<div class=\"elementor-container elementor-column-gap-default\">\n\t\t\t\t\t<div class=\"elementor-column elementor-col-100 elementor-top-column elementor-element elementor-element-1d486a4\" data-id=\"1d486a4\" data-element_type=\"column\" data-e-type=\"column\">\n\t\t\t<div class=\"elementor-widget-wrap elementor-element-populated\">\n\t\t\t\t\t\t<div class=\"elementor-element elementor-element-97da818 elementor-alert-info elementor-widget elementor-widget-alert\" data-id=\"97da818\" data-element_type=\"widget\" data-e-type=\"widget\" data-widget_type=\"alert.default\">\n\t\t\t\t<div class=\"elementor-widget-container\">\n\t\t\t\t\t\t\t<div class=\"elementor-alert\" role=\"alert\">\n\n\t\t\t\t\t\t<span class=\"elementor-alert-title\">A doilea membru EDEN din UPT<\/span>\n\t\t\t\n\t\t\t\t\t\t<span class=\"elementor-alert-description\"><strong>Dr. ing. Vlad Mih\u0103escu<\/strong>, \u00een calitate de pre\u0219edinte al Comitetului de coordonare al EDEN NAP, este \u00een acela\u0219i timp membru al Comitetului executiv EDEN. Vlad este al doilea membru din structurile de coordonare EDEN din cadrul CeL \u2013 UPT, \u00eempreun\u0103 cu dr. ing. <strong>Diana Andone<\/strong>, care a devenit membru EDEN \u00eenc\u0103 din 2012 iar \u00een 2014 a fost aleas\u0103 pentru prima dat\u0103 membru al Comitetului Executiv EDEN. \u00cencep\u00e2nd cu anul 2018, Diana Andone de\u021bine titlul de vicepre\u0219edinte EDEN pentru Comunicare \u0219i Comunit\u0103\u021bi.<\/span>\n\t\t\t\n\t\t\t\t\t\t<button type=\"button\" class=\"elementor-alert-dismiss\" aria-label=\"Dismiss this alert.\">\n\t\t\t\t\t\t\t\t\t<span aria-hidden=\"true\">&times;<\/span>\n\t\t\t\t\t\t\t<\/button>\n\t\t\t\n\t\t<\/div>\n\t\t\t\t\t\t<\/div>\n\t\t\t\t<\/div>\n\t\t\t\t\t<\/div>\n\t\t<\/div>\n\t\t\t\t\t<\/div>\n\t\t<\/section>\n\t\t\t\t<section class=\"elementor-section elementor-top-section elementor-element elementor-element-a19aacf elementor-section-boxed elementor-section-height-default elementor-section-height-default\" data-id=\"a19aacf\" data-element_type=\"section\" data-e-type=\"section\">\n\t\t\t\t\t\t<div class=\"elementor-container elementor-column-gap-default\">\n\t\t\t\t\t<div class=\"elementor-column elementor-col-100 elementor-top-column elementor-element elementor-element-1bfa3c5\" data-id=\"1bfa3c5\" data-element_type=\"column\" data-e-type=\"column\">\n\t\t\t<div class=\"elementor-widget-wrap elementor-element-populated\">\n\t\t\t\t\t\t<div class=\"elementor-element elementor-element-a92b15c eael-infobox-shape-square eael-infobox-hover-img-shape-square elementor-widget elementor-widget-eael-info-box\" data-id=\"a92b15c\" data-element_type=\"widget\" data-e-type=\"widget\" data-widget_type=\"eael-info-box.default\">\n\t\t\t\t<div class=\"elementor-widget-container\">\n\t\t\t\t\t        <div class=\"eael-infobox icon-on-left\">\n\t            <div class=\"infobox-icon\">\n\n                            <img decoding=\"async\" src=\"\" alt=\"\">\n            \n            \n            \n        <\/div>\n            <div class=\"infobox-content\">\n                    <div class=\"infobox-title-section\">\n                <h2 class=\"title\">Despre EDEN<\/h2>            <\/div>\n            <div><p>Misiunea EDEN (European Distance and e-Learning Network) este de a \u00eemp\u0103rt\u0103\u0219i cuno\u0219tin\u021be \u0219i a \u00eembun\u0103t\u0103\u021bi \u00een\u021belegerea \u00eentre profesioni\u0219tii din \u00eenv\u0103\u021b\u0103m\u00e2ntul la distan\u021b\u0103 \u0219i online \u0219i pentru a promova politicile \u0219i practicile pe \u00eentreg teritoriul Europei \u0219i nu numai.<\/p><p><img fetchpriority=\"high\" decoding=\"async\" class=\"aligncenter wp-image-9930 size-full\" src=\"https:\/\/elearning.upt.ro\/wp-content\/uploads\/2020\/05\/eden-header-3.png\" alt=\"\" width=\"1351\" height=\"108\" srcset=\"https:\/\/elearning.upt.ro\/wp-content\/uploads\/2020\/05\/eden-header-3.png 1351w, https:\/\/elearning.upt.ro\/wp-content\/uploads\/2020\/05\/eden-header-3-300x24.png 300w, https:\/\/elearning.upt.ro\/wp-content\/uploads\/2020\/05\/eden-header-3-1024x82.png 1024w, https:\/\/elearning.upt.ro\/wp-content\/uploads\/2020\/05\/eden-header-3-768x61.png 768w, https:\/\/elearning.upt.ro\/wp-content\/uploads\/2020\/05\/eden-header-3-255x20.png 255w\" sizes=\"(max-width: 1351px) 100vw, 1351px\" \/><\/p><p>Av\u00e2nd peste 180 de membri institu\u021bionali \u0219i mai bine de 1.100 de membri \u00een Re\u021beaua Academicilor \u0219i Profesioni\u0219tilor (NAP), EDEN ajut\u0103 o gam\u0103 larg\u0103 de institu\u021bii, re\u021bele \u0219i persoane fizice s\u0103 se implice \u00een activit\u0103\u021bi profesionale de informare \u0219i conectare.<\/p><\/div>        <\/div>\n            <\/div>\n\n\t\t\t\t\t\t<\/div>\n\t\t\t\t<\/div>\n\t\t\t\t\t<\/div>\n\t\t<\/div>\n\t\t\t\t\t<\/div>\n\t\t<\/section>\n\t\t\t\t<\/div>\n\t\t","protected":false},"excerpt":{"rendered":"<p>Asocia\u021bia EDEN (European Distance and e-Learning Network) a anun\u021bat \u00een cursul lunii iunie noul pre\u0219edinte al Comitetului EDEN \u2013 NAP de universitari \u0219i profesioni\u0219ti. \u0218.l. Vlad Mih\u0103escu,  a fost ales prin vot unanim pre\u0219edintele structurii de conducere ale Asocia\u021biei. Acesta devine al doilea membru ales \u00een structurile de conducere ale Asocia\u021biei din echipa Centrului ID\/IFR \u0219i e-Learning \u2013 Universitatea Politehnica Timi\u0219oara.<\/p>\n","protected":false},"author":13,"featured_media":11017,"comment_status":"closed","ping_status":"closed","sticky":false,"template":"","format":"standard","meta":{"footnotes":""},"categories":[104,329,251,106],"tags":[275,354,355],"class_list":["post-11016","post","type-post","status-publish","format-standard","has-post-thumbnail","hentry","category-comunitate","category-eden","category-noutati","category-noutati-comunitate","tag-eden-nap-committee","tag-eden-nap-vlad-mihaescu","tag-vlad-mihaescu-presedinte"],"yoast_head":"<!-- This site is optimized with the Yoast SEO plugin v27.4 - https:\/\/yoast.com\/product\/yoast-seo-wordpress\/ -->\n<title>\u0218.l. Vlad Mih\u0103escu a fost ales pre\u0219edintele EDEN NAP - Universitatea Politehnica Timi\u015foara Departamentul de ID\/IFR \u0219i Educa\u021bie Digital\u0103 \u2013 DeL<\/title>\n<meta name=\"robots\" content=\"index, follow, max-snippet:-1, max-image-preview:large, max-video-preview:-1\" \/>\n<link rel=\"canonical\" href=\"https:\/\/elearning.upt.ro\/ro\/comunitate\/eden\/s-l-vlad-mihaescu-a-fost-ales-presedintele-eden-nap\/\" \/>\n<meta property=\"og:locale\" content=\"ro_RO\" \/>\n<meta property=\"og:type\" content=\"article\" \/>\n<meta property=\"og:title\" content=\"\u0218.l. Vlad Mih\u0103escu a fost ales pre\u0219edintele EDEN NAP - Universitatea Politehnica Timi\u015foara Departamentul de ID\/IFR \u0219i Educa\u021bie Digital\u0103 \u2013 DeL\" \/>\n<meta property=\"og:description\" content=\"Asocia\u021bia EDEN (European Distance and e-Learning Network) a anun\u021bat \u00een cursul lunii iunie noul pre\u0219edinte al Comitetului EDEN \u2013 NAP de universitari \u0219i profesioni\u0219ti. \u0218.l. Vlad Mih\u0103escu, a fost ales prin vot unanim pre\u0219edintele structurii de conducere ale Asocia\u021biei. Acesta devine al doilea membru ales \u00een structurile de conducere ale Asocia\u021biei din echipa Centrului ID\/IFR \u0219i e-Learning \u2013 Universitatea Politehnica Timi\u0219oara.\" \/>\n<meta property=\"og:url\" content=\"https:\/\/elearning.upt.ro\/ro\/comunitate\/eden\/s-l-vlad-mihaescu-a-fost-ales-presedintele-eden-nap\/\" \/>\n<meta property=\"og:site_name\" content=\"Universitatea Politehnica Timi\u015foara Departamentul de ID\/IFR \u0219i Educa\u021bie Digital\u0103 \u2013 DeL\" \/>\n<meta property=\"article:publisher\" content=\"https:\/\/www.facebook.com\/CIDUPT\/?ref=page_internal\" \/>\n<meta property=\"article:published_time\" content=\"2020-06-29T07:05:14+00:00\" \/>\n<meta property=\"article:modified_time\" content=\"2021-02-04T09:44:46+00:00\" \/>\n<meta property=\"og:image\" content=\"https:\/\/elearning.upt.ro\/wp-content\/uploads\/2020\/06\/vlad.jpg\" \/>\n\t<meta property=\"og:image:width\" content=\"780\" \/>\n\t<meta property=\"og:image:height\" content=\"780\" \/>\n\t<meta property=\"og:image:type\" content=\"image\/jpeg\" \/>\n<meta name=\"author\" content=\"CeL\" \/>\n<meta name=\"twitter:card\" content=\"summary_large_image\" \/>\n<meta name=\"twitter:label1\" content=\"Written by\" \/>\n\t<meta name=\"twitter:data1\" content=\"CeL\" \/>\n\t<meta name=\"twitter:label2\" content=\"Est. reading time\" \/>\n\t<meta name=\"twitter:data2\" content=\"2 minutes\" \/>\n<script type=\"application\/ld+json\" class=\"yoast-schema-graph\">{\"@context\":\"https:\\\/\\\/schema.org\",\"@graph\":[{\"@type\":\"Article\",\"@id\":\"https:\\\/\\\/elearning.upt.ro\\\/ro\\\/comunitate\\\/eden\\\/s-l-vlad-mihaescu-a-fost-ales-presedintele-eden-nap\\\/#article\",\"isPartOf\":{\"@id\":\"https:\\\/\\\/elearning.upt.ro\\\/ro\\\/comunitate\\\/eden\\\/s-l-vlad-mihaescu-a-fost-ales-presedintele-eden-nap\\\/\"},\"author\":{\"name\":\"CeL\",\"@id\":\"https:\\\/\\\/elearning.upt.ro\\\/ro\\\/#\\\/schema\\\/person\\\/8bb5b84d8e634ea763262c452a39b3f4\"},\"headline\":\"\u0218.l. Vlad Mih\u0103escu a fost ales pre\u0219edintele EDEN NAP\",\"datePublished\":\"2020-06-29T07:05:14+00:00\",\"dateModified\":\"2021-02-04T09:44:46+00:00\",\"mainEntityOfPage\":{\"@id\":\"https:\\\/\\\/elearning.upt.ro\\\/ro\\\/comunitate\\\/eden\\\/s-l-vlad-mihaescu-a-fost-ales-presedintele-eden-nap\\\/\"},\"wordCount\":402,\"image\":{\"@id\":\"https:\\\/\\\/elearning.upt.ro\\\/ro\\\/comunitate\\\/eden\\\/s-l-vlad-mihaescu-a-fost-ales-presedintele-eden-nap\\\/#primaryimage\"},\"thumbnailUrl\":\"https:\\\/\\\/elearning.upt.ro\\\/wp-content\\\/uploads\\\/2020\\\/06\\\/vlad.jpg\",\"keywords\":[\"EDEN NAP committee\",\"eden nap vlad mihaescu\",\"vlad mihaescu presedinte\"],\"articleSection\":[\"Comunitate\",\"EDEN\",\"Noutati\",\"Noutati Comunitate\"],\"inLanguage\":\"ro-RO\"},{\"@type\":\"WebPage\",\"@id\":\"https:\\\/\\\/elearning.upt.ro\\\/ro\\\/comunitate\\\/eden\\\/s-l-vlad-mihaescu-a-fost-ales-presedintele-eden-nap\\\/\",\"url\":\"https:\\\/\\\/elearning.upt.ro\\\/ro\\\/comunitate\\\/eden\\\/s-l-vlad-mihaescu-a-fost-ales-presedintele-eden-nap\\\/\",\"name\":\"\u0218.l. Vlad Mih\u0103escu a fost ales pre\u0219edintele EDEN NAP - Universitatea Politehnica Timi\u015foara Departamentul de ID\\\/IFR \u0219i Educa\u021bie Digital\u0103 \u2013 DeL\",\"isPartOf\":{\"@id\":\"https:\\\/\\\/elearning.upt.ro\\\/ro\\\/#website\"},\"primaryImageOfPage\":{\"@id\":\"https:\\\/\\\/elearning.upt.ro\\\/ro\\\/comunitate\\\/eden\\\/s-l-vlad-mihaescu-a-fost-ales-presedintele-eden-nap\\\/#primaryimage\"},\"image\":{\"@id\":\"https:\\\/\\\/elearning.upt.ro\\\/ro\\\/comunitate\\\/eden\\\/s-l-vlad-mihaescu-a-fost-ales-presedintele-eden-nap\\\/#primaryimage\"},\"thumbnailUrl\":\"https:\\\/\\\/elearning.upt.ro\\\/wp-content\\\/uploads\\\/2020\\\/06\\\/vlad.jpg\",\"datePublished\":\"2020-06-29T07:05:14+00:00\",\"dateModified\":\"2021-02-04T09:44:46+00:00\",\"author\":{\"@id\":\"https:\\\/\\\/elearning.upt.ro\\\/ro\\\/#\\\/schema\\\/person\\\/8bb5b84d8e634ea763262c452a39b3f4\"},\"breadcrumb\":{\"@id\":\"https:\\\/\\\/elearning.upt.ro\\\/ro\\\/comunitate\\\/eden\\\/s-l-vlad-mihaescu-a-fost-ales-presedintele-eden-nap\\\/#breadcrumb\"},\"inLanguage\":\"ro-RO\",\"potentialAction\":[{\"@type\":\"ReadAction\",\"target\":[\"https:\\\/\\\/elearning.upt.ro\\\/ro\\\/comunitate\\\/eden\\\/s-l-vlad-mihaescu-a-fost-ales-presedintele-eden-nap\\\/\"]}]},{\"@type\":\"ImageObject\",\"inLanguage\":\"ro-RO\",\"@id\":\"https:\\\/\\\/elearning.upt.ro\\\/ro\\\/comunitate\\\/eden\\\/s-l-vlad-mihaescu-a-fost-ales-presedintele-eden-nap\\\/#primaryimage\",\"url\":\"https:\\\/\\\/elearning.upt.ro\\\/wp-content\\\/uploads\\\/2020\\\/06\\\/vlad.jpg\",\"contentUrl\":\"https:\\\/\\\/elearning.upt.ro\\\/wp-content\\\/uploads\\\/2020\\\/06\\\/vlad.jpg\",\"width\":780,\"height\":780},{\"@type\":\"BreadcrumbList\",\"@id\":\"https:\\\/\\\/elearning.upt.ro\\\/ro\\\/comunitate\\\/eden\\\/s-l-vlad-mihaescu-a-fost-ales-presedintele-eden-nap\\\/#breadcrumb\",\"itemListElement\":[{\"@type\":\"ListItem\",\"position\":1,\"name\":\"Home\",\"item\":\"https:\\\/\\\/elearning.upt.ro\\\/\"},{\"@type\":\"ListItem\",\"position\":2,\"name\":\"\u0218.l. Vlad Mih\u0103escu a fost ales pre\u0219edintele EDEN NAP\"}]},{\"@type\":\"WebSite\",\"@id\":\"https:\\\/\\\/elearning.upt.ro\\\/ro\\\/#website\",\"url\":\"https:\\\/\\\/elearning.upt.ro\\\/ro\\\/\",\"name\":\"Universitatea Politehnica Timi\u015foara Departamentul de ID\\\/IFR \u0219i Educa\u021bie Digital\u0103 \u2013 DeL\",\"description\":\"\",\"potentialAction\":[{\"@type\":\"SearchAction\",\"target\":{\"@type\":\"EntryPoint\",\"urlTemplate\":\"https:\\\/\\\/elearning.upt.ro\\\/ro\\\/?s={search_term_string}\"},\"query-input\":{\"@type\":\"PropertyValueSpecification\",\"valueRequired\":true,\"valueName\":\"search_term_string\"}}],\"inLanguage\":\"ro-RO\"},{\"@type\":\"Person\",\"@id\":\"https:\\\/\\\/elearning.upt.ro\\\/ro\\\/#\\\/schema\\\/person\\\/8bb5b84d8e634ea763262c452a39b3f4\",\"name\":\"CeL\",\"image\":{\"@type\":\"ImageObject\",\"inLanguage\":\"ro-RO\",\"@id\":\"https:\\\/\\\/secure.gravatar.com\\\/avatar\\\/9b67430c18ee40ef4a63a577131abb63a54ca1b5fbb5ec183bcc2003d846a51f?s=96&d=mm&r=g\",\"url\":\"https:\\\/\\\/secure.gravatar.com\\\/avatar\\\/9b67430c18ee40ef4a63a577131abb63a54ca1b5fbb5ec183bcc2003d846a51f?s=96&d=mm&r=g\",\"contentUrl\":\"https:\\\/\\\/secure.gravatar.com\\\/avatar\\\/9b67430c18ee40ef4a63a577131abb63a54ca1b5fbb5ec183bcc2003d846a51f?s=96&d=mm&r=g\",\"caption\":\"CeL\"},\"url\":\"https:\\\/\\\/elearning.upt.ro\\\/ro\\\/author\\\/renateiovi\\\/\"}]}<\/script>\n<!-- \/ Yoast SEO plugin. -->","yoast_head_json":{"title":"\u0218.l. Vlad Mih\u0103escu a fost ales pre\u0219edintele EDEN NAP - Universitatea Politehnica Timi\u015foara Departamentul de ID\/IFR \u0219i Educa\u021bie Digital\u0103 \u2013 DeL","robots":{"index":"index","follow":"follow","max-snippet":"max-snippet:-1","max-image-preview":"max-image-preview:large","max-video-preview":"max-video-preview:-1"},"canonical":"https:\/\/elearning.upt.ro\/ro\/comunitate\/eden\/s-l-vlad-mihaescu-a-fost-ales-presedintele-eden-nap\/","og_locale":"ro_RO","og_type":"article","og_title":"\u0218.l. Vlad Mih\u0103escu a fost ales pre\u0219edintele EDEN NAP - Universitatea Politehnica Timi\u015foara Departamentul de ID\/IFR \u0219i Educa\u021bie Digital\u0103 \u2013 DeL","og_description":"Asocia\u021bia EDEN (European Distance and e-Learning Network) a anun\u021bat \u00een cursul lunii iunie noul pre\u0219edinte al Comitetului EDEN \u2013 NAP de universitari \u0219i profesioni\u0219ti. \u0218.l. Vlad Mih\u0103escu, a fost ales prin vot unanim pre\u0219edintele structurii de conducere ale Asocia\u021biei. Acesta devine al doilea membru ales \u00een structurile de conducere ale Asocia\u021biei din echipa Centrului ID\/IFR \u0219i e-Learning \u2013 Universitatea Politehnica Timi\u0219oara.","og_url":"https:\/\/elearning.upt.ro\/ro\/comunitate\/eden\/s-l-vlad-mihaescu-a-fost-ales-presedintele-eden-nap\/","og_site_name":"Universitatea Politehnica Timi\u015foara Departamentul de ID\/IFR \u0219i Educa\u021bie Digital\u0103 \u2013 DeL","article_publisher":"https:\/\/www.facebook.com\/CIDUPT\/?ref=page_internal","article_published_time":"2020-06-29T07:05:14+00:00","article_modified_time":"2021-02-04T09:44:46+00:00","og_image":[{"width":780,"height":780,"url":"https:\/\/elearning.upt.ro\/wp-content\/uploads\/2020\/06\/vlad.jpg","type":"image\/jpeg"}],"author":"CeL","twitter_card":"summary_large_image","twitter_misc":{"Written by":"CeL","Est. reading time":"2 minutes"},"schema":{"@context":"https:\/\/schema.org","@graph":[{"@type":"Article","@id":"https:\/\/elearning.upt.ro\/ro\/comunitate\/eden\/s-l-vlad-mihaescu-a-fost-ales-presedintele-eden-nap\/#article","isPartOf":{"@id":"https:\/\/elearning.upt.ro\/ro\/comunitate\/eden\/s-l-vlad-mihaescu-a-fost-ales-presedintele-eden-nap\/"},"author":{"name":"CeL","@id":"https:\/\/elearning.upt.ro\/ro\/#\/schema\/person\/8bb5b84d8e634ea763262c452a39b3f4"},"headline":"\u0218.l. Vlad Mih\u0103escu a fost ales pre\u0219edintele EDEN NAP","datePublished":"2020-06-29T07:05:14+00:00","dateModified":"2021-02-04T09:44:46+00:00","mainEntityOfPage":{"@id":"https:\/\/elearning.upt.ro\/ro\/comunitate\/eden\/s-l-vlad-mihaescu-a-fost-ales-presedintele-eden-nap\/"},"wordCount":402,"image":{"@id":"https:\/\/elearning.upt.ro\/ro\/comunitate\/eden\/s-l-vlad-mihaescu-a-fost-ales-presedintele-eden-nap\/#primaryimage"},"thumbnailUrl":"https:\/\/elearning.upt.ro\/wp-content\/uploads\/2020\/06\/vlad.jpg","keywords":["EDEN NAP committee","eden nap vlad mihaescu","vlad mihaescu presedinte"],"articleSection":["Comunitate","EDEN","Noutati","Noutati Comunitate"],"inLanguage":"ro-RO"},{"@type":"WebPage","@id":"https:\/\/elearning.upt.ro\/ro\/comunitate\/eden\/s-l-vlad-mihaescu-a-fost-ales-presedintele-eden-nap\/","url":"https:\/\/elearning.upt.ro\/ro\/comunitate\/eden\/s-l-vlad-mihaescu-a-fost-ales-presedintele-eden-nap\/","name":"\u0218.l. Vlad Mih\u0103escu a fost ales pre\u0219edintele EDEN NAP - Universitatea Politehnica Timi\u015foara Departamentul de ID\/IFR \u0219i Educa\u021bie Digital\u0103 \u2013 DeL","isPartOf":{"@id":"https:\/\/elearning.upt.ro\/ro\/#website"},"primaryImageOfPage":{"@id":"https:\/\/elearning.upt.ro\/ro\/comunitate\/eden\/s-l-vlad-mihaescu-a-fost-ales-presedintele-eden-nap\/#primaryimage"},"image":{"@id":"https:\/\/elearning.upt.ro\/ro\/comunitate\/eden\/s-l-vlad-mihaescu-a-fost-ales-presedintele-eden-nap\/#primaryimage"},"thumbnailUrl":"https:\/\/elearning.upt.ro\/wp-content\/uploads\/2020\/06\/vlad.jpg","datePublished":"2020-06-29T07:05:14+00:00","dateModified":"2021-02-04T09:44:46+00:00","author":{"@id":"https:\/\/elearning.upt.ro\/ro\/#\/schema\/person\/8bb5b84d8e634ea763262c452a39b3f4"},"breadcrumb":{"@id":"https:\/\/elearning.upt.ro\/ro\/comunitate\/eden\/s-l-vlad-mihaescu-a-fost-ales-presedintele-eden-nap\/#breadcrumb"},"inLanguage":"ro-RO","potentialAction":[{"@type":"ReadAction","target":["https:\/\/elearning.upt.ro\/ro\/comunitate\/eden\/s-l-vlad-mihaescu-a-fost-ales-presedintele-eden-nap\/"]}]},{"@type":"ImageObject","inLanguage":"ro-RO","@id":"https:\/\/elearning.upt.ro\/ro\/comunitate\/eden\/s-l-vlad-mihaescu-a-fost-ales-presedintele-eden-nap\/#primaryimage","url":"https:\/\/elearning.upt.ro\/wp-content\/uploads\/2020\/06\/vlad.jpg","contentUrl":"https:\/\/elearning.upt.ro\/wp-content\/uploads\/2020\/06\/vlad.jpg","width":780,"height":780},{"@type":"BreadcrumbList","@id":"https:\/\/elearning.upt.ro\/ro\/comunitate\/eden\/s-l-vlad-mihaescu-a-fost-ales-presedintele-eden-nap\/#breadcrumb","itemListElement":[{"@type":"ListItem","position":1,"name":"Home","item":"https:\/\/elearning.upt.ro\/"},{"@type":"ListItem","position":2,"name":"\u0218.l. Vlad Mih\u0103escu a fost ales pre\u0219edintele EDEN NAP"}]},{"@type":"WebSite","@id":"https:\/\/elearning.upt.ro\/ro\/#website","url":"https:\/\/elearning.upt.ro\/ro\/","name":"Universitatea Politehnica Timi\u015foara Departamentul de ID\/IFR \u0219i Educa\u021bie Digital\u0103 \u2013 DeL","description":"","potentialAction":[{"@type":"SearchAction","target":{"@type":"EntryPoint","urlTemplate":"https:\/\/elearning.upt.ro\/ro\/?s={search_term_string}"},"query-input":{"@type":"PropertyValueSpecification","valueRequired":true,"valueName":"search_term_string"}}],"inLanguage":"ro-RO"},{"@type":"Person","@id":"https:\/\/elearning.upt.ro\/ro\/#\/schema\/person\/8bb5b84d8e634ea763262c452a39b3f4","name":"CeL","image":{"@type":"ImageObject","inLanguage":"ro-RO","@id":"https:\/\/secure.gravatar.com\/avatar\/9b67430c18ee40ef4a63a577131abb63a54ca1b5fbb5ec183bcc2003d846a51f?s=96&d=mm&r=g","url":"https:\/\/secure.gravatar.com\/avatar\/9b67430c18ee40ef4a63a577131abb63a54ca1b5fbb5ec183bcc2003d846a51f?s=96&d=mm&r=g","contentUrl":"https:\/\/secure.gravatar.com\/avatar\/9b67430c18ee40ef4a63a577131abb63a54ca1b5fbb5ec183bcc2003d846a51f?s=96&d=mm&r=g","caption":"CeL"},"url":"https:\/\/elearning.upt.ro\/ro\/author\/renateiovi\/"}]}},"_links":{"self":[{"href":"https:\/\/elearning.upt.ro\/ro\/wp-json\/wp\/v2\/posts\/11016","targetHints":{"allow":["GET"]}}],"collection":[{"href":"https:\/\/elearning.upt.ro\/ro\/wp-json\/wp\/v2\/posts"}],"about":[{"href":"https:\/\/elearning.upt.ro\/ro\/wp-json\/wp\/v2\/types\/post"}],"author":[{"embeddable":true,"href":"https:\/\/elearning.upt.ro\/ro\/wp-json\/wp\/v2\/users\/13"}],"replies":[{"embeddable":true,"href":"https:\/\/elearning.upt.ro\/ro\/wp-json\/wp\/v2\/comments?post=11016"}],"version-history":[{"count":6,"href":"https:\/\/elearning.upt.ro\/ro\/wp-json\/wp\/v2\/posts\/11016\/revisions"}],"predecessor-version":[{"id":13822,"href":"https:\/\/elearning.upt.ro\/ro\/wp-json\/wp\/v2\/posts\/11016\/revisions\/13822"}],"wp:featuredmedia":[{"embeddable":true,"href":"https:\/\/elearning.upt.ro\/ro\/wp-json\/wp\/v2\/media\/11017"}],"wp:attachment":[{"href":"https:\/\/elearning.upt.ro\/ro\/wp-json\/wp\/v2\/media?parent=11016"}],"wp:term":[{"taxonomy":"category","embeddable":true,"href":"https:\/\/elearning.upt.ro\/ro\/wp-json\/wp\/v2\/categories?post=11016"},{"taxonomy":"post_tag","embeddable":true,"href":"https:\/\/elearning.upt.ro\/ro\/wp-json\/wp\/v2\/tags?post=11016"}],"curies":[{"name":"wp","href":"https:\/\/api.w.org\/{rel}","templated":true}]}}