{"id":10553,"date":"2020-06-16T10:36:36","date_gmt":"2020-06-16T07:36:36","guid":{"rendered":"https:\/\/elearning.upt.ro\/?p=10553"},"modified":"2020-06-29T14:42:45","modified_gmt":"2020-06-29T11:42:45","slug":"admitere-2020-id-ifr-calendar-inscriere-online-specializari-taxe","status":"publish","type":"post","link":"https:\/\/elearning.upt.ro\/ro\/educatie\/admitere-2020-id-ifr-calendar-inscriere-online-specializari-taxe\/","title":{"rendered":"ADMITERE 2020 &#8211; ID\/IFR &#8211; Calendar &#8211; \u00censcriere online &#8211; Specializ\u0103ri &#8211; Taxe"},"content":{"rendered":"\t\t<div data-elementor-type=\"wp-post\" data-elementor-id=\"10553\" class=\"elementor elementor-10553\">\n\t\t\t\t\t\t<section class=\"elementor-section elementor-top-section elementor-element elementor-element-c14f3f2 elementor-section-boxed elementor-section-height-default elementor-section-height-default\" data-id=\"c14f3f2\" data-element_type=\"section\" data-e-type=\"section\">\n\t\t\t\t\t\t<div class=\"elementor-container elementor-column-gap-default\">\n\t\t\t\t\t<div class=\"elementor-column elementor-col-100 elementor-top-column elementor-element elementor-element-dc04955\" data-id=\"dc04955\" data-element_type=\"column\" data-e-type=\"column\">\n\t\t\t<div class=\"elementor-widget-wrap elementor-element-populated\">\n\t\t\t\t\t\t<div class=\"elementor-element elementor-element-2c71137 elementor-widget elementor-widget-text-editor\" data-id=\"2c71137\" data-element_type=\"widget\" data-e-type=\"widget\" data-widget_type=\"text-editor.default\">\n\t\t\t\t<div class=\"elementor-widget-container\">\n\t\t\t\t\t\t\t\t\t<p>Admitere 2020 pentru cursurile de <strong>\u00eenv\u0103\u021b\u0103m\u00e2nt la distan\u021b\u0103<\/strong> \u015fi <strong>\u00eenv\u0103\u0163\u0103m\u00e2nt cu frecven\u0163\u0103 redus\u0103<\/strong> la Universitatea Politehnica Timi\u0219oara.<\/p>\t\t\t\t\t\t\t\t<\/div>\n\t\t\t\t<\/div>\n\t\t\t\t\t<\/div>\n\t\t<\/div>\n\t\t\t\t\t<\/div>\n\t\t<\/section>\n\t\t\t\t<section class=\"elementor-section elementor-top-section elementor-element elementor-element-ab07786 elementor-section-boxed elementor-section-height-default elementor-section-height-default\" data-id=\"ab07786\" data-element_type=\"section\" data-e-type=\"section\">\n\t\t\t\t\t\t<div class=\"elementor-container elementor-column-gap-default\">\n\t\t\t\t\t<div class=\"elementor-column elementor-col-100 elementor-top-column elementor-element elementor-element-3b05428\" data-id=\"3b05428\" data-element_type=\"column\" data-e-type=\"column\">\n\t\t\t<div class=\"elementor-widget-wrap elementor-element-populated\">\n\t\t\t\t\t\t<div class=\"elementor-element elementor-element-595ad2a elementor-button-info elementor-align-center elementor-widget elementor-widget-button\" data-id=\"595ad2a\" data-element_type=\"widget\" data-e-type=\"widget\" data-widget_type=\"button.default\">\n\t\t\t\t<div class=\"elementor-widget-container\">\n\t\t\t\t\t\t\t\t\t<div class=\"elementor-button-wrapper\">\n\t\t\t\t\t<a class=\"elementor-button elementor-button-link elementor-size-sm\" href=\"https:\/\/elearning.upt.ro\/ro\/admitere\/\">\n\t\t\t\t\t\t<span class=\"elementor-button-content-wrapper\">\n\t\t\t\t\t\t\t\t\t<span class=\"elementor-button-text\">ADMITERE 2020 ID\/IFR<\/span>\n\t\t\t\t\t<\/span>\n\t\t\t\t\t<\/a>\n\t\t\t\t<\/div>\n\t\t\t\t\t\t\t\t<\/div>\n\t\t\t\t<\/div>\n\t\t\t\t\t<\/div>\n\t\t<\/div>\n\t\t\t\t\t<\/div>\n\t\t<\/section>\n\t\t\t\t<section class=\"elementor-section elementor-top-section elementor-element elementor-element-4738ffc elementor-section-boxed elementor-section-height-default elementor-section-height-default\" data-id=\"4738ffc\" data-element_type=\"section\" data-e-type=\"section\">\n\t\t\t\t\t\t<div class=\"elementor-container elementor-column-gap-default\">\n\t\t\t\t\t<div class=\"elementor-column elementor-col-100 elementor-top-column elementor-element elementor-element-04ee100\" data-id=\"04ee100\" data-element_type=\"column\" data-e-type=\"column\">\n\t\t\t<div class=\"elementor-widget-wrap elementor-element-populated\">\n\t\t\t\t\t\t<div class=\"elementor-element elementor-element-a2688de elementor-widget elementor-widget-heading\" data-id=\"a2688de\" data-element_type=\"widget\" data-e-type=\"widget\" data-widget_type=\"heading.default\">\n\t\t\t\t<div class=\"elementor-widget-container\">\n\t\t\t\t\t<h2 class=\"elementor-heading-title elementor-size-default\">Calendar<\/h2>\t\t\t\t<\/div>\n\t\t\t\t<\/div>\n\t\t\t\t\t<\/div>\n\t\t<\/div>\n\t\t\t\t\t<\/div>\n\t\t<\/section>\n\t\t\t\t<section class=\"elementor-section elementor-top-section elementor-element elementor-element-60ff2d9 elementor-section-boxed elementor-section-height-default elementor-section-height-default\" data-id=\"60ff2d9\" data-element_type=\"section\" data-e-type=\"section\">\n\t\t\t\t\t\t<div class=\"elementor-container elementor-column-gap-default\">\n\t\t\t\t\t<div class=\"elementor-column elementor-col-100 elementor-top-column elementor-element elementor-element-3401be8\" data-id=\"3401be8\" data-element_type=\"column\" data-e-type=\"column\">\n\t\t\t<div class=\"elementor-widget-wrap elementor-element-populated\">\n\t\t\t\t\t\t<div class=\"elementor-element elementor-element-a7c82aa eael-dt-th-align-center eael-table-align-center elementor-widget elementor-widget-eael-data-table\" data-id=\"a7c82aa\" data-element_type=\"widget\" data-e-type=\"widget\" data-widget_type=\"eael-data-table.default\">\n\t\t\t\t<div class=\"elementor-widget-container\">\n\t\t\t\t\t\t\t<div class=\"eael-data-table-wrap\" data-table_id=\"a7c82aa\" id=\"eael-data-table-wrapper-a7c82aa\" data-custom_responsive=\"false\">\n\t\t\t<table class=\"tablesorter eael-data-table center\" id=\"eael-data-table-a7c82aa\">\n\t\t\t    <thead>\n\t\t\t        <tr class=\"table-header\">\n\t\t\t\t\t\t\t\t\t            <th class=\"\" id=\"\" colspan=\"\">\n\t\t\t\t\t\t\t\t\t\t\t\t\t\t\t\t\t\t\t\t\t\t\t\t\t\t\t\t\t\t\t\t\t\t<i class=\"fas fa-list-ol data-header-icon\"><\/i>\n\t\t\t\t\t\t\t\t\t\t\t\t\t\t\t\t\t\t\t\t            \t\t\t\t\t\t\t\t<span class=\"data-table-header-text\">Etap\u0103<\/span><\/th>\n\t\t\t        \t\t\t\t            <th class=\"\" id=\"\" colspan=\"\">\n\t\t\t\t\t\t\t\t\t\t\t\t\t\t\t\t\t\t\t\t\t\t\t\t\t\t\t\t\t\t\t\t\t\t<i class=\"far fa-calendar-alt data-header-icon\"><\/i>\n\t\t\t\t\t\t\t\t\t\t\t\t\t\t\t\t\t\t\t\t            \t\t\t\t\t\t\t\t<span class=\"data-table-header-text\">Perioad\u0103<\/span><\/th>\n\t\t\t        \t\t\t\t        <\/tr>\n\t\t\t    <\/thead>\n\t\t\t  \t<tbody>\n\t\t\t\t\t\t\t\t\t\t\t<tr>\n\t\t\t\t\t\t\t\t\t\t\t\t\t\t\t\t   \t\t\t\t\t\t\t\t\t\t\t<td colspan=\"\" rowspan=\"\" class=\"\" id=\"\">\n\t\t\t\t\t\t\t\t\t\t\t\t<div class=\"td-content-wrapper\"><div class=\"td-content\">\n\t\t\t\t\t\t\t\t\t\t\t\t\t\u00censcriere candida\u021bi\t\t\t\t\t\t\t\t\t\t\t\t<\/div><\/div>\n\t\t\t\t\t\t\t\t\t\t\t<\/td>\n\t\t\t\t\t\t\t\t\t\t\t\t\t\t\t\t\t\t\t\t\t\t\t\t\t\t\t\t\t   \t\t\t\t\t\t\t\t\t\t\t<td colspan=\"\" rowspan=\"\" class=\"\" id=\"\">\n\t\t\t\t\t\t\t\t\t\t\t\t<div class=\"td-content-wrapper\"><div class=\"td-content\">\n\t\t\t\t\t\t\t\t\t\t\t\t\t15.06.2020- 18.07.2020\t\t\t\t\t\t\t\t\t\t\t\t<\/div><\/div>\n\t\t\t\t\t\t\t\t\t\t\t<\/td>\n\t\t\t\t\t\t\t\t\t\t\t\t\t\t\t\t\t\t\t\t\t\t\t\t\t\t<\/tr>\n\t\t\t        \t\t\t\t\t\t<tr>\n\t\t\t\t\t\t\t\t\t\t\t\t\t\t\t\t   \t\t\t\t\t\t\t\t\t\t\t<td colspan=\"\" rowspan=\"\" class=\"\" id=\"\">\n\t\t\t\t\t\t\t\t\t\t\t\t<div class=\"td-content-wrapper\"><div class=\"td-content\">\n\t\t\t\t\t\t\t\t\t\t\t\t\tConcurs de dosare\t\t\t\t\t\t\t\t\t\t\t\t<\/div><\/div>\n\t\t\t\t\t\t\t\t\t\t\t<\/td>\n\t\t\t\t\t\t\t\t\t\t\t\t\t\t\t\t\t\t\t\t\t\t\t\t\t\t\t\t\t   \t\t\t\t\t\t\t\t\t\t\t<td colspan=\"\" rowspan=\"\" class=\"\" id=\"\">\n\t\t\t\t\t\t\t\t\t\t\t\t<div class=\"td-content-wrapper\"><div class=\"td-content\">\n\t\t\t\t\t\t\t\t\t\t\t\t\t18.07.2020 (s\u00e2mb\u0103t\u0103)\t\t\t\t\t\t\t\t\t\t\t\t<\/div><\/div>\n\t\t\t\t\t\t\t\t\t\t\t<\/td>\n\t\t\t\t\t\t\t\t\t\t\t\t\t\t\t\t\t\t\t\t\t\t\t\t\t\t<\/tr>\n\t\t\t        \t\t\t\t\t\t<tr>\n\t\t\t\t\t\t\t\t\t\t\t\t\t\t\t\t   \t\t\t\t\t\t\t\t\t\t\t<td colspan=\"\" rowspan=\"\" class=\"\" id=\"\">\n\t\t\t\t\t\t\t\t\t\t\t\t<div class=\"td-content-wrapper\"><div class=\"td-content\">\n\t\t\t\t\t\t\t\t\t\t\t\t\tRezultatele concursului\t\t\t\t\t\t\t\t\t\t\t\t<\/div><\/div>\n\t\t\t\t\t\t\t\t\t\t\t<\/td>\n\t\t\t\t\t\t\t\t\t\t\t\t\t\t\t\t\t\t\t\t\t\t\t\t\t\t\t\t\t   \t\t\t\t\t\t\t\t\t\t\t<td colspan=\"\" rowspan=\"\" class=\"\" id=\"\">\n\t\t\t\t\t\t\t\t\t\t\t\t<div class=\"td-content-wrapper\"><div class=\"td-content\">\n\t\t\t\t\t\t\t\t\t\t\t\t\t20.07.2020, ora 10.00\t\t\t\t\t\t\t\t\t\t\t\t<\/div><\/div>\n\t\t\t\t\t\t\t\t\t\t\t<\/td>\n\t\t\t\t\t\t\t\t\t\t\t\t\t\t\t\t\t\t\t\t\t\t\t\t\t\t<\/tr>\n\t\t\t        \t\t\t\t\t\t<tr>\n\t\t\t\t\t\t\t\t\t\t\t\t\t\t\t\t   \t\t\t\t\t\t\t\t\t\t\t<td colspan=\"\" rowspan=\"\" class=\"\" id=\"\">\n\t\t\t\t\t\t\t\t\t\t\t\t<div class=\"td-content-wrapper\"><div class=\"td-content\">\n\t\t\t\t\t\t\t\t\t\t\t\t\tConfirm\u0103ri Runda I\t\t\t\t\t\t\t\t\t\t\t\t<\/div><\/div>\n\t\t\t\t\t\t\t\t\t\t\t<\/td>\n\t\t\t\t\t\t\t\t\t\t\t\t\t\t\t\t\t\t\t\t\t\t\t\t\t\t\t\t\t   \t\t\t\t\t\t\t\t\t\t\t<td colspan=\"\" rowspan=\"\" class=\"\" id=\"\">\n\t\t\t\t\t\t\t\t\t\t\t\t<div class=\"td-content-wrapper\"><div class=\"td-content\">\n\t\t\t\t\t\t\t\t\t\t\t\t\t20.07.2020, ora 10.00 &#8211; 22.07.2020, ora 16.00\t\t\t\t\t\t\t\t\t\t\t\t<\/div><\/div>\n\t\t\t\t\t\t\t\t\t\t\t<\/td>\n\t\t\t\t\t\t\t\t\t\t\t\t\t\t\t\t\t\t\t\t\t\t\t\t\t\t<\/tr>\n\t\t\t        \t\t\t\t\t\t<tr>\n\t\t\t\t\t\t\t\t\t\t\t\t\t\t\t\t   \t\t\t\t\t\t\t\t\t\t\t<td colspan=\"\" rowspan=\"\" class=\"\" id=\"\">\n\t\t\t\t\t\t\t\t\t\t\t\t<div class=\"td-content-wrapper\"><div class=\"td-content\">\n\t\t\t\t\t\t\t\t\t\t\t\t\tAfi\u0219are Runda II\t\t\t\t\t\t\t\t\t\t\t\t<\/div><\/div>\n\t\t\t\t\t\t\t\t\t\t\t<\/td>\n\t\t\t\t\t\t\t\t\t\t\t\t\t\t\t\t\t\t\t\t\t\t\t\t\t\t\t\t\t   \t\t\t\t\t\t\t\t\t\t\t<td colspan=\"\" rowspan=\"\" class=\"\" id=\"\">\n\t\t\t\t\t\t\t\t\t\t\t\t<div class=\"td-content-wrapper\"><div class=\"td-content\">\n\t\t\t\t\t\t\t\t\t\t\t\t\t23.07.2020, ora 10.00\t\t\t\t\t\t\t\t\t\t\t\t<\/div><\/div>\n\t\t\t\t\t\t\t\t\t\t\t<\/td>\n\t\t\t\t\t\t\t\t\t\t\t\t\t\t\t\t\t\t\t\t\t\t\t\t\t\t<\/tr>\n\t\t\t        \t\t\t\t\t\t<tr>\n\t\t\t\t\t\t\t\t\t\t\t\t\t\t\t\t   \t\t\t\t\t\t\t\t\t\t\t<td colspan=\"\" rowspan=\"\" class=\"\" id=\"\">\n\t\t\t\t\t\t\t\t\t\t\t\t<div class=\"td-content-wrapper\"><div class=\"td-content\">\n\t\t\t\t\t\t\t\t\t\t\t\t\tConfirm\u0103ri Runda II\t\t\t\t\t\t\t\t\t\t\t\t<\/div><\/div>\n\t\t\t\t\t\t\t\t\t\t\t<\/td>\n\t\t\t\t\t\t\t\t\t\t\t\t\t\t\t\t\t\t\t\t\t\t\t\t\t\t\t\t\t   \t\t\t\t\t\t\t\t\t\t\t<td colspan=\"\" rowspan=\"\" class=\"\" id=\"\">\n\t\t\t\t\t\t\t\t\t\t\t\t<div class=\"td-content-wrapper\"><div class=\"td-content\">\n\t\t\t\t\t\t\t\t\t\t\t\t\t23.07.2020, orele 10.00 &#8211; 24.07.2020, ora 16.00\t\t\t\t\t\t\t\t\t\t\t\t<\/div><\/div>\n\t\t\t\t\t\t\t\t\t\t\t<\/td>\n\t\t\t\t\t\t\t\t\t\t\t\t\t\t\t\t\t\t\t\t\t\t\t\t\t\t<\/tr>\n\t\t\t        \t\t\t\t\t\t<tr>\n\t\t\t\t\t\t\t\t\t\t\t\t\t\t\t\t   \t\t\t\t\t\t\t\t\t\t\t<td colspan=\"\" rowspan=\"\" class=\"\" id=\"\">\n\t\t\t\t\t\t\t\t\t\t\t\t<div class=\"td-content-wrapper\"><div class=\"td-content\">\n\t\t\t\t\t\t\t\t\t\t\t\t\tAfi\u0219are Runda III\t\t\t\t\t\t\t\t\t\t\t\t<\/div><\/div>\n\t\t\t\t\t\t\t\t\t\t\t<\/td>\n\t\t\t\t\t\t\t\t\t\t\t\t\t\t\t\t\t\t\t\t\t\t\t\t\t\t\t\t\t   \t\t\t\t\t\t\t\t\t\t\t<td colspan=\"\" rowspan=\"\" class=\"\" id=\"\">\n\t\t\t\t\t\t\t\t\t\t\t\t<div class=\"td-content-wrapper\"><div class=\"td-content\">\n\t\t\t\t\t\t\t\t\t\t\t\t\t25.07.2020, ora 10.00\t\t\t\t\t\t\t\t\t\t\t\t<\/div><\/div>\n\t\t\t\t\t\t\t\t\t\t\t<\/td>\n\t\t\t\t\t\t\t\t\t\t\t\t\t\t\t\t\t\t\t\t\t\t\t\t\t\t<\/tr>\n\t\t\t        \t\t\t\t\t\t<tr>\n\t\t\t\t\t\t\t\t\t\t\t\t\t\t\t\t   \t\t\t\t\t\t\t\t\t\t\t<td colspan=\"\" rowspan=\"\" class=\"\" id=\"\">\n\t\t\t\t\t\t\t\t\t\t\t\t<div class=\"td-content-wrapper\"><div class=\"td-content\">\n\t\t\t\t\t\t\t\t\t\t\t\t\tConfirm\u0103ri Runda III\t\t\t\t\t\t\t\t\t\t\t\t<\/div><\/div>\n\t\t\t\t\t\t\t\t\t\t\t<\/td>\n\t\t\t\t\t\t\t\t\t\t\t\t\t\t\t\t\t\t\t\t\t\t\t\t\t\t\t\t\t   \t\t\t\t\t\t\t\t\t\t\t<td colspan=\"\" rowspan=\"\" class=\"\" id=\"\">\n\t\t\t\t\t\t\t\t\t\t\t\t<div class=\"td-content-wrapper\"><div class=\"td-content\">\n\t\t\t\t\t\t\t\t\t\t\t\t\t25.07.2020, orele 10.00 &#8211; 14.00\t\t\t\t\t\t\t\t\t\t\t\t<\/div><\/div>\n\t\t\t\t\t\t\t\t\t\t\t<\/td>\n\t\t\t\t\t\t\t\t\t\t\t\t\t\t\t\t\t\t\t\t\t\t\t\t\t\t<\/tr>\n\t\t\t        \t\t\t\t\t\t<tr>\n\t\t\t\t\t\t\t\t\t\t\t\t\t\t\t\t   \t\t\t\t\t\t\t\t\t\t\t<td colspan=\"\" rowspan=\"\" class=\"\" id=\"\">\n\t\t\t\t\t\t\t\t\t\t\t\t<div class=\"td-content-wrapper\"><div class=\"td-content\">\n\t\t\t\t\t\t\t\t\t\t\t\t\tRezultatele finale\t\t\t\t\t\t\t\t\t\t\t\t<\/div><\/div>\n\t\t\t\t\t\t\t\t\t\t\t<\/td>\n\t\t\t\t\t\t\t\t\t\t\t\t\t\t\t\t\t\t\t\t\t\t\t\t\t\t\t\t\t   \t\t\t\t\t\t\t\t\t\t\t<td colspan=\"\" rowspan=\"\" class=\"\" id=\"\">\n\t\t\t\t\t\t\t\t\t\t\t\t<div class=\"td-content-wrapper\"><div class=\"td-content\">\n\t\t\t\t\t\t\t\t\t\t\t\t\t25.07.2020, ora 16.00\t\t\t\t\t\t\t\t\t\t\t\t<\/div><\/div>\n\t\t\t\t\t\t\t\t\t\t\t<\/td>\n\t\t\t\t\t\t\t\t\t\t\t\t\t\t\t\t\t\t\t\t\t\t\t\t\t\t<\/tr>\n\t\t\t        \t\t\t    <\/tbody>\n\t\t\t<\/table>\n\t\t<\/div>\n\t  \t\t\t\t\t<\/div>\n\t\t\t\t<\/div>\n\t\t\t\t\t<\/div>\n\t\t<\/div>\n\t\t\t\t\t<\/div>\n\t\t<\/section>\n\t\t\t\t<section class=\"elementor-section elementor-top-section elementor-element elementor-element-f536243 elementor-section-boxed elementor-section-height-default elementor-section-height-default\" data-id=\"f536243\" data-element_type=\"section\" data-e-type=\"section\">\n\t\t\t\t\t\t<div class=\"elementor-container elementor-column-gap-default\">\n\t\t\t\t\t<div class=\"elementor-column elementor-col-100 elementor-top-column elementor-element elementor-element-2db610a\" data-id=\"2db610a\" data-element_type=\"column\" data-e-type=\"column\">\n\t\t\t<div class=\"elementor-widget-wrap elementor-element-populated\">\n\t\t\t\t\t\t<div class=\"elementor-element elementor-element-474ea38 elementor-widget elementor-widget-heading\" data-id=\"474ea38\" data-element_type=\"widget\" data-e-type=\"widget\" data-widget_type=\"heading.default\">\n\t\t\t\t<div class=\"elementor-widget-container\">\n\t\t\t\t\t<h2 class=\"elementor-heading-title elementor-size-default\"><a name=\"admitere-inscriere\">\u00censcriere ONLINE <span>&#8599;<\/span><\/a><\/h2>\t\t\t\t<\/div>\n\t\t\t\t<\/div>\n\t\t\t\t<div class=\"elementor-element elementor-element-b557cad elementor-widget elementor-widget-text-editor\" data-id=\"b557cad\" data-element_type=\"widget\" data-e-type=\"widget\" data-widget_type=\"text-editor.default\">\n\t\t\t\t<div class=\"elementor-widget-container\">\n\t\t\t\t\t\t\t\t\t<p><span style=\"font-weight: 400;\">\u00censcrierea la concursul de admitere pentru anul universitar 2020-2021 se realizeaz\u0103 online, personal de c\u0103tre fiecare candidat, folosind aplica\u021bia dedicat\u0103 Enroll (<\/span><a href=\"https:\/\/admitere.upt.ro\/\"><span style=\"font-weight: 400;\">https:\/\/admitere.upt.ro\/<\/span><\/a><span style=\"font-weight: 400;\">).\u00a0<\/span><\/p>\t\t\t\t\t\t\t\t<\/div>\n\t\t\t\t<\/div>\n\t\t\t\t\t<\/div>\n\t\t<\/div>\n\t\t\t\t\t<\/div>\n\t\t<\/section>\n\t\t\t\t<section class=\"elementor-section elementor-top-section elementor-element elementor-element-59d4414 elementor-section-boxed elementor-section-height-default elementor-section-height-default\" data-id=\"59d4414\" data-element_type=\"section\" data-e-type=\"section\">\n\t\t\t\t\t\t<div class=\"elementor-container elementor-column-gap-default\">\n\t\t\t\t\t<div class=\"elementor-column elementor-col-100 elementor-top-column elementor-element elementor-element-d5e5888\" data-id=\"d5e5888\" data-element_type=\"column\" data-e-type=\"column\">\n\t\t\t<div class=\"elementor-widget-wrap elementor-element-populated\">\n\t\t\t\t\t\t<div class=\"elementor-element elementor-element-f3648e4 elementor-align-center elementor-button-success elementor-widget elementor-widget-button\" data-id=\"f3648e4\" data-element_type=\"widget\" data-e-type=\"widget\" data-widget_type=\"button.default\">\n\t\t\t\t<div class=\"elementor-widget-container\">\n\t\t\t\t\t\t\t\t\t<div class=\"elementor-button-wrapper\">\n\t\t\t\t\t<a class=\"elementor-button elementor-button-link elementor-size-sm\" href=\"http:\/\/www.upt.ro\/img\/files\/2019-2020\/admitere\/licenta\/2.3_Anexa_2-Adm_licenta_2020_Instructiuni_enroll.pdf\" target=\"_blank\">\n\t\t\t\t\t\t<span class=\"elementor-button-content-wrapper\">\n\t\t\t\t\t\t\t\t\t<span class=\"elementor-button-text\">Instruc\u021biuni de \u00eenscriere online folosind platforma Enroll<\/span>\n\t\t\t\t\t<\/span>\n\t\t\t\t\t<\/a>\n\t\t\t\t<\/div>\n\t\t\t\t\t\t\t\t<\/div>\n\t\t\t\t<\/div>\n\t\t\t\t\t<\/div>\n\t\t<\/div>\n\t\t\t\t\t<\/div>\n\t\t<\/section>\n\t\t\t\t<section class=\"elementor-section elementor-top-section elementor-element elementor-element-156a7c8 elementor-section-boxed elementor-section-height-default elementor-section-height-default\" data-id=\"156a7c8\" data-element_type=\"section\" data-e-type=\"section\">\n\t\t\t\t\t\t<div class=\"elementor-container elementor-column-gap-default\">\n\t\t\t\t\t<div class=\"elementor-column elementor-col-100 elementor-top-column elementor-element elementor-element-a5fa3e4\" data-id=\"a5fa3e4\" data-element_type=\"column\" data-e-type=\"column\">\n\t\t\t<div class=\"elementor-widget-wrap elementor-element-populated\">\n\t\t\t\t\t\t<div class=\"elementor-element elementor-element-4990534 elementor-widget elementor-widget-heading\" data-id=\"4990534\" data-element_type=\"widget\" data-e-type=\"widget\" data-widget_type=\"heading.default\">\n\t\t\t\t<div class=\"elementor-widget-container\">\n\t\t\t\t\t<h2 class=\"elementor-heading-title elementor-size-default\"><a name=\"admitere-taxe\">Taxe admitere<\/a><\/h2>\t\t\t\t<\/div>\n\t\t\t\t<\/div>\n\t\t\t\t\t<\/div>\n\t\t<\/div>\n\t\t\t\t\t<\/div>\n\t\t<\/section>\n\t\t\t\t<section class=\"elementor-section elementor-top-section elementor-element elementor-element-a001c71 elementor-section-boxed elementor-section-height-default elementor-section-height-default\" data-id=\"a001c71\" data-element_type=\"section\" data-e-type=\"section\">\n\t\t\t\t\t\t<div class=\"elementor-container elementor-column-gap-default\">\n\t\t\t\t\t<div class=\"elementor-column elementor-col-100 elementor-top-column elementor-element elementor-element-73c4bf7\" data-id=\"73c4bf7\" data-element_type=\"column\" data-e-type=\"column\">\n\t\t\t<div class=\"elementor-widget-wrap elementor-element-populated\">\n\t\t\t\t\t\t<div class=\"elementor-element elementor-element-32a5dfd elementor-widget elementor-widget-text-editor\" data-id=\"32a5dfd\" data-element_type=\"widget\" data-e-type=\"widget\" data-widget_type=\"text-editor.default\">\n\t\t\t\t<div class=\"elementor-widget-container\">\n\t\t\t\t\t\t\t\t\t<p>Taxele asociate examenului de admitere la studii universitare de licen\u021b\u0103 stabilite de UPT sunt:<\/p>\t\t\t\t\t\t\t\t<\/div>\n\t\t\t\t<\/div>\n\t\t\t\t\t<\/div>\n\t\t<\/div>\n\t\t\t\t\t<\/div>\n\t\t<\/section>\n\t\t\t\t<section class=\"elementor-section elementor-top-section elementor-element elementor-element-ded98ce elementor-section-boxed elementor-section-height-default elementor-section-height-default\" data-id=\"ded98ce\" data-element_type=\"section\" data-e-type=\"section\">\n\t\t\t\t\t\t<div class=\"elementor-container elementor-column-gap-default\">\n\t\t\t\t\t<div class=\"elementor-column elementor-col-100 elementor-top-column elementor-element elementor-element-80f1931\" data-id=\"80f1931\" data-element_type=\"column\" data-e-type=\"column\">\n\t\t\t<div class=\"elementor-widget-wrap elementor-element-populated\">\n\t\t\t\t\t\t<div class=\"elementor-element elementor-element-fe5d56a eael-table-align-center eael-dt-th-align-left elementor-widget elementor-widget-eael-data-table\" data-id=\"fe5d56a\" data-element_type=\"widget\" data-e-type=\"widget\" data-widget_type=\"eael-data-table.default\">\n\t\t\t\t<div class=\"elementor-widget-container\">\n\t\t\t\t\t\t\t<div class=\"eael-data-table-wrap\" data-table_id=\"fe5d56a\" id=\"eael-data-table-wrapper-fe5d56a\" data-custom_responsive=\"false\">\n\t\t\t<table class=\"tablesorter eael-data-table center\" id=\"eael-data-table-fe5d56a\">\n\t\t\t    <thead>\n\t\t\t        <tr class=\"table-header\">\n\t\t\t\t\t\t\t\t\t            <th class=\"\" id=\"\" colspan=\"\">\n\t\t\t\t\t\t\t\t\t\t\t\t\t\t<span class=\"data-table-header-text\">Tip tax\u0103<\/span><\/th>\n\t\t\t        \t\t\t\t            <th class=\"\" id=\"\" colspan=\"\">\n\t\t\t\t\t\t\t\t\t\t\t\t\t\t<span class=\"data-table-header-text\">Valoare<\/span><\/th>\n\t\t\t        \t\t\t\t        <\/tr>\n\t\t\t    <\/thead>\n\t\t\t  \t<tbody>\n\t\t\t\t\t\t\t\t\t\t\t<tr>\n\t\t\t\t\t\t\t\t\t\t\t\t\t\t\t\t   \t\t\t\t\t\t\t\t\t\t\t<td colspan=\"\" rowspan=\"\" class=\"\" id=\"\">\n\t\t\t\t\t\t\t\t\t\t\t\t<div class=\"td-content-wrapper\"><div class=\"td-content\">\n\t\t\t\t\t\t\t\t\t\t\t\t\tTaxa de \u00eenscriere\t\t\t\t\t\t\t\t\t\t\t\t<\/div><\/div>\n\t\t\t\t\t\t\t\t\t\t\t<\/td>\n\t\t\t\t\t\t\t\t\t\t\t\t\t\t\t\t\t\t\t\t\t\t\t\t\t\t\t\t\t   \t\t\t\t\t\t\t\t\t\t\t<td colspan=\"\" rowspan=\"\" class=\"\" id=\"\">\n\t\t\t\t\t\t\t\t\t\t\t\t<div class=\"td-content-wrapper\"><div class=\"td-content\">\n\t\t\t\t\t\t\t\t\t\t\t\t\t100 lei\t\t\t\t\t\t\t\t\t\t\t\t<\/div><\/div>\n\t\t\t\t\t\t\t\t\t\t\t<\/td>\n\t\t\t\t\t\t\t\t\t\t\t\t\t\t\t\t\t\t\t\t\t\t\t\t\t\t<\/tr>\n\t\t\t        \t\t\t\t\t\t<tr>\n\t\t\t\t\t\t\t\t\t\t\t\t\t\t\t\t   \t\t\t\t\t\t\t\t\t\t\t<td colspan=\"\" rowspan=\"\" class=\"\" id=\"\">\n\t\t\t\t\t\t\t\t\t\t\t\t<div class=\"td-content-wrapper\"><div class=\"td-content\">\n\t\t\t\t\t\t\t\t\t\t\t\t\tTaxa de confirmare\t\t\t\t\t\t\t\t\t\t\t\t<\/div><\/div>\n\t\t\t\t\t\t\t\t\t\t\t<\/td>\n\t\t\t\t\t\t\t\t\t\t\t\t\t\t\t\t\t\t\t\t\t\t\t\t\t\t\t\t\t   \t\t\t\t\t\t\t\t\t\t\t<td colspan=\"\" rowspan=\"\" class=\"\" id=\"\">\n\t\t\t\t\t\t\t\t\t\t\t\t<div class=\"td-content-wrapper\"><div class=\"td-content\">\n\t\t\t\t\t\t\t\t\t\t\t\t\t100 lei\t\t\t\t\t\t\t\t\t\t\t\t<\/div><\/div>\n\t\t\t\t\t\t\t\t\t\t\t<\/td>\n\t\t\t\t\t\t\t\t\t\t\t\t\t\t\t\t\t\t\t\t\t\t\t\t\t\t<\/tr>\n\t\t\t        \t\t\t\t\t\t<tr>\n\t\t\t\t\t\t\t\t\t\t\t\t\t\t\t\t   \t\t\t\t\t\t\t\t\t\t\t<td colspan=\"\" rowspan=\"\" class=\"\" id=\"\">\n\t\t\t\t\t\t\t\t\t\t\t\t<div class=\"td-content-wrapper\"><div class=\"td-content\">\n\t\t\t\t\t\t\t\t\t\t\t\t\tTaxa de echivalare a studiilor absolvite <br \/>(se percepe doar candida\u021bilor declara\u021bi admi\u0219i \u0219i <br \/> trebuie achitat\u0103 odat\u0103 cu taxa de confirmare &#8211; echivalare par\u021bial\u0103)\t\t\t\t\t\t\t\t\t\t\t\t<\/div><\/div>\n\t\t\t\t\t\t\t\t\t\t\t<\/td>\n\t\t\t\t\t\t\t\t\t\t\t\t\t\t\t\t\t\t\t\t\t\t\t\t\t\t\t\t\t   \t\t\t\t\t\t\t\t\t\t\t<td colspan=\"\" rowspan=\"\" class=\"\" id=\"\">\n\t\t\t\t\t\t\t\t\t\t\t\t<div class=\"td-content-wrapper\"><div class=\"td-content\">\n\t\t\t\t\t\t\t\t\t\t\t\t\t150 lei\t\t\t\t\t\t\t\t\t\t\t\t<\/div><\/div>\n\t\t\t\t\t\t\t\t\t\t\t<\/td>\n\t\t\t\t\t\t\t\t\t\t\t\t\t\t\t\t\t\t\t\t\t\t\t\t\t\t<\/tr>\n\t\t\t        \t\t\t    <\/tbody>\n\t\t\t<\/table>\n\t\t<\/div>\n\t  \t\t\t\t\t<\/div>\n\t\t\t\t<\/div>\n\t\t\t\t\t<\/div>\n\t\t<\/div>\n\t\t\t\t\t<\/div>\n\t\t<\/section>\n\t\t\t\t<section class=\"elementor-section elementor-top-section elementor-element elementor-element-cb07f90 elementor-section-boxed elementor-section-height-default elementor-section-height-default\" data-id=\"cb07f90\" data-element_type=\"section\" data-e-type=\"section\">\n\t\t\t\t\t\t<div class=\"elementor-container elementor-column-gap-default\">\n\t\t\t\t\t<div class=\"elementor-column elementor-col-100 elementor-top-column elementor-element elementor-element-d47b8a6\" data-id=\"d47b8a6\" data-element_type=\"column\" data-e-type=\"column\">\n\t\t\t<div class=\"elementor-widget-wrap elementor-element-populated\">\n\t\t\t\t\t\t<div class=\"elementor-element elementor-element-e2ec0ef elementor-widget elementor-widget-text-editor\" data-id=\"e2ec0ef\" data-element_type=\"widget\" data-e-type=\"widget\" data-widget_type=\"text-editor.default\">\n\t\t\t\t<div class=\"elementor-widget-container\">\n\t\t\t\t\t\t\t\t\t<p>Taxele de admitere (\u00eenscriere\/confirmare) se pot pl\u0103ti:<\/p>\t\t\t\t\t\t\t\t<\/div>\n\t\t\t\t<\/div>\n\t\t\t\t\t<\/div>\n\t\t<\/div>\n\t\t\t\t\t<\/div>\n\t\t<\/section>\n\t\t\t\t<section class=\"elementor-section elementor-top-section elementor-element elementor-element-2948475 elementor-section-boxed elementor-section-height-default elementor-section-height-default\" data-id=\"2948475\" data-element_type=\"section\" data-e-type=\"section\">\n\t\t\t\t\t\t<div class=\"elementor-container elementor-column-gap-default\">\n\t\t\t\t\t<div class=\"elementor-column elementor-col-100 elementor-top-column elementor-element elementor-element-c726161\" data-id=\"c726161\" data-element_type=\"column\" data-e-type=\"column\">\n\t\t\t<div class=\"elementor-widget-wrap elementor-element-populated\">\n\t\t\t\t\t\t<div class=\"elementor-element elementor-element-c5fdf8c elementor-widget elementor-widget-text-editor\" data-id=\"c5fdf8c\" data-element_type=\"widget\" data-e-type=\"widget\" data-widget_type=\"text-editor.default\">\n\t\t\t\t<div class=\"elementor-widget-container\">\n\t\t\t\t\t\t\t\t\t<p><strong>1. ONLINE, cu cardul,\u00a0<\/strong>prin intermediul platformei <a href=\"https:\/\/admitere.upt.ro\" target=\"_blank\" rel=\"noopener\">Enroll<\/a>\u00a0<strong>sau<\/strong><\/p><p><strong>2.<\/strong>\u00a0\u00cen urm\u0103torul cont deschis la<strong>\u00a0UniCredit Bank*:<\/strong><\/p><p><strong>Universitatea Politehnica Timi\u0219oara<br \/>Cod FISCAL: 4269282<br \/>Cont IBAN: RO20 BACX 0000 0030 1782 5060<\/strong><\/p>\t\t\t\t\t\t\t\t<\/div>\n\t\t\t\t<\/div>\n\t\t\t\t\t<\/div>\n\t\t<\/div>\n\t\t\t\t\t<\/div>\n\t\t<\/section>\n\t\t\t\t<section class=\"elementor-section elementor-top-section elementor-element elementor-element-b51dffe elementor-section-boxed elementor-section-height-default elementor-section-height-default\" data-id=\"b51dffe\" data-element_type=\"section\" data-e-type=\"section\">\n\t\t\t\t\t\t<div class=\"elementor-container elementor-column-gap-default\">\n\t\t\t\t\t<div class=\"elementor-column elementor-col-100 elementor-top-column elementor-element elementor-element-90fd896\" data-id=\"90fd896\" data-element_type=\"column\" data-e-type=\"column\">\n\t\t\t<div class=\"elementor-widget-wrap elementor-element-populated\">\n\t\t\t\t\t\t<div class=\"elementor-element elementor-element-f70d65a elementor-alert-info elementor-widget elementor-widget-alert\" data-id=\"f70d65a\" data-element_type=\"widget\" data-e-type=\"widget\" data-widget_type=\"alert.default\">\n\t\t\t\t<div class=\"elementor-widget-container\">\n\t\t\t\t\t\t\t<div class=\"elementor-alert\" role=\"alert\">\n\n\t\t\t\t\t\t<span class=\"elementor-alert-title\">Plata \u00een contul UniCredit<\/span>\n\t\t\t\n\t\t\t\t\t\t<span class=\"elementor-alert-description\">*\u00cen situa\u021bia pl\u0103\u021bii \u00een contul UniCredit, dovada pl\u0103\u021bii va trebui s\u0103 con\u021bin\u0103 urm\u0103torul text: <strong>\u201dTax\u0103 de \u00eenscriere\/confirmare admitere la...(se va men\u021biona facultatea) pentru...<\/strong> (se va men\u021biona numele complet al candidatului)\u201d.<br>\n<strong>Exemplu<\/strong>: <i>Tax\u0103 de \u00eenscriere la Automatic\u0103 \u0219i Calculatoare pentru RUSU Adrian<\/i><\/span>\n\t\t\t\n\t\t\t\n\t\t<\/div>\n\t\t\t\t\t\t<\/div>\n\t\t\t\t<\/div>\n\t\t\t\t\t<\/div>\n\t\t<\/div>\n\t\t\t\t\t<\/div>\n\t\t<\/section>\n\t\t\t\t<section class=\"elementor-section elementor-top-section elementor-element elementor-element-fc4c32b elementor-section-boxed elementor-section-height-default elementor-section-height-default\" data-id=\"fc4c32b\" data-element_type=\"section\" data-e-type=\"section\">\n\t\t\t\t\t\t<div class=\"elementor-container elementor-column-gap-default\">\n\t\t\t\t\t<div class=\"elementor-column elementor-col-100 elementor-top-column elementor-element elementor-element-8570723\" data-id=\"8570723\" data-element_type=\"column\" data-e-type=\"column\">\n\t\t\t<div class=\"elementor-widget-wrap elementor-element-populated\">\n\t\t\t\t\t\t<div class=\"elementor-element elementor-element-14b4ae0 elementor-widget elementor-widget-heading\" data-id=\"14b4ae0\" data-element_type=\"widget\" data-e-type=\"widget\" data-widget_type=\"heading.default\">\n\t\t\t\t<div class=\"elementor-widget-container\">\n\t\t\t\t\t<h2 class=\"elementor-heading-title elementor-size-default\"><a name=\"admitere-specializari\">Specializ\u0103ri<\/a><\/h2>\t\t\t\t<\/div>\n\t\t\t\t<\/div>\n\t\t\t\t<div class=\"elementor-element elementor-element-a8fe1cd elementor-widget elementor-widget-text-editor\" data-id=\"a8fe1cd\" data-element_type=\"widget\" data-e-type=\"widget\" data-widget_type=\"text-editor.default\">\n\t\t\t\t<div class=\"elementor-widget-container\">\n\t\t\t\t\t\t\t\t\t<p>Universitatea Politehnica Timi\u0219oara, prin Centrul ID\/IFR \u0219i e-Learning (CeL \u2013 fostul Centru de \u00cenv\u0103\u021b\u0103m\u00e2nt la Distan\u021b\u0103) organizeaz\u0103 \u0219i desf\u0103\u0219oar\u0103 programele de studiu \u00een regim de \u00eenv\u0103\u021b\u0103m\u00e2nt la distan\u021b\u0103 pentru specializ\u0103rile:<\/p>\t\t\t\t\t\t\t\t<\/div>\n\t\t\t\t<\/div>\n\t\t\t\t<div class=\"elementor-element elementor-element-8fe1485 elementor-widget elementor-widget-eael-feature-list\" data-id=\"8fe1485\" data-element_type=\"widget\" data-e-type=\"widget\" data-widget_type=\"eael-feature-list.default\">\n\t\t\t\t<div class=\"elementor-widget-container\">\n\t\t\t\t\t\t\t<div class=\"-icon-position-left -tablet-icon-position-left -mobile-icon-position-left\">\n\t\t\t<ul id=\"eael-feature-list-8fe1485\" class=\"eael-feature-list-items circle framed  eael-feature-list-vertical\" data-layout-tablet=\"vertical\" data-layout-mobile=\"vertical\">\n\t\t\t                <li class=\"eael-feature-list-item elementor-repeater-item-d1d354a\">\n                    \n\t\t\t\t\t\t<div class=\"eael-feature-list-icon-box\">\n\t\t\t\t\t\t\t<div class=\"eael-feature-list-icon-inner\">\n\n\t\t\t\t\t\t\t\t<a class=\"eael-feature-list-icon fl-icon-0\"href=\"https:\/\/elearning.upt.ro\/ro\/educatie\/licenta\/informatica\/\">\n\n\t\t<i aria-hidden=\"true\" class=\"fas fa-laptop\"><\/i>\t\t\t\t\t\t\t\t<\/a>\n\t\t\t\t\t\t\t<\/div>\n\t\t\t\t\t\t<\/div>\n\t\t\t\t\t\t<div class=\"eael-feature-list-content-box\">\n                            <h2 class=\"eael-feature-list-title\"><a href=\"https:\/\/elearning.upt.ro\/ro\/educatie\/licenta\/informatica\/\">Informatic\u0103<\/a><\/h2>\t\t\t\t\t\t<p class=\"eael-feature-list-content\">informaticieni - 3 ani de studiu, \u00eenv\u0103\u021b\u0103m\u00e2nt la distan\u021b\u0103,  \u00een colaborare cu Facultatea de Automatic\u0103 \u0219i Calculatoare - 100 locuri <br \/> <br \/> <a href=\"https:\/\/elearning.upt.ro\/ro\/educatie\/licenta\/informatica\/\"> &gt;&gt;&gt; vezi detalii despre specializarea Informatic\u0103<\/a><\/p>\n\t\t\t\t\t\t<\/div>\n\n\t\t\t\t\t<\/li>\n\t\t\t\t                <li class=\"eael-feature-list-item elementor-repeater-item-6fcbdcd\">\n                    \n\t\t\t\t\t\t<div class=\"eael-feature-list-icon-box\">\n\t\t\t\t\t\t\t<div class=\"eael-feature-list-icon-inner\">\n\n\t\t\t\t\t\t\t\t<a class=\"eael-feature-list-icon fl-icon-1\"href=\"https:\/\/elearning.upt.ro\/ro\/educatie\/licenta\/tehnologii-si-sisteme-de-telecomunicatii\/\">\n\n\t\t<i aria-hidden=\"true\" class=\"fas fa-wifi\"><\/i>\t\t\t\t\t\t\t\t<\/a>\n\t\t\t\t\t\t\t<\/div>\n\t\t\t\t\t\t<\/div>\n\t\t\t\t\t\t<div class=\"eael-feature-list-content-box\">\n                            <h2 class=\"eael-feature-list-title\"><a href=\"https:\/\/elearning.upt.ro\/ro\/educatie\/licenta\/tehnologii-si-sisteme-de-telecomunicatii\/\">Tehnologii \u0219i Sisteme de Telecomunica\u021bii<\/a><\/h2>\t\t\t\t\t\t<p class=\"eael-feature-list-content\">ingineri -  4 ani de studiu, \u00eenv\u0103\u021b\u0103m\u00e2nt la distan\u021b\u0103, \u00een colaborare cu  Facultatea de Electronic\u0103, Telecomunica\u021bii \u0219i Tehnologii Informa\u021bionale - 50 locuri <br \/> <br \/> <a href=\"https:\/\/elearning.upt.ro\/ro\/educatie\/licenta\/tehnologii-si-sisteme-de-telecomunicatii\/\"> &gt;&gt;&gt; vezi detalii despre specializarea Tehnologii \u0219i Sisteme de Telecomunica\u021bii<\/a><\/p>\n\t\t\t\t\t\t<\/div>\n\n\t\t\t\t\t<\/li>\n\t\t\t\t                <li class=\"eael-feature-list-item elementor-repeater-item-50c92bd\">\n                    \n\t\t\t\t\t\t<div class=\"eael-feature-list-icon-box\">\n\t\t\t\t\t\t\t<div class=\"eael-feature-list-icon-inner\">\n\n\t\t\t\t\t\t\t\t<a class=\"eael-feature-list-icon fl-icon-2\"href=\"https:\/\/elearning.upt.ro\/ro\/educatie\/licenta\/comunicare-si-relatii-publice\/\">\n\n\t\t<i aria-hidden=\"true\" class=\"fas fa-users\"><\/i>\t\t\t\t\t\t\t\t<\/a>\n\t\t\t\t\t\t\t<\/div>\n\t\t\t\t\t\t<\/div>\n\t\t\t\t\t\t<div class=\"eael-feature-list-content-box\">\n                            <h2 class=\"eael-feature-list-title\"><a href=\"https:\/\/elearning.upt.ro\/ro\/educatie\/licenta\/comunicare-si-relatii-publice\/\">Comunicare \u0219i Rela\u021bii Publice<\/a><\/h2>\t\t\t\t\t\t<p class=\"eael-feature-list-content\">licen\u021b\u0103 - 3 ani de studiu, \u00eenv\u0103\u021b\u0103m\u00e2nt la distan\u021b\u0103, \u00een colaborare cu Facultatea de \u0218tiin\u021be ale Comunic\u0103rii - 75 locuri <br \/> <br \/> <a href=\"https:\/\/elearning.upt.ro\/ro\/educatie\/licenta\/comunicare-si-relatii-publice\/\"> &gt;&gt;&gt; vezi detalii despre specializarea Comunicare \u0219i Rela\u021bii Publice<\/a><\/p>\n\t\t\t\t\t\t<\/div>\n\n\t\t\t\t\t<\/li>\n\t\t\t\t                <li class=\"eael-feature-list-item elementor-repeater-item-441bfd1\">\n                    \n\t\t\t\t\t\t<div class=\"eael-feature-list-icon-box\">\n\t\t\t\t\t\t\t<div class=\"eael-feature-list-icon-inner\">\n\n\t\t\t\t\t\t\t\t<a class=\"eael-feature-list-icon fl-icon-3\"href=\"https:\/\/elearning.upt.ro\/ro\/educatie\/licenta\/tehnologia-constructiilor-de-masini\/\">\n\n\t\t<i aria-hidden=\"true\" class=\"fas fa-car\"><\/i>\t\t\t\t\t\t\t\t<\/a>\n\t\t\t\t\t\t\t<\/div>\n\t\t\t\t\t\t<\/div>\n\t\t\t\t\t\t<div class=\"eael-feature-list-content-box\">\n                            <h2 class=\"eael-feature-list-title\"><a href=\"https:\/\/elearning.upt.ro\/ro\/educatie\/licenta\/tehnologia-constructiilor-de-masini\/\">Tehnologia Construc\u021biilor de Ma\u0219ini<\/a><\/h2>\t\t\t\t\t\t<p class=\"eael-feature-list-content\">licen\u021b\u0103 - ingineri - 4 ani de studiu, \u00eenv\u0103\u021b\u0103m\u00e2nt cu frecven\u021b\u0103 redus\u0103, \u00een colaborare cu Facultatea de Mecanic\u0103 - 60 locuri  <br \/> <br \/> <a href=\"https:\/\/elearning.upt.ro\/ro\/educatie\/licenta\/tehnologia-constructiilor-de-masini\/\"> &gt;&gt;&gt; vezi detalii despre specializarea Tehnologia Construc\u021biilor de Ma\u0219ini<\/a><\/p>\n\t\t\t\t\t\t<\/div>\n\n\t\t\t\t\t<\/li>\n\t\t\t\t\t\t\t<\/ul>\n\t\t<\/div>\n\t\t\t\t\t\t<\/div>\n\t\t\t\t<\/div>\n\t\t\t\t<div class=\"elementor-element elementor-element-3bc0a60 elementor-widget elementor-widget-text-editor\" data-id=\"3bc0a60\" data-element_type=\"widget\" data-e-type=\"widget\" data-widget_type=\"text-editor.default\">\n\t\t\t\t<div class=\"elementor-widget-container\">\n\t\t\t\t\t\t\t\t\t<p>Programele de studiu sunt <strong>acreditate de c\u0103tre ARACIS \u0219i confer\u0103 aceea\u0219i diplom\u0103<\/strong> ca \u0219i \u00een cazul studiilor la forma de \u00eenv\u0103\u021b\u0103m\u00e2nt cu frecven\u021b\u0103, diploma de studii superioare de licen\u021b\u0103 in forma de \u00eenv\u0103\u021b\u0103m\u00e2nt la distan\u021b\u0103\/cu frecven\u021b\u0103 redus\u0103 (conform cu\u00a0<a style=\"background-color: #ffffff;\" href=\"http:\/\/new.elearning.upt.ro\/wp-content\/uploads\/2019\/05\/HG_607_2014_conttinut_format_acte_studii_ciclul-I.pdf\">HG607\/2014<\/a>).<\/p>\t\t\t\t\t\t\t\t<\/div>\n\t\t\t\t<\/div>\n\t\t\t\t\t<\/div>\n\t\t<\/div>\n\t\t\t\t\t<\/div>\n\t\t<\/section>\n\t\t\t\t<section class=\"elementor-section elementor-top-section elementor-element elementor-element-07e3608 elementor-section-boxed elementor-section-height-default elementor-section-height-default\" data-id=\"07e3608\" data-element_type=\"section\" data-e-type=\"section\">\n\t\t\t\t\t\t<div class=\"elementor-container elementor-column-gap-default\">\n\t\t\t\t\t<div class=\"elementor-column elementor-col-100 elementor-top-column elementor-element elementor-element-077a6e8\" data-id=\"077a6e8\" data-element_type=\"column\" data-e-type=\"column\">\n\t\t\t<div class=\"elementor-widget-wrap elementor-element-populated\">\n\t\t\t\t\t\t<div class=\"elementor-element elementor-element-336b651 elementor-widget elementor-widget-heading\" data-id=\"336b651\" data-element_type=\"widget\" data-e-type=\"widget\" data-widget_type=\"heading.default\">\n\t\t\t\t<div class=\"elementor-widget-container\">\n\t\t\t\t\t<h2 class=\"elementor-heading-title elementor-size-default\"><a name=\"admitere-acte\">Acte necesare pentru \u00eenscriere<\/a><\/h2>\t\t\t\t<\/div>\n\t\t\t\t<\/div>\n\t\t\t\t<div class=\"elementor-element elementor-element-6e6e9c9 elementor-widget elementor-widget-text-editor\" data-id=\"6e6e9c9\" data-element_type=\"widget\" data-e-type=\"widget\" data-widget_type=\"text-editor.default\">\n\t\t\t\t<div class=\"elementor-widget-container\">\n\t\t\t\t\t\t\t\t\t<p><span style=\"font-weight: 400;\">Dosarul de \u00eenscriere, generat prin intermediul aplica\u021biei <a href=\"https:\/\/admitere.upt.ro\/\" target=\"_blank\" rel=\"noopener\">Enroll<\/a>, va con\u021bine urm\u0103toarele elemente:<\/span><\/p><ul><li><span style=\"font-weight: 400;\"><strong>Fi\u0219a de \u00eenscriere<\/strong> care va fi generat\u0103 \u00een urma complet\u0103rii tuturor informa\u021biilor solicitate \u00een platforma Enroll. Aceasta va con\u021bine datele personale ale candidatului,\u00a0 date privind preg\u0103tirea candidatului, respectiv sec\u021biunea \u0219i domeniile la care dore\u0219te s\u0103 se \u00eenscrie;<\/span><\/li><li><span style=\"font-weight: 400;\"><strong>Copie dup\u0103 diploma de bacalaureat<\/strong> sau diploma echivalent\u0103; pentru candida\u021bii care au promovat examenul de bacalaureat \u00een sesiunea de var\u0103 a anului \u0219colar 2019-2020 se accept\u0103 \u0219i adeverin\u021ba-substitut de diplom\u0103 eliberat\u0103 de c\u0103tre institu\u021bia de \u00eenv\u0103\u021b\u0103m\u00e2nt;<\/span>\u00a0<\/li><li><span style=\"font-weight: 400;\"><strong>copie dup\u0103 foaia matricol\u0103<\/strong> cu notele ob\u021binute pe parcursul liceului, elaborat\u0103 conform legisla\u021biei \u00een vigoare;<\/span><\/li><li><span style=\"font-weight: 400;\"><strong>copie dup\u0103 cartea de identitate<\/strong> a candidatului;<\/span><\/li><li><span style=\"font-weight: 400;\"><strong>copie dup\u0103 certificatul de na\u0219tere<\/strong>;<\/span><\/li><li><span style=\"font-weight: 400;\"><strong>copie dup\u0103 adeverin\u021ba medical\u0103<\/strong> eliberat\u0103 de medicul de familie din care s\u0103 rezulte aptitudinea medical\u0103 pentru domeniile la care se \u00eenscrie candidatul; candida\u021bii cu afec\u021biuni cronice vor prezenta adeverin\u021be medicale vizate de medicul de familie \u00een care se va men\u021biona, \u00een mod expres, gradul deficien\u021belor, \u00een func\u021bie de\u00a0 localizarea acestora, pe baza diagnosticului stabilit de medicul specialist; nedeclararea acestor afec\u021biuni atrage dup\u0103 sine consecin\u021bele institu\u021bionale \u00een vigoare; <\/span><b>adeverin\u021bele medicale NU trebuie s\u0103 fie vizate de c\u0103tre medicii Policlinicii Studen\u021be\u0219ti din Timi\u0219oara<\/b><span style=\"font-weight: 400;\">;<\/span><\/li><li><span style=\"font-weight: 400;\"><strong>copie fotografie<\/strong> color tip diplom\u0103;<\/span><\/li><li><span style=\"font-weight: 400;\"><strong>copie dup\u0103 dovada achit\u0103rii taxei de \u00eenscriere<\/strong> &#8211; \u00een contul alocat pentru colectarea taxelor de \u00eenscriere (dovada eliberat\u0103 de banc\u0103 va trebui s\u0103 con\u021bin\u0103 urm\u0103torul text: <\/span><b>\u201etax\u0103 de \u00eenscriere la admitere UPT, Facultatea &#8230;, sesiunea iulie\/septembrie 2020, pentru &#8230;.\u201d<\/b><span style=\"font-weight: 400;\"> (se va men\u021biona numele candidatului), \u00een situa\u021bia \u00een care plata nu s-a f\u0103cut online;\u00a0<\/span><\/li><li><b>numai \u00een cazul \u00een care candidatul solicit\u0103 scutirea de taxa de \u00eenscriere<\/b><span style=\"font-weight: 400;\">, acesta va anexa o copie a documentului doveditor: adeverin\u021b\u0103 emis\u0103 de institu\u021bia de \u00eenv\u0103\u021b\u0103m\u00e2nt care s\u0103 ateste situa\u021bia p\u0103rintelui\/p\u0103rin\u021bilor\/sus\u021bin\u0103torilor legali\/candidatului (cazurile de la art. 24, lit. a), b) h) \u0219i i);\u00a0 certificatele de deces ale p\u0103rintelui\/p\u0103rin\u021bilor \u0219i adeverin\u021b\u0103 de la institu\u021bia de \u00eenv\u0103\u021b\u0103m\u00e2nt (cazurile de la art. 24, lit. c); certificate de deces p\u0103rin\u021bi (cazul de la art. 24, lit. d); adeverin\u021be de la casa de copii (cazul de la art. 24, lit. e); certificat deces \u0219i titlul emis conform Legii nr. 341\/2004 (cazul de la art. 24, lit. f);\u00a0 titlu emis conform Legii nr. 341\/2004 (cazul de la art. 24, lit. g);\u00a0<\/span><\/li><li><span style=\"font-weight: 400;\">copie dup\u0103 diploma de licen\u021b\u0103 sau adeverin\u021b\u0103 de absolvire \u0219i foaia matricol\u0103 \u00een cazul candida\u021bilor deja licen\u021bia\u021bi sau cu adeverin\u021b\u0103 de absolvire;<\/span><\/li><li><span style=\"font-weight: 400;\">copie dup\u0103 adeverin\u021b\u0103 de student \u0219i foaia matricol\u0103 par\u021bial\u0103, \u00een cazul candida\u021bilor deja studen\u021bi;<\/span><\/li><\/ul><p>\u00a0<\/p>\t\t\t\t\t\t\t\t<\/div>\n\t\t\t\t<\/div>\n\t\t\t\t\t<\/div>\n\t\t<\/div>\n\t\t\t\t\t<\/div>\n\t\t<\/section>\n\t\t\t\t<section class=\"elementor-section elementor-top-section elementor-element elementor-element-955653e elementor-section-boxed elementor-section-height-default elementor-section-height-default\" data-id=\"955653e\" data-element_type=\"section\" data-e-type=\"section\">\n\t\t\t\t\t\t<div class=\"elementor-container elementor-column-gap-default\">\n\t\t\t\t\t<div class=\"elementor-column elementor-col-100 elementor-top-column elementor-element elementor-element-7a2b2c1\" data-id=\"7a2b2c1\" data-element_type=\"column\" data-e-type=\"column\">\n\t\t\t<div class=\"elementor-widget-wrap elementor-element-populated\">\n\t\t\t\t\t\t<div class=\"elementor-element elementor-element-6a902ab elementor-widget elementor-widget-text-editor\" data-id=\"6a902ab\" data-element_type=\"widget\" data-e-type=\"widget\" data-widget_type=\"text-editor.default\">\n\t\t\t\t<div class=\"elementor-widget-container\">\n\t\t\t\t\t\t\t\t\t<p>Candida\u021bii la Facultatea de \u0218tiin\u021be ale Comunic\u0103rii vor anexa, de asemenea, o copie dup\u0103 adeverin\u021ba ob\u021binut\u0103 \u00een urma sus\u021binerii probei de competen\u021b\u0103 lingvistic\u0103 (conform Art. 4) sau copie dup\u0103 unul din urm\u0103toarele acte (corespunz\u0103tor limbii programului de studii implicat):<\/p>\t\t\t\t\t\t\t\t<\/div>\n\t\t\t\t<\/div>\n\t\t\t\t\t<\/div>\n\t\t<\/div>\n\t\t\t\t\t<\/div>\n\t\t<\/section>\n\t\t\t\t<section class=\"elementor-section elementor-top-section elementor-element elementor-element-7a94522 elementor-section-boxed elementor-section-height-default elementor-section-height-default\" data-id=\"7a94522\" data-element_type=\"section\" data-e-type=\"section\">\n\t\t\t\t\t\t<div class=\"elementor-container elementor-column-gap-default\">\n\t\t\t\t\t<div class=\"elementor-column elementor-col-100 elementor-top-column elementor-element elementor-element-a628eab\" data-id=\"a628eab\" data-element_type=\"column\" data-e-type=\"column\">\n\t\t\t<div class=\"elementor-widget-wrap elementor-element-populated\">\n\t\t\t\t\t\t<div class=\"elementor-element elementor-element-b98e9de elementor-widget elementor-widget-text-editor\" data-id=\"b98e9de\" data-element_type=\"widget\" data-e-type=\"widget\" data-widget_type=\"text-editor.default\">\n\t\t\t\t<div class=\"elementor-widget-container\">\n\t\t\t\t\t\t\t\t\t<ul><li>Certificat\/diplom\u0103 de promovare a examenelor cu recunoa\u0219tere interna\u021bional\u0103 pentru certificarea competen\u021belor lingvistice \u00eentr-o limb\u0103 str\u0103in\u0103, conform prevederilor MEC, nr. 5543\/12 decembrie 2019<\/li><li>Certificat de competen\u0163\u0103 \u00een limba englez\u0103 CAE-Certificate in Advanced English;<\/li><li>FCE \u2013 First Certificate in English;<\/li><li>CPE \u2013 Certificate of Proficiency in English;<\/li><li>IELTS-International English Language Testing System;<\/li><li>TOEFL-Test of English as a Foreign Language;<\/li><li>DSP-Deutsches Sprachdiplom;<\/li><li>\u00d6SP- \u00d6sterreichisches Sprachdiplom;<\/li><li>TEST DaF- stufe B, B;<\/li><li>Diploma de absolvire a unui liceu cu predare \u00een limba francez\u0103 (doar pentru candida\u021bii la Facultatea de \u0218tiin\u021be ale Comunic\u0103rii), german\u0103 sau englez\u0103;<\/li><li>Adeverin\u021b\u0103 prin care s\u0103 dovedeasc\u0103 faptul c\u0103 au urmat, \u00een timpul \u00eenv\u0103\u021b\u0103m\u00e2ntului preuniversitar (gimnaziu \u0219i liceu), disciplina limba francez\u0103 , englez\u0103 sau german\u0103 minim 4 ani de studii<\/li><\/ul>\t\t\t\t\t\t\t\t<\/div>\n\t\t\t\t<\/div>\n\t\t\t\t\t<\/div>\n\t\t<\/div>\n\t\t\t\t\t<\/div>\n\t\t<\/section>\n\t\t\t\t<section class=\"elementor-section elementor-top-section elementor-element elementor-element-736f4f7 elementor-section-boxed elementor-section-height-default elementor-section-height-default\" data-id=\"736f4f7\" data-element_type=\"section\" data-e-type=\"section\">\n\t\t\t\t\t\t<div class=\"elementor-container elementor-column-gap-default\">\n\t\t\t\t\t<div class=\"elementor-column elementor-col-100 elementor-top-column elementor-element elementor-element-e84e30f\" data-id=\"e84e30f\" data-element_type=\"column\" data-e-type=\"column\">\n\t\t\t<div class=\"elementor-widget-wrap elementor-element-populated\">\n\t\t\t\t\t\t<div class=\"elementor-element elementor-element-b9d7b82 elementor-alert-info elementor-widget elementor-widget-alert\" data-id=\"b9d7b82\" data-element_type=\"widget\" data-e-type=\"widget\" data-widget_type=\"alert.default\">\n\t\t\t\t<div class=\"elementor-widget-container\">\n\t\t\t\t\t\t\t<div class=\"elementor-alert\" role=\"alert\">\n\n\t\t\t\t\t\t<span class=\"elementor-alert-title\">Proba de competen\u021b\u0103 lingvistic\u0103<\/span>\n\t\t\t\n\t\t\t\t\t\t<span class=\"elementor-alert-description\">Proba de competen\u021b\u0103 lingvistic\u0103 va avea loc online \u00een <strong>ultima zi a perioadei de \u00eenscriere, ora 14:00<\/strong>. Pentru sus\u021binerea probei se va utiliza platforma de videoconferin\u021b\u0103 Zoom. Aceast\u0103 prob\u0103 este organizat\u0103 de Facultatea de \u0218tiin\u021be ale Comunic\u0103rii.<\/span>\n\t\t\t\n\t\t\t\n\t\t<\/div>\n\t\t\t\t\t\t<\/div>\n\t\t\t\t<\/div>\n\t\t\t\t\t<\/div>\n\t\t<\/div>\n\t\t\t\t\t<\/div>\n\t\t<\/section>\n\t\t\t\t<section class=\"elementor-section elementor-top-section elementor-element elementor-element-fe5efbb elementor-section-boxed elementor-section-height-default elementor-section-height-default\" data-id=\"fe5efbb\" data-element_type=\"section\" data-e-type=\"section\">\n\t\t\t\t\t\t<div class=\"elementor-container elementor-column-gap-default\">\n\t\t\t\t\t<div class=\"elementor-column elementor-col-100 elementor-top-column elementor-element elementor-element-2f8e365\" data-id=\"2f8e365\" data-element_type=\"column\" data-e-type=\"column\">\n\t\t\t<div class=\"elementor-widget-wrap elementor-element-populated\">\n\t\t\t\t\t\t<div class=\"elementor-element elementor-element-bdf4bb3 elementor-widget elementor-widget-heading\" data-id=\"bdf4bb3\" data-element_type=\"widget\" data-e-type=\"widget\" data-widget_type=\"heading.default\">\n\t\t\t\t<div class=\"elementor-widget-container\">\n\t\t\t\t\t<h2 class=\"elementor-heading-title elementor-size-default\">Preciz\u0103ri importante<\/h2>\t\t\t\t<\/div>\n\t\t\t\t<\/div>\n\t\t\t\t\t<\/div>\n\t\t<\/div>\n\t\t\t\t\t<\/div>\n\t\t<\/section>\n\t\t\t\t<section class=\"elementor-section elementor-top-section elementor-element elementor-element-8abab64 elementor-section-boxed elementor-section-height-default elementor-section-height-default\" data-id=\"8abab64\" data-element_type=\"section\" data-e-type=\"section\">\n\t\t\t\t\t\t<div class=\"elementor-container elementor-column-gap-default\">\n\t\t\t\t\t<div class=\"elementor-column elementor-col-100 elementor-top-column elementor-element elementor-element-6b6a9a5\" data-id=\"6b6a9a5\" data-element_type=\"column\" data-e-type=\"column\">\n\t\t\t<div class=\"elementor-widget-wrap elementor-element-populated\">\n\t\t\t\t\t\t<div class=\"elementor-element elementor-element-1ffa9d7 elementor-alert-warning elementor-widget elementor-widget-alert\" data-id=\"1ffa9d7\" data-element_type=\"widget\" data-e-type=\"widget\" data-widget_type=\"alert.default\">\n\t\t\t\t<div class=\"elementor-widget-container\">\n\t\t\t\t\t\t\t<div class=\"elementor-alert\" role=\"alert\">\n\n\t\t\t\t\t\t<span class=\"elementor-alert-title\">\u00cenc\u0103rcarea documentelor online<\/span>\n\t\t\t\n\t\t\t\t\t\t<span class=\"elementor-alert-description\">Dosarul de \u00eenscriere online va con\u021bine copii scanate color ale tuturor documentelor enumerate mai sus, \u00een <strong>format pdf sau format fi\u0219ier grafic (jpg sau png)<\/strong>.<br> Dimensiunea unui document nu poate dep\u0103\u0219i <strong>5 MB<\/strong>, \u00een format pdf\/jpg\/png.<br> Responsabilitatea cu privire la autenticitatea \u0219i coresponden\u021ba dintre documentele digitale\/scanate \u0219i cele originale revine candidatului.\n<\/span>\n\t\t\t\n\t\t\t\n\t\t<\/div>\n\t\t\t\t\t\t<\/div>\n\t\t\t\t<\/div>\n\t\t\t\t\t<\/div>\n\t\t<\/div>\n\t\t\t\t\t<\/div>\n\t\t<\/section>\n\t\t\t\t<section class=\"elementor-section elementor-top-section elementor-element elementor-element-858babe elementor-section-boxed elementor-section-height-default elementor-section-height-default\" data-id=\"858babe\" data-element_type=\"section\" data-e-type=\"section\">\n\t\t\t\t\t\t<div class=\"elementor-container elementor-column-gap-default\">\n\t\t\t\t\t<div class=\"elementor-column elementor-col-100 elementor-top-column elementor-element elementor-element-9971683\" data-id=\"9971683\" data-element_type=\"column\" data-e-type=\"column\">\n\t\t\t<div class=\"elementor-widget-wrap elementor-element-populated\">\n\t\t\t\t\t\t<div class=\"elementor-element elementor-element-21f90ab elementor-widget elementor-widget-text-editor\" data-id=\"21f90ab\" data-element_type=\"widget\" data-e-type=\"widget\" data-widget_type=\"text-editor.default\">\n\t\t\t\t<div class=\"elementor-widget-container\">\n\t\t\t\t\t\t\t\t\t<p><span style=\"font-weight: 400;\">\u00cen procedura de verificare a dosarului de concurs, comisia are dreptul s\u0103 solicite clarific\u0103ri candidatului sau informa\u021bii de la institu\u021biile emitente ale documentelor. \u00cen cazul \u00een care se constat\u0103 c\u0103 documentele digitale\/scanate nu corespund realit\u0103\u021bii, candidatul va fi eliminat din concurs.<\/span><\/p>\t\t\t\t\t\t\t\t<\/div>\n\t\t\t\t<\/div>\n\t\t\t\t\t<\/div>\n\t\t<\/div>\n\t\t\t\t\t<\/div>\n\t\t<\/section>\n\t\t\t\t<section class=\"elementor-section elementor-top-section elementor-element elementor-element-2b19c24 elementor-section-boxed elementor-section-height-default elementor-section-height-default\" data-id=\"2b19c24\" data-element_type=\"section\" data-e-type=\"section\">\n\t\t\t\t\t\t<div class=\"elementor-container elementor-column-gap-default\">\n\t\t\t\t\t<div class=\"elementor-column elementor-col-100 elementor-top-column elementor-element elementor-element-0fc2f4b\" data-id=\"0fc2f4b\" data-element_type=\"column\" data-e-type=\"column\">\n\t\t\t<div class=\"elementor-widget-wrap elementor-element-populated\">\n\t\t\t\t\t\t<div class=\"elementor-element elementor-element-75dd08e elementor-alert-warning elementor-widget elementor-widget-alert\" data-id=\"75dd08e\" data-element_type=\"widget\" data-e-type=\"widget\" data-widget_type=\"alert.default\">\n\t\t\t\t<div class=\"elementor-widget-container\">\n\t\t\t\t\t\t\t<div class=\"elementor-alert\" role=\"alert\">\n\n\t\t\t\t\t\t<span class=\"elementor-alert-title\">Ai o \u00eentrebare despre admiterea la ID\/IFR?<\/span>\n\t\t\t\n\t\t\t\t\t\t<span class=\"elementor-alert-description\">\u00ce\u021bi st\u0103m la dispozi\u021bie la num\u0103rul de telefon:<br> <strong>(+4)0725 890 389<\/strong><br><strong>(+4)0725 890 988<\/strong> <br><strong> (+4)0256403300\n\n<\/span>\n\t\t\t\n\t\t\t\n\t\t<\/div>\n\t\t\t\t\t\t<\/div>\n\t\t\t\t<\/div>\n\t\t\t\t<div class=\"elementor-element elementor-element-8e288ef elementor-alert-danger elementor-widget elementor-widget-alert\" data-id=\"8e288ef\" data-element_type=\"widget\" data-e-type=\"widget\" data-widget_type=\"alert.default\">\n\t\t\t\t<div class=\"elementor-widget-container\">\n\t\t\t\t\t\t\t<div class=\"elementor-alert\" role=\"alert\">\n\n\t\t\t\t\t\t<span class=\"elementor-alert-title\">Codul unic de indentificare<\/span>\n\t\t\t\n\t\t\t\t\t\t<span class=\"elementor-alert-description\">Dosarele de \u00eenscriere, transmise online de c\u0103tre candida\u021bi, vor fi verificate de membrii Comisiilor de Admitere ale Facult\u0103\u021bilor\/ grupului de Facult\u0103\u021bi care coordoneaz\u0103 sec\u021biunile la care s-au \u00eenscris candida\u021bii.<br> \u00cen urma valid\u0103rii dosarului, <strong>candidatul va primi prin e-mail codul unic de identificare<\/strong> al dosarului de \u00eenscriere. Acest cod va fi folosit pe parcursul \u00eentregului proces de admitere.\n<\/span>\n\t\t\t\n\t\t\t\n\t\t<\/div>\n\t\t\t\t\t\t<\/div>\n\t\t\t\t<\/div>\n\t\t\t\t\t<\/div>\n\t\t<\/div>\n\t\t\t\t\t<\/div>\n\t\t<\/section>\n\t\t\t\t<section class=\"elementor-section elementor-top-section elementor-element elementor-element-b8d1a96 elementor-section-boxed elementor-section-height-default elementor-section-height-default\" data-id=\"b8d1a96\" data-element_type=\"section\" data-e-type=\"section\">\n\t\t\t\t\t\t<div class=\"elementor-container elementor-column-gap-default\">\n\t\t\t\t\t<div class=\"elementor-column elementor-col-100 elementor-top-column elementor-element elementor-element-aefc36e\" data-id=\"aefc36e\" data-element_type=\"column\" data-e-type=\"column\">\n\t\t\t<div class=\"elementor-widget-wrap\">\n\t\t\t\t\t\t\t<\/div>\n\t\t<\/div>\n\t\t\t\t\t<\/div>\n\t\t<\/section>\n\t\t\t\t<section class=\"elementor-section elementor-top-section elementor-element elementor-element-7c1baba elementor-section-boxed elementor-section-height-default elementor-section-height-default\" data-id=\"7c1baba\" data-element_type=\"section\" data-e-type=\"section\">\n\t\t\t\t\t\t<div class=\"elementor-container elementor-column-gap-default\">\n\t\t\t\t\t<div class=\"elementor-column elementor-col-100 elementor-top-column elementor-element elementor-element-9c52cea\" data-id=\"9c52cea\" data-element_type=\"column\" data-e-type=\"column\">\n\t\t\t<div class=\"elementor-widget-wrap elementor-element-populated\">\n\t\t\t\t\t\t<div class=\"elementor-element elementor-element-f8e512b elementor-widget elementor-widget-heading\" data-id=\"f8e512b\" data-element_type=\"widget\" data-e-type=\"widget\" data-widget_type=\"heading.default\">\n\t\t\t\t<div class=\"elementor-widget-container\">\n\t\t\t\t\t<h3 class=\"elementor-heading-title elementor-size-default\">\u00centreb\u0103ri frecvente<\/h3>\t\t\t\t<\/div>\n\t\t\t\t<\/div>\n\t\t\t\t\t<\/div>\n\t\t<\/div>\n\t\t\t\t\t<\/div>\n\t\t<\/section>\n\t\t\t\t<section class=\"elementor-section elementor-top-section elementor-element elementor-element-81db2a3 elementor-section-boxed elementor-section-height-default elementor-section-height-default\" data-id=\"81db2a3\" data-element_type=\"section\" data-e-type=\"section\">\n\t\t\t\t\t\t<div class=\"elementor-container elementor-column-gap-default\">\n\t\t\t\t\t<div class=\"elementor-column elementor-col-100 elementor-top-column elementor-element elementor-element-2b84d02\" data-id=\"2b84d02\" data-element_type=\"column\" data-e-type=\"column\">\n\t\t\t<div class=\"elementor-widget-wrap elementor-element-populated\">\n\t\t\t\t\t\t<div class=\"elementor-element elementor-element-8840c54 elementor-widget elementor-widget-accordion\" data-id=\"8840c54\" data-element_type=\"widget\" data-e-type=\"widget\" data-widget_type=\"accordion.default\">\n\t\t\t\t<div class=\"elementor-widget-container\">\n\t\t\t\t\t\t\t<div class=\"elementor-accordion\">\n\t\t\t\t\t\t\t<div class=\"elementor-accordion-item\">\n\t\t\t\t\t<div id=\"elementor-tab-title-1421\" class=\"elementor-tab-title\" data-tab=\"1\" role=\"button\" aria-controls=\"elementor-tab-content-1421\" aria-expanded=\"false\">\n\t\t\t\t\t\t\t\t\t\t\t\t\t<span class=\"elementor-accordion-icon elementor-accordion-icon-left\" aria-hidden=\"true\">\n\t\t\t\t\t\t\t\t\t\t\t\t\t\t\t<span class=\"elementor-accordion-icon-closed\"><i class=\"fas fa-plus\"><\/i><\/span>\n\t\t\t\t\t\t\t\t<span class=\"elementor-accordion-icon-opened\"><i class=\"fas fa-minus\"><\/i><\/span>\n\t\t\t\t\t\t\t\t\t\t\t\t\t\t<\/span>\n\t\t\t\t\t\t\t\t\t\t\t\t<a class=\"elementor-accordion-title\" tabindex=\"0\">Care este diferen\u021ba dintre \u00eenv\u0103\u021b\u0103m\u00e2ntul la distan\u021b\u0103 \u0219i cel de la zi?<\/a>\n\t\t\t\t\t<\/div>\n\t\t\t\t\t<div id=\"elementor-tab-content-1421\" class=\"elementor-tab-content elementor-clearfix\" data-tab=\"1\" role=\"region\" aria-labelledby=\"elementor-tab-title-1421\"><p>\u00cenv\u0103\u021b\u0103m\u00e2ntul la distan\u021b\u0103 confer\u0103 aceea\u0219i diplom\u0103 ca \u0219i \u00een cazul studiilor la forma de \u00eenv\u0103\u021b\u0103m\u00e2nt cu frecven\u021b\u0103 iar curricula \u0219i cursurile sunt identice cu cele de la forma de \u00eenv\u0103\u021b\u0103m\u00e2nt de zi. Diferen\u021ba const\u0103 \u00een num\u0103rul de \u00eent\u00e2lniri fa\u021ba \u00een fa\u021b\u0103 cu cadrele didactice. \u00cen cazul \u00eenv\u0103\u021b\u0103m\u00e2ntului la distan\u021b\u0103, au loc 4 \u00eent\u00e2lniri \u00een universitate, \u00een fiecare semestru, numai \u00een zilele de weekend. Totodat\u0103, administrarea temelor \/ proiectelor \u0219i suportul de curs sunt desf\u0103\u0219urate prin platforma Campus Virtual al UPT.<\/p><\/div>\n\t\t\t\t<\/div>\n\t\t\t\t\t\t\t<div class=\"elementor-accordion-item\">\n\t\t\t\t\t<div id=\"elementor-tab-title-1422\" class=\"elementor-tab-title\" data-tab=\"2\" role=\"button\" aria-controls=\"elementor-tab-content-1422\" aria-expanded=\"false\">\n\t\t\t\t\t\t\t\t\t\t\t\t\t<span class=\"elementor-accordion-icon elementor-accordion-icon-left\" aria-hidden=\"true\">\n\t\t\t\t\t\t\t\t\t\t\t\t\t\t\t<span class=\"elementor-accordion-icon-closed\"><i class=\"fas fa-plus\"><\/i><\/span>\n\t\t\t\t\t\t\t\t<span class=\"elementor-accordion-icon-opened\"><i class=\"fas fa-minus\"><\/i><\/span>\n\t\t\t\t\t\t\t\t\t\t\t\t\t\t<\/span>\n\t\t\t\t\t\t\t\t\t\t\t\t<a class=\"elementor-accordion-title\" tabindex=\"0\">Examenele \u00een regim ID\/IFR se pot sus\u021bine online?<\/a>\n\t\t\t\t\t<\/div>\n\t\t\t\t\t<div id=\"elementor-tab-content-1422\" class=\"elementor-tab-content elementor-clearfix\" data-tab=\"2\" role=\"region\" aria-labelledby=\"elementor-tab-title-1422\"><p>Nu. \u00cen regimul de studiu ID\/ IFR examenele se su\u021bin \u00een perioada sesiunii, la sediul facult\u0103\u021bii, \u00eensa sunt programate numai \u00een zilele de weekend.<\/p><\/div>\n\t\t\t\t<\/div>\n\t\t\t\t\t\t\t<div class=\"elementor-accordion-item\">\n\t\t\t\t\t<div id=\"elementor-tab-title-1423\" class=\"elementor-tab-title\" data-tab=\"3\" role=\"button\" aria-controls=\"elementor-tab-content-1423\" aria-expanded=\"false\">\n\t\t\t\t\t\t\t\t\t\t\t\t\t<span class=\"elementor-accordion-icon elementor-accordion-icon-left\" aria-hidden=\"true\">\n\t\t\t\t\t\t\t\t\t\t\t\t\t\t\t<span class=\"elementor-accordion-icon-closed\"><i class=\"fas fa-plus\"><\/i><\/span>\n\t\t\t\t\t\t\t\t<span class=\"elementor-accordion-icon-opened\"><i class=\"fas fa-minus\"><\/i><\/span>\n\t\t\t\t\t\t\t\t\t\t\t\t\t\t<\/span>\n\t\t\t\t\t\t\t\t\t\t\t\t<a class=\"elementor-accordion-title\" tabindex=\"0\">Care este forma concursului de admitere pentru \u00eenv\u0103\u021b\u0103m\u00e2ntul \u00een regim ID\/IFR?<\/a>\n\t\t\t\t\t<\/div>\n\t\t\t\t\t<div id=\"elementor-tab-content-1423\" class=\"elementor-tab-content elementor-clearfix\" data-tab=\"3\" role=\"region\" aria-labelledby=\"elementor-tab-title-1423\"><p>Admiterea pentru \u00eenv\u0103\u021b\u0103m\u00e2ntul \u00een regim ID\/IFR se organizeaz\u0103 prin concurs de dosare. Criteriul de departajare este media ob\u021binut\u0103 la Bacalaureat.<\/p><\/div>\n\t\t\t\t<\/div>\n\t\t\t\t\t\t\t<div class=\"elementor-accordion-item\">\n\t\t\t\t\t<div id=\"elementor-tab-title-1424\" class=\"elementor-tab-title\" data-tab=\"4\" role=\"button\" aria-controls=\"elementor-tab-content-1424\" aria-expanded=\"false\">\n\t\t\t\t\t\t\t\t\t\t\t\t\t<span class=\"elementor-accordion-icon elementor-accordion-icon-left\" aria-hidden=\"true\">\n\t\t\t\t\t\t\t\t\t\t\t\t\t\t\t<span class=\"elementor-accordion-icon-closed\"><i class=\"fas fa-plus\"><\/i><\/span>\n\t\t\t\t\t\t\t\t<span class=\"elementor-accordion-icon-opened\"><i class=\"fas fa-minus\"><\/i><\/span>\n\t\t\t\t\t\t\t\t\t\t\t\t\t\t<\/span>\n\t\t\t\t\t\t\t\t\t\t\t\t<a class=\"elementor-accordion-title\" tabindex=\"0\">Dac\u0103 am mai terminat o facultate sau am studiat la o alt\u0103 facultate \u0219i am \u00eentrerupt studiile, mi se pot echivala anumite discipline comune?<\/a>\n\t\t\t\t\t<\/div>\n\t\t\t\t\t<div id=\"elementor-tab-content-1424\" class=\"elementor-tab-content elementor-clearfix\" data-tab=\"4\" role=\"region\" aria-labelledby=\"elementor-tab-title-1424\"><p>Da. \u00cen cazul \u00een care a\u021bi absolvit o facultate la ciclul de licen\u021b\u0103 sau a\u021bi urmat cursurile unei specializ\u0103ri par\u021bial, disciplinele comune cu curricula specializ\u0103rii la care aplica\u021bi pot fi echivalate. Procesul de echivalare presupune ata\u0219area la dosarul de admitere a unei cereri de echivalare, \u00eempreun\u0103 cu dovada taxei de echivalare \u0219i a foii matricole integrale sau par\u021biale de la ciclul de licen\u021b\u0103 absolvit.<\/p><\/div>\n\t\t\t\t<\/div>\n\t\t\t\t\t\t\t<div class=\"elementor-accordion-item\">\n\t\t\t\t\t<div id=\"elementor-tab-title-1425\" class=\"elementor-tab-title\" data-tab=\"5\" role=\"button\" aria-controls=\"elementor-tab-content-1425\" aria-expanded=\"false\">\n\t\t\t\t\t\t\t\t\t\t\t\t\t<span class=\"elementor-accordion-icon elementor-accordion-icon-left\" aria-hidden=\"true\">\n\t\t\t\t\t\t\t\t\t\t\t\t\t\t\t<span class=\"elementor-accordion-icon-closed\"><i class=\"fas fa-plus\"><\/i><\/span>\n\t\t\t\t\t\t\t\t<span class=\"elementor-accordion-icon-opened\"><i class=\"fas fa-minus\"><\/i><\/span>\n\t\t\t\t\t\t\t\t\t\t\t\t\t\t<\/span>\n\t\t\t\t\t\t\t\t\t\t\t\t<a class=\"elementor-accordion-title\" tabindex=\"0\">Care sunt actele de care am nevoie pentru \u00eenscrierea la o specializare \u00een regim ID\/IFR?<\/a>\n\t\t\t\t\t<\/div>\n\t\t\t\t\t<div id=\"elementor-tab-content-1425\" class=\"elementor-tab-content elementor-clearfix\" data-tab=\"5\" role=\"region\" aria-labelledby=\"elementor-tab-title-1425\"><p>Dosarul de \u00eenscriere la una din specializ\u0103rile \u00een regim ID\/IFR trebuie s\u0103 con\u021bin\u0103 urm\u0103toarele acte:<\/p><p>&#8211; diploma de bacalaureat sau diploma echivalent\u0103, \u00een original sau copie legalizat\u0103<\/p><p>&#8211; copie dup\u0103 foaia matricol\u0103 cu notele ob\u0163inute pe parcursul liceului, elaborat\u0103 conform legisla\u0163iei \u00een vigoare; copia va fi certificat\u0103 de unul din membrii Comisiei de Admitere a Facult\u0103\u0163ii\/grupului de Facult\u0103\u0163i, \u00een baza originalului<\/p><p>&#8211; copie dup\u0103 buletinul\/cartea de identitate a candidatului; copia va fi certificat\u0103 de unul din membrii Comisiei de Admitere a Facult\u0103\u0163ii\/grupului de Facult\u0103\u0163i;<\/p><p>&#8211; certificatul de na\u015ftere, certificat\u0103 de unul din membrii Comisiei de Admitere a Facult\u0103\u0163ii\/grupului de Facult\u0103\u0163i;<\/p><p>&#8211; adeverin\u0163\u0103 medical\u0103 tip MS 18.1.1. la care se va anexa \u0219i situa\u021bia vaccinurilor, la zi<\/p><p>&#8211; trei fotografii color de tip diplom\u0103;<\/p><p>&#8211; dovada achit\u0103rii taxei de \u00eenscriere (chitan\u0163\u0103, aviz etc.); dac\u0103 plata se face prin depunerea taxei \u00een contul alocat facult\u0103\u0163ii pentru colectarea taxelor de \u00eenscriere atunci dovada eliberat\u0103 de banc\u0103 va trebui s\u0103 con\u0163in\u0103 urm\u0103torul text: \u201etax\u0103 de \u00eenscriere la admitere UPT, Facultatea &#8230;, sesiunea iulie 2018, pentru &#8230;.\u201d (se va men\u0163iona numele candidatului);<\/p><p>&#8211; diploma de licen\u0163\u0103 sau de absolvire \u015fi foaia matricol\u0103 \u00een copie legalizat\u0103\/ foaia matricol\u0103 par\u021bial\u0103 \u2013 \u00een cazul studen\u021bilor care au absolvit sau urmat par\u021bial cursurile altor facult\u0103\u021bi \u0219i doresc echivalarea anumitor discipline<\/p><p>&#8211; Candida\u0163ii la Facultatea de \u015etiin\u0163e ale Comunic\u0103rii vor anexa, de asemenea, adeverin\u0163a ob\u0163inut\u0103 \u00een urma sus\u0163inerii probei de competen\u0163\u0103 ligvistic\u0103 (conform Art. 4) sau copie legalizat\u0103 dup\u0103 unul din urm\u0103toarele acte (corespunz\u0103tor limbii programului de studii implicat):<\/p><\/div>\n\t\t\t\t<\/div>\n\t\t\t\t\t\t\t\t<\/div>\n\t\t\t\t\t\t<\/div>\n\t\t\t\t<\/div>\n\t\t\t\t\t<\/div>\n\t\t<\/div>\n\t\t\t\t\t<\/div>\n\t\t<\/section>\n\t\t\t\t<\/div>\n\t\t","protected":false},"excerpt":{"rendered":"<p>Admitere 2020 pentru cursurile de \u00eenv\u0103\u021b\u0103m\u00e2nt la distan\u021b\u0103 \u015fi cu frecven\u0163\u0103 redus\u0103 la Universitatea Politehnica Timi\u0219oara. Afl\u0103 toate informa\u021biile de care ai nevoie aici.<\/p>\n","protected":false},"author":13,"featured_media":10557,"comment_status":"closed","ping_status":"closed","sticky":false,"template":"","format":"standard","meta":{"footnotes":""},"categories":[76,251,77],"tags":[318,320,319,323,321,322,324,325],"class_list":["post-10553","post","type-post","status-publish","format-standard","has-post-thumbnail","hentry","category-educatie","category-noutati","category-noutati-educatie","tag-admitere-2020","tag-admitere-id-ifr","tag-admitere-invatamant-distanta","tag-admitere-online","tag-calendar-admitere","tag-inscriere-online","tag-specializari-id-ifr","tag-taxe-admitere"],"yoast_head":"<!-- This site is optimized with the Yoast SEO plugin v27.4 - https:\/\/yoast.com\/product\/yoast-seo-wordpress\/ -->\n<title>ADMITERE 2020 - ID\/IFR - Calendar - \u00censcriere online - Specializ\u0103ri - Taxe - Universitatea Politehnica Timi\u015foara Departamentul de ID\/IFR \u0219i Educa\u021bie Digital\u0103 \u2013 DeL<\/title>\n<meta name=\"robots\" content=\"index, follow, max-snippet:-1, max-image-preview:large, max-video-preview:-1\" \/>\n<link rel=\"canonical\" href=\"https:\/\/elearning.upt.ro\/ro\/educatie\/admitere-2020-id-ifr-calendar-inscriere-online-specializari-taxe\/\" \/>\n<meta property=\"og:locale\" content=\"ro_RO\" \/>\n<meta property=\"og:type\" content=\"article\" \/>\n<meta property=\"og:title\" content=\"ADMITERE 2020 - ID\/IFR - Calendar - \u00censcriere online - Specializ\u0103ri - Taxe - Universitatea Politehnica Timi\u015foara Departamentul de ID\/IFR \u0219i Educa\u021bie Digital\u0103 \u2013 DeL\" \/>\n<meta property=\"og:description\" content=\"Admitere 2020 pentru cursurile de \u00eenv\u0103\u021b\u0103m\u00e2nt la distan\u021b\u0103 \u015fi cu frecven\u0163\u0103 redus\u0103 la Universitatea Politehnica Timi\u0219oara. Afl\u0103 toate informa\u021biile de care ai nevoie aici.\" \/>\n<meta property=\"og:url\" content=\"https:\/\/elearning.upt.ro\/ro\/educatie\/admitere-2020-id-ifr-calendar-inscriere-online-specializari-taxe\/\" \/>\n<meta property=\"og:site_name\" content=\"Universitatea Politehnica Timi\u015foara Departamentul de ID\/IFR \u0219i Educa\u021bie Digital\u0103 \u2013 DeL\" \/>\n<meta property=\"article:publisher\" content=\"https:\/\/www.facebook.com\/CIDUPT\/?ref=page_internal\" \/>\n<meta property=\"article:published_time\" content=\"2020-06-16T07:36:36+00:00\" \/>\n<meta property=\"article:modified_time\" content=\"2020-06-29T11:42:45+00:00\" \/>\n<meta property=\"og:image\" content=\"https:\/\/elearning.upt.ro\/wp-content\/uploads\/2020\/06\/Admitere-2020-05.png\" \/>\n\t<meta property=\"og:image:width\" content=\"1920\" \/>\n\t<meta property=\"og:image:height\" content=\"1080\" \/>\n\t<meta property=\"og:image:type\" content=\"image\/png\" \/>\n<meta name=\"author\" content=\"CeL\" \/>\n<meta name=\"twitter:card\" content=\"summary_large_image\" \/>\n<meta name=\"twitter:label1\" content=\"Written by\" \/>\n\t<meta name=\"twitter:data1\" content=\"CeL\" \/>\n\t<meta name=\"twitter:label2\" content=\"Est. reading time\" \/>\n\t<meta name=\"twitter:data2\" content=\"10 minutes\" \/>\n<script type=\"application\/ld+json\" class=\"yoast-schema-graph\">{\"@context\":\"https:\\\/\\\/schema.org\",\"@graph\":[{\"@type\":\"Article\",\"@id\":\"https:\\\/\\\/elearning.upt.ro\\\/en\\\/educatie\\\/admitere-2020-id-ifr-calendar-inscriere-online-specializari-taxe\\\/#article\",\"isPartOf\":{\"@id\":\"https:\\\/\\\/elearning.upt.ro\\\/en\\\/educatie\\\/admitere-2020-id-ifr-calendar-inscriere-online-specializari-taxe\\\/\"},\"author\":{\"name\":\"CeL\",\"@id\":\"https:\\\/\\\/elearning.upt.ro\\\/ro\\\/#\\\/schema\\\/person\\\/8bb5b84d8e634ea763262c452a39b3f4\"},\"headline\":\"ADMITERE 2020 &#8211; ID\\\/IFR &#8211; Calendar &#8211; \u00censcriere online &#8211; Specializ\u0103ri &#8211; Taxe\",\"datePublished\":\"2020-06-16T07:36:36+00:00\",\"dateModified\":\"2020-06-29T11:42:45+00:00\",\"mainEntityOfPage\":{\"@id\":\"https:\\\/\\\/elearning.upt.ro\\\/en\\\/educatie\\\/admitere-2020-id-ifr-calendar-inscriere-online-specializari-taxe\\\/\"},\"wordCount\":1930,\"image\":{\"@id\":\"https:\\\/\\\/elearning.upt.ro\\\/en\\\/educatie\\\/admitere-2020-id-ifr-calendar-inscriere-online-specializari-taxe\\\/#primaryimage\"},\"thumbnailUrl\":\"https:\\\/\\\/elearning.upt.ro\\\/wp-content\\\/uploads\\\/2020\\\/06\\\/Admitere-2020-05.png\",\"keywords\":[\"admitere 2020\",\"admitere id\\\/ifr\",\"admitere invatamant distanta\",\"admitere online\",\"calendar admitere\",\"inscriere online\",\"specializari ID\\\/IFR\",\"taxe admitere\"],\"articleSection\":[\"Educatie\",\"Noutati\",\"Noutati Educatie\"],\"inLanguage\":\"ro-RO\"},{\"@type\":\"WebPage\",\"@id\":\"https:\\\/\\\/elearning.upt.ro\\\/en\\\/educatie\\\/admitere-2020-id-ifr-calendar-inscriere-online-specializari-taxe\\\/\",\"url\":\"https:\\\/\\\/elearning.upt.ro\\\/en\\\/educatie\\\/admitere-2020-id-ifr-calendar-inscriere-online-specializari-taxe\\\/\",\"name\":\"ADMITERE 2020 - ID\\\/IFR - Calendar - \u00censcriere online - Specializ\u0103ri - Taxe - Universitatea Politehnica Timi\u015foara Departamentul de ID\\\/IFR \u0219i Educa\u021bie Digital\u0103 \u2013 DeL\",\"isPartOf\":{\"@id\":\"https:\\\/\\\/elearning.upt.ro\\\/ro\\\/#website\"},\"primaryImageOfPage\":{\"@id\":\"https:\\\/\\\/elearning.upt.ro\\\/en\\\/educatie\\\/admitere-2020-id-ifr-calendar-inscriere-online-specializari-taxe\\\/#primaryimage\"},\"image\":{\"@id\":\"https:\\\/\\\/elearning.upt.ro\\\/en\\\/educatie\\\/admitere-2020-id-ifr-calendar-inscriere-online-specializari-taxe\\\/#primaryimage\"},\"thumbnailUrl\":\"https:\\\/\\\/elearning.upt.ro\\\/wp-content\\\/uploads\\\/2020\\\/06\\\/Admitere-2020-05.png\",\"datePublished\":\"2020-06-16T07:36:36+00:00\",\"dateModified\":\"2020-06-29T11:42:45+00:00\",\"author\":{\"@id\":\"https:\\\/\\\/elearning.upt.ro\\\/ro\\\/#\\\/schema\\\/person\\\/8bb5b84d8e634ea763262c452a39b3f4\"},\"breadcrumb\":{\"@id\":\"https:\\\/\\\/elearning.upt.ro\\\/en\\\/educatie\\\/admitere-2020-id-ifr-calendar-inscriere-online-specializari-taxe\\\/#breadcrumb\"},\"inLanguage\":\"ro-RO\",\"potentialAction\":[{\"@type\":\"ReadAction\",\"target\":[\"https:\\\/\\\/elearning.upt.ro\\\/en\\\/educatie\\\/admitere-2020-id-ifr-calendar-inscriere-online-specializari-taxe\\\/\"]}]},{\"@type\":\"ImageObject\",\"inLanguage\":\"ro-RO\",\"@id\":\"https:\\\/\\\/elearning.upt.ro\\\/en\\\/educatie\\\/admitere-2020-id-ifr-calendar-inscriere-online-specializari-taxe\\\/#primaryimage\",\"url\":\"https:\\\/\\\/elearning.upt.ro\\\/wp-content\\\/uploads\\\/2020\\\/06\\\/Admitere-2020-05.png\",\"contentUrl\":\"https:\\\/\\\/elearning.upt.ro\\\/wp-content\\\/uploads\\\/2020\\\/06\\\/Admitere-2020-05.png\",\"width\":1920,\"height\":1080},{\"@type\":\"BreadcrumbList\",\"@id\":\"https:\\\/\\\/elearning.upt.ro\\\/en\\\/educatie\\\/admitere-2020-id-ifr-calendar-inscriere-online-specializari-taxe\\\/#breadcrumb\",\"itemListElement\":[{\"@type\":\"ListItem\",\"position\":1,\"name\":\"Home\",\"item\":\"https:\\\/\\\/elearning.upt.ro\\\/\"},{\"@type\":\"ListItem\",\"position\":2,\"name\":\"ADMITERE 2020 &#8211; ID\\\/IFR &#8211; Calendar &#8211; \u00censcriere online &#8211; Specializ\u0103ri &#8211; Taxe\"}]},{\"@type\":\"WebSite\",\"@id\":\"https:\\\/\\\/elearning.upt.ro\\\/ro\\\/#website\",\"url\":\"https:\\\/\\\/elearning.upt.ro\\\/ro\\\/\",\"name\":\"Universitatea Politehnica Timi\u015foara Departamentul de ID\\\/IFR \u0219i Educa\u021bie Digital\u0103 \u2013 DeL\",\"description\":\"\",\"potentialAction\":[{\"@type\":\"SearchAction\",\"target\":{\"@type\":\"EntryPoint\",\"urlTemplate\":\"https:\\\/\\\/elearning.upt.ro\\\/ro\\\/?s={search_term_string}\"},\"query-input\":{\"@type\":\"PropertyValueSpecification\",\"valueRequired\":true,\"valueName\":\"search_term_string\"}}],\"inLanguage\":\"ro-RO\"},{\"@type\":\"Person\",\"@id\":\"https:\\\/\\\/elearning.upt.ro\\\/ro\\\/#\\\/schema\\\/person\\\/8bb5b84d8e634ea763262c452a39b3f4\",\"name\":\"CeL\",\"image\":{\"@type\":\"ImageObject\",\"inLanguage\":\"ro-RO\",\"@id\":\"https:\\\/\\\/secure.gravatar.com\\\/avatar\\\/9b67430c18ee40ef4a63a577131abb63a54ca1b5fbb5ec183bcc2003d846a51f?s=96&d=mm&r=g\",\"url\":\"https:\\\/\\\/secure.gravatar.com\\\/avatar\\\/9b67430c18ee40ef4a63a577131abb63a54ca1b5fbb5ec183bcc2003d846a51f?s=96&d=mm&r=g\",\"contentUrl\":\"https:\\\/\\\/secure.gravatar.com\\\/avatar\\\/9b67430c18ee40ef4a63a577131abb63a54ca1b5fbb5ec183bcc2003d846a51f?s=96&d=mm&r=g\",\"caption\":\"CeL\"},\"url\":\"https:\\\/\\\/elearning.upt.ro\\\/ro\\\/author\\\/renateiovi\\\/\"}]}<\/script>\n<!-- \/ Yoast SEO plugin. -->","yoast_head_json":{"title":"ADMITERE 2020 - ID\/IFR - Calendar - \u00censcriere online - Specializ\u0103ri - Taxe - Universitatea Politehnica Timi\u015foara Departamentul de ID\/IFR \u0219i Educa\u021bie Digital\u0103 \u2013 DeL","robots":{"index":"index","follow":"follow","max-snippet":"max-snippet:-1","max-image-preview":"max-image-preview:large","max-video-preview":"max-video-preview:-1"},"canonical":"https:\/\/elearning.upt.ro\/ro\/educatie\/admitere-2020-id-ifr-calendar-inscriere-online-specializari-taxe\/","og_locale":"ro_RO","og_type":"article","og_title":"ADMITERE 2020 - ID\/IFR - Calendar - \u00censcriere online - Specializ\u0103ri - Taxe - Universitatea Politehnica Timi\u015foara Departamentul de ID\/IFR \u0219i Educa\u021bie Digital\u0103 \u2013 DeL","og_description":"Admitere 2020 pentru cursurile de \u00eenv\u0103\u021b\u0103m\u00e2nt la distan\u021b\u0103 \u015fi cu frecven\u0163\u0103 redus\u0103 la Universitatea Politehnica Timi\u0219oara. Afl\u0103 toate informa\u021biile de care ai nevoie aici.","og_url":"https:\/\/elearning.upt.ro\/ro\/educatie\/admitere-2020-id-ifr-calendar-inscriere-online-specializari-taxe\/","og_site_name":"Universitatea Politehnica Timi\u015foara Departamentul de ID\/IFR \u0219i Educa\u021bie Digital\u0103 \u2013 DeL","article_publisher":"https:\/\/www.facebook.com\/CIDUPT\/?ref=page_internal","article_published_time":"2020-06-16T07:36:36+00:00","article_modified_time":"2020-06-29T11:42:45+00:00","og_image":[{"width":1920,"height":1080,"url":"https:\/\/elearning.upt.ro\/wp-content\/uploads\/2020\/06\/Admitere-2020-05.png","type":"image\/png"}],"author":"CeL","twitter_card":"summary_large_image","twitter_misc":{"Written by":"CeL","Est. reading time":"10 minutes"},"schema":{"@context":"https:\/\/schema.org","@graph":[{"@type":"Article","@id":"https:\/\/elearning.upt.ro\/en\/educatie\/admitere-2020-id-ifr-calendar-inscriere-online-specializari-taxe\/#article","isPartOf":{"@id":"https:\/\/elearning.upt.ro\/en\/educatie\/admitere-2020-id-ifr-calendar-inscriere-online-specializari-taxe\/"},"author":{"name":"CeL","@id":"https:\/\/elearning.upt.ro\/ro\/#\/schema\/person\/8bb5b84d8e634ea763262c452a39b3f4"},"headline":"ADMITERE 2020 &#8211; ID\/IFR &#8211; Calendar &#8211; \u00censcriere online &#8211; Specializ\u0103ri &#8211; Taxe","datePublished":"2020-06-16T07:36:36+00:00","dateModified":"2020-06-29T11:42:45+00:00","mainEntityOfPage":{"@id":"https:\/\/elearning.upt.ro\/en\/educatie\/admitere-2020-id-ifr-calendar-inscriere-online-specializari-taxe\/"},"wordCount":1930,"image":{"@id":"https:\/\/elearning.upt.ro\/en\/educatie\/admitere-2020-id-ifr-calendar-inscriere-online-specializari-taxe\/#primaryimage"},"thumbnailUrl":"https:\/\/elearning.upt.ro\/wp-content\/uploads\/2020\/06\/Admitere-2020-05.png","keywords":["admitere 2020","admitere id\/ifr","admitere invatamant distanta","admitere online","calendar admitere","inscriere online","specializari ID\/IFR","taxe admitere"],"articleSection":["Educatie","Noutati","Noutati Educatie"],"inLanguage":"ro-RO"},{"@type":"WebPage","@id":"https:\/\/elearning.upt.ro\/en\/educatie\/admitere-2020-id-ifr-calendar-inscriere-online-specializari-taxe\/","url":"https:\/\/elearning.upt.ro\/en\/educatie\/admitere-2020-id-ifr-calendar-inscriere-online-specializari-taxe\/","name":"ADMITERE 2020 - ID\/IFR - Calendar - \u00censcriere online - Specializ\u0103ri - Taxe - Universitatea Politehnica Timi\u015foara Departamentul de ID\/IFR \u0219i Educa\u021bie Digital\u0103 \u2013 DeL","isPartOf":{"@id":"https:\/\/elearning.upt.ro\/ro\/#website"},"primaryImageOfPage":{"@id":"https:\/\/elearning.upt.ro\/en\/educatie\/admitere-2020-id-ifr-calendar-inscriere-online-specializari-taxe\/#primaryimage"},"image":{"@id":"https:\/\/elearning.upt.ro\/en\/educatie\/admitere-2020-id-ifr-calendar-inscriere-online-specializari-taxe\/#primaryimage"},"thumbnailUrl":"https:\/\/elearning.upt.ro\/wp-content\/uploads\/2020\/06\/Admitere-2020-05.png","datePublished":"2020-06-16T07:36:36+00:00","dateModified":"2020-06-29T11:42:45+00:00","author":{"@id":"https:\/\/elearning.upt.ro\/ro\/#\/schema\/person\/8bb5b84d8e634ea763262c452a39b3f4"},"breadcrumb":{"@id":"https:\/\/elearning.upt.ro\/en\/educatie\/admitere-2020-id-ifr-calendar-inscriere-online-specializari-taxe\/#breadcrumb"},"inLanguage":"ro-RO","potentialAction":[{"@type":"ReadAction","target":["https:\/\/elearning.upt.ro\/en\/educatie\/admitere-2020-id-ifr-calendar-inscriere-online-specializari-taxe\/"]}]},{"@type":"ImageObject","inLanguage":"ro-RO","@id":"https:\/\/elearning.upt.ro\/en\/educatie\/admitere-2020-id-ifr-calendar-inscriere-online-specializari-taxe\/#primaryimage","url":"https:\/\/elearning.upt.ro\/wp-content\/uploads\/2020\/06\/Admitere-2020-05.png","contentUrl":"https:\/\/elearning.upt.ro\/wp-content\/uploads\/2020\/06\/Admitere-2020-05.png","width":1920,"height":1080},{"@type":"BreadcrumbList","@id":"https:\/\/elearning.upt.ro\/en\/educatie\/admitere-2020-id-ifr-calendar-inscriere-online-specializari-taxe\/#breadcrumb","itemListElement":[{"@type":"ListItem","position":1,"name":"Home","item":"https:\/\/elearning.upt.ro\/"},{"@type":"ListItem","position":2,"name":"ADMITERE 2020 &#8211; ID\/IFR &#8211; Calendar &#8211; \u00censcriere online &#8211; Specializ\u0103ri &#8211; Taxe"}]},{"@type":"WebSite","@id":"https:\/\/elearning.upt.ro\/ro\/#website","url":"https:\/\/elearning.upt.ro\/ro\/","name":"Universitatea Politehnica Timi\u015foara Departamentul de ID\/IFR \u0219i Educa\u021bie Digital\u0103 \u2013 DeL","description":"","potentialAction":[{"@type":"SearchAction","target":{"@type":"EntryPoint","urlTemplate":"https:\/\/elearning.upt.ro\/ro\/?s={search_term_string}"},"query-input":{"@type":"PropertyValueSpecification","valueRequired":true,"valueName":"search_term_string"}}],"inLanguage":"ro-RO"},{"@type":"Person","@id":"https:\/\/elearning.upt.ro\/ro\/#\/schema\/person\/8bb5b84d8e634ea763262c452a39b3f4","name":"CeL","image":{"@type":"ImageObject","inLanguage":"ro-RO","@id":"https:\/\/secure.gravatar.com\/avatar\/9b67430c18ee40ef4a63a577131abb63a54ca1b5fbb5ec183bcc2003d846a51f?s=96&d=mm&r=g","url":"https:\/\/secure.gravatar.com\/avatar\/9b67430c18ee40ef4a63a577131abb63a54ca1b5fbb5ec183bcc2003d846a51f?s=96&d=mm&r=g","contentUrl":"https:\/\/secure.gravatar.com\/avatar\/9b67430c18ee40ef4a63a577131abb63a54ca1b5fbb5ec183bcc2003d846a51f?s=96&d=mm&r=g","caption":"CeL"},"url":"https:\/\/elearning.upt.ro\/ro\/author\/renateiovi\/"}]}},"_links":{"self":[{"href":"https:\/\/elearning.upt.ro\/ro\/wp-json\/wp\/v2\/posts\/10553","targetHints":{"allow":["GET"]}}],"collection":[{"href":"https:\/\/elearning.upt.ro\/ro\/wp-json\/wp\/v2\/posts"}],"about":[{"href":"https:\/\/elearning.upt.ro\/ro\/wp-json\/wp\/v2\/types\/post"}],"author":[{"embeddable":true,"href":"https:\/\/elearning.upt.ro\/ro\/wp-json\/wp\/v2\/users\/13"}],"replies":[{"embeddable":true,"href":"https:\/\/elearning.upt.ro\/ro\/wp-json\/wp\/v2\/comments?post=10553"}],"version-history":[{"count":15,"href":"https:\/\/elearning.upt.ro\/ro\/wp-json\/wp\/v2\/posts\/10553\/revisions"}],"predecessor-version":[{"id":11024,"href":"https:\/\/elearning.upt.ro\/ro\/wp-json\/wp\/v2\/posts\/10553\/revisions\/11024"}],"wp:featuredmedia":[{"embeddable":true,"href":"https:\/\/elearning.upt.ro\/ro\/wp-json\/wp\/v2\/media\/10557"}],"wp:attachment":[{"href":"https:\/\/elearning.upt.ro\/ro\/wp-json\/wp\/v2\/media?parent=10553"}],"wp:term":[{"taxonomy":"category","embeddable":true,"href":"https:\/\/elearning.upt.ro\/ro\/wp-json\/wp\/v2\/categories?post=10553"},{"taxonomy":"post_tag","embeddable":true,"href":"https:\/\/elearning.upt.ro\/ro\/wp-json\/wp\/v2\/tags?post=10553"}],"curies":[{"name":"wp","href":"https:\/\/api.w.org\/{rel}","templated":true}]}}