{"id":10129,"date":"2020-06-03T16:34:19","date_gmt":"2020-06-03T13:34:19","guid":{"rendered":"https:\/\/elearning.upt.ro\/?p=10129"},"modified":"2020-06-17T16:17:29","modified_gmt":"2020-06-17T13:17:29","slug":"webinar-impreunaonline-perspectiva-studentilor-timisoreni-asupra-educatiei-online","status":"publish","type":"post","link":"https:\/\/elearning.upt.ro\/ro\/comunitate\/noutati-comunitate\/webinar-impreunaonline-perspectiva-studentilor-timisoreni-asupra-educatiei-online\/","title":{"rendered":"Webinar #impreunaonline &#8211;  Perspectiva studen\u0163ilor timi\u015foreni asupra educa\u0163iei online"},"content":{"rendered":"\t\t<div data-elementor-type=\"wp-post\" data-elementor-id=\"10129\" class=\"elementor elementor-10129\">\n\t\t\t\t\t\t<section class=\"elementor-section elementor-top-section elementor-element elementor-element-889e299 elementor-section-boxed elementor-section-height-default elementor-section-height-default\" data-id=\"889e299\" data-element_type=\"section\" data-e-type=\"section\">\n\t\t\t\t\t\t<div class=\"elementor-container elementor-column-gap-default\">\n\t\t\t\t\t<div class=\"elementor-column elementor-col-100 elementor-top-column elementor-element elementor-element-c6c4636\" data-id=\"c6c4636\" data-element_type=\"column\" data-e-type=\"column\">\n\t\t\t<div class=\"elementor-widget-wrap elementor-element-populated\">\n\t\t\t\t\t\t<div class=\"elementor-element elementor-element-d9f2152 elementor-widget elementor-widget-text-editor\" data-id=\"d9f2152\" data-element_type=\"widget\" data-e-type=\"widget\" data-widget_type=\"text-editor.default\">\n\t\t\t\t<div class=\"elementor-widget-container\">\n\t\t\t\t\t\t\t\t\t<p><span style=\"color: #993300;\"><strong>#onlinetogether #impreunaonline<\/strong><\/span><\/p><p><span style=\"font-weight: 400;\">\u00cen aceast\u0103 perioad\u0103 de nesiguran\u021b\u0103 din cauza <strong>COVID-19<\/strong>, \u00een Rom\u00e2nia, la fel ca \u0219i \u00een alte \u021b\u0103ri, <strong>func\u021biile \u0219i<\/strong> <strong>activit\u0103\u021bile educa\u021bionale<\/strong> fa\u021b\u0103 \u00een fa\u021b\u0103 sunt mutate<strong> online<\/strong>, folosind aplica\u021bii, platforme \u0219i diverse unelte \u0219i metode de lucru pentru educa\u021bia la distan\u021b\u0103. <\/span><\/p><p><span style=\"font-weight: 400;\">Mul\u021bi dintre noi se lupt\u0103 cu adaptarea la munca \u0219i predarea online, \u00een special cei care au \u00eenv\u0103\u021bat \u00eentotdeauna \u00eentr-o clas\u0103 tradi\u021bional\u0103 \u0219i li se solicit\u0103 acum s\u0103 se regrupeze rapid \u0219i s\u0103 se preg\u0103teasc\u0103 pentru o perioad\u0103 mai lung\u0103 de <strong>\u201edistan\u021bare social\u0103\u201d educa\u021bional\u0103.<\/strong>\u00a0<\/span><\/p>\t\t\t\t\t\t\t\t<\/div>\n\t\t\t\t<\/div>\n\t\t\t\t<div class=\"elementor-element elementor-element-87db611 elementor-widget elementor-widget-text-editor\" data-id=\"87db611\" data-element_type=\"widget\" data-e-type=\"widget\" data-widget_type=\"text-editor.default\">\n\t\t\t\t<div class=\"elementor-widget-container\">\n\t\t\t\t\t\t\t\t\t<p>\u00cen cadrul webinarului&nbsp;<strong>\u00cempreun\u0103 Online<\/strong>&nbsp;&#8211;&nbsp;&nbsp;<strong>Perspectiva studen\u021bilor timi\u0219oreni asupra educa\u021biei online,&nbsp;<\/strong>reprezentan\u021bii studen\u021bilor au povestit din experien\u021bele acestora cu privire la trecerea educa\u021biei \u00een online.&nbsp;&nbsp;<strong>150 de participan\u021bi<\/strong> au urm\u0103rit prezentarea studen\u021bilor, au \u00eemp\u0103rt\u0103\u0219it din experien\u021ba lor \u00een comentarii \u0219i au pus zeci de \u00eentreb\u0103ri cu privire la educa\u021bia online.<\/p>\n<p>Chiar dac\u0103 unii au \u00eent\u00e2mpinat anumite probleme \u00een adaptare, concluzia prezentatorilor a fost c\u0103 majoritatea studen\u021bilor au primit educa\u021bia online \u00een mod deschis iar cel mai mult <strong>a contat sus\u021binerea \u0219i implicarea cadrelor didactice<\/strong> \u00een procesul educa\u021bional. De asemenea, ace\u0219tia sus\u021bin c\u0103 anumite activit\u0103\u021bi educa\u021bionale sunt chiar mai u\u0219oare online iar aceast\u0103 perioad\u0103 poate aduce \u0219i un plus \u2013 utilizarea tehnologiei \u00een educa\u021bie \u0219i pe viitor.<\/p>\n<p><\/p>\n<p><strong>\u201eOportunitate. Dezvoltare. Pragmatism. Noutate<\/strong>.\u201d \u2013 au fost principalele cuvinte folosite de studen\u021bi pentru a descrie experien\u021ba lor legat\u0103 de educa\u021bie \u00een ultima perioad\u0103.<\/p>\t\t\t\t\t\t\t\t<\/div>\n\t\t\t\t<\/div>\n\t\t\t\t<div class=\"elementor-element elementor-element-2641d3b elementor-alert-danger elementor-widget elementor-widget-alert\" data-id=\"2641d3b\" data-element_type=\"widget\" data-e-type=\"widget\" data-widget_type=\"alert.default\">\n\t\t\t\t<div class=\"elementor-widget-container\">\n\t\t\t\t\t\t\t<div class=\"elementor-alert\" role=\"alert\">\n\n\t\t\t\t\t\t<span class=\"elementor-alert-title\">Miercuri 10 iunie 2020, ora 16:00<span style=\"text-align: left\"><\/span><\/span>\n\t\t\t\n\t\t\t\t\t\t<span class=\"elementor-alert-description\"> Perspectiva studen\u0163ilor timi\u015foreni asupra educa\u0163iei online<br>\nPrezentatori:  <br>\n<strong>Andrea Medrea<\/strong>, Universitatea Politehnica Timi\u0219oara<br>\n<strong>Alexandra Ferencz<\/strong>, Universitatea de \u0218tiin\u021be Agricole \u0219i Medicin\u0103 Veterinar\u0103 a Banatului \u201dRegele Mihai I al Rom\u00e2niei\u201d  Timi\u0219oara<strong>Adrian Breha<\/strong>, Universitatea de Vest Timi\u0219oara<br>\n<strong>Alexandru Iliescu<\/strong>, Universitatea Politehnica Timi\u0219oara<br>\n<strong>Bogdan Giurgiu<\/strong>, Universitatea de Medicin\u0103 \u0219i Farmacie \u201dVictor Babe\u0219\u201d din Timi\u0219oara<br>\nModerator:<br> <strong>Dr.ing. Diana Andone<\/strong>, Universitatea Politehnica Timi\u0219oara<\/span>\n\t\t\t\n\t\t\t\n\t\t<\/div>\n\t\t\t\t\t\t<\/div>\n\t\t\t\t<\/div>\n\t\t\t\t<div class=\"elementor-element elementor-element-6375a0c elementor-widget elementor-widget-text-editor\" data-id=\"6375a0c\" data-element_type=\"widget\" data-e-type=\"widget\" data-widget_type=\"text-editor.default\">\n\t\t\t\t<div class=\"elementor-widget-container\">\n\t\t\t\t\t\t\t\t\t<p style=\"text-align: center;\"><strong>Nu ai reu\u0219it s\u0103 participi la webinar?<\/strong><\/p><p style=\"text-align: center;\"><strong>Vizioneaz\u0103 transmisiunea live pe canalul de YouTube, f\u0103c\u00e2nd click pe video-ul de mai jos:<\/strong><\/p>\t\t\t\t\t\t\t\t<\/div>\n\t\t\t\t<\/div>\n\t\t\t\t<div class=\"elementor-element elementor-element-8b4e7ab elementor-widget elementor-widget-video\" data-id=\"8b4e7ab\" data-element_type=\"widget\" data-e-type=\"widget\" data-settings=\"{&quot;youtube_url&quot;:&quot;&lt;iframe width=\\&quot;560\\&quot; height=\\&quot;315\\&quot; src=\\&quot;https:\\\/\\\/www.youtube.com\\\/embed\\\/Y2YqUPztKdQ\\&quot; frameborder=\\&quot;0\\&quot; allow=\\&quot;accelerometer; autoplay; encrypted-media; gyroscope; picture-in-picture\\&quot; allowfullscreen&gt;&lt;\\\/iframe&gt;&quot;,&quot;video_type&quot;:&quot;youtube&quot;,&quot;controls&quot;:&quot;yes&quot;}\" data-widget_type=\"video.default\">\n\t\t\t\t<div class=\"elementor-widget-container\">\n\t\t\t\t\t\t\t<div class=\"elementor-wrapper elementor-open-inline\">\n\t\t\t<div class=\"elementor-video\"><\/div>\t\t<\/div>\n\t\t\t\t\t\t<\/div>\n\t\t\t\t<\/div>\n\t\t\t\t<div class=\"elementor-element elementor-element-92535dc elementor-widget elementor-widget-text-editor\" data-id=\"92535dc\" data-element_type=\"widget\" data-e-type=\"widget\" data-widget_type=\"text-editor.default\">\n\t\t\t\t<div class=\"elementor-widget-container\">\n\t\t\t\t\t\t\t\t\t<p><span style=\"font-weight: 400;\">Webinariile<strong> \u00cempreun\u0103 online<\/strong> sunt organizate \u00een colaborare de <strong>IEEE Rom\u00e2nia,\u00a0 Asocia\u021bia EDEN, Alian\u021ba Rom\u00e2n\u0103 a Universit\u0103\u021bilor Tehnice<\/strong> \u0219i <strong>Universitatea Politehnica Timi\u0219oara.<\/strong><\/span><\/p>\t\t\t\t\t\t\t\t<\/div>\n\t\t\t\t<\/div>\n\t\t\t\t<div class=\"elementor-element elementor-element-45f150f elementor-widget elementor-widget-image\" data-id=\"45f150f\" data-element_type=\"widget\" data-e-type=\"widget\" data-widget_type=\"image.default\">\n\t\t\t\t<div class=\"elementor-widget-container\">\n\t\t\t\t\t\t\t\t\t\t\t\t\t\t\t<img fetchpriority=\"high\" decoding=\"async\" width=\"768\" height=\"125\" src=\"https:\/\/elearning.upt.ro\/wp-content\/uploads\/2020\/04\/header-01-1-768x125.png\" class=\"attachment-medium_large size-medium_large wp-image-9081\" alt=\"\" srcset=\"https:\/\/elearning.upt.ro\/wp-content\/uploads\/2020\/04\/header-01-1-768x125.png 768w, https:\/\/elearning.upt.ro\/wp-content\/uploads\/2020\/04\/header-01-1-300x49.png 300w, https:\/\/elearning.upt.ro\/wp-content\/uploads\/2020\/04\/header-01-1-1024x167.png 1024w, https:\/\/elearning.upt.ro\/wp-content\/uploads\/2020\/04\/header-01-1-1536x251.png 1536w, https:\/\/elearning.upt.ro\/wp-content\/uploads\/2020\/04\/header-01-1-2048x334.png 2048w, https:\/\/elearning.upt.ro\/wp-content\/uploads\/2020\/04\/header-01-1-255x42.png 255w, https:\/\/elearning.upt.ro\/wp-content\/uploads\/2020\/04\/header-01-1-600x98.png 600w\" sizes=\"(max-width: 768px) 100vw, 768px\" \/>\t\t\t\t\t\t\t\t\t\t\t\t\t\t\t<\/div>\n\t\t\t\t<\/div>\n\t\t\t\t<div class=\"elementor-element elementor-element-820b1b2 elementor-alert-info elementor-widget elementor-widget-alert\" data-id=\"820b1b2\" data-element_type=\"widget\" data-e-type=\"widget\" data-widget_type=\"alert.default\">\n\t\t\t\t<div class=\"elementor-widget-container\">\n\t\t\t\t\t\t\t<div class=\"elementor-alert\" role=\"alert\">\n\n\t\t\t\t\t\t<span class=\"elementor-alert-title\">Open Badge (certificat digital deschis) - \u00cempreun\u0103 online<\/span>\n\t\t\t\n\t\t\t\t\t\t<span class=\"elementor-alert-description\">Participan\u021bii au primit un Open Badge - \u00cempreun\u0103 online. <\/span>\n\t\t\t\n\t\t\t\n\t\t<\/div>\n\t\t\t\t\t\t<\/div>\n\t\t\t\t<\/div>\n\t\t\t\t\t<\/div>\n\t\t<\/div>\n\t\t\t\t\t<\/div>\n\t\t<\/section>\n\t\t\t\t<section class=\"elementor-section elementor-top-section elementor-element elementor-element-a22123b elementor-section-boxed elementor-section-height-default elementor-section-height-default\" data-id=\"a22123b\" data-element_type=\"section\" data-e-type=\"section\">\n\t\t\t\t\t\t<div class=\"elementor-container elementor-column-gap-default\">\n\t\t\t\t\t<div class=\"elementor-column elementor-col-100 elementor-top-column elementor-element elementor-element-afb6af8\" data-id=\"afb6af8\" data-element_type=\"column\" data-e-type=\"column\">\n\t\t\t<div class=\"elementor-widget-wrap elementor-element-populated\">\n\t\t\t\t\t\t<div class=\"elementor-element elementor-element-3d6d82b elementor-widget elementor-widget-text-editor\" data-id=\"3d6d82b\" data-element_type=\"widget\" data-e-type=\"widget\" data-widget_type=\"text-editor.default\">\n\t\t\t\t<div class=\"elementor-widget-container\">\n\t\t\t\t\t\t\t\t\t<h3>BIO<\/h3>\t\t\t\t\t\t\t\t<\/div>\n\t\t\t\t<\/div>\n\t\t\t\t<div class=\"elementor-element elementor-element-abdfdf4 elementor-position-left elementor-vertical-align-top elementor-widget elementor-widget-image-box\" data-id=\"abdfdf4\" data-element_type=\"widget\" data-e-type=\"widget\" data-widget_type=\"image-box.default\">\n\t\t\t\t<div class=\"elementor-widget-container\">\n\t\t\t\t\t<div class=\"elementor-image-box-wrapper\"><figure class=\"elementor-image-box-img\"><img decoding=\"async\" width=\"720\" height=\"960\" src=\"https:\/\/elearning.upt.ro\/wp-content\/uploads\/2020\/06\/37167352_1756709751032084_1740111858309791744_n.jpg\" class=\"attachment-full size-full wp-image-10371\" alt=\"\" srcset=\"https:\/\/elearning.upt.ro\/wp-content\/uploads\/2020\/06\/37167352_1756709751032084_1740111858309791744_n.jpg 720w, https:\/\/elearning.upt.ro\/wp-content\/uploads\/2020\/06\/37167352_1756709751032084_1740111858309791744_n-225x300.jpg 225w, https:\/\/elearning.upt.ro\/wp-content\/uploads\/2020\/06\/37167352_1756709751032084_1740111858309791744_n-255x340.jpg 255w\" sizes=\"(max-width: 720px) 100vw, 720px\" \/><\/figure><div class=\"elementor-image-box-content\"><h4 class=\"elementor-image-box-title\">Andrea Medrea, Universitatea Politehnica Timi\u0219oara<\/h4><p class=\"elementor-image-box-description\">Andrea Medrea este student\u0103 \u00een anul 3 la Facultatea de Electronic\u0103, Telecomunica\u021bii \u0219i Tehnologii Informa\u021bionale, specializarea Tehnologii \u0219i Sisteme de Telecomunica\u021bii, din cadrul UPT.  Ea este \u0219i Pre\u0219edinte al Ligii Studen\u021bilor din Facultatea de Electronic\u0103 \u0219i Telecomunica\u021bii (LSFETc), prin intermediul c\u0103reia \u0219i-a descoperit pasiunea pentru reprezentarea studen\u021beasc\u0103. Consider\u0103 c\u0103 activitatea \u00eentr-o organiza\u021bie este un factor important \u00een dezvoltarea personal\u0103. \u00centruc\u00e2t reprezint\u0103 studen\u021bii at\u00e2t la nivel de facultate, c\u00e2t \u0219i la nivel de universitate, \u00eei place s\u0103 militeze pentru un \u00eenv\u0103\u021b\u0103m\u00e2nt superior de calitate.<\/p><\/div><\/div>\t\t\t\t<\/div>\n\t\t\t\t<\/div>\n\t\t\t\t<div class=\"elementor-element elementor-element-0c76716 elementor-position-left elementor-vertical-align-top elementor-widget elementor-widget-image-box\" data-id=\"0c76716\" data-element_type=\"widget\" data-e-type=\"widget\" data-widget_type=\"image-box.default\">\n\t\t\t\t<div class=\"elementor-widget-container\">\n\t\t\t\t\t<div class=\"elementor-image-box-wrapper\"><figure class=\"elementor-image-box-img\"><img decoding=\"async\" width=\"1232\" height=\"1648\" src=\"https:\/\/elearning.upt.ro\/wp-content\/uploads\/2020\/06\/103202899_3343917222298255_4478073746706641056_n.jpg\" class=\"attachment-full size-full wp-image-10376\" alt=\"\" srcset=\"https:\/\/elearning.upt.ro\/wp-content\/uploads\/2020\/06\/103202899_3343917222298255_4478073746706641056_n.jpg 1232w, https:\/\/elearning.upt.ro\/wp-content\/uploads\/2020\/06\/103202899_3343917222298255_4478073746706641056_n-224x300.jpg 224w, https:\/\/elearning.upt.ro\/wp-content\/uploads\/2020\/06\/103202899_3343917222298255_4478073746706641056_n-766x1024.jpg 766w, https:\/\/elearning.upt.ro\/wp-content\/uploads\/2020\/06\/103202899_3343917222298255_4478073746706641056_n-768x1027.jpg 768w, https:\/\/elearning.upt.ro\/wp-content\/uploads\/2020\/06\/103202899_3343917222298255_4478073746706641056_n-1148x1536.jpg 1148w, https:\/\/elearning.upt.ro\/wp-content\/uploads\/2020\/06\/103202899_3343917222298255_4478073746706641056_n-255x341.jpg 255w\" sizes=\"(max-width: 1232px) 100vw, 1232px\" \/><\/figure><div class=\"elementor-image-box-content\"><h4 class=\"elementor-image-box-title\"> Ferencz Alexandra, Universitatea de \u0218tiin\u021be Agricole \u0219i Medicin\u0103 Veterinar\u0103  \"Regele Mihai I al Rom\u00e2niei\u201d, Timi\u0219oara<\/h4><p class=\"elementor-image-box-description\">Ferencz Alexandra este student\u0103 \u00een anul 1 master la facultatea de Bioingineria Resurselor Animaliere din cadrul Universit\u0103\u021bii de \u0218tiin\u021be Agricole \u0219i Medicin\u0103 Veterinar\u0103  \"Regele Mihai I al Rom\u00e2niei din Timi\u0219oara. De asemenea, este student\u0103 voluntar, cu o prezen\u021b\u0103 activ\u0103 \u00een Liga Studen\u021bilor din cadrul Universit\u0103\u021bii.<\/p><\/div><\/div>\t\t\t\t<\/div>\n\t\t\t\t<\/div>\n\t\t\t\t<div class=\"elementor-element elementor-element-3e8b12c elementor-position-left elementor-vertical-align-top elementor-widget elementor-widget-image-box\" data-id=\"3e8b12c\" data-element_type=\"widget\" data-e-type=\"widget\" data-widget_type=\"image-box.default\">\n\t\t\t\t<div class=\"elementor-widget-container\">\n\t\t\t\t\t<div class=\"elementor-image-box-wrapper\"><figure class=\"elementor-image-box-img\"><img loading=\"lazy\" decoding=\"async\" width=\"150\" height=\"150\" src=\"https:\/\/elearning.upt.ro\/wp-content\/uploads\/2020\/06\/Alexandru_Constantin_ILIESCU-150x150.jpg\" class=\"attachment-thumbnail size-thumbnail wp-image-10348\" alt=\"\" srcset=\"https:\/\/elearning.upt.ro\/wp-content\/uploads\/2020\/06\/Alexandru_Constantin_ILIESCU-150x150.jpg 150w, https:\/\/elearning.upt.ro\/wp-content\/uploads\/2020\/06\/Alexandru_Constantin_ILIESCU-50x50.jpg 50w, https:\/\/elearning.upt.ro\/wp-content\/uploads\/2020\/06\/Alexandru_Constantin_ILIESCU-80x80.jpg 80w, https:\/\/elearning.upt.ro\/wp-content\/uploads\/2020\/06\/Alexandru_Constantin_ILIESCU-263x263.jpg 263w, https:\/\/elearning.upt.ro\/wp-content\/uploads\/2020\/06\/Alexandru_Constantin_ILIESCU-100x100.jpg 100w, https:\/\/elearning.upt.ro\/wp-content\/uploads\/2020\/06\/Alexandru_Constantin_ILIESCU-526x526.jpg 526w, https:\/\/elearning.upt.ro\/wp-content\/uploads\/2020\/06\/Alexandru_Constantin_ILIESCU-255x255.jpg 255w\" sizes=\"(max-width: 150px) 100vw, 150px\" \/><\/figure><div class=\"elementor-image-box-content\"><h4 class=\"elementor-image-box-title\">Alexandru Constantin Iliescu, Universitatea Politehnica Timi\u0219oara<\/h4><p class=\"elementor-image-box-description\">Alexandru Constantin ILIESCU este student al Universit\u0103\u021bii Politehnica Timi\u0219oara, la Facultatea de Automatic\u0103 \u0219i Calculatoare. \u00cen prezent este studentul reprezentant in Consiliul de Administra\u021bie \u0219i pre\u0219edintele Ligii Studen\u021bilor din Facultatea de Automatic\u0103 \u0219i Calculatoare (Liga AC).<\/p><\/div><\/div>\t\t\t\t<\/div>\n\t\t\t\t<\/div>\n\t\t\t\t<div class=\"elementor-element elementor-element-1c823ec elementor-position-left elementor-vertical-align-top elementor-widget elementor-widget-image-box\" data-id=\"1c823ec\" data-element_type=\"widget\" data-e-type=\"widget\" data-widget_type=\"image-box.default\">\n\t\t\t\t<div class=\"elementor-widget-container\">\n\t\t\t\t\t<div class=\"elementor-image-box-wrapper\"><figure class=\"elementor-image-box-img\"><img loading=\"lazy\" decoding=\"async\" width=\"150\" height=\"150\" src=\"https:\/\/elearning.upt.ro\/wp-content\/uploads\/2020\/06\/Bogdan-giurgiu-150x150.jpg\" class=\"attachment-thumbnail size-thumbnail wp-image-10355\" alt=\"\" srcset=\"https:\/\/elearning.upt.ro\/wp-content\/uploads\/2020\/06\/Bogdan-giurgiu-150x150.jpg 150w, https:\/\/elearning.upt.ro\/wp-content\/uploads\/2020\/06\/Bogdan-giurgiu-50x50.jpg 50w, https:\/\/elearning.upt.ro\/wp-content\/uploads\/2020\/06\/Bogdan-giurgiu-80x80.jpg 80w, https:\/\/elearning.upt.ro\/wp-content\/uploads\/2020\/06\/Bogdan-giurgiu-263x263.jpg 263w, https:\/\/elearning.upt.ro\/wp-content\/uploads\/2020\/06\/Bogdan-giurgiu-100x100.jpg 100w, https:\/\/elearning.upt.ro\/wp-content\/uploads\/2020\/06\/Bogdan-giurgiu-526x526.jpg 526w, https:\/\/elearning.upt.ro\/wp-content\/uploads\/2020\/06\/Bogdan-giurgiu-255x255.jpg 255w\" sizes=\"(max-width: 150px) 100vw, 150px\" \/><\/figure><div class=\"elementor-image-box-content\"><h4 class=\"elementor-image-box-title\">Bogdan Giurgiu - Universitatea de Medicin\u0103 \u0219i Farmacie \u201dVictor Babe\u0219\u201d din Timi\u0219oara<\/h4><p class=\"elementor-image-box-description\">Bogdan este student \u00een anul V la Universitatea de Medicin\u0103 \u0219i Farmacie \u201dVictor Babe\u0219\u201d din Timi\u0219oara \u2013 specializarea Medicin\u0103 General\u0103. \u00cen perioada 2017-2019 a activat ca voluntar \u00een programul V.A.D.A., ca tutore la disciplina de Anatomie \u0219i Embriologie \u2013 sus\u021bin\u00e2nd lucr\u0103ri practice cu studen\u021bii anilor 1 si 2. Este \u0219ef de serie cu activit\u0103\u021bi administrativ-organizatorice \u00een cadrul seriei din care face parte. Se ocup\u0103 \u0219i de asigurarea comunic\u0103rii dintre studen\u021bi \u0219i cadrele didactice. A ob\u021binut Diploma de excelen\u021b\u0103 din partea UMF Timi\u0219oara pentru activitatea ca student (11 Decembrie 2018). Domeniile sale de interes sunt Chirurgie generala, Urologie, Chirurgie oncologic\u0103, Oncologie \u0219i Pneumologie.<\/p><\/div><\/div>\t\t\t\t<\/div>\n\t\t\t\t<\/div>\n\t\t\t\t<div class=\"elementor-element elementor-element-2a122d3 elementor-position-left elementor-vertical-align-top elementor-widget elementor-widget-image-box\" data-id=\"2a122d3\" data-element_type=\"widget\" data-e-type=\"widget\" data-widget_type=\"image-box.default\">\n\t\t\t\t<div class=\"elementor-widget-container\">\n\t\t\t\t\t<div class=\"elementor-image-box-wrapper\"><figure class=\"elementor-image-box-img\"><img loading=\"lazy\" decoding=\"async\" width=\"150\" height=\"150\" src=\"https:\/\/elearning.upt.ro\/wp-content\/uploads\/2020\/06\/48909492728_48ea142030_o-150x150.jpg\" class=\"attachment-thumbnail size-thumbnail wp-image-10383\" alt=\"\" srcset=\"https:\/\/elearning.upt.ro\/wp-content\/uploads\/2020\/06\/48909492728_48ea142030_o-150x150.jpg 150w, https:\/\/elearning.upt.ro\/wp-content\/uploads\/2020\/06\/48909492728_48ea142030_o-50x50.jpg 50w, https:\/\/elearning.upt.ro\/wp-content\/uploads\/2020\/06\/48909492728_48ea142030_o-80x80.jpg 80w, https:\/\/elearning.upt.ro\/wp-content\/uploads\/2020\/06\/48909492728_48ea142030_o-263x263.jpg 263w, https:\/\/elearning.upt.ro\/wp-content\/uploads\/2020\/06\/48909492728_48ea142030_o-100x100.jpg 100w, https:\/\/elearning.upt.ro\/wp-content\/uploads\/2020\/06\/48909492728_48ea142030_o-526x526.jpg 526w, https:\/\/elearning.upt.ro\/wp-content\/uploads\/2020\/06\/48909492728_48ea142030_o-255x255.jpg 255w\" sizes=\"(max-width: 150px) 100vw, 150px\" \/><\/figure><div class=\"elementor-image-box-content\"><h4 class=\"elementor-image-box-title\">Breha Adrian - Universitatea de Vest Timi\u0219oara<\/h4><p class=\"elementor-image-box-description\">Breha Adrian este Pre\u0219edinte al Organiza\u021biei Studen\u021bilor din Universitatea de Vest din Timi\u0219oara, fiind student la Facultatea de \u0218tiin\u021be Politice, Filosofie \u0219i \u0218tiin\u021be ale Comunic\u0103rii la programul de studii de licen\u021b\u0103 Media Digital\u0103. \u00cen prezent, reprezint\u0103 interesele stunde\u021bilor \u00een Consiliul Facult\u0103\u021bii \u0219i \u00een Senatul UVT.<\/p><\/div><\/div>\t\t\t\t<\/div>\n\t\t\t\t<\/div>\n\t\t\t\t<div class=\"elementor-element elementor-element-118e537 elementor-position-left elementor-vertical-align-top elementor-widget elementor-widget-image-box\" data-id=\"118e537\" data-element_type=\"widget\" data-e-type=\"widget\" data-widget_type=\"image-box.default\">\n\t\t\t\t<div class=\"elementor-widget-container\">\n\t\t\t\t\t<div class=\"elementor-image-box-wrapper\"><figure class=\"elementor-image-box-img\"><img loading=\"lazy\" decoding=\"async\" width=\"233\" height=\"300\" src=\"https:\/\/elearning.upt.ro\/wp-content\/uploads\/2019\/12\/DianaAndone-233x300.jpg\" class=\"attachment-full size-full wp-image-7636\" alt=\"\" \/><\/figure><div class=\"elementor-image-box-content\"><h4 class=\"elementor-image-box-title\">Dr. Diana Andone<\/h4><p class=\"elementor-image-box-description\">Diana Andone (@diando70) este director al Centrului de e-Learning, Universitatea Politehnica Timi\u0219oara, cu responsabilit\u0103\u021bi \u00een planificarea \u0219i implementarea \u00eenv\u0103\u021b\u0103m\u00e2ntului la distan\u021b\u0103 \u0219i a integr\u0103rii utiliz\u0103rii tehnologiilor educa\u021bionale online pentru toate formele de \u00eenv\u0103\u021b\u0103m\u00e2nt, prin Campusul Virtual al UPT \u2013 CVUPT. Dr. Andone este lector \u00een tehnologii multimedia \u0219i web, cu o activitate de cercetare intens\u0103 la nivel interna\u021bional prin diverse proiecte cu finan\u021bare european\u0103 \u0219i multiple publica\u021bii (cu peste 17 c\u0103r\u021bi, 80 de lucr\u0103ri \u0219tiin\u021bifice, 11 Best paper Awards). Pasionat\u0103 de utilizarea tehnologiilor \u00een via\u021ba de zi cu zi, Diana promoveaz\u0103 utilizarea resurselor deschise OER \u0219i MOOCs, dezvolt\u00e2nd UniCampus \u2013 cursuri online \u00een Rom\u00e2nia. Dr. Andone este puternic implicat\u0103 \u00een activitatea comunit\u0103\u021bii \u0219tiin\u021bifice prin diverse func\u021bii de conducere ale unor asocia\u021bii interna\u021bionale EDEN (Vice-pre\u0219edinte), IEEE Romania, IEEE CS TCLT, dar \u0219i prin sprijinirea activit\u0103\u021bii comunit\u0103\u021bii regionale de start-up \u0219i inova\u021bie, culturale \u0219i de responsabilitate social\u0103.<\/p><\/div><\/div>\t\t\t\t<\/div>\n\t\t\t\t<\/div>\n\t\t\t\t<div class=\"elementor-element elementor-element-d4c3eb2 elementor-button-info elementor-align-center elementor-widget elementor-widget-button\" data-id=\"d4c3eb2\" data-element_type=\"widget\" data-e-type=\"widget\" data-widget_type=\"button.default\">\n\t\t\t\t<div class=\"elementor-widget-container\">\n\t\t\t\t\t\t\t\t\t<div class=\"elementor-button-wrapper\">\n\t\t\t\t\t<a class=\"elementor-button elementor-button-link elementor-size-sm elementor-animation-pulse-grow\" href=\"https:\/\/elearning.upt.ro\/ro\/event\/webinar-impreunaonline-perspectiva-studentilor-timisoreni-asupra-educatiei-online\/\">\n\t\t\t\t\t\t<span class=\"elementor-button-content-wrapper\">\n\t\t\t\t\t\t\t\t\t<span class=\"elementor-button-text\">Informeaz\u0103-te ACUM despre webinarul - Perspectiva studen\u0163ilor timi\u015foreni asupra educa\u0163iei online<\/span>\n\t\t\t\t\t<\/span>\n\t\t\t\t\t<\/a>\n\t\t\t\t<\/div>\n\t\t\t\t\t\t\t\t<\/div>\n\t\t\t\t<\/div>\n\t\t\t\t<div class=\"elementor-element elementor-element-a5b6ac5 elementor-button-info elementor-align-center elementor-widget elementor-widget-button\" data-id=\"a5b6ac5\" data-element_type=\"widget\" data-e-type=\"widget\" data-widget_type=\"button.default\">\n\t\t\t\t<div class=\"elementor-widget-container\">\n\t\t\t\t\t\t\t\t\t<div class=\"elementor-button-wrapper\">\n\t\t\t\t\t<a class=\"elementor-button elementor-button-link elementor-size-sm\" href=\"https:\/\/elearning.upt.ro\/ro\/impreuna-online\/\">\n\t\t\t\t\t\t<span class=\"elementor-button-content-wrapper\">\n\t\t\t\t\t\t\t\t\t<span class=\"elementor-button-text\">Urm\u0103re\u0219te AICI pagina \u00cempreun\u0103 online pentru a te \u00eenregistra la urm\u0103torul webinar<\/span>\n\t\t\t\t\t<\/span>\n\t\t\t\t\t<\/a>\n\t\t\t\t<\/div>\n\t\t\t\t\t\t\t\t<\/div>\n\t\t\t\t<\/div>\n\t\t\t\t\t<\/div>\n\t\t<\/div>\n\t\t\t\t\t<\/div>\n\t\t<\/section>\n\t\t\t\t<section class=\"elementor-section elementor-top-section elementor-element elementor-element-061c772 elementor-section-boxed elementor-section-height-default elementor-section-height-default\" data-id=\"061c772\" data-element_type=\"section\" data-e-type=\"section\">\n\t\t\t\t\t\t<div class=\"elementor-container elementor-column-gap-default\">\n\t\t\t\t\t<div class=\"elementor-column elementor-col-100 elementor-top-column elementor-element elementor-element-00af069\" data-id=\"00af069\" data-element_type=\"column\" data-e-type=\"column\">\n\t\t\t<div class=\"elementor-widget-wrap elementor-element-populated\">\n\t\t\t\t\t\t<div class=\"elementor-element elementor-element-6f09c6d elementor-widget elementor-widget-image\" data-id=\"6f09c6d\" data-element_type=\"widget\" data-e-type=\"widget\" data-widget_type=\"image.default\">\n\t\t\t\t<div class=\"elementor-widget-container\">\n\t\t\t\t\t\t\t\t\t\t\t\t\t\t\t<img decoding=\"async\" src=\"https:\/\/elearning.upt.ro\/wp-content\/uploads\/elementor\/thumbs\/Postare-pe-fb-\u0219i-interior-site-3-qljk4hedvuir4wzvkzl1z4talpn49k5kabrqt7sejk.png\" title=\"Postare pe fb \u0219i interior site\" alt=\"Postare pe fb \u0219i interior site\" loading=\"lazy\" \/>\t\t\t\t\t\t\t\t\t\t\t\t\t\t\t<\/div>\n\t\t\t\t<\/div>\n\t\t\t\t\t<\/div>\n\t\t<\/div>\n\t\t\t\t\t<\/div>\n\t\t<\/section>\n\t\t\t\t<\/div>\n\t\t","protected":false},"excerpt":{"rendered":"<p>Miercuri, 10 iunie 2020, a avut loc webinarul #impreunaonline Perspectiva studen\u0163ilor timi\u015foreni asupra educa\u0163iei online. Participarea a fost gratuit\u0103, iar CeL a emis Open Badges. Afl\u0103 mai multe detalii AICI!<\/p>\n","protected":false},"author":24,"featured_media":10360,"comment_status":"closed","ping_status":"closed","sticky":false,"template":"","format":"standard","meta":{"footnotes":""},"categories":[235,251,106],"tags":[205,232,177,260,238,263,233,237,280,305,306,307],"class_list":["post-10129","post","type-post","status-publish","format-standard","has-post-thumbnail","hentry","category-impreuna-online","category-noutati","category-noutati-comunitate","tag-transfereducatieonline","tag-covid19","tag-educatie","tag-idei","tag-impreunaonline","tag-online","tag-onlineeducation","tag-onlinetogether","tag-strategie","tag-studenti","tag-studentionline","tag-timisoara"],"yoast_head":"<!-- This site is optimized with the Yoast SEO plugin v27.4 - https:\/\/yoast.com\/product\/yoast-seo-wordpress\/ -->\n<title>Webinar #impreunaonline - Perspectiva studen\u0163ilor timi\u015foreni asupra educa\u0163iei online - Universitatea Politehnica Timi\u015foara Departamentul de ID\/IFR \u0219i Educa\u021bie Digital\u0103 \u2013 DeL<\/title>\n<meta name=\"robots\" content=\"index, follow, max-snippet:-1, max-image-preview:large, max-video-preview:-1\" \/>\n<link rel=\"canonical\" href=\"https:\/\/elearning.upt.ro\/ro\/comunitate\/noutati-comunitate\/webinar-impreunaonline-perspectiva-studentilor-timisoreni-asupra-educatiei-online\/\" \/>\n<meta property=\"og:locale\" content=\"ro_RO\" \/>\n<meta property=\"og:type\" content=\"article\" \/>\n<meta property=\"og:title\" content=\"Webinar #impreunaonline - Perspectiva studen\u0163ilor timi\u015foreni asupra educa\u0163iei online - Universitatea Politehnica Timi\u015foara Departamentul de ID\/IFR \u0219i Educa\u021bie Digital\u0103 \u2013 DeL\" \/>\n<meta property=\"og:description\" content=\"Miercuri, 10 iunie 2020, a avut loc webinarul #impreunaonline Perspectiva studen\u0163ilor timi\u015foreni asupra educa\u0163iei online. Participarea a fost gratuit\u0103, iar CeL a emis Open Badges. Afl\u0103 mai multe detalii AICI!\" \/>\n<meta property=\"og:url\" content=\"https:\/\/elearning.upt.ro\/ro\/comunitate\/noutati-comunitate\/webinar-impreunaonline-perspectiva-studentilor-timisoreni-asupra-educatiei-online\/\" \/>\n<meta property=\"og:site_name\" content=\"Universitatea Politehnica Timi\u015foara Departamentul de ID\/IFR \u0219i Educa\u021bie Digital\u0103 \u2013 DeL\" \/>\n<meta property=\"article:publisher\" content=\"https:\/\/www.facebook.com\/CIDUPT\/?ref=page_internal\" \/>\n<meta property=\"article:published_time\" content=\"2020-06-03T13:34:19+00:00\" \/>\n<meta property=\"article:modified_time\" content=\"2020-06-17T13:17:29+00:00\" \/>\n<meta property=\"og:image\" content=\"https:\/\/elearning.upt.ro\/wp-content\/uploads\/2020\/06\/Stiri-si-event-01-2.png\" \/>\n\t<meta property=\"og:image:width\" content=\"196\" \/>\n\t<meta property=\"og:image:height\" content=\"196\" \/>\n\t<meta property=\"og:image:type\" content=\"image\/png\" \/>\n<meta name=\"author\" content=\"Maria Maritescu\" \/>\n<meta name=\"twitter:card\" content=\"summary_large_image\" \/>\n<meta name=\"twitter:label1\" content=\"Written by\" \/>\n\t<meta name=\"twitter:data1\" content=\"Maria Maritescu\" \/>\n\t<meta name=\"twitter:label2\" content=\"Est. reading time\" \/>\n\t<meta name=\"twitter:data2\" content=\"5 minutes\" \/>\n<script type=\"application\/ld+json\" class=\"yoast-schema-graph\">{\"@context\":\"https:\\\/\\\/schema.org\",\"@graph\":[{\"@type\":\"Article\",\"@id\":\"https:\\\/\\\/elearning.upt.ro\\\/en\\\/comunitate\\\/noutati-comunitate\\\/webinar-impreunaonline-perspectiva-studentilor-timisoreni-asupra-educatiei-online\\\/#article\",\"isPartOf\":{\"@id\":\"https:\\\/\\\/elearning.upt.ro\\\/en\\\/comunitate\\\/noutati-comunitate\\\/webinar-impreunaonline-perspectiva-studentilor-timisoreni-asupra-educatiei-online\\\/\"},\"author\":{\"name\":\"Maria Maritescu\",\"@id\":\"https:\\\/\\\/elearning.upt.ro\\\/ro\\\/#\\\/schema\\\/person\\\/644b61914617faf32dab556b6c22c1bb\"},\"headline\":\"Webinar #impreunaonline &#8211; Perspectiva studen\u0163ilor timi\u015foreni asupra educa\u0163iei online\",\"datePublished\":\"2020-06-03T13:34:19+00:00\",\"dateModified\":\"2020-06-17T13:17:29+00:00\",\"mainEntityOfPage\":{\"@id\":\"https:\\\/\\\/elearning.upt.ro\\\/en\\\/comunitate\\\/noutati-comunitate\\\/webinar-impreunaonline-perspectiva-studentilor-timisoreni-asupra-educatiei-online\\\/\"},\"wordCount\":1031,\"image\":{\"@id\":\"https:\\\/\\\/elearning.upt.ro\\\/en\\\/comunitate\\\/noutati-comunitate\\\/webinar-impreunaonline-perspectiva-studentilor-timisoreni-asupra-educatiei-online\\\/#primaryimage\"},\"thumbnailUrl\":\"https:\\\/\\\/elearning.upt.ro\\\/wp-content\\\/uploads\\\/2020\\\/06\\\/Stiri-si-event-01-2.png\",\"keywords\":[\"#transfereducatieonline\",\"covid19\",\"EDUCATIE\",\"idei\",\"impreunaonline\",\"online\",\"onlineeducation\",\"onlinetogether\",\"strategie\",\"studenti\",\"studentionline\",\"timisoara\"],\"articleSection\":[\"Impreuna Online\",\"Noutati\",\"Noutati Comunitate\"],\"inLanguage\":\"ro-RO\"},{\"@type\":\"WebPage\",\"@id\":\"https:\\\/\\\/elearning.upt.ro\\\/en\\\/comunitate\\\/noutati-comunitate\\\/webinar-impreunaonline-perspectiva-studentilor-timisoreni-asupra-educatiei-online\\\/\",\"url\":\"https:\\\/\\\/elearning.upt.ro\\\/en\\\/comunitate\\\/noutati-comunitate\\\/webinar-impreunaonline-perspectiva-studentilor-timisoreni-asupra-educatiei-online\\\/\",\"name\":\"Webinar #impreunaonline - Perspectiva studen\u0163ilor timi\u015foreni asupra educa\u0163iei online - Universitatea Politehnica Timi\u015foara Departamentul de ID\\\/IFR \u0219i Educa\u021bie Digital\u0103 \u2013 DeL\",\"isPartOf\":{\"@id\":\"https:\\\/\\\/elearning.upt.ro\\\/ro\\\/#website\"},\"primaryImageOfPage\":{\"@id\":\"https:\\\/\\\/elearning.upt.ro\\\/en\\\/comunitate\\\/noutati-comunitate\\\/webinar-impreunaonline-perspectiva-studentilor-timisoreni-asupra-educatiei-online\\\/#primaryimage\"},\"image\":{\"@id\":\"https:\\\/\\\/elearning.upt.ro\\\/en\\\/comunitate\\\/noutati-comunitate\\\/webinar-impreunaonline-perspectiva-studentilor-timisoreni-asupra-educatiei-online\\\/#primaryimage\"},\"thumbnailUrl\":\"https:\\\/\\\/elearning.upt.ro\\\/wp-content\\\/uploads\\\/2020\\\/06\\\/Stiri-si-event-01-2.png\",\"datePublished\":\"2020-06-03T13:34:19+00:00\",\"dateModified\":\"2020-06-17T13:17:29+00:00\",\"author\":{\"@id\":\"https:\\\/\\\/elearning.upt.ro\\\/ro\\\/#\\\/schema\\\/person\\\/644b61914617faf32dab556b6c22c1bb\"},\"breadcrumb\":{\"@id\":\"https:\\\/\\\/elearning.upt.ro\\\/en\\\/comunitate\\\/noutati-comunitate\\\/webinar-impreunaonline-perspectiva-studentilor-timisoreni-asupra-educatiei-online\\\/#breadcrumb\"},\"inLanguage\":\"ro-RO\",\"potentialAction\":[{\"@type\":\"ReadAction\",\"target\":[\"https:\\\/\\\/elearning.upt.ro\\\/en\\\/comunitate\\\/noutati-comunitate\\\/webinar-impreunaonline-perspectiva-studentilor-timisoreni-asupra-educatiei-online\\\/\"]}]},{\"@type\":\"ImageObject\",\"inLanguage\":\"ro-RO\",\"@id\":\"https:\\\/\\\/elearning.upt.ro\\\/en\\\/comunitate\\\/noutati-comunitate\\\/webinar-impreunaonline-perspectiva-studentilor-timisoreni-asupra-educatiei-online\\\/#primaryimage\",\"url\":\"https:\\\/\\\/elearning.upt.ro\\\/wp-content\\\/uploads\\\/2020\\\/06\\\/Stiri-si-event-01-2.png\",\"contentUrl\":\"https:\\\/\\\/elearning.upt.ro\\\/wp-content\\\/uploads\\\/2020\\\/06\\\/Stiri-si-event-01-2.png\",\"width\":196,\"height\":196},{\"@type\":\"BreadcrumbList\",\"@id\":\"https:\\\/\\\/elearning.upt.ro\\\/en\\\/comunitate\\\/noutati-comunitate\\\/webinar-impreunaonline-perspectiva-studentilor-timisoreni-asupra-educatiei-online\\\/#breadcrumb\",\"itemListElement\":[{\"@type\":\"ListItem\",\"position\":1,\"name\":\"Home\",\"item\":\"https:\\\/\\\/elearning.upt.ro\\\/\"},{\"@type\":\"ListItem\",\"position\":2,\"name\":\"Webinar #impreunaonline &#8211; Perspectiva studen\u0163ilor timi\u015foreni asupra educa\u0163iei online\"}]},{\"@type\":\"WebSite\",\"@id\":\"https:\\\/\\\/elearning.upt.ro\\\/ro\\\/#website\",\"url\":\"https:\\\/\\\/elearning.upt.ro\\\/ro\\\/\",\"name\":\"Universitatea Politehnica Timi\u015foara Departamentul de ID\\\/IFR \u0219i Educa\u021bie Digital\u0103 \u2013 DeL\",\"description\":\"\",\"potentialAction\":[{\"@type\":\"SearchAction\",\"target\":{\"@type\":\"EntryPoint\",\"urlTemplate\":\"https:\\\/\\\/elearning.upt.ro\\\/ro\\\/?s={search_term_string}\"},\"query-input\":{\"@type\":\"PropertyValueSpecification\",\"valueRequired\":true,\"valueName\":\"search_term_string\"}}],\"inLanguage\":\"ro-RO\"},{\"@type\":\"Person\",\"@id\":\"https:\\\/\\\/elearning.upt.ro\\\/ro\\\/#\\\/schema\\\/person\\\/644b61914617faf32dab556b6c22c1bb\",\"name\":\"Maria Maritescu\",\"image\":{\"@type\":\"ImageObject\",\"inLanguage\":\"ro-RO\",\"@id\":\"https:\\\/\\\/secure.gravatar.com\\\/avatar\\\/5618777b282eabe9d616c6a788a343771a70edd0af6fe982215f4ccf4e63ba91?s=96&d=mm&r=g\",\"url\":\"https:\\\/\\\/secure.gravatar.com\\\/avatar\\\/5618777b282eabe9d616c6a788a343771a70edd0af6fe982215f4ccf4e63ba91?s=96&d=mm&r=g\",\"contentUrl\":\"https:\\\/\\\/secure.gravatar.com\\\/avatar\\\/5618777b282eabe9d616c6a788a343771a70edd0af6fe982215f4ccf4e63ba91?s=96&d=mm&r=g\",\"caption\":\"Maria Maritescu\"},\"url\":\"https:\\\/\\\/elearning.upt.ro\\\/ro\\\/author\\\/mariamaritescu\\\/\"}]}<\/script>\n<!-- \/ Yoast SEO plugin. -->","yoast_head_json":{"title":"Webinar #impreunaonline - Perspectiva studen\u0163ilor timi\u015foreni asupra educa\u0163iei online - Universitatea Politehnica Timi\u015foara Departamentul de ID\/IFR \u0219i Educa\u021bie Digital\u0103 \u2013 DeL","robots":{"index":"index","follow":"follow","max-snippet":"max-snippet:-1","max-image-preview":"max-image-preview:large","max-video-preview":"max-video-preview:-1"},"canonical":"https:\/\/elearning.upt.ro\/ro\/comunitate\/noutati-comunitate\/webinar-impreunaonline-perspectiva-studentilor-timisoreni-asupra-educatiei-online\/","og_locale":"ro_RO","og_type":"article","og_title":"Webinar #impreunaonline - Perspectiva studen\u0163ilor timi\u015foreni asupra educa\u0163iei online - Universitatea Politehnica Timi\u015foara Departamentul de ID\/IFR \u0219i Educa\u021bie Digital\u0103 \u2013 DeL","og_description":"Miercuri, 10 iunie 2020, a avut loc webinarul #impreunaonline Perspectiva studen\u0163ilor timi\u015foreni asupra educa\u0163iei online. Participarea a fost gratuit\u0103, iar CeL a emis Open Badges. Afl\u0103 mai multe detalii AICI!","og_url":"https:\/\/elearning.upt.ro\/ro\/comunitate\/noutati-comunitate\/webinar-impreunaonline-perspectiva-studentilor-timisoreni-asupra-educatiei-online\/","og_site_name":"Universitatea Politehnica Timi\u015foara Departamentul de ID\/IFR \u0219i Educa\u021bie Digital\u0103 \u2013 DeL","article_publisher":"https:\/\/www.facebook.com\/CIDUPT\/?ref=page_internal","article_published_time":"2020-06-03T13:34:19+00:00","article_modified_time":"2020-06-17T13:17:29+00:00","og_image":[{"width":196,"height":196,"url":"https:\/\/elearning.upt.ro\/wp-content\/uploads\/2020\/06\/Stiri-si-event-01-2.png","type":"image\/png"}],"author":"Maria Maritescu","twitter_card":"summary_large_image","twitter_misc":{"Written by":"Maria Maritescu","Est. reading time":"5 minutes"},"schema":{"@context":"https:\/\/schema.org","@graph":[{"@type":"Article","@id":"https:\/\/elearning.upt.ro\/en\/comunitate\/noutati-comunitate\/webinar-impreunaonline-perspectiva-studentilor-timisoreni-asupra-educatiei-online\/#article","isPartOf":{"@id":"https:\/\/elearning.upt.ro\/en\/comunitate\/noutati-comunitate\/webinar-impreunaonline-perspectiva-studentilor-timisoreni-asupra-educatiei-online\/"},"author":{"name":"Maria Maritescu","@id":"https:\/\/elearning.upt.ro\/ro\/#\/schema\/person\/644b61914617faf32dab556b6c22c1bb"},"headline":"Webinar #impreunaonline &#8211; Perspectiva studen\u0163ilor timi\u015foreni asupra educa\u0163iei online","datePublished":"2020-06-03T13:34:19+00:00","dateModified":"2020-06-17T13:17:29+00:00","mainEntityOfPage":{"@id":"https:\/\/elearning.upt.ro\/en\/comunitate\/noutati-comunitate\/webinar-impreunaonline-perspectiva-studentilor-timisoreni-asupra-educatiei-online\/"},"wordCount":1031,"image":{"@id":"https:\/\/elearning.upt.ro\/en\/comunitate\/noutati-comunitate\/webinar-impreunaonline-perspectiva-studentilor-timisoreni-asupra-educatiei-online\/#primaryimage"},"thumbnailUrl":"https:\/\/elearning.upt.ro\/wp-content\/uploads\/2020\/06\/Stiri-si-event-01-2.png","keywords":["#transfereducatieonline","covid19","EDUCATIE","idei","impreunaonline","online","onlineeducation","onlinetogether","strategie","studenti","studentionline","timisoara"],"articleSection":["Impreuna Online","Noutati","Noutati Comunitate"],"inLanguage":"ro-RO"},{"@type":"WebPage","@id":"https:\/\/elearning.upt.ro\/en\/comunitate\/noutati-comunitate\/webinar-impreunaonline-perspectiva-studentilor-timisoreni-asupra-educatiei-online\/","url":"https:\/\/elearning.upt.ro\/en\/comunitate\/noutati-comunitate\/webinar-impreunaonline-perspectiva-studentilor-timisoreni-asupra-educatiei-online\/","name":"Webinar #impreunaonline - Perspectiva studen\u0163ilor timi\u015foreni asupra educa\u0163iei online - Universitatea Politehnica Timi\u015foara Departamentul de ID\/IFR \u0219i Educa\u021bie Digital\u0103 \u2013 DeL","isPartOf":{"@id":"https:\/\/elearning.upt.ro\/ro\/#website"},"primaryImageOfPage":{"@id":"https:\/\/elearning.upt.ro\/en\/comunitate\/noutati-comunitate\/webinar-impreunaonline-perspectiva-studentilor-timisoreni-asupra-educatiei-online\/#primaryimage"},"image":{"@id":"https:\/\/elearning.upt.ro\/en\/comunitate\/noutati-comunitate\/webinar-impreunaonline-perspectiva-studentilor-timisoreni-asupra-educatiei-online\/#primaryimage"},"thumbnailUrl":"https:\/\/elearning.upt.ro\/wp-content\/uploads\/2020\/06\/Stiri-si-event-01-2.png","datePublished":"2020-06-03T13:34:19+00:00","dateModified":"2020-06-17T13:17:29+00:00","author":{"@id":"https:\/\/elearning.upt.ro\/ro\/#\/schema\/person\/644b61914617faf32dab556b6c22c1bb"},"breadcrumb":{"@id":"https:\/\/elearning.upt.ro\/en\/comunitate\/noutati-comunitate\/webinar-impreunaonline-perspectiva-studentilor-timisoreni-asupra-educatiei-online\/#breadcrumb"},"inLanguage":"ro-RO","potentialAction":[{"@type":"ReadAction","target":["https:\/\/elearning.upt.ro\/en\/comunitate\/noutati-comunitate\/webinar-impreunaonline-perspectiva-studentilor-timisoreni-asupra-educatiei-online\/"]}]},{"@type":"ImageObject","inLanguage":"ro-RO","@id":"https:\/\/elearning.upt.ro\/en\/comunitate\/noutati-comunitate\/webinar-impreunaonline-perspectiva-studentilor-timisoreni-asupra-educatiei-online\/#primaryimage","url":"https:\/\/elearning.upt.ro\/wp-content\/uploads\/2020\/06\/Stiri-si-event-01-2.png","contentUrl":"https:\/\/elearning.upt.ro\/wp-content\/uploads\/2020\/06\/Stiri-si-event-01-2.png","width":196,"height":196},{"@type":"BreadcrumbList","@id":"https:\/\/elearning.upt.ro\/en\/comunitate\/noutati-comunitate\/webinar-impreunaonline-perspectiva-studentilor-timisoreni-asupra-educatiei-online\/#breadcrumb","itemListElement":[{"@type":"ListItem","position":1,"name":"Home","item":"https:\/\/elearning.upt.ro\/"},{"@type":"ListItem","position":2,"name":"Webinar #impreunaonline &#8211; Perspectiva studen\u0163ilor timi\u015foreni asupra educa\u0163iei online"}]},{"@type":"WebSite","@id":"https:\/\/elearning.upt.ro\/ro\/#website","url":"https:\/\/elearning.upt.ro\/ro\/","name":"Universitatea Politehnica Timi\u015foara Departamentul de ID\/IFR \u0219i Educa\u021bie Digital\u0103 \u2013 DeL","description":"","potentialAction":[{"@type":"SearchAction","target":{"@type":"EntryPoint","urlTemplate":"https:\/\/elearning.upt.ro\/ro\/?s={search_term_string}"},"query-input":{"@type":"PropertyValueSpecification","valueRequired":true,"valueName":"search_term_string"}}],"inLanguage":"ro-RO"},{"@type":"Person","@id":"https:\/\/elearning.upt.ro\/ro\/#\/schema\/person\/644b61914617faf32dab556b6c22c1bb","name":"Maria Maritescu","image":{"@type":"ImageObject","inLanguage":"ro-RO","@id":"https:\/\/secure.gravatar.com\/avatar\/5618777b282eabe9d616c6a788a343771a70edd0af6fe982215f4ccf4e63ba91?s=96&d=mm&r=g","url":"https:\/\/secure.gravatar.com\/avatar\/5618777b282eabe9d616c6a788a343771a70edd0af6fe982215f4ccf4e63ba91?s=96&d=mm&r=g","contentUrl":"https:\/\/secure.gravatar.com\/avatar\/5618777b282eabe9d616c6a788a343771a70edd0af6fe982215f4ccf4e63ba91?s=96&d=mm&r=g","caption":"Maria Maritescu"},"url":"https:\/\/elearning.upt.ro\/ro\/author\/mariamaritescu\/"}]}},"_links":{"self":[{"href":"https:\/\/elearning.upt.ro\/ro\/wp-json\/wp\/v2\/posts\/10129","targetHints":{"allow":["GET"]}}],"collection":[{"href":"https:\/\/elearning.upt.ro\/ro\/wp-json\/wp\/v2\/posts"}],"about":[{"href":"https:\/\/elearning.upt.ro\/ro\/wp-json\/wp\/v2\/types\/post"}],"author":[{"embeddable":true,"href":"https:\/\/elearning.upt.ro\/ro\/wp-json\/wp\/v2\/users\/24"}],"replies":[{"embeddable":true,"href":"https:\/\/elearning.upt.ro\/ro\/wp-json\/wp\/v2\/comments?post=10129"}],"version-history":[{"count":65,"href":"https:\/\/elearning.upt.ro\/ro\/wp-json\/wp\/v2\/posts\/10129\/revisions"}],"predecessor-version":[{"id":10750,"href":"https:\/\/elearning.upt.ro\/ro\/wp-json\/wp\/v2\/posts\/10129\/revisions\/10750"}],"wp:featuredmedia":[{"embeddable":true,"href":"https:\/\/elearning.upt.ro\/ro\/wp-json\/wp\/v2\/media\/10360"}],"wp:attachment":[{"href":"https:\/\/elearning.upt.ro\/ro\/wp-json\/wp\/v2\/media?parent=10129"}],"wp:term":[{"taxonomy":"category","embeddable":true,"href":"https:\/\/elearning.upt.ro\/ro\/wp-json\/wp\/v2\/categories?post=10129"},{"taxonomy":"post_tag","embeddable":true,"href":"https:\/\/elearning.upt.ro\/ro\/wp-json\/wp\/v2\/tags?post=10129"}],"curies":[{"name":"wp","href":"https:\/\/api.w.org\/{rel}","templated":true}]}}