{"id":9936,"date":"2020-03-06T17:14:00","date_gmt":"2020-03-06T15:14:00","guid":{"rendered":"https:\/\/elearning.upt.ro\/?p=9936"},"modified":"2021-02-04T11:50:56","modified_gmt":"2021-02-04T09:50:56","slug":"dr-diana-andone-despre-initiativele-culturale-din-proiectul-digiculture-in-cadrul-webinarului-eden-oew2020","status":"publish","type":"post","link":"https:\/\/elearning.upt.ro\/en\/proiecte\/proiecte-eu\/dr-diana-andone-despre-initiativele-culturale-din-proiectul-digiculture-in-cadrul-webinarului-eden-oew2020\/","title":{"rendered":"Dr. Diana Andone about the cultural initiatives in the Digiculture project, within #OEW2020 EDEN webinar"},"content":{"rendered":"<div data-elementor-type=\"wp-post\" data-elementor-id=\"9936\" class=\"elementor elementor-9936\">\n\t\t\t\t\t\t<section class=\"elementor-section elementor-top-section elementor-element elementor-element-c52440e elementor-section-boxed elementor-section-height-default elementor-section-height-default\" data-id=\"c52440e\" data-element_type=\"section\" data-e-type=\"section\">\n\t\t\t\t\t\t<div class=\"elementor-container elementor-column-gap-default\">\n\t\t\t\t\t<div class=\"elementor-column elementor-col-100 elementor-top-column elementor-element elementor-element-0c5b9ca\" data-id=\"0c5b9ca\" data-element_type=\"column\" data-e-type=\"column\">\n\t\t\t<div class=\"elementor-widget-wrap elementor-element-populated\">\n\t\t\t\t\t\t<div class=\"elementor-element elementor-element-cce4109 elementor-widget elementor-widget-heading\" data-id=\"cce4109\" data-element_type=\"widget\" data-e-type=\"widget\" data-widget_type=\"heading.default\">\n\t\t\t\t<div class=\"elementor-widget-container\">\n\t\t\t\t\t<h3 class=\"elementor-heading-title elementor-size-default\">Open education for young people\u2019s active engagement in reclaiming cultural heritage, #OEW2020<\/h3>\t\t\t\t<\/div>\n\t\t\t\t<\/div>\n\t\t\t\t\t<\/div>\n\t\t<\/div>\n\t\t\t\t\t<\/div>\n\t\t<\/section>\n\t\t\t\t<section class=\"elementor-section elementor-top-section elementor-element elementor-element-0fa0251 elementor-section-boxed elementor-section-height-default elementor-section-height-default\" data-id=\"0fa0251\" data-element_type=\"section\" data-e-type=\"section\">\n\t\t\t\t\t\t<div class=\"elementor-container elementor-column-gap-default\">\n\t\t\t\t\t<div class=\"elementor-column elementor-col-100 elementor-top-column elementor-element elementor-element-f7ad957\" data-id=\"f7ad957\" data-element_type=\"column\" data-e-type=\"column\">\n\t\t\t<div class=\"elementor-widget-wrap elementor-element-populated\">\n\t\t\t\t\t\t<div class=\"elementor-element elementor-element-58ed959 elementor-widget elementor-widget-text-editor\" data-id=\"58ed959\" data-element_type=\"widget\" data-e-type=\"widget\" data-widget_type=\"text-editor.default\">\n\t\t\t\t<div class=\"elementor-widget-container\">\n\t\t\t\t\t\t\t\t\t<p>Open education has a key role to play in potentiating social inclusion. As noted by the European Commission for education in general (but is particularly relevant for open education) it helps to establish common values key to such inclusion: human dignity, freedom, democracy, equality, the rule of law, respect for human rights, the rights of minorities. However, as also noted, it can be seen in most member states that there are challenges to such inclusion, namely: populism, xenophobia, divisive nationalism, discrimination, misinformation, and radicalization (that can lead to violent extremism).<\/p>\t\t\t\t\t\t\t\t<\/div>\n\t\t\t\t<\/div>\n\t\t\t\t\t<\/div>\n\t\t<\/div>\n\t\t\t\t\t<\/div>\n\t\t<\/section>\n\t\t\t\t<section class=\"elementor-section elementor-top-section elementor-element elementor-element-9552723 elementor-section-boxed elementor-section-height-default elementor-section-height-default\" data-id=\"9552723\" data-element_type=\"section\" data-e-type=\"section\">\n\t\t\t\t\t\t<div class=\"elementor-container elementor-column-gap-default\">\n\t\t\t\t\t<div class=\"elementor-column elementor-col-100 elementor-top-column elementor-element elementor-element-b154ff7\" data-id=\"b154ff7\" data-element_type=\"column\" data-e-type=\"column\">\n\t\t\t<div class=\"elementor-widget-wrap elementor-element-populated\">\n\t\t\t\t\t\t<div class=\"elementor-element elementor-element-bb7b718 elementor-widget elementor-widget-image\" data-id=\"bb7b718\" data-element_type=\"widget\" data-e-type=\"widget\" data-widget_type=\"image.default\">\n\t\t\t\t<div class=\"elementor-widget-container\">\n\t\t\t\t\t\t\t\t\t\t\t\t<figure class=\"wp-caption\">\n\t\t\t\t\t\t\t\t\t\t<img fetchpriority=\"high\" decoding=\"async\" width=\"768\" height=\"357\" src=\"https:\/\/elearning.upt.ro\/wp-content\/uploads\/2020\/05\/print-screen-768x357.jpg\" class=\"attachment-medium_large size-medium_large wp-image-9941\" alt=\"\" srcset=\"https:\/\/elearning.upt.ro\/wp-content\/uploads\/2020\/05\/print-screen-768x357.jpg 768w, https:\/\/elearning.upt.ro\/wp-content\/uploads\/2020\/05\/print-screen-300x139.jpg 300w, https:\/\/elearning.upt.ro\/wp-content\/uploads\/2020\/05\/print-screen-1024x476.jpg 1024w, https:\/\/elearning.upt.ro\/wp-content\/uploads\/2020\/05\/print-screen-1536x713.jpg 1536w, https:\/\/elearning.upt.ro\/wp-content\/uploads\/2020\/05\/print-screen-255x118.jpg 255w, https:\/\/elearning.upt.ro\/wp-content\/uploads\/2020\/05\/print-screen.jpg 1843w\" sizes=\"(max-width: 768px) 100vw, 768px\" \/>\t\t\t\t\t\t\t\t\t\t\t<figcaption class=\"widget-image-caption wp-caption-text\">Caption during the EDEN Webinar: Open education for young people\u2019s active engagement in reclaiming cultural heritage, #OEW2020<\/figcaption>\n\t\t\t\t\t\t\t\t\t\t<\/figure>\n\t\t\t\t\t\t\t\t\t<\/div>\n\t\t\t\t<\/div>\n\t\t\t\t\t<\/div>\n\t\t<\/div>\n\t\t\t\t\t<\/div>\n\t\t<\/section>\n\t\t\t\t<section class=\"elementor-section elementor-top-section elementor-element elementor-element-abb9ebd elementor-section-boxed elementor-section-height-default elementor-section-height-default\" data-id=\"abb9ebd\" data-element_type=\"section\" data-e-type=\"section\">\n\t\t\t\t\t\t<div class=\"elementor-container elementor-column-gap-default\">\n\t\t\t\t\t<div class=\"elementor-column elementor-col-100 elementor-top-column elementor-element elementor-element-700ee63\" data-id=\"700ee63\" data-element_type=\"column\" data-e-type=\"column\">\n\t\t\t<div class=\"elementor-widget-wrap elementor-element-populated\">\n\t\t\t\t\t\t<div class=\"elementor-element elementor-element-b6b5ae3 elementor-widget elementor-widget-text-editor\" data-id=\"b6b5ae3\" data-element_type=\"widget\" data-e-type=\"widget\" data-widget_type=\"text-editor.default\">\n\t\t\t\t<div class=\"elementor-widget-container\">\n\t\t\t\t\t\t\t\t\t<p>In order to counter these problems, the promotion of citizenship education has been pursued over a period of years. However, the open educational content and practices necessary to teach the different paradigms of active citizenship are arguably still difficult to find. The need to respect cultural diversity is important in the educational process since there isn\u2019t just one \u201cmodel citizen\u201d. We need, therefore, to teach and support students, especially the younger generations, to appreciate the importance of active citizenship and achieve their participative role in society as a whole. In this webinar different aspects and examples of the role of open educational resources and practices for citizenship education will be considered and how they can be potentiated in the future.<\/p>\t\t\t\t\t\t\t\t<\/div>\n\t\t\t\t<\/div>\n\t\t\t\t\t<\/div>\n\t\t<\/div>\n\t\t\t\t\t<\/div>\n\t\t<\/section>\n\t\t\t\t<section class=\"elementor-section elementor-top-section elementor-element elementor-element-a0ba980 elementor-section-boxed elementor-section-height-default elementor-section-height-default\" data-id=\"a0ba980\" data-element_type=\"section\" data-e-type=\"section\">\n\t\t\t\t\t\t<div class=\"elementor-container elementor-column-gap-default\">\n\t\t\t\t\t<div class=\"elementor-column elementor-col-100 elementor-top-column elementor-element elementor-element-8bd7bb6\" data-id=\"8bd7bb6\" data-element_type=\"column\" data-e-type=\"column\">\n\t\t\t<div class=\"elementor-widget-wrap elementor-element-populated\">\n\t\t\t\t\t\t<div class=\"elementor-element elementor-element-ec9932d elementor-widget elementor-widget-text-editor\" data-id=\"ec9932d\" data-element_type=\"widget\" data-e-type=\"widget\" data-widget_type=\"text-editor.default\">\n\t\t\t\t<div class=\"elementor-widget-container\">\n\t\t\t\t\t\t\t\t\t<p>Within this context, dr. Diana Andone presented the partners and objectives of the project <a href=\"https:\/\/elearning.upt.ro\/en\/project\/digital-culture-improving-the-digital-competences-and-social-inclusion-of-adults-in-creative-industries-2\/\"><b>Digital Culture - Improving the digital competences and social inclusion of adults in creative industries<\/b> took place in Timisoara.<\/a>, as well as cultural and digital initiatives within it.<\/p>\t\t\t\t\t\t\t\t<\/div>\n\t\t\t\t<\/div>\n\t\t\t\t\t<\/div>\n\t\t<\/div>\n\t\t\t\t\t<\/div>\n\t\t<\/section>\n\t\t\t\t<section class=\"elementor-section elementor-top-section elementor-element elementor-element-139e591 elementor-section-boxed elementor-section-height-default elementor-section-height-default\" data-id=\"139e591\" data-element_type=\"section\" data-e-type=\"section\">\n\t\t\t\t\t\t<div class=\"elementor-container elementor-column-gap-default\">\n\t\t\t\t\t<div class=\"elementor-column elementor-col-100 elementor-top-column elementor-element elementor-element-c1ef15c\" data-id=\"c1ef15c\" data-element_type=\"column\" data-e-type=\"column\">\n\t\t\t<div class=\"elementor-widget-wrap elementor-element-populated\">\n\t\t\t\t\t\t<div class=\"elementor-element elementor-element-2b05488 elementor-widget elementor-widget-text-editor\" data-id=\"2b05488\" data-element_type=\"widget\" data-e-type=\"widget\" data-widget_type=\"text-editor.default\">\n\t\t\t\t<div class=\"elementor-widget-container\">\n\t\t\t\t\t\t\t\t\t<p>Check out the presentation below:<\/p>\t\t\t\t\t\t\t\t<\/div>\n\t\t\t\t<\/div>\n\t\t\t\t\t<\/div>\n\t\t<\/div>\n\t\t\t\t\t<\/div>\n\t\t<\/section>\n\t\t\t\t<section class=\"elementor-section elementor-top-section elementor-element elementor-element-8d6326d elementor-section-boxed elementor-section-height-default elementor-section-height-default\" data-id=\"8d6326d\" data-element_type=\"section\" data-e-type=\"section\">\n\t\t\t\t\t\t<div class=\"elementor-container elementor-column-gap-default\">\n\t\t\t\t\t<div class=\"elementor-column elementor-col-100 elementor-top-column elementor-element elementor-element-26ee399\" data-id=\"26ee399\" data-element_type=\"column\" data-e-type=\"column\">\n\t\t\t<div class=\"elementor-widget-wrap elementor-element-populated\">\n\t\t\t\t\t\t<div class=\"elementor-element elementor-element-736bb11 elementor-widget elementor-widget-shortcode\" data-id=\"736bb11\" data-element_type=\"widget\" data-e-type=\"widget\" data-widget_type=\"shortcode.default\">\n\t\t\t\t<div class=\"elementor-widget-container\">\n\t\t\t\t\t\t\t<div class=\"elementor-shortcode\"><iframe src=\"\/\/www.slideshare.net\/slideshow\/embed_code\/key\/lWLvhy2Z7EpMD\" width=\"595\" height=\"485\" frameborder=\"0\" marginwidth=\"0\" marginheight=\"0\" scrolling=\"no\" style=\"border:1px solid #CCC; border-width:1px; margin-bottom:5px; max-width: 100%;\" allowfullscreen> <\/iframe> <div style=\"margin-bottom:5px\"> <strong> <a href=\"\/\/www.slideshare.net\/eden_online\/open-education-for-young-peoples-active-engagement-in-reclaiming-cultural-heritage-oew2020\" title=\"Open education for young people&#039;s active engagement in reclaiming cultural heritage, #OEW2020\" target=\"_blank\">Open education for young people&#039;s active engagement in reclaiming cultural heritage, #OEW2020<\/a> <\/strong> from <strong><a href=\"\/\/www.slideshare.net\/eden_online\" target=\"_blank\">European Distance and E-Learning Network - EDEN<\/a><\/strong> <\/div><\/div>\n\t\t\t\t\t\t<\/div>\n\t\t\t\t<\/div>\n\t\t\t\t\t<\/div>\n\t\t<\/div>\n\t\t\t\t\t<\/div>\n\t\t<\/section>\n\t\t\t\t<section class=\"elementor-section elementor-top-section elementor-element elementor-element-e5d19e0 elementor-section-boxed elementor-section-height-default elementor-section-height-default\" data-id=\"e5d19e0\" data-element_type=\"section\" data-e-type=\"section\">\n\t\t\t\t\t\t<div class=\"elementor-container elementor-column-gap-default\">\n\t\t\t\t\t<div class=\"elementor-column elementor-col-100 elementor-top-column elementor-element elementor-element-526114e\" data-id=\"526114e\" data-element_type=\"column\" data-e-type=\"column\">\n\t\t\t<div class=\"elementor-widget-wrap elementor-element-populated\">\n\t\t\t\t\t\t<div class=\"elementor-element elementor-element-6ad03ad elementor-widget elementor-widget-text-editor\" data-id=\"6ad03ad\" data-element_type=\"widget\" data-e-type=\"widget\" data-widget_type=\"text-editor.default\">\n\t\t\t\t<div class=\"elementor-widget-container\">\n\t\t\t\t\t\t\t\t\t<p class=\"translation-block\">Dr. Diana Andone is the director of the eLearning Center of Politehnica University of Timi\u0219oara, with responsibilities in the planning and implementation of distance learning and the integration of the use of online educational technologies for all forms of education, through the UPT <a href=\"https:\/\/cv.upt.ro\/login\/index.php\" target=\"_self\" rel=\"noopener\">Virtual Campus - CVUPT<\/a>. Andone is a lecturer in multimedia and web technologies, with an intense research activity at international level through various projects with European funding and multiple publications (with over 17 books, 80 scientific papers, 11 Best paper Awards). Passionate about the use of technologies in everyday life, Diana promotes the use of open resources OER and MOOCs, developing <a href=\"https:\/\/unicampus.ro\/\" target=\"_self\" rel=\"noopener\">UniCampus <\/a> - online courses in Romania. Dr. Andone is strongly involved in the activity of the scientific community through various management functions of international associations EDEN (Vice-president), IEEE Romania, IEEE CS TCLT, but also by supporting the activity of the regional community of start-up and innovation, cultural and social responsibility.<\/p>\t\t\t\t\t\t\t\t<\/div>\n\t\t\t\t<\/div>\n\t\t\t\t\t<\/div>\n\t\t<\/div>\n\t\t\t\t\t<\/div>\n\t\t<\/section>\n\t\t\t\t<\/div>","protected":false},"excerpt":{"rendered":"<p>During the webinar, Dr. Diana Andone presented the partners and objectives of the Digital Culture project - Improving digital skills and improving the social inclusion of adults in the creative industries, as well as cultural and digital initiatives within it.<\/p>","protected":false},"author":13,"featured_media":9937,"comment_status":"closed","ping_status":"closed","sticky":false,"template":"","format":"standard","meta":{"footnotes":""},"categories":[104,120,329,251,106,73],"tags":[],"class_list":["post-9936","post","type-post","status-publish","format-standard","has-post-thumbnail","hentry","category-comunitate","category-digiculture","category-eden","category-noutati","category-noutati-comunitate","category-proiecte-eu"],"yoast_head":"<!-- This site is optimized with the Yoast SEO plugin v27.4 - https:\/\/yoast.com\/product\/yoast-seo-wordpress\/ -->\n<title>Dr. Diana Andone despre ini\u021biativele culturale din proiectul Digiculture \u00een cadrul webinarului EDEN #OEW2020 - Universitatea Politehnica Timi\u015foara Departamentul de ID\/IFR \u0219i Educa\u021bie Digital\u0103 \u2013 DeL<\/title>\n<meta name=\"robots\" content=\"index, follow, max-snippet:-1, max-image-preview:large, max-video-preview:-1\" \/>\n<link rel=\"canonical\" href=\"https:\/\/elearning.upt.ro\/en\/proiecte\/proiecte-eu\/dr-diana-andone-despre-initiativele-culturale-din-proiectul-digiculture-in-cadrul-webinarului-eden-oew2020\/\" \/>\n<meta property=\"og:locale\" content=\"en_US\" \/>\n<meta property=\"og:type\" content=\"article\" \/>\n<meta property=\"og:title\" content=\"Dr. Diana Andone despre ini\u021biativele culturale din proiectul Digiculture \u00een cadrul webinarului EDEN #OEW2020 - Universitatea Politehnica Timi\u015foara Departamentul de ID\/IFR \u0219i Educa\u021bie Digital\u0103 \u2013 DeL\" \/>\n<meta property=\"og:description\" content=\"\u00cen cadrul webinarului, dr. Diana Andone a prezentat partenerii \u0219i obiectivele proiectului Digital Culture \u2013 Perfec\u021bionarea competen\u021belor digitale \u0219i \u00eembun\u0103t\u0103\u021birea incluziunii sociale a adul\u021bilor \u00een industriile creative, precum \u0219i ini\u021biativele culturale \u0219i digitale din cadrul acestuia.\" \/>\n<meta property=\"og:url\" content=\"https:\/\/elearning.upt.ro\/en\/proiecte\/proiecte-eu\/dr-diana-andone-despre-initiativele-culturale-din-proiectul-digiculture-in-cadrul-webinarului-eden-oew2020\/\" \/>\n<meta property=\"og:site_name\" content=\"Universitatea Politehnica Timi\u015foara Departamentul de ID\/IFR \u0219i Educa\u021bie Digital\u0103 \u2013 DeL\" \/>\n<meta property=\"article:publisher\" content=\"https:\/\/www.facebook.com\/CIDUPT\/?ref=page_internal\" \/>\n<meta property=\"article:published_time\" content=\"2020-03-06T15:14:00+00:00\" \/>\n<meta property=\"article:modified_time\" content=\"2021-02-04T09:50:56+00:00\" \/>\n<meta property=\"og:image\" content=\"https:\/\/elearning.upt.ro\/wp-content\/uploads\/2020\/05\/feat.jpg\" \/>\n\t<meta property=\"og:image:width\" content=\"787\" \/>\n\t<meta property=\"og:image:height\" content=\"589\" \/>\n\t<meta property=\"og:image:type\" content=\"image\/jpeg\" \/>\n<meta name=\"author\" content=\"CeL\" \/>\n<meta name=\"twitter:card\" content=\"summary_large_image\" \/>\n<meta name=\"twitter:label1\" content=\"Written by\" \/>\n\t<meta name=\"twitter:data1\" content=\"CeL\" \/>\n\t<meta name=\"twitter:label2\" content=\"Est. reading time\" \/>\n\t<meta name=\"twitter:data2\" content=\"2 minutes\" \/>\n<script type=\"application\/ld+json\" class=\"yoast-schema-graph\">{\"@context\":\"https:\\\/\\\/schema.org\",\"@graph\":[{\"@type\":\"Article\",\"@id\":\"https:\\\/\\\/elearning.upt.ro\\\/ro\\\/proiecte\\\/proiecte-eu\\\/dr-diana-andone-despre-initiativele-culturale-din-proiectul-digiculture-in-cadrul-webinarului-eden-oew2020\\\/#article\",\"isPartOf\":{\"@id\":\"https:\\\/\\\/elearning.upt.ro\\\/ro\\\/proiecte\\\/proiecte-eu\\\/dr-diana-andone-despre-initiativele-culturale-din-proiectul-digiculture-in-cadrul-webinarului-eden-oew2020\\\/\"},\"author\":{\"name\":\"CeL\",\"@id\":\"https:\\\/\\\/elearning.upt.ro\\\/ro\\\/#\\\/schema\\\/person\\\/8bb5b84d8e634ea763262c452a39b3f4\"},\"headline\":\"Dr. Diana Andone despre ini\u021biativele culturale din proiectul Digiculture \u00een cadrul webinarului EDEN #OEW2020\",\"datePublished\":\"2020-03-06T15:14:00+00:00\",\"dateModified\":\"2021-02-04T09:50:56+00:00\",\"mainEntityOfPage\":{\"@id\":\"https:\\\/\\\/elearning.upt.ro\\\/ro\\\/proiecte\\\/proiecte-eu\\\/dr-diana-andone-despre-initiativele-culturale-din-proiectul-digiculture-in-cadrul-webinarului-eden-oew2020\\\/\"},\"wordCount\":463,\"image\":{\"@id\":\"https:\\\/\\\/elearning.upt.ro\\\/ro\\\/proiecte\\\/proiecte-eu\\\/dr-diana-andone-despre-initiativele-culturale-din-proiectul-digiculture-in-cadrul-webinarului-eden-oew2020\\\/#primaryimage\"},\"thumbnailUrl\":\"https:\\\/\\\/elearning.upt.ro\\\/wp-content\\\/uploads\\\/2020\\\/05\\\/feat.jpg\",\"articleSection\":[\"Comunitate\",\"DigiCulture\",\"EDEN\",\"Noutati\",\"Noutati Comunitate\",\"Proiecte EU\"],\"inLanguage\":\"en-US\"},{\"@type\":\"WebPage\",\"@id\":\"https:\\\/\\\/elearning.upt.ro\\\/ro\\\/proiecte\\\/proiecte-eu\\\/dr-diana-andone-despre-initiativele-culturale-din-proiectul-digiculture-in-cadrul-webinarului-eden-oew2020\\\/\",\"url\":\"https:\\\/\\\/elearning.upt.ro\\\/ro\\\/proiecte\\\/proiecte-eu\\\/dr-diana-andone-despre-initiativele-culturale-din-proiectul-digiculture-in-cadrul-webinarului-eden-oew2020\\\/\",\"name\":\"Dr. Diana Andone despre ini\u021biativele culturale din proiectul Digiculture \u00een cadrul webinarului EDEN #OEW2020 - Universitatea Politehnica Timi\u015foara Departamentul de ID\\\/IFR \u0219i Educa\u021bie Digital\u0103 \u2013 DeL\",\"isPartOf\":{\"@id\":\"https:\\\/\\\/elearning.upt.ro\\\/ro\\\/#website\"},\"primaryImageOfPage\":{\"@id\":\"https:\\\/\\\/elearning.upt.ro\\\/ro\\\/proiecte\\\/proiecte-eu\\\/dr-diana-andone-despre-initiativele-culturale-din-proiectul-digiculture-in-cadrul-webinarului-eden-oew2020\\\/#primaryimage\"},\"image\":{\"@id\":\"https:\\\/\\\/elearning.upt.ro\\\/ro\\\/proiecte\\\/proiecte-eu\\\/dr-diana-andone-despre-initiativele-culturale-din-proiectul-digiculture-in-cadrul-webinarului-eden-oew2020\\\/#primaryimage\"},\"thumbnailUrl\":\"https:\\\/\\\/elearning.upt.ro\\\/wp-content\\\/uploads\\\/2020\\\/05\\\/feat.jpg\",\"datePublished\":\"2020-03-06T15:14:00+00:00\",\"dateModified\":\"2021-02-04T09:50:56+00:00\",\"author\":{\"@id\":\"https:\\\/\\\/elearning.upt.ro\\\/ro\\\/#\\\/schema\\\/person\\\/8bb5b84d8e634ea763262c452a39b3f4\"},\"breadcrumb\":{\"@id\":\"https:\\\/\\\/elearning.upt.ro\\\/ro\\\/proiecte\\\/proiecte-eu\\\/dr-diana-andone-despre-initiativele-culturale-din-proiectul-digiculture-in-cadrul-webinarului-eden-oew2020\\\/#breadcrumb\"},\"inLanguage\":\"en-US\",\"potentialAction\":[{\"@type\":\"ReadAction\",\"target\":[\"https:\\\/\\\/elearning.upt.ro\\\/ro\\\/proiecte\\\/proiecte-eu\\\/dr-diana-andone-despre-initiativele-culturale-din-proiectul-digiculture-in-cadrul-webinarului-eden-oew2020\\\/\"]}]},{\"@type\":\"ImageObject\",\"inLanguage\":\"en-US\",\"@id\":\"https:\\\/\\\/elearning.upt.ro\\\/ro\\\/proiecte\\\/proiecte-eu\\\/dr-diana-andone-despre-initiativele-culturale-din-proiectul-digiculture-in-cadrul-webinarului-eden-oew2020\\\/#primaryimage\",\"url\":\"https:\\\/\\\/elearning.upt.ro\\\/wp-content\\\/uploads\\\/2020\\\/05\\\/feat.jpg\",\"contentUrl\":\"https:\\\/\\\/elearning.upt.ro\\\/wp-content\\\/uploads\\\/2020\\\/05\\\/feat.jpg\",\"width\":787,\"height\":589},{\"@type\":\"BreadcrumbList\",\"@id\":\"https:\\\/\\\/elearning.upt.ro\\\/ro\\\/proiecte\\\/proiecte-eu\\\/dr-diana-andone-despre-initiativele-culturale-din-proiectul-digiculture-in-cadrul-webinarului-eden-oew2020\\\/#breadcrumb\",\"itemListElement\":[{\"@type\":\"ListItem\",\"position\":1,\"name\":\"Home\",\"item\":\"https:\\\/\\\/elearning.upt.ro\\\/\"},{\"@type\":\"ListItem\",\"position\":2,\"name\":\"Dr. Diana Andone despre ini\u021biativele culturale din proiectul Digiculture \u00een cadrul webinarului EDEN #OEW2020\"}]},{\"@type\":\"WebSite\",\"@id\":\"https:\\\/\\\/elearning.upt.ro\\\/ro\\\/#website\",\"url\":\"https:\\\/\\\/elearning.upt.ro\\\/ro\\\/\",\"name\":\"Universitatea Politehnica Timi\u015foara Departamentul de ID\\\/IFR \u0219i Educa\u021bie Digital\u0103 \u2013 DeL\",\"description\":\"\",\"potentialAction\":[{\"@type\":\"SearchAction\",\"target\":{\"@type\":\"EntryPoint\",\"urlTemplate\":\"https:\\\/\\\/elearning.upt.ro\\\/ro\\\/?s={search_term_string}\"},\"query-input\":{\"@type\":\"PropertyValueSpecification\",\"valueRequired\":true,\"valueName\":\"search_term_string\"}}],\"inLanguage\":\"en-US\"},{\"@type\":\"Person\",\"@id\":\"https:\\\/\\\/elearning.upt.ro\\\/ro\\\/#\\\/schema\\\/person\\\/8bb5b84d8e634ea763262c452a39b3f4\",\"name\":\"CeL\",\"image\":{\"@type\":\"ImageObject\",\"inLanguage\":\"en-US\",\"@id\":\"https:\\\/\\\/secure.gravatar.com\\\/avatar\\\/9b67430c18ee40ef4a63a577131abb63a54ca1b5fbb5ec183bcc2003d846a51f?s=96&d=mm&r=g\",\"url\":\"https:\\\/\\\/secure.gravatar.com\\\/avatar\\\/9b67430c18ee40ef4a63a577131abb63a54ca1b5fbb5ec183bcc2003d846a51f?s=96&d=mm&r=g\",\"contentUrl\":\"https:\\\/\\\/secure.gravatar.com\\\/avatar\\\/9b67430c18ee40ef4a63a577131abb63a54ca1b5fbb5ec183bcc2003d846a51f?s=96&d=mm&r=g\",\"caption\":\"CeL\"},\"url\":\"https:\\\/\\\/elearning.upt.ro\\\/en\\\/author\\\/renateiovi\\\/\"}]}<\/script>\n<!-- \/ Yoast SEO plugin. -->","yoast_head_json":{"title":"Dr. Diana Andone about the cultural initiatives of the Digiculture project during the EDEN webinar #OEW2020 - Politehnica University Timi\u015foara Department of ID\/IFR and Digital Education \u2013 DeL","robots":{"index":"index","follow":"follow","max-snippet":"max-snippet:-1","max-image-preview":"max-image-preview:large","max-video-preview":"max-video-preview:-1"},"canonical":"https:\/\/elearning.upt.ro\/en\/proiecte\/proiecte-eu\/dr-diana-andone-despre-initiativele-culturale-din-proiectul-digiculture-in-cadrul-webinarului-eden-oew2020\/","og_locale":"en_US","og_type":"article","og_title":"Dr. Diana Andone despre ini\u021biativele culturale din proiectul Digiculture \u00een cadrul webinarului EDEN #OEW2020 - Universitatea Politehnica Timi\u015foara Departamentul de ID\/IFR \u0219i Educa\u021bie Digital\u0103 \u2013 DeL","og_description":"\u00cen cadrul webinarului, dr. Diana Andone a prezentat partenerii \u0219i obiectivele proiectului Digital Culture \u2013 Perfec\u021bionarea competen\u021belor digitale \u0219i \u00eembun\u0103t\u0103\u021birea incluziunii sociale a adul\u021bilor \u00een industriile creative, precum \u0219i ini\u021biativele culturale \u0219i digitale din cadrul acestuia.","og_url":"https:\/\/elearning.upt.ro\/en\/proiecte\/proiecte-eu\/dr-diana-andone-despre-initiativele-culturale-din-proiectul-digiculture-in-cadrul-webinarului-eden-oew2020\/","og_site_name":"Universitatea Politehnica Timi\u015foara Departamentul de ID\/IFR \u0219i Educa\u021bie Digital\u0103 \u2013 DeL","article_publisher":"https:\/\/www.facebook.com\/CIDUPT\/?ref=page_internal","article_published_time":"2020-03-06T15:14:00+00:00","article_modified_time":"2021-02-04T09:50:56+00:00","og_image":[{"width":787,"height":589,"url":"https:\/\/elearning.upt.ro\/wp-content\/uploads\/2020\/05\/feat.jpg","type":"image\/jpeg"}],"author":"CeL","twitter_card":"summary_large_image","twitter_misc":{"Written by":"CeL","Est. reading time":"2 minutes"},"schema":{"@context":"https:\/\/schema.org","@graph":[{"@type":"Article","@id":"https:\/\/elearning.upt.ro\/ro\/proiecte\/proiecte-eu\/dr-diana-andone-despre-initiativele-culturale-din-proiectul-digiculture-in-cadrul-webinarului-eden-oew2020\/#article","isPartOf":{"@id":"https:\/\/elearning.upt.ro\/ro\/proiecte\/proiecte-eu\/dr-diana-andone-despre-initiativele-culturale-din-proiectul-digiculture-in-cadrul-webinarului-eden-oew2020\/"},"author":{"name":"CeL","@id":"https:\/\/elearning.upt.ro\/ro\/#\/schema\/person\/8bb5b84d8e634ea763262c452a39b3f4"},"headline":"Dr. Diana Andone despre ini\u021biativele culturale din proiectul Digiculture \u00een cadrul webinarului EDEN #OEW2020","datePublished":"2020-03-06T15:14:00+00:00","dateModified":"2021-02-04T09:50:56+00:00","mainEntityOfPage":{"@id":"https:\/\/elearning.upt.ro\/ro\/proiecte\/proiecte-eu\/dr-diana-andone-despre-initiativele-culturale-din-proiectul-digiculture-in-cadrul-webinarului-eden-oew2020\/"},"wordCount":463,"image":{"@id":"https:\/\/elearning.upt.ro\/ro\/proiecte\/proiecte-eu\/dr-diana-andone-despre-initiativele-culturale-din-proiectul-digiculture-in-cadrul-webinarului-eden-oew2020\/#primaryimage"},"thumbnailUrl":"https:\/\/elearning.upt.ro\/wp-content\/uploads\/2020\/05\/feat.jpg","articleSection":["Comunitate","DigiCulture","EDEN","Noutati","Noutati Comunitate","Proiecte EU"],"inLanguage":"en-US"},{"@type":"WebPage","@id":"https:\/\/elearning.upt.ro\/ro\/proiecte\/proiecte-eu\/dr-diana-andone-despre-initiativele-culturale-din-proiectul-digiculture-in-cadrul-webinarului-eden-oew2020\/","url":"https:\/\/elearning.upt.ro\/ro\/proiecte\/proiecte-eu\/dr-diana-andone-despre-initiativele-culturale-din-proiectul-digiculture-in-cadrul-webinarului-eden-oew2020\/","name":"Dr. Diana Andone about the cultural initiatives of the Digiculture project during the EDEN webinar #OEW2020 - Politehnica University Timi\u015foara Department of ID\/IFR and Digital Education \u2013 DeL","isPartOf":{"@id":"https:\/\/elearning.upt.ro\/ro\/#website"},"primaryImageOfPage":{"@id":"https:\/\/elearning.upt.ro\/ro\/proiecte\/proiecte-eu\/dr-diana-andone-despre-initiativele-culturale-din-proiectul-digiculture-in-cadrul-webinarului-eden-oew2020\/#primaryimage"},"image":{"@id":"https:\/\/elearning.upt.ro\/ro\/proiecte\/proiecte-eu\/dr-diana-andone-despre-initiativele-culturale-din-proiectul-digiculture-in-cadrul-webinarului-eden-oew2020\/#primaryimage"},"thumbnailUrl":"https:\/\/elearning.upt.ro\/wp-content\/uploads\/2020\/05\/feat.jpg","datePublished":"2020-03-06T15:14:00+00:00","dateModified":"2021-02-04T09:50:56+00:00","author":{"@id":"https:\/\/elearning.upt.ro\/ro\/#\/schema\/person\/8bb5b84d8e634ea763262c452a39b3f4"},"breadcrumb":{"@id":"https:\/\/elearning.upt.ro\/ro\/proiecte\/proiecte-eu\/dr-diana-andone-despre-initiativele-culturale-din-proiectul-digiculture-in-cadrul-webinarului-eden-oew2020\/#breadcrumb"},"inLanguage":"en-US","potentialAction":[{"@type":"ReadAction","target":["https:\/\/elearning.upt.ro\/ro\/proiecte\/proiecte-eu\/dr-diana-andone-despre-initiativele-culturale-din-proiectul-digiculture-in-cadrul-webinarului-eden-oew2020\/"]}]},{"@type":"ImageObject","inLanguage":"en-US","@id":"https:\/\/elearning.upt.ro\/ro\/proiecte\/proiecte-eu\/dr-diana-andone-despre-initiativele-culturale-din-proiectul-digiculture-in-cadrul-webinarului-eden-oew2020\/#primaryimage","url":"https:\/\/elearning.upt.ro\/wp-content\/uploads\/2020\/05\/feat.jpg","contentUrl":"https:\/\/elearning.upt.ro\/wp-content\/uploads\/2020\/05\/feat.jpg","width":787,"height":589},{"@type":"BreadcrumbList","@id":"https:\/\/elearning.upt.ro\/ro\/proiecte\/proiecte-eu\/dr-diana-andone-despre-initiativele-culturale-din-proiectul-digiculture-in-cadrul-webinarului-eden-oew2020\/#breadcrumb","itemListElement":[{"@type":"ListItem","position":1,"name":"Home","item":"https:\/\/elearning.upt.ro\/"},{"@type":"ListItem","position":2,"name":"Dr. Diana Andone despre ini\u021biativele culturale din proiectul Digiculture \u00een cadrul webinarului EDEN #OEW2020"}]},{"@type":"WebSite","@id":"https:\/\/elearning.upt.ro\/ro\/#website","url":"https:\/\/elearning.upt.ro\/ro\/","name":"Politehnica University Timi\u015foara Department of ID\/IFR and Digital Education \u2013 DeL","description":"","potentialAction":[{"@type":"SearchAction","target":{"@type":"EntryPoint","urlTemplate":"https:\/\/elearning.upt.ro\/ro\/?s={search_term_string}"},"query-input":{"@type":"PropertyValueSpecification","valueRequired":true,"valueName":"search_term_string"}}],"inLanguage":"en-US"},{"@type":"Person","@id":"https:\/\/elearning.upt.ro\/ro\/#\/schema\/person\/8bb5b84d8e634ea763262c452a39b3f4","name":"CeL","image":{"@type":"ImageObject","inLanguage":"en-US","@id":"https:\/\/secure.gravatar.com\/avatar\/9b67430c18ee40ef4a63a577131abb63a54ca1b5fbb5ec183bcc2003d846a51f?s=96&d=mm&r=g","url":"https:\/\/secure.gravatar.com\/avatar\/9b67430c18ee40ef4a63a577131abb63a54ca1b5fbb5ec183bcc2003d846a51f?s=96&d=mm&r=g","contentUrl":"https:\/\/secure.gravatar.com\/avatar\/9b67430c18ee40ef4a63a577131abb63a54ca1b5fbb5ec183bcc2003d846a51f?s=96&d=mm&r=g","caption":"CeL"},"url":"https:\/\/elearning.upt.ro\/en\/author\/renateiovi\/"}]}},"_links":{"self":[{"href":"https:\/\/elearning.upt.ro\/en\/wp-json\/wp\/v2\/posts\/9936","targetHints":{"allow":["GET"]}}],"collection":[{"href":"https:\/\/elearning.upt.ro\/en\/wp-json\/wp\/v2\/posts"}],"about":[{"href":"https:\/\/elearning.upt.ro\/en\/wp-json\/wp\/v2\/types\/post"}],"author":[{"embeddable":true,"href":"https:\/\/elearning.upt.ro\/en\/wp-json\/wp\/v2\/users\/13"}],"replies":[{"embeddable":true,"href":"https:\/\/elearning.upt.ro\/en\/wp-json\/wp\/v2\/comments?post=9936"}],"version-history":[{"count":9,"href":"https:\/\/elearning.upt.ro\/en\/wp-json\/wp\/v2\/posts\/9936\/revisions"}],"predecessor-version":[{"id":9947,"href":"https:\/\/elearning.upt.ro\/en\/wp-json\/wp\/v2\/posts\/9936\/revisions\/9947"}],"wp:featuredmedia":[{"embeddable":true,"href":"https:\/\/elearning.upt.ro\/en\/wp-json\/wp\/v2\/media\/9937"}],"wp:attachment":[{"href":"https:\/\/elearning.upt.ro\/en\/wp-json\/wp\/v2\/media?parent=9936"}],"wp:term":[{"taxonomy":"category","embeddable":true,"href":"https:\/\/elearning.upt.ro\/en\/wp-json\/wp\/v2\/categories?post=9936"},{"taxonomy":"post_tag","embeddable":true,"href":"https:\/\/elearning.upt.ro\/en\/wp-json\/wp\/v2\/tags?post=9936"}],"curies":[{"name":"wp","href":"https:\/\/api.w.org\/{rel}","templated":true}]}}