{"id":9160,"date":"2020-04-15T16:44:01","date_gmt":"2020-04-15T13:44:01","guid":{"rendered":"https:\/\/elearning.upt.ro\/?p=9160"},"modified":"2020-04-28T15:42:24","modified_gmt":"2020-04-28T12:42:24","slug":"webinar-impreunaonline-perceptia-cadrelor-didactice-si-a-studentilor-privind-educatia-online-oportunitati-si-provocari","status":"publish","type":"post","link":"https:\/\/elearning.upt.ro\/en\/comunitate\/noutati-comunitate\/webinar-impreunaonline-perceptia-cadrelor-didactice-si-a-studentilor-privind-educatia-online-oportunitati-si-provocari\/","title":{"rendered":"Webinar #onlinetogether: Perception of teachers and students regarding online education: opportunities and challenges"},"content":{"rendered":"<div data-elementor-type=\"wp-post\" data-elementor-id=\"9160\" class=\"elementor elementor-9160\">\n\t\t\t\t\t\t<section class=\"elementor-section elementor-top-section elementor-element elementor-element-889e299 elementor-section-boxed elementor-section-height-default elementor-section-height-default\" data-id=\"889e299\" data-element_type=\"section\" data-e-type=\"section\">\n\t\t\t\t\t\t<div class=\"elementor-container elementor-column-gap-default\">\n\t\t\t\t\t<div class=\"elementor-column elementor-col-100 elementor-top-column elementor-element elementor-element-c6c4636\" data-id=\"c6c4636\" data-element_type=\"column\" data-e-type=\"column\">\n\t\t\t<div class=\"elementor-widget-wrap elementor-element-populated\">\n\t\t\t\t\t\t<div class=\"elementor-element elementor-element-1c595fb elementor-widget elementor-widget-text-editor\" data-id=\"1c595fb\" data-element_type=\"widget\" data-e-type=\"widget\" data-widget_type=\"text-editor.default\">\n\t\t\t\t<div class=\"elementor-widget-container\">\n\t\t\t\t\t\t\t\t\t<p><span style=\"color: #993300;\"><strong>#onlinetogether #impreunaonline #covid19 #webinar<\/strong><\/span><\/p>\t\t\t\t\t\t\t\t<\/div>\n\t\t\t\t<\/div>\n\t\t\t\t<div class=\"elementor-element elementor-element-4aa3944 elementor-widget elementor-widget-text-editor\" data-id=\"4aa3944\" data-element_type=\"widget\" data-e-type=\"widget\" data-widget_type=\"text-editor.default\">\n\t\t\t\t<div class=\"elementor-widget-container\">\n\t\t\t\t\t\t\t\t\t<p class=\"translation-block\"><strong>Online education<\/strong>, at the forefront of the educational process during this period, determines us to reflect more deeply on the role of the teacher and the student in the pedagogical act, as well as on the interaction between teachers and students.<\/p><p class=\"translation-block\"><strong>Online teaching<\/strong>, on the one hand, demands not only an understanding of the content, but also a constant concern about how this content is presented.<\/p><p class=\"translation-block\"><strong>Online learning<\/strong>, on the other hand, reflects to a greater extent the contribution of individual study and student autonomy in learning. How to provide the student in this context with a relevant learning experience is a challenge.<\/p><p><span style=\"font-weight: 400; color: #000000;\"> To meet this challenge, the first step is <span style=\"text-decoration: underline;\">to identify the perception of teachers and students on online education.<\/span><\/span><\/p>\t\t\t\t\t\t\t\t<\/div>\n\t\t\t\t<\/div>\n\t\t\t\t<div class=\"elementor-element elementor-element-b016805 elementor-widget elementor-widget-text-editor\" data-id=\"b016805\" data-element_type=\"widget\" data-e-type=\"widget\" data-widget_type=\"text-editor.default\">\n\t\t\t\t<div class=\"elementor-widget-container\">\n\t\t\t\t\t\t\t\t\t<h5 style=\"text-align: center;\"><strong>Does online education stimulate innovative teaching methods and autonomy in learning? <\/strong><\/h5><h5 style=\"text-align: center;\"><strong>Do we spend more time now in the online environment than usual? <\/strong><\/h5><h5 style=\"text-align: center;\"><strong>Does developing the presentation of the course and seminar, as well as carrying out the tasks, require more time and effort?\u00a0<\/strong><\/h5>\t\t\t\t\t\t\t\t<\/div>\n\t\t\t\t<\/div>\n\t\t\t\t<div class=\"elementor-element elementor-element-09e24a6 elementor-widget elementor-widget-text-editor\" data-id=\"09e24a6\" data-element_type=\"widget\" data-e-type=\"widget\" data-widget_type=\"text-editor.default\">\n\t\t\t\t<div class=\"elementor-widget-container\">\n\t\t\t\t\t\t\t\t\t<p style=\"text-align: center;\" class=\"translation-block\"><span style=\"color: #000000\"><strong>These are the questions that this webinar found the answers to, under the slogan <span style=\"color: #993300\">#onlinetogether.<\/span><\/strong><\/span><\/p><p class=\"translation-block\"><span style=\"color: #000000\"><strong>Assoc. Prof. Dr. Marian Ilie<\/strong><strong>, Assoc. Prof. Dr. Irina Macsinga <\/strong>and <strong>Assoc. Prof. Dr. M\u0103d\u0103lin Bunoiu<\/strong> brought to attention the needs of Romanian universities, in order to be accepted in the top of modern universities of the XXI century and they emphasized the need to <span style=\"text-decoration: underline\">develop and maintain <\/span>   the platforms used in  <span style=\"text-decoration: underline\">online education.<\/span><\/span><\/p>\t\t\t\t\t\t\t\t<\/div>\n\t\t\t\t<\/div>\n\t\t\t\t<div class=\"elementor-element elementor-element-2641d3b elementor-alert-danger elementor-widget elementor-widget-alert\" data-id=\"2641d3b\" data-element_type=\"widget\" data-e-type=\"widget\" data-widget_type=\"alert.default\">\n\t\t\t\t<div class=\"elementor-widget-container\">\n\t\t\t\t\t\t\t<div class=\"elementor-alert\" role=\"alert\">\n\n\t\t\t\t\t\t<span class=\"elementor-alert-title\">Wednesday April 22, 2020, 4pm<span style=\"text-align: left\"><\/span><\/span>\n\t\t\t\n\t\t\t\t\t\t<span class=\"elementor-alert-description\"> Speakers:  <b>Assoc. Prof. Dr. Marian Ilie<\/b>, Director of the Department for the Training of Teaching Staff and Director of the Center for Academic Development in UVT and <br><b>Assoc. Prof. Dr. Irina Macsinga<\/b>, Associate Professor, Dean of the Faculty of Sociology and Psychology at UVT \n <br>Moderator: <b>Assoc. Prof. Dr. Madalin Bunoiu\n<\/b>, Vice-rector responsible for Academic Strategy, West University of Timi\u0219oara\n<\/span>\n\t\t\t\n\t\t\t\n\t\t<\/div>\n\t\t\t\t\t\t<\/div>\n\t\t\t\t<\/div>\n\t\t\t\t<div class=\"elementor-element elementor-element-704bdd2 elementor-widget elementor-widget-text-editor\" data-id=\"704bdd2\" data-element_type=\"widget\" data-e-type=\"widget\" data-widget_type=\"text-editor.default\">\n\t\t\t\t<div class=\"elementor-widget-container\">\n\t\t\t\t\t\t\t\t\t<p class=\"translation-block\">They answered to the various questions and issues that were raised by over <strong> 270 participants <\/strong> from various academic environments and they highlighted the following aspects as the most important in the <span style=\"text-decoration: underline\">digital race <\/span> : connectivity, human capital, the use of  Internet, integration of digital technology and digital public services.<\/p>\t\t\t\t\t\t\t\t<\/div>\n\t\t\t\t<\/div>\n\t\t\t\t\t<\/div>\n\t\t<\/div>\n\t\t\t\t\t<\/div>\n\t\t<\/section>\n\t\t\t\t<section class=\"elementor-section elementor-top-section elementor-element elementor-element-9f9f0e0 elementor-section-boxed elementor-section-height-default elementor-section-height-default\" data-id=\"9f9f0e0\" data-element_type=\"section\" data-e-type=\"section\">\n\t\t\t\t\t\t<div class=\"elementor-container elementor-column-gap-default\">\n\t\t\t\t\t<div class=\"elementor-column elementor-col-100 elementor-top-column elementor-element elementor-element-c413735\" data-id=\"c413735\" data-element_type=\"column\" data-e-type=\"column\">\n\t\t\t<div class=\"elementor-widget-wrap elementor-element-populated\">\n\t\t\t\t\t\t<div class=\"elementor-element elementor-element-8a75a0a elementor-widget elementor-widget-heading\" data-id=\"8a75a0a\" data-element_type=\"widget\" data-e-type=\"widget\" data-widget_type=\"heading.default\">\n\t\t\t\t<div class=\"elementor-widget-container\">\n\t\t\t\t\t<h3 class=\"elementor-heading-title elementor-size-large\">BIO<\/h3>\t\t\t\t<\/div>\n\t\t\t\t<\/div>\n\t\t\t\t<div class=\"elementor-element elementor-element-84e6e5b elementor-position-left elementor-vertical-align-top elementor-widget elementor-widget-image-box\" data-id=\"84e6e5b\" data-element_type=\"widget\" data-e-type=\"widget\" data-widget_type=\"image-box.default\">\n\t\t\t\t<div class=\"elementor-widget-container\">\n\t\t\t\t\t<div class=\"elementor-image-box-wrapper\"><figure class=\"elementor-image-box-img\"><img fetchpriority=\"high\" decoding=\"async\" width=\"432\" height=\"528\" src=\"https:\/\/elearning.upt.ro\/wp-content\/uploads\/2020\/04\/BUNOIU-Madalin.jpg\" class=\"attachment-full size-full wp-image-9215\" alt=\"\" srcset=\"https:\/\/elearning.upt.ro\/wp-content\/uploads\/2020\/04\/BUNOIU-Madalin.jpg 432w, https:\/\/elearning.upt.ro\/wp-content\/uploads\/2020\/04\/BUNOIU-Madalin-245x300.jpg 245w, https:\/\/elearning.upt.ro\/wp-content\/uploads\/2020\/04\/BUNOIU-Madalin-255x312.jpg 255w\" sizes=\"(max-width: 432px) 100vw, 432px\" \/><\/figure><div class=\"elementor-image-box-content\"><h3 class=\"elementor-image-box-title\">Assoc. Prof. Dr. Madalin Bunoiu<\/h3><p class=\"elementor-image-box-description\">M\u0103d\u0103lin BUNOIU is the Vice-Rector responsible for the academic strategy at the West University of Timi\u0219oara and PhD in the Faculty of Physics, having as areas of research obtaining and characterizing materials with optical, electrical and magnetic properties and educational physics respectively. M\u0103d\u0103lin Bunoiu is a member of important national bodies in the field of education, such as the Romanian Agency for Quality Assurance in Higher Education (ARACIS) or the Consultative College for Research, Development and Innovation (CCCDI). \n<\/p><\/div><\/div>\t\t\t\t<\/div>\n\t\t\t\t<\/div>\n\t\t\t\t<div class=\"elementor-element elementor-element-c79c4ca elementor-position-right elementor-vertical-align-top elementor-widget elementor-widget-image-box\" data-id=\"c79c4ca\" data-element_type=\"widget\" data-e-type=\"widget\" data-widget_type=\"image-box.default\">\n\t\t\t\t<div class=\"elementor-widget-container\">\n\t\t\t\t\t<div class=\"elementor-image-box-wrapper\"><figure class=\"elementor-image-box-img\"><img decoding=\"async\" width=\"350\" height=\"350\" src=\"https:\/\/elearning.upt.ro\/wp-content\/uploads\/2020\/04\/ILIE-Marian.png\" class=\"attachment-full size-full wp-image-9217\" alt=\"\" srcset=\"https:\/\/elearning.upt.ro\/wp-content\/uploads\/2020\/04\/ILIE-Marian.png 350w, https:\/\/elearning.upt.ro\/wp-content\/uploads\/2020\/04\/ILIE-Marian-300x300.png 300w, https:\/\/elearning.upt.ro\/wp-content\/uploads\/2020\/04\/ILIE-Marian-150x150.png 150w, https:\/\/elearning.upt.ro\/wp-content\/uploads\/2020\/04\/ILIE-Marian-50x50.png 50w, https:\/\/elearning.upt.ro\/wp-content\/uploads\/2020\/04\/ILIE-Marian-80x80.png 80w, https:\/\/elearning.upt.ro\/wp-content\/uploads\/2020\/04\/ILIE-Marian-263x263.png 263w, https:\/\/elearning.upt.ro\/wp-content\/uploads\/2020\/04\/ILIE-Marian-100x100.png 100w, https:\/\/elearning.upt.ro\/wp-content\/uploads\/2020\/04\/ILIE-Marian-255x255.png 255w\" sizes=\"(max-width: 350px) 100vw, 350px\" \/><\/figure><div class=\"elementor-image-box-content\"><h3 class=\"elementor-image-box-title\">Assoc. Prof. Dr. Marian Ilie<\/h3><p class=\"elementor-image-box-description\">Marian D. ILIE (bachelor and Phd in education sciences) is a university lecturer in the Department for the Training of Teaching Personnel (DPPD), director of the DPPD and coordinator of the Center for Academic Development at the West University of Timi\u0219oara. The main areas of interest are: curriculum development, training design, empirical evidence in education and didactic training of teachers. He has extensive experience in organizing, implementing and evaluating the impact of training programs and activities for pre-university and university teaching staff. Over time, he coordinated 10 projects \/ grants as project director or principal researcher and published studies in high visibility international journals.<\/p><\/div><\/div>\t\t\t\t<\/div>\n\t\t\t\t<\/div>\n\t\t\t\t<div class=\"elementor-element elementor-element-03b2a21 elementor-position-left elementor-vertical-align-top elementor-widget elementor-widget-image-box\" data-id=\"03b2a21\" data-element_type=\"widget\" data-e-type=\"widget\" data-widget_type=\"image-box.default\">\n\t\t\t\t<div class=\"elementor-widget-container\">\n\t\t\t\t\t<div class=\"elementor-image-box-wrapper\"><figure class=\"elementor-image-box-img\"><img decoding=\"async\" width=\"2287\" height=\"1715\" src=\"https:\/\/elearning.upt.ro\/wp-content\/uploads\/2020\/04\/MACSINGA-Irina.jpg\" class=\"attachment-full size-full wp-image-9218\" alt=\"\" srcset=\"https:\/\/elearning.upt.ro\/wp-content\/uploads\/2020\/04\/MACSINGA-Irina.jpg 2287w, https:\/\/elearning.upt.ro\/wp-content\/uploads\/2020\/04\/MACSINGA-Irina-300x225.jpg 300w, https:\/\/elearning.upt.ro\/wp-content\/uploads\/2020\/04\/MACSINGA-Irina-1024x768.jpg 1024w, https:\/\/elearning.upt.ro\/wp-content\/uploads\/2020\/04\/MACSINGA-Irina-768x576.jpg 768w, https:\/\/elearning.upt.ro\/wp-content\/uploads\/2020\/04\/MACSINGA-Irina-1536x1152.jpg 1536w, https:\/\/elearning.upt.ro\/wp-content\/uploads\/2020\/04\/MACSINGA-Irina-2048x1536.jpg 2048w, https:\/\/elearning.upt.ro\/wp-content\/uploads\/2020\/04\/MACSINGA-Irina-255x191.jpg 255w, https:\/\/elearning.upt.ro\/wp-content\/uploads\/2020\/04\/MACSINGA-Irina-600x450.jpg 600w\" sizes=\"(max-width: 2287px) 100vw, 2287px\" \/><\/figure><div class=\"elementor-image-box-content\"><h3 class=\"elementor-image-box-title\">Assoc. Prof. Dr. Irina Macsinga<\/h3><p class=\"elementor-image-box-description\">\nIrina MACSINGA is a lecturer in the Department of Psychology of the Faculty of Sociology and Psychology at the West University of Timi\u0219oara, and currently holds the position of dean of this faculty. Her professional interests are aimed at fundamental and applied research, with an emphasis on educational psychology. During 2007-2010, she coordinated the research area of \u200b\u200bthe Center for Psychological Counseling and Career Guidance of the UVT (currently CCOC). She is involved in numerous national and international projects with an educational component, author of books and articles with international visibility and member of the European Universities Association.\n<\/p><\/div><\/div>\t\t\t\t<\/div>\n\t\t\t\t<\/div>\n\t\t\t\t\t<\/div>\n\t\t<\/div>\n\t\t\t\t\t<\/div>\n\t\t<\/section>\n\t\t\t\t<section class=\"elementor-section elementor-top-section elementor-element elementor-element-86362c1 elementor-section-boxed elementor-section-height-default elementor-section-height-default\" data-id=\"86362c1\" data-element_type=\"section\" data-e-type=\"section\">\n\t\t\t\t\t\t<div class=\"elementor-container elementor-column-gap-default\">\n\t\t\t\t\t<div class=\"elementor-column elementor-col-100 elementor-top-column elementor-element elementor-element-de0e540\" data-id=\"de0e540\" data-element_type=\"column\" data-e-type=\"column\">\n\t\t\t<div class=\"elementor-widget-wrap elementor-element-populated\">\n\t\t\t\t\t\t<div class=\"elementor-element elementor-element-820b1b2 elementor-alert-info elementor-widget elementor-widget-alert\" data-id=\"820b1b2\" data-element_type=\"widget\" data-e-type=\"widget\" data-widget_type=\"alert.default\">\n\t\t\t\t<div class=\"elementor-widget-container\">\n\t\t\t\t\t\t\t<div class=\"elementor-alert\" role=\"alert\">\n\n\t\t\t\t\t\t<span class=\"elementor-alert-title\">Open Badge - Online Together<\/span>\n\t\t\t\n\t\t\t\t\t\t<span class=\"elementor-alert-description\">Participants received an Open Badge - Online Together <\/span>\n\t\t\t\n\t\t\t\n\t\t<\/div>\n\t\t\t\t\t\t<\/div>\n\t\t\t\t<\/div>\n\t\t\t\t<div class=\"elementor-element elementor-element-2e2ce18 elementor-widget elementor-widget-text-editor\" data-id=\"2e2ce18\" data-element_type=\"widget\" data-e-type=\"widget\" data-widget_type=\"text-editor.default\">\n\t\t\t\t<div class=\"elementor-widget-container\">\n\t\t\t\t\t\t\t\t\t<p style=\"text-align: center;\"><strong>Couldn't attend the webinar?<\/strong><\/p><p style=\"text-align: center;\"><strong>Watch the live stream on YouTube, by clicking on the video below:<\/strong><\/p>\t\t\t\t\t\t\t\t<\/div>\n\t\t\t\t<\/div>\n\t\t\t\t<div class=\"elementor-element elementor-element-691f357 elementor-widget elementor-widget-video\" data-id=\"691f357\" data-element_type=\"widget\" data-e-type=\"widget\" data-settings=\"{&quot;youtube_url&quot;:&quot;https:\\\/\\\/www.youtube.com\\\/watch?v=vuNbqaWzcRI&amp;feature=emb_logo&quot;,&quot;video_type&quot;:&quot;youtube&quot;,&quot;controls&quot;:&quot;yes&quot;}\" data-widget_type=\"video.default\">\n\t\t\t\t<div class=\"elementor-widget-container\">\n\t\t\t\t\t\t\t<div class=\"elementor-wrapper elementor-open-inline\">\n\t\t\t<div class=\"elementor-video\"><\/div>\t\t<\/div>\n\t\t\t\t\t\t<\/div>\n\t\t\t\t<\/div>\n\t\t\t\t<div class=\"elementor-element elementor-element-35f4082 elementor-button-info elementor-align-center elementor-widget elementor-widget-button\" data-id=\"35f4082\" data-element_type=\"widget\" data-e-type=\"widget\" data-widget_type=\"button.default\">\n\t\t\t\t<div class=\"elementor-widget-container\">\n\t\t\t\t\t\t\t\t\t<div class=\"elementor-button-wrapper\">\n\t\t\t\t\t<a class=\"elementor-button elementor-button-link elementor-size-sm\" href=\"https:\/\/elearning.upt.ro\/en\/event\/webinar-nou-impreunaonline-perceptia-cadrelor-didactice-si-a-studentilor-privind-educatia-online-oportunitati-si-provocari\/\">\n\t\t\t\t\t\t<span class=\"elementor-button-content-wrapper\">\n\t\t\t\t\t\t\t\t\t<span class=\"elementor-button-text\">Find out NOW about the webinar - Perception of teachers and students regarding online education: opportunities and challenges<\/span>\n\t\t\t\t\t<\/span>\n\t\t\t\t\t<\/a>\n\t\t\t\t<\/div>\n\t\t\t\t\t\t\t\t<\/div>\n\t\t\t\t<\/div>\n\t\t\t\t\t<\/div>\n\t\t<\/div>\n\t\t\t\t\t<\/div>\n\t\t<\/section>\n\t\t\t\t<section class=\"elementor-section elementor-top-section elementor-element elementor-element-19bcf75 elementor-section-boxed elementor-section-height-default elementor-section-height-default\" data-id=\"19bcf75\" data-element_type=\"section\" data-e-type=\"section\">\n\t\t\t\t\t\t<div class=\"elementor-container elementor-column-gap-default\">\n\t\t\t\t\t<div class=\"elementor-column elementor-col-100 elementor-top-column elementor-element elementor-element-95b281c\" data-id=\"95b281c\" data-element_type=\"column\" data-e-type=\"column\">\n\t\t\t<div class=\"elementor-widget-wrap elementor-element-populated\">\n\t\t\t\t\t\t<div class=\"elementor-element elementor-element-a5b6ac5 elementor-button-info elementor-align-center elementor-widget elementor-widget-button\" data-id=\"a5b6ac5\" data-element_type=\"widget\" data-e-type=\"widget\" data-widget_type=\"button.default\">\n\t\t\t\t<div class=\"elementor-widget-container\">\n\t\t\t\t\t\t\t\t\t<div class=\"elementor-button-wrapper\">\n\t\t\t\t\t<a class=\"elementor-button elementor-button-link elementor-size-sm\" href=\"https:\/\/elearning.upt.ro\/en\/impreuna-online\/\">\n\t\t\t\t\t\t<span class=\"elementor-button-content-wrapper\">\n\t\t\t\t\t\t\t\t\t<span class=\"elementor-button-text\">Follow HERE the  Online Together  page to register for the upcoming webinar<\/span>\n\t\t\t\t\t<\/span>\n\t\t\t\t\t<\/a>\n\t\t\t\t<\/div>\n\t\t\t\t\t\t\t\t<\/div>\n\t\t\t\t<\/div>\n\t\t\t\t<div class=\"elementor-element elementor-element-5376d85 elementor-widget elementor-widget-image\" data-id=\"5376d85\" data-element_type=\"widget\" data-e-type=\"widget\" data-widget_type=\"image.default\">\n\t\t\t\t<div class=\"elementor-widget-container\">\n\t\t\t\t\t\t\t\t\t\t\t\t\t\t\t<img decoding=\"async\" src=\"https:\/\/elearning.upt.ro\/wp-content\/uploads\/2020\/04\/Stiri-si-event-02-1.png\" title=\"News and event-02\" alt=\"News and event-02\" loading=\"lazy\" \/>\t\t\t\t\t\t\t\t\t\t\t\t\t\t\t<\/div>\n\t\t\t\t<\/div>\n\t\t\t\t\t<\/div>\n\t\t<\/div>\n\t\t\t\t\t<\/div>\n\t\t<\/section>\n\t\t\t\t<\/div>","protected":false},"excerpt":{"rendered":"<p class=\"translation-block\">On Wednesday, April 22, 2020, the webinar #onlinetogether: Perception of teachers and students regarding online education: opportunities and challenges took place. \nParticipation was free, and CeL issued Open Badges. Find out more details here!<\/p>","protected":false},"author":1,"featured_media":9230,"comment_status":"closed","ping_status":"closed","sticky":false,"template":"","format":"standard","meta":{"footnotes":""},"categories":[235,251,106],"tags":[205,232,238,233,237,246,247],"class_list":["post-9160","post","type-post","status-publish","format-standard","has-post-thumbnail","hentry","category-impreuna-online","category-noutati","category-noutati-comunitate","tag-transfereducatieonline","tag-covid19","tag-impreunaonline","tag-onlineeducation","tag-onlinetogether","tag-oportunitati","tag-provocari"],"yoast_head":"<!-- This site is optimized with the Yoast SEO plugin v27.4 - https:\/\/yoast.com\/product\/yoast-seo-wordpress\/ -->\n<title>Webinar #impreunaonline - Percep\u021bia cadrelor didactice \u0219i a studen\u021bilor privind educa\u021bia online: oportunit\u0103\u021bi \u0219i provoc\u0103ri - Universitatea Politehnica Timi\u015foara Departamentul de ID\/IFR \u0219i Educa\u021bie Digital\u0103 \u2013 DeL<\/title>\n<meta name=\"robots\" content=\"index, follow, max-snippet:-1, max-image-preview:large, max-video-preview:-1\" \/>\n<link rel=\"canonical\" href=\"https:\/\/elearning.upt.ro\/en\/comunitate\/noutati-comunitate\/webinar-impreunaonline-perceptia-cadrelor-didactice-si-a-studentilor-privind-educatia-online-oportunitati-si-provocari\/\" \/>\n<meta property=\"og:locale\" content=\"en_US\" \/>\n<meta property=\"og:type\" content=\"article\" \/>\n<meta property=\"og:title\" content=\"Webinar #impreunaonline - Percep\u021bia cadrelor didactice \u0219i a studen\u021bilor privind educa\u021bia online: oportunit\u0103\u021bi \u0219i provoc\u0103ri - Universitatea Politehnica Timi\u015foara Departamentul de ID\/IFR \u0219i Educa\u021bie Digital\u0103 \u2013 DeL\" \/>\n<meta property=\"og:description\" content=\"Miercuri , 22 aprilie 2020, a avut loc webinarul#impreunaonline: Percep\u021bia cadrelor didactice \u0219i a studen\u021bilor privind educa\u021bia online: oportunit\u0103\u021bi \u0219i provoc\u0103ri. Participarea a fost gratuit\u0103, iar CeL a emis Open Badges. Afl\u0103 mai multe detalii AICI!\" \/>\n<meta property=\"og:url\" content=\"https:\/\/elearning.upt.ro\/en\/comunitate\/noutati-comunitate\/webinar-impreunaonline-perceptia-cadrelor-didactice-si-a-studentilor-privind-educatia-online-oportunitati-si-provocari\/\" \/>\n<meta property=\"og:site_name\" content=\"Universitatea Politehnica Timi\u015foara Departamentul de ID\/IFR \u0219i Educa\u021bie Digital\u0103 \u2013 DeL\" \/>\n<meta property=\"article:publisher\" content=\"https:\/\/www.facebook.com\/CIDUPT\/?ref=page_internal\" \/>\n<meta property=\"article:published_time\" content=\"2020-04-15T13:44:01+00:00\" \/>\n<meta property=\"article:modified_time\" content=\"2020-04-28T12:42:24+00:00\" \/>\n<meta property=\"og:image\" content=\"https:\/\/elearning.upt.ro\/wp-content\/uploads\/2020\/04\/Stiri-si-event-01-1.png\" \/>\n\t<meta property=\"og:image:width\" content=\"196\" \/>\n\t<meta property=\"og:image:height\" content=\"196\" \/>\n\t<meta property=\"og:image:type\" content=\"image\/png\" \/>\n<meta name=\"author\" content=\"CeL\" \/>\n<meta name=\"twitter:card\" content=\"summary_large_image\" \/>\n<meta name=\"twitter:label1\" content=\"Written by\" \/>\n\t<meta name=\"twitter:data1\" content=\"CeL\" \/>\n\t<meta name=\"twitter:label2\" content=\"Est. reading time\" \/>\n\t<meta name=\"twitter:data2\" content=\"4 minutes\" \/>\n<script type=\"application\/ld+json\" class=\"yoast-schema-graph\">{\"@context\":\"https:\\\/\\\/schema.org\",\"@graph\":[{\"@type\":\"Article\",\"@id\":\"https:\\\/\\\/elearning.upt.ro\\\/en\\\/comunitate\\\/noutati-comunitate\\\/webinar-impreunaonline-perceptia-cadrelor-didactice-si-a-studentilor-privind-educatia-online-oportunitati-si-provocari\\\/#article\",\"isPartOf\":{\"@id\":\"https:\\\/\\\/elearning.upt.ro\\\/en\\\/comunitate\\\/noutati-comunitate\\\/webinar-impreunaonline-perceptia-cadrelor-didactice-si-a-studentilor-privind-educatia-online-oportunitati-si-provocari\\\/\"},\"author\":{\"name\":\"CeL\",\"@id\":\"https:\\\/\\\/elearning.upt.ro\\\/ro\\\/#\\\/schema\\\/person\\\/48f227619c4c2c3f9a40143da0fa1316\"},\"headline\":\"Webinar #impreunaonline &#8211; Percep\u021bia cadrelor didactice \u0219i a studen\u021bilor privind educa\u021bia online: oportunit\u0103\u021bi \u0219i provoc\u0103ri\",\"datePublished\":\"2020-04-15T13:44:01+00:00\",\"dateModified\":\"2020-04-28T12:42:24+00:00\",\"mainEntityOfPage\":{\"@id\":\"https:\\\/\\\/elearning.upt.ro\\\/en\\\/comunitate\\\/noutati-comunitate\\\/webinar-impreunaonline-perceptia-cadrelor-didactice-si-a-studentilor-privind-educatia-online-oportunitati-si-provocari\\\/\"},\"wordCount\":795,\"image\":{\"@id\":\"https:\\\/\\\/elearning.upt.ro\\\/en\\\/comunitate\\\/noutati-comunitate\\\/webinar-impreunaonline-perceptia-cadrelor-didactice-si-a-studentilor-privind-educatia-online-oportunitati-si-provocari\\\/#primaryimage\"},\"thumbnailUrl\":\"https:\\\/\\\/elearning.upt.ro\\\/wp-content\\\/uploads\\\/2020\\\/04\\\/Stiri-si-event-01-1.png\",\"keywords\":[\"#transfereducatieonline\",\"covid19\",\"impreunaonline\",\"onlineeducation\",\"onlinetogether\",\"oportunitati\",\"provocari\"],\"articleSection\":[\"Impreuna Online\",\"Noutati\",\"Noutati Comunitate\"],\"inLanguage\":\"en-US\"},{\"@type\":\"WebPage\",\"@id\":\"https:\\\/\\\/elearning.upt.ro\\\/en\\\/comunitate\\\/noutati-comunitate\\\/webinar-impreunaonline-perceptia-cadrelor-didactice-si-a-studentilor-privind-educatia-online-oportunitati-si-provocari\\\/\",\"url\":\"https:\\\/\\\/elearning.upt.ro\\\/en\\\/comunitate\\\/noutati-comunitate\\\/webinar-impreunaonline-perceptia-cadrelor-didactice-si-a-studentilor-privind-educatia-online-oportunitati-si-provocari\\\/\",\"name\":\"Webinar #impreunaonline - Percep\u021bia cadrelor didactice \u0219i a studen\u021bilor privind educa\u021bia online: oportunit\u0103\u021bi \u0219i provoc\u0103ri - Universitatea Politehnica Timi\u015foara Departamentul de ID\\\/IFR \u0219i Educa\u021bie Digital\u0103 \u2013 DeL\",\"isPartOf\":{\"@id\":\"https:\\\/\\\/elearning.upt.ro\\\/ro\\\/#website\"},\"primaryImageOfPage\":{\"@id\":\"https:\\\/\\\/elearning.upt.ro\\\/en\\\/comunitate\\\/noutati-comunitate\\\/webinar-impreunaonline-perceptia-cadrelor-didactice-si-a-studentilor-privind-educatia-online-oportunitati-si-provocari\\\/#primaryimage\"},\"image\":{\"@id\":\"https:\\\/\\\/elearning.upt.ro\\\/en\\\/comunitate\\\/noutati-comunitate\\\/webinar-impreunaonline-perceptia-cadrelor-didactice-si-a-studentilor-privind-educatia-online-oportunitati-si-provocari\\\/#primaryimage\"},\"thumbnailUrl\":\"https:\\\/\\\/elearning.upt.ro\\\/wp-content\\\/uploads\\\/2020\\\/04\\\/Stiri-si-event-01-1.png\",\"datePublished\":\"2020-04-15T13:44:01+00:00\",\"dateModified\":\"2020-04-28T12:42:24+00:00\",\"author\":{\"@id\":\"https:\\\/\\\/elearning.upt.ro\\\/ro\\\/#\\\/schema\\\/person\\\/48f227619c4c2c3f9a40143da0fa1316\"},\"breadcrumb\":{\"@id\":\"https:\\\/\\\/elearning.upt.ro\\\/en\\\/comunitate\\\/noutati-comunitate\\\/webinar-impreunaonline-perceptia-cadrelor-didactice-si-a-studentilor-privind-educatia-online-oportunitati-si-provocari\\\/#breadcrumb\"},\"inLanguage\":\"en-US\",\"potentialAction\":[{\"@type\":\"ReadAction\",\"target\":[\"https:\\\/\\\/elearning.upt.ro\\\/en\\\/comunitate\\\/noutati-comunitate\\\/webinar-impreunaonline-perceptia-cadrelor-didactice-si-a-studentilor-privind-educatia-online-oportunitati-si-provocari\\\/\"]}]},{\"@type\":\"ImageObject\",\"inLanguage\":\"en-US\",\"@id\":\"https:\\\/\\\/elearning.upt.ro\\\/en\\\/comunitate\\\/noutati-comunitate\\\/webinar-impreunaonline-perceptia-cadrelor-didactice-si-a-studentilor-privind-educatia-online-oportunitati-si-provocari\\\/#primaryimage\",\"url\":\"https:\\\/\\\/elearning.upt.ro\\\/wp-content\\\/uploads\\\/2020\\\/04\\\/Stiri-si-event-01-1.png\",\"contentUrl\":\"https:\\\/\\\/elearning.upt.ro\\\/wp-content\\\/uploads\\\/2020\\\/04\\\/Stiri-si-event-01-1.png\",\"width\":196,\"height\":196},{\"@type\":\"BreadcrumbList\",\"@id\":\"https:\\\/\\\/elearning.upt.ro\\\/en\\\/comunitate\\\/noutati-comunitate\\\/webinar-impreunaonline-perceptia-cadrelor-didactice-si-a-studentilor-privind-educatia-online-oportunitati-si-provocari\\\/#breadcrumb\",\"itemListElement\":[{\"@type\":\"ListItem\",\"position\":1,\"name\":\"Home\",\"item\":\"https:\\\/\\\/elearning.upt.ro\\\/\"},{\"@type\":\"ListItem\",\"position\":2,\"name\":\"Webinar #impreunaonline &#8211; Percep\u021bia cadrelor didactice \u0219i a studen\u021bilor privind educa\u021bia online: oportunit\u0103\u021bi \u0219i provoc\u0103ri\"}]},{\"@type\":\"WebSite\",\"@id\":\"https:\\\/\\\/elearning.upt.ro\\\/ro\\\/#website\",\"url\":\"https:\\\/\\\/elearning.upt.ro\\\/ro\\\/\",\"name\":\"Universitatea Politehnica Timi\u015foara Departamentul de ID\\\/IFR \u0219i Educa\u021bie Digital\u0103 \u2013 DeL\",\"description\":\"\",\"potentialAction\":[{\"@type\":\"SearchAction\",\"target\":{\"@type\":\"EntryPoint\",\"urlTemplate\":\"https:\\\/\\\/elearning.upt.ro\\\/ro\\\/?s={search_term_string}\"},\"query-input\":{\"@type\":\"PropertyValueSpecification\",\"valueRequired\":true,\"valueName\":\"search_term_string\"}}],\"inLanguage\":\"en-US\"},{\"@type\":\"Person\",\"@id\":\"https:\\\/\\\/elearning.upt.ro\\\/ro\\\/#\\\/schema\\\/person\\\/48f227619c4c2c3f9a40143da0fa1316\",\"name\":\"CeL\",\"image\":{\"@type\":\"ImageObject\",\"inLanguage\":\"en-US\",\"@id\":\"https:\\\/\\\/secure.gravatar.com\\\/avatar\\\/f32c49254ecbb28577806521f9f0df6400a1240957a45612ab56ced288a1c583?s=96&d=mm&r=g\",\"url\":\"https:\\\/\\\/secure.gravatar.com\\\/avatar\\\/f32c49254ecbb28577806521f9f0df6400a1240957a45612ab56ced288a1c583?s=96&d=mm&r=g\",\"contentUrl\":\"https:\\\/\\\/secure.gravatar.com\\\/avatar\\\/f32c49254ecbb28577806521f9f0df6400a1240957a45612ab56ced288a1c583?s=96&d=mm&r=g\",\"caption\":\"CeL\"},\"url\":\"https:\\\/\\\/elearning.upt.ro\\\/en\\\/author\\\/silviuvert\\\/\"}]}<\/script>\n<!-- \/ Yoast SEO plugin. -->","yoast_head_json":{"title":"Webinar #impreunaonline - Teachers&#039; and students&#039; perception of online education: opportunities and challenges - Politehnica University Timi\u015foara Department of ID\/IFR and Digital Education \u2013 DeL","robots":{"index":"index","follow":"follow","max-snippet":"max-snippet:-1","max-image-preview":"max-image-preview:large","max-video-preview":"max-video-preview:-1"},"canonical":"https:\/\/elearning.upt.ro\/en\/comunitate\/noutati-comunitate\/webinar-impreunaonline-perceptia-cadrelor-didactice-si-a-studentilor-privind-educatia-online-oportunitati-si-provocari\/","og_locale":"en_US","og_type":"article","og_title":"Webinar #impreunaonline - Percep\u021bia cadrelor didactice \u0219i a studen\u021bilor privind educa\u021bia online: oportunit\u0103\u021bi \u0219i provoc\u0103ri - Universitatea Politehnica Timi\u015foara Departamentul de ID\/IFR \u0219i Educa\u021bie Digital\u0103 \u2013 DeL","og_description":"Miercuri , 22 aprilie 2020, a avut loc webinarul#impreunaonline: Percep\u021bia cadrelor didactice \u0219i a studen\u021bilor privind educa\u021bia online: oportunit\u0103\u021bi \u0219i provoc\u0103ri. Participarea a fost gratuit\u0103, iar CeL a emis Open Badges. Afl\u0103 mai multe detalii AICI!","og_url":"https:\/\/elearning.upt.ro\/en\/comunitate\/noutati-comunitate\/webinar-impreunaonline-perceptia-cadrelor-didactice-si-a-studentilor-privind-educatia-online-oportunitati-si-provocari\/","og_site_name":"Universitatea Politehnica Timi\u015foara Departamentul de ID\/IFR \u0219i Educa\u021bie Digital\u0103 \u2013 DeL","article_publisher":"https:\/\/www.facebook.com\/CIDUPT\/?ref=page_internal","article_published_time":"2020-04-15T13:44:01+00:00","article_modified_time":"2020-04-28T12:42:24+00:00","og_image":[{"width":196,"height":196,"url":"https:\/\/elearning.upt.ro\/wp-content\/uploads\/2020\/04\/Stiri-si-event-01-1.png","type":"image\/png"}],"author":"CeL","twitter_card":"summary_large_image","twitter_misc":{"Written by":"CeL","Est. reading time":"4 minutes"},"schema":{"@context":"https:\/\/schema.org","@graph":[{"@type":"Article","@id":"https:\/\/elearning.upt.ro\/en\/comunitate\/noutati-comunitate\/webinar-impreunaonline-perceptia-cadrelor-didactice-si-a-studentilor-privind-educatia-online-oportunitati-si-provocari\/#article","isPartOf":{"@id":"https:\/\/elearning.upt.ro\/en\/comunitate\/noutati-comunitate\/webinar-impreunaonline-perceptia-cadrelor-didactice-si-a-studentilor-privind-educatia-online-oportunitati-si-provocari\/"},"author":{"name":"CeL","@id":"https:\/\/elearning.upt.ro\/ro\/#\/schema\/person\/48f227619c4c2c3f9a40143da0fa1316"},"headline":"Webinar #impreunaonline &#8211; Percep\u021bia cadrelor didactice \u0219i a studen\u021bilor privind educa\u021bia online: oportunit\u0103\u021bi \u0219i provoc\u0103ri","datePublished":"2020-04-15T13:44:01+00:00","dateModified":"2020-04-28T12:42:24+00:00","mainEntityOfPage":{"@id":"https:\/\/elearning.upt.ro\/en\/comunitate\/noutati-comunitate\/webinar-impreunaonline-perceptia-cadrelor-didactice-si-a-studentilor-privind-educatia-online-oportunitati-si-provocari\/"},"wordCount":795,"image":{"@id":"https:\/\/elearning.upt.ro\/en\/comunitate\/noutati-comunitate\/webinar-impreunaonline-perceptia-cadrelor-didactice-si-a-studentilor-privind-educatia-online-oportunitati-si-provocari\/#primaryimage"},"thumbnailUrl":"https:\/\/elearning.upt.ro\/wp-content\/uploads\/2020\/04\/Stiri-si-event-01-1.png","keywords":["#transfereducatieonline","covid19","impreunaonline","onlineeducation","onlinetogether","oportunitati","provocari"],"articleSection":["Impreuna Online","Noutati","Noutati Comunitate"],"inLanguage":"en-US"},{"@type":"WebPage","@id":"https:\/\/elearning.upt.ro\/en\/comunitate\/noutati-comunitate\/webinar-impreunaonline-perceptia-cadrelor-didactice-si-a-studentilor-privind-educatia-online-oportunitati-si-provocari\/","url":"https:\/\/elearning.upt.ro\/en\/comunitate\/noutati-comunitate\/webinar-impreunaonline-perceptia-cadrelor-didactice-si-a-studentilor-privind-educatia-online-oportunitati-si-provocari\/","name":"Webinar #impreunaonline - Teachers&#039; and students&#039; perception of online education: opportunities and challenges - Politehnica University Timi\u015foara Department of ID\/IFR and Digital Education \u2013 DeL","isPartOf":{"@id":"https:\/\/elearning.upt.ro\/ro\/#website"},"primaryImageOfPage":{"@id":"https:\/\/elearning.upt.ro\/en\/comunitate\/noutati-comunitate\/webinar-impreunaonline-perceptia-cadrelor-didactice-si-a-studentilor-privind-educatia-online-oportunitati-si-provocari\/#primaryimage"},"image":{"@id":"https:\/\/elearning.upt.ro\/en\/comunitate\/noutati-comunitate\/webinar-impreunaonline-perceptia-cadrelor-didactice-si-a-studentilor-privind-educatia-online-oportunitati-si-provocari\/#primaryimage"},"thumbnailUrl":"https:\/\/elearning.upt.ro\/wp-content\/uploads\/2020\/04\/Stiri-si-event-01-1.png","datePublished":"2020-04-15T13:44:01+00:00","dateModified":"2020-04-28T12:42:24+00:00","author":{"@id":"https:\/\/elearning.upt.ro\/ro\/#\/schema\/person\/48f227619c4c2c3f9a40143da0fa1316"},"breadcrumb":{"@id":"https:\/\/elearning.upt.ro\/en\/comunitate\/noutati-comunitate\/webinar-impreunaonline-perceptia-cadrelor-didactice-si-a-studentilor-privind-educatia-online-oportunitati-si-provocari\/#breadcrumb"},"inLanguage":"en-US","potentialAction":[{"@type":"ReadAction","target":["https:\/\/elearning.upt.ro\/en\/comunitate\/noutati-comunitate\/webinar-impreunaonline-perceptia-cadrelor-didactice-si-a-studentilor-privind-educatia-online-oportunitati-si-provocari\/"]}]},{"@type":"ImageObject","inLanguage":"en-US","@id":"https:\/\/elearning.upt.ro\/en\/comunitate\/noutati-comunitate\/webinar-impreunaonline-perceptia-cadrelor-didactice-si-a-studentilor-privind-educatia-online-oportunitati-si-provocari\/#primaryimage","url":"https:\/\/elearning.upt.ro\/wp-content\/uploads\/2020\/04\/Stiri-si-event-01-1.png","contentUrl":"https:\/\/elearning.upt.ro\/wp-content\/uploads\/2020\/04\/Stiri-si-event-01-1.png","width":196,"height":196},{"@type":"BreadcrumbList","@id":"https:\/\/elearning.upt.ro\/en\/comunitate\/noutati-comunitate\/webinar-impreunaonline-perceptia-cadrelor-didactice-si-a-studentilor-privind-educatia-online-oportunitati-si-provocari\/#breadcrumb","itemListElement":[{"@type":"ListItem","position":1,"name":"Home","item":"https:\/\/elearning.upt.ro\/"},{"@type":"ListItem","position":2,"name":"Webinar #impreunaonline &#8211; Percep\u021bia cadrelor didactice \u0219i a studen\u021bilor privind educa\u021bia online: oportunit\u0103\u021bi \u0219i provoc\u0103ri"}]},{"@type":"WebSite","@id":"https:\/\/elearning.upt.ro\/ro\/#website","url":"https:\/\/elearning.upt.ro\/ro\/","name":"Politehnica University Timi\u015foara Department of ID\/IFR and Digital Education \u2013 DeL","description":"","potentialAction":[{"@type":"SearchAction","target":{"@type":"EntryPoint","urlTemplate":"https:\/\/elearning.upt.ro\/ro\/?s={search_term_string}"},"query-input":{"@type":"PropertyValueSpecification","valueRequired":true,"valueName":"search_term_string"}}],"inLanguage":"en-US"},{"@type":"Person","@id":"https:\/\/elearning.upt.ro\/ro\/#\/schema\/person\/48f227619c4c2c3f9a40143da0fa1316","name":"CeL","image":{"@type":"ImageObject","inLanguage":"en-US","@id":"https:\/\/secure.gravatar.com\/avatar\/f32c49254ecbb28577806521f9f0df6400a1240957a45612ab56ced288a1c583?s=96&d=mm&r=g","url":"https:\/\/secure.gravatar.com\/avatar\/f32c49254ecbb28577806521f9f0df6400a1240957a45612ab56ced288a1c583?s=96&d=mm&r=g","contentUrl":"https:\/\/secure.gravatar.com\/avatar\/f32c49254ecbb28577806521f9f0df6400a1240957a45612ab56ced288a1c583?s=96&d=mm&r=g","caption":"CeL"},"url":"https:\/\/elearning.upt.ro\/en\/author\/silviuvert\/"}]}},"_links":{"self":[{"href":"https:\/\/elearning.upt.ro\/en\/wp-json\/wp\/v2\/posts\/9160","targetHints":{"allow":["GET"]}}],"collection":[{"href":"https:\/\/elearning.upt.ro\/en\/wp-json\/wp\/v2\/posts"}],"about":[{"href":"https:\/\/elearning.upt.ro\/en\/wp-json\/wp\/v2\/types\/post"}],"author":[{"embeddable":true,"href":"https:\/\/elearning.upt.ro\/en\/wp-json\/wp\/v2\/users\/1"}],"replies":[{"embeddable":true,"href":"https:\/\/elearning.upt.ro\/en\/wp-json\/wp\/v2\/comments?post=9160"}],"version-history":[{"count":32,"href":"https:\/\/elearning.upt.ro\/en\/wp-json\/wp\/v2\/posts\/9160\/revisions"}],"predecessor-version":[{"id":9315,"href":"https:\/\/elearning.upt.ro\/en\/wp-json\/wp\/v2\/posts\/9160\/revisions\/9315"}],"wp:featuredmedia":[{"embeddable":true,"href":"https:\/\/elearning.upt.ro\/en\/wp-json\/wp\/v2\/media\/9230"}],"wp:attachment":[{"href":"https:\/\/elearning.upt.ro\/en\/wp-json\/wp\/v2\/media?parent=9160"}],"wp:term":[{"taxonomy":"category","embeddable":true,"href":"https:\/\/elearning.upt.ro\/en\/wp-json\/wp\/v2\/categories?post=9160"},{"taxonomy":"post_tag","embeddable":true,"href":"https:\/\/elearning.upt.ro\/en\/wp-json\/wp\/v2\/tags?post=9160"}],"curies":[{"name":"wp","href":"https:\/\/api.w.org\/{rel}","templated":true}]}}