{"id":8980,"date":"2020-04-02T17:51:18","date_gmt":"2020-04-02T14:51:18","guid":{"rendered":"https:\/\/elearning.upt.ro\/?p=8980"},"modified":"2020-06-19T17:04:50","modified_gmt":"2020-06-19T14:04:50","slug":"conferinta-anuala-eden-2020-de-la-timisoara-se-va-tine-online","status":"publish","type":"post","link":"https:\/\/elearning.upt.ro\/en\/noutati\/conferinta-anuala-eden-2020-de-la-timisoara-se-va-tine-online\/","title":{"rendered":"The EDEN Annual Conference from Timi\u0219oara Goes Virtual!"},"content":{"rendered":"<div data-elementor-type=\"wp-post\" data-elementor-id=\"8980\" class=\"elementor elementor-8980\">\n\t\t\t\t\t\t<section class=\"elementor-section elementor-top-section elementor-element elementor-element-f00d903 elementor-section-boxed elementor-section-height-default elementor-section-height-default\" data-id=\"f00d903\" data-element_type=\"section\" data-e-type=\"section\">\n\t\t\t\t\t\t<div class=\"elementor-container elementor-column-gap-default\">\n\t\t\t\t\t<div class=\"elementor-column elementor-col-100 elementor-top-column elementor-element elementor-element-494e915\" data-id=\"494e915\" data-element_type=\"column\" data-e-type=\"column\">\n\t\t\t<div class=\"elementor-widget-wrap\">\n\t\t\t\t\t\t\t<\/div>\n\t\t<\/div>\n\t\t\t\t\t<\/div>\n\t\t<\/section>\n\t\t\t\t<section class=\"elementor-section elementor-top-section elementor-element elementor-element-d3387b8 elementor-section-boxed elementor-section-height-default elementor-section-height-default\" data-id=\"d3387b8\" data-element_type=\"section\" data-e-type=\"section\">\n\t\t\t\t\t\t<div class=\"elementor-container elementor-column-gap-default\">\n\t\t\t\t\t<div class=\"elementor-column elementor-col-100 elementor-top-column elementor-element elementor-element-8374c8b\" data-id=\"8374c8b\" data-element_type=\"column\" data-e-type=\"column\">\n\t\t\t<div class=\"elementor-widget-wrap elementor-element-populated\">\n\t\t\t\t\t\t<div class=\"elementor-element elementor-element-d6e3750 elementor-widget elementor-widget-text-editor\" data-id=\"d6e3750\" data-element_type=\"widget\" data-e-type=\"widget\" data-widget_type=\"text-editor.default\">\n\t\t\t\t<div class=\"elementor-widget-container\">\n\t\t\t\t\t\t\t\t\t<p class=\"translation-block\">The 2020 Conference was planned to be held on 21-24 June in Timi\u0219oara, Romania, hosted by the Politehnica University of Timi\u0219oara.\nWith the development of the pandemic COVID19, it is not likely that national and international restrictions on normalization of life, travels and social gatherings will be lifted by the end of June.<\/p>\t\t\t\t\t\t\t\t<\/div>\n\t\t\t\t<\/div>\n\t\t\t\t\t<\/div>\n\t\t<\/div>\n\t\t\t\t\t<\/div>\n\t\t<\/section>\n\t\t\t\t<section class=\"elementor-section elementor-top-section elementor-element elementor-element-dbe0f03 elementor-section-boxed elementor-section-height-default elementor-section-height-default\" data-id=\"dbe0f03\" data-element_type=\"section\" data-e-type=\"section\">\n\t\t\t\t\t\t<div class=\"elementor-container elementor-column-gap-default\">\n\t\t\t\t\t<div class=\"elementor-column elementor-col-100 elementor-top-column elementor-element elementor-element-e64be0f\" data-id=\"e64be0f\" data-element_type=\"column\" data-e-type=\"column\">\n\t\t\t<div class=\"elementor-widget-wrap elementor-element-populated\">\n\t\t\t\t\t\t<div class=\"elementor-element elementor-element-56b143d elementor-button-info elementor-align-center elementor-widget elementor-widget-button\" data-id=\"56b143d\" data-element_type=\"widget\" data-e-type=\"widget\" data-widget_type=\"button.default\">\n\t\t\t\t<div class=\"elementor-widget-container\">\n\t\t\t\t\t\t\t\t\t<div class=\"elementor-button-wrapper\">\n\t\t\t\t\t<a class=\"elementor-button elementor-button-link elementor-size-sm\" href=\"https:\/\/www.eden-online.org\/2020_timisoara\/\" target=\"_blank\">\n\t\t\t\t\t\t<span class=\"elementor-button-content-wrapper\">\n\t\t\t\t\t\t\t\t\t<span class=\"elementor-button-text\">See HERE the web page of the Conference<\/span>\n\t\t\t\t\t<\/span>\n\t\t\t\t\t<\/a>\n\t\t\t\t<\/div>\n\t\t\t\t\t\t\t\t<\/div>\n\t\t\t\t<\/div>\n\t\t\t\t<div class=\"elementor-element elementor-element-222d7a3 elementor-widget elementor-widget-image\" data-id=\"222d7a3\" data-element_type=\"widget\" data-e-type=\"widget\" data-widget_type=\"image.default\">\n\t\t\t\t<div class=\"elementor-widget-container\">\n\t\t\t\t\t\t\t\t\t\t\t\t\t\t\t<img fetchpriority=\"high\" decoding=\"async\" width=\"300\" height=\"180\" src=\"https:\/\/elearning.upt.ro\/wp-content\/uploads\/2020\/04\/91187917_3608148202589811_2780392180517175296_o-300x180.jpg\" class=\"attachment-medium size-medium wp-image-8981\" alt=\"\" srcset=\"https:\/\/elearning.upt.ro\/wp-content\/uploads\/2020\/04\/91187917_3608148202589811_2780392180517175296_o-300x180.jpg 300w, https:\/\/elearning.upt.ro\/wp-content\/uploads\/2020\/04\/91187917_3608148202589811_2780392180517175296_o-1024x614.jpg 1024w, https:\/\/elearning.upt.ro\/wp-content\/uploads\/2020\/04\/91187917_3608148202589811_2780392180517175296_o-768x460.jpg 768w, https:\/\/elearning.upt.ro\/wp-content\/uploads\/2020\/04\/91187917_3608148202589811_2780392180517175296_o-255x153.jpg 255w, https:\/\/elearning.upt.ro\/wp-content\/uploads\/2020\/04\/91187917_3608148202589811_2780392180517175296_o-600x360.jpg 600w, https:\/\/elearning.upt.ro\/wp-content\/uploads\/2020\/04\/91187917_3608148202589811_2780392180517175296_o.jpg 1068w\" sizes=\"(max-width: 300px) 100vw, 300px\" \/>\t\t\t\t\t\t\t\t\t\t\t\t\t\t\t<\/div>\n\t\t\t\t<\/div>\n\t\t\t\t\t<\/div>\n\t\t<\/div>\n\t\t\t\t\t<\/div>\n\t\t<\/section>\n\t\t\t\t<section class=\"elementor-section elementor-top-section elementor-element elementor-element-c95baa9 elementor-section-boxed elementor-section-height-default elementor-section-height-default\" data-id=\"c95baa9\" data-element_type=\"section\" data-e-type=\"section\">\n\t\t\t\t\t\t<div class=\"elementor-container elementor-column-gap-default\">\n\t\t\t\t\t<div class=\"elementor-column elementor-col-100 elementor-top-column elementor-element elementor-element-1285263\" data-id=\"1285263\" data-element_type=\"column\" data-e-type=\"column\">\n\t\t\t<div class=\"elementor-widget-wrap elementor-element-populated\">\n\t\t\t\t\t\t<div class=\"elementor-element elementor-element-1ce2d58 elementor-alert-info elementor-widget elementor-widget-alert\" data-id=\"1ce2d58\" data-element_type=\"widget\" data-e-type=\"widget\" data-widget_type=\"alert.default\">\n\t\t\t\t<div class=\"elementor-widget-container\">\n\t\t\t\t\t\t\t<div class=\"elementor-alert\" role=\"alert\">\n\n\t\t\t\t\t\t<span class=\"elementor-alert-title\">The submission deadline for all conference papers<\/span>\n\t\t\t\n\t\t\t\t\t\t<span class=\"elementor-alert-description\">New submission deadline 30 April \u2013 Sessions on pandemic \u2013 Proceedings and E-book Publication<\/span>\n\t\t\t\n\t\t\t\t\t\t<button type=\"button\" class=\"elementor-alert-dismiss\" aria-label=\"Dismiss this alert.\" data-no-translation-aria-label=\"\">\n\t\t\t\t\t\t\t\t\t<span aria-hidden=\"true\">\u00d7<\/span>\n\t\t\t\t\t\t\t<\/button>\n\t\t\t\n\t\t<\/div>\n\t\t\t\t\t\t<\/div>\n\t\t\t\t<\/div>\n\t\t\t\t\t<\/div>\n\t\t<\/div>\n\t\t\t\t\t<\/div>\n\t\t<\/section>\n\t\t\t\t<section class=\"elementor-section elementor-top-section elementor-element elementor-element-48d47ed elementor-section-boxed elementor-section-height-default elementor-section-height-default\" data-id=\"48d47ed\" data-element_type=\"section\" data-e-type=\"section\">\n\t\t\t\t\t\t<div class=\"elementor-container elementor-column-gap-default\">\n\t\t\t\t\t<div class=\"elementor-column elementor-col-100 elementor-top-column elementor-element elementor-element-9199c7c\" data-id=\"9199c7c\" data-element_type=\"column\" data-e-type=\"column\">\n\t\t\t<div class=\"elementor-widget-wrap elementor-element-populated\">\n\t\t\t\t\t\t<div class=\"elementor-element elementor-element-47c9333 elementor-widget elementor-widget-text-editor\" data-id=\"47c9333\" data-element_type=\"widget\" data-e-type=\"widget\" data-widget_type=\"text-editor.default\">\n\t\t\t\t<div class=\"elementor-widget-container\">\n\t\t\t\t\t\t\t\t\t<p class=\"translation-block\">In making this decision, the Executive Committee has taken into account the recent, positive experience with virtual EDEN events, such as the webinars and chats by the EDEN Network of Academics and Professionals (NAP), the European Distance Learning Week (EDLW), the EDEN sessions at Open Education Week (OEW) and the recently starting (March 30) -  Education in time of pandemic series.<\/p><p class=\"translation-block\"><strong>EDEN<\/strong>  (European Distance an e-Learning Network) aims to maintain the identity and momentum of the EDEN 2020 Conference as a major gathering of the European professional community, to focus on cutting-edge research, developments and problems, along with sharing experience and publishing achievements.\n\u201dWe look forward to expressing togetherness and solidarity within our community with this extraordinary event!\u201d, say EDEN representatives on the official website.<\/p>\t\t\t\t\t\t\t\t<\/div>\n\t\t\t\t<\/div>\n\t\t\t\t\t<\/div>\n\t\t<\/div>\n\t\t\t\t\t<\/div>\n\t\t<\/section>\n\t\t\t\t<section class=\"elementor-section elementor-top-section elementor-element elementor-element-541f089 elementor-section-boxed elementor-section-height-default elementor-section-height-default\" data-id=\"541f089\" data-element_type=\"section\" data-e-type=\"section\">\n\t\t\t\t\t\t<div class=\"elementor-container elementor-column-gap-default\">\n\t\t\t\t\t<div class=\"elementor-column elementor-col-100 elementor-top-column elementor-element elementor-element-7761146\" data-id=\"7761146\" data-element_type=\"column\" data-e-type=\"column\">\n\t\t\t<div class=\"elementor-widget-wrap elementor-element-populated\">\n\t\t\t\t\t\t<div class=\"elementor-element elementor-element-a4ce010 elementor-button-info elementor-align-center elementor-widget elementor-widget-button\" data-id=\"a4ce010\" data-element_type=\"widget\" data-e-type=\"widget\" data-widget_type=\"button.default\">\n\t\t\t\t<div class=\"elementor-widget-container\">\n\t\t\t\t\t\t\t\t\t<div class=\"elementor-button-wrapper\">\n\t\t\t\t\t<a class=\"elementor-button elementor-button-link elementor-size-sm\" href=\"https:\/\/www.eden-online.org\/2020_timisoara\/call-for-contribution\/\" target=\"_blank\">\n\t\t\t\t\t\t<span class=\"elementor-button-content-wrapper\">\n\t\t\t\t\t\t\t\t\t<span class=\"elementor-button-text\">See the Call for contribution HERE<\/span>\n\t\t\t\t\t<\/span>\n\t\t\t\t\t<\/a>\n\t\t\t\t<\/div>\n\t\t\t\t\t\t\t\t<\/div>\n\t\t\t\t<\/div>\n\t\t\t\t\t<\/div>\n\t\t<\/div>\n\t\t\t\t\t<\/div>\n\t\t<\/section>\n\t\t\t\t<section class=\"elementor-section elementor-top-section elementor-element elementor-element-3752643 elementor-section-boxed elementor-section-height-default elementor-section-height-default\" data-id=\"3752643\" data-element_type=\"section\" data-e-type=\"section\">\n\t\t\t\t\t\t<div class=\"elementor-container elementor-column-gap-default\">\n\t\t\t\t\t<div class=\"elementor-column elementor-col-100 elementor-top-column elementor-element elementor-element-04453ad\" data-id=\"04453ad\" data-element_type=\"column\" data-e-type=\"column\">\n\t\t\t<div class=\"elementor-widget-wrap elementor-element-populated\">\n\t\t\t\t\t\t<div class=\"elementor-element elementor-element-3fc5ec1 elementor-widget elementor-widget-text-editor\" data-id=\"3fc5ec1\" data-element_type=\"widget\" data-e-type=\"widget\" data-widget_type=\"text-editor.default\">\n\t\t\t\t<div class=\"elementor-widget-container\">\n\t\t\t\t\t\t\t\t\t<p><strong>EDEN aims to ensure the enhanced academic quality of the event and the publications.<\/strong><\/p><p>\u00a0<\/p><p>Full Papers will be double-blind peer-reviewed. Accepted Full papers will be published in the electronic Conference Proceedings with an ISSN and available online to all participants.  The Conference Proceedings will be discovered and linked by Google and Google Scholar, Alma (ProQuest), EBSCO Discovery Services (EDS), with further indexing via the Central and Eastern European Online Library (CEEOL).<\/p>\t\t\t\t\t\t\t\t<\/div>\n\t\t\t\t<\/div>\n\t\t\t\t\t<\/div>\n\t\t<\/div>\n\t\t\t\t\t<\/div>\n\t\t<\/section>\n\t\t\t\t<section class=\"elementor-section elementor-top-section elementor-element elementor-element-275ef04 elementor-section-boxed elementor-section-height-default elementor-section-height-default\" data-id=\"275ef04\" data-element_type=\"section\" data-e-type=\"section\">\n\t\t\t\t\t\t<div class=\"elementor-container elementor-column-gap-default\">\n\t\t\t\t\t<div class=\"elementor-column elementor-col-100 elementor-top-column elementor-element elementor-element-e998d1e\" data-id=\"e998d1e\" data-element_type=\"column\" data-e-type=\"column\">\n\t\t\t<div class=\"elementor-widget-wrap elementor-element-populated\">\n\t\t\t\t\t\t<div class=\"elementor-element elementor-element-caab500 elementor-alert-info elementor-widget elementor-widget-alert\" data-id=\"caab500\" data-element_type=\"widget\" data-e-type=\"widget\" data-widget_type=\"alert.default\">\n\t\t\t\t<div class=\"elementor-widget-container\">\n\t\t\t\t\t\t\t<div class=\"elementor-alert\" role=\"alert\">\n\n\t\t\t\t\t\t<span class=\"elementor-alert-title\">Taxes<\/span>\n\t\t\t\n\t\t\t\t\t\t<span class=\"elementor-alert-description\">The issue of conference fees is still under discussion, but fees will be <b>substantially decreased<\/b> and free access will be offered for young scholars and groups of those in need.<\/span>\n\t\t\t\n\t\t\t\t\t\t<button type=\"button\" class=\"elementor-alert-dismiss\" aria-label=\"Dismiss this alert.\" data-no-translation-aria-label=\"\">\n\t\t\t\t\t\t\t\t\t<span aria-hidden=\"true\">\u00d7<\/span>\n\t\t\t\t\t\t\t<\/button>\n\t\t\t\n\t\t<\/div>\n\t\t\t\t\t\t<\/div>\n\t\t\t\t<\/div>\n\t\t\t\t\t<\/div>\n\t\t<\/div>\n\t\t\t\t\t<\/div>\n\t\t<\/section>\n\t\t\t\t<section class=\"elementor-section elementor-top-section elementor-element elementor-element-20a6c08 elementor-section-boxed elementor-section-height-default elementor-section-height-default\" data-id=\"20a6c08\" data-element_type=\"section\" data-e-type=\"section\">\n\t\t\t\t\t\t<div class=\"elementor-container elementor-column-gap-default\">\n\t\t\t\t\t<div class=\"elementor-column elementor-col-100 elementor-top-column elementor-element elementor-element-681bf01\" data-id=\"681bf01\" data-element_type=\"column\" data-e-type=\"column\">\n\t\t\t<div class=\"elementor-widget-wrap elementor-element-populated\">\n\t\t\t\t\t\t<div class=\"elementor-element elementor-element-cdb6bf0 elementor-widget elementor-widget-text-editor\" data-id=\"cdb6bf0\" data-element_type=\"widget\" data-e-type=\"widget\" data-widget_type=\"text-editor.default\">\n\t\t\t\t<div class=\"elementor-widget-container\">\n\t\t\t\t\t\t\t\t\t<p>The Timi\u0219oara venue and partnership, acknowledging the efforts of the host University in the preparations will be maintained. In case the conditions improve for the better, it is planned to organize part of the virtual conference in-situ \/on the spot\/ in Timi\u0219oara.<\/p><p>EDEN looks forward to the continued successful collaboration with all members and partners, with a firm commitment to expressing togetherness and solidarity of the community.<\/p>\t\t\t\t\t\t\t\t<\/div>\n\t\t\t\t<\/div>\n\t\t\t\t\t<\/div>\n\t\t<\/div>\n\t\t\t\t\t<\/div>\n\t\t<\/section>\n\t\t\t\t<section class=\"elementor-section elementor-top-section elementor-element elementor-element-c4a43a4 elementor-section-boxed elementor-section-height-default elementor-section-height-default\" data-id=\"c4a43a4\" data-element_type=\"section\" data-e-type=\"section\">\n\t\t\t\t\t\t<div class=\"elementor-container elementor-column-gap-default\">\n\t\t\t\t\t<div class=\"elementor-column elementor-col-100 elementor-top-column elementor-element elementor-element-ce44724\" data-id=\"ce44724\" data-element_type=\"column\" data-e-type=\"column\">\n\t\t\t<div class=\"elementor-widget-wrap elementor-element-populated\">\n\t\t\t\t\t\t<div class=\"elementor-element elementor-element-fda99be elementor-widget elementor-widget-text-editor\" data-id=\"fda99be\" data-element_type=\"widget\" data-e-type=\"widget\" data-widget_type=\"text-editor.default\">\n\t\t\t\t<div class=\"elementor-widget-container\">\n\t\t\t\t\t\t\t\t\t<p>&quot;<strong><em>Let\u2019s make this conference a memorable event in the hope of seeing each other face to face again on the EDEN Research Worksop in Lisbon on 21-23 October!<\/em><\/strong>\u201d, say EDEN representatives on the official website.<\/p>\t\t\t\t\t\t\t\t<\/div>\n\t\t\t\t<\/div>\n\t\t\t\t\t<\/div>\n\t\t<\/div>\n\t\t\t\t\t<\/div>\n\t\t<\/section>\n\t\t\t\t<section class=\"elementor-section elementor-top-section elementor-element elementor-element-a443d2a elementor-section-boxed elementor-section-height-default elementor-section-height-default\" data-id=\"a443d2a\" data-element_type=\"section\" data-e-type=\"section\">\n\t\t\t\t\t\t<div class=\"elementor-container elementor-column-gap-default\">\n\t\t\t\t\t<div class=\"elementor-column elementor-col-100 elementor-top-column elementor-element elementor-element-47390dd\" data-id=\"47390dd\" data-element_type=\"column\" data-e-type=\"column\">\n\t\t\t<div class=\"elementor-widget-wrap elementor-element-populated\">\n\t\t\t\t\t\t<div class=\"elementor-element elementor-element-100c03e elementor-button-info elementor-align-center elementor-widget elementor-widget-button\" data-id=\"100c03e\" data-element_type=\"widget\" data-e-type=\"widget\" data-widget_type=\"button.default\">\n\t\t\t\t<div class=\"elementor-widget-container\">\n\t\t\t\t\t\t\t\t\t<div class=\"elementor-button-wrapper\">\n\t\t\t\t\t<a class=\"elementor-button elementor-button-link elementor-size-sm\" href=\"https:\/\/www.eden-online.org\/timisoara-conference-goes-virtual\/?fbclid=IwAR11yehG1YJBWvGauQeu0EokHC2ZQ33UsjMPDVrx2yLhk22dS8_ZxYEV1Pk\" target=\"_blank\">\n\t\t\t\t\t\t<span class=\"elementor-button-content-wrapper\">\n\t\t\t\t\t\t\t\t\t<span class=\"elementor-button-text\">See here the announcement on the official EDEN website<\/span>\n\t\t\t\t\t<\/span>\n\t\t\t\t\t<\/a>\n\t\t\t\t<\/div>\n\t\t\t\t\t\t\t\t<\/div>\n\t\t\t\t<\/div>\n\t\t\t\t\t<\/div>\n\t\t<\/div>\n\t\t\t\t\t<\/div>\n\t\t<\/section>\n\t\t\t\t<section class=\"elementor-section elementor-top-section elementor-element elementor-element-8560f3c elementor-section-boxed elementor-section-height-default elementor-section-height-default\" data-id=\"8560f3c\" data-element_type=\"section\" data-e-type=\"section\">\n\t\t\t\t\t\t<div class=\"elementor-container elementor-column-gap-default\">\n\t\t\t\t\t<div class=\"elementor-column elementor-col-100 elementor-top-column elementor-element elementor-element-1767b5c\" data-id=\"1767b5c\" data-element_type=\"column\" data-e-type=\"column\">\n\t\t\t<div class=\"elementor-widget-wrap elementor-element-populated\">\n\t\t\t\t\t\t<div class=\"elementor-element elementor-element-0a50873 elementor-widget elementor-widget-text-editor\" data-id=\"0a50873\" data-element_type=\"widget\" data-e-type=\"widget\" data-widget_type=\"text-editor.default\">\n\t\t\t\t<div class=\"elementor-widget-container\">\n\t\t\t\t\t\t\t\t\t<p>The European Distance and E-Learning Network (EDEN) has organized Annual European conferences for the experts, academics and practitioners of open, distance and ICT enhanced learning since 1992.<\/p>\t\t\t\t\t\t\t\t<\/div>\n\t\t\t\t<\/div>\n\t\t\t\t\t<\/div>\n\t\t<\/div>\n\t\t\t\t\t<\/div>\n\t\t<\/section>\n\t\t\t\t<\/div>","protected":false},"excerpt":{"rendered":"<p>In consideration of the present situation, the EDEN Executive Committee has decided to organize the 2020 Annual Conference as a Virtual Conference In case the conditions improve for the better, it is planned to organize part of the virtual conference in-situ \/on the spot\/ in Timi\u0219oara.<\/p>","protected":false},"author":13,"featured_media":8982,"comment_status":"closed","ping_status":"closed","sticky":false,"template":"","format":"standard","meta":{"footnotes":""},"categories":[104,329,251,78],"tags":[230,146,231],"class_list":["post-8980","post","type-post","status-publish","format-standard","has-post-thumbnail","hentry","category-comunitate","category-eden","category-noutati","category-noutati-inovare","tag-conferinta-eden","tag-eden","tag-eden-conferinta-virtuala"],"yoast_head":"<!-- This site is optimized with the Yoast SEO plugin v27.4 - https:\/\/yoast.com\/product\/yoast-seo-wordpress\/ -->\n<title>Conferin\u021ba anual\u0103 EDEN 2020 de la Timi\u0219oara se va \u021bine online - Universitatea Politehnica Timi\u015foara Departamentul de ID\/IFR \u0219i Educa\u021bie Digital\u0103 \u2013 DeL<\/title>\n<meta name=\"robots\" content=\"index, follow, max-snippet:-1, max-image-preview:large, max-video-preview:-1\" \/>\n<link rel=\"canonical\" href=\"https:\/\/elearning.upt.ro\/en\/noutati\/conferinta-anuala-eden-2020-de-la-timisoara-se-va-tine-online\/\" \/>\n<meta property=\"og:locale\" content=\"en_US\" \/>\n<meta property=\"og:type\" content=\"article\" \/>\n<meta property=\"og:title\" content=\"Conferin\u021ba anual\u0103 EDEN 2020 de la Timi\u0219oara se va \u021bine online - Universitatea Politehnica Timi\u015foara Departamentul de ID\/IFR \u0219i Educa\u021bie Digital\u0103 \u2013 DeL\" \/>\n<meta property=\"og:description\" content=\"Av\u00e2nd \u00een vedere situa\u021bia actual\u0103 de criz\u0103, Comitetul Executiv al EDEN a decis s\u0103 organizeze Conferin\u021ba anual\u0103 2020 ca o conferin\u021b\u0103 VIRTUAL\u0102. \u00cen cazul \u00een care condi\u021biile se \u00eembun\u0103t\u0103\u021besc \u00een bine, se planific\u0103 organizarea unei p\u0103r\u021bi a conferin\u021bei virtuale la fa\u021ba locului - \u00een Timi\u0219oara.\" \/>\n<meta property=\"og:url\" content=\"https:\/\/elearning.upt.ro\/en\/noutati\/conferinta-anuala-eden-2020-de-la-timisoara-se-va-tine-online\/\" \/>\n<meta property=\"og:site_name\" content=\"Universitatea Politehnica Timi\u015foara Departamentul de ID\/IFR \u0219i Educa\u021bie Digital\u0103 \u2013 DeL\" \/>\n<meta property=\"article:publisher\" content=\"https:\/\/www.facebook.com\/CIDUPT\/?ref=page_internal\" \/>\n<meta property=\"article:published_time\" content=\"2020-04-02T14:51:18+00:00\" \/>\n<meta property=\"article:modified_time\" content=\"2020-06-19T14:04:50+00:00\" \/>\n<meta property=\"og:image\" content=\"https:\/\/elearning.upt.ro\/wp-content\/uploads\/2020\/04\/feaatured.jpg\" \/>\n\t<meta property=\"og:image:width\" content=\"510\" \/>\n\t<meta property=\"og:image:height\" content=\"520\" \/>\n\t<meta property=\"og:image:type\" content=\"image\/jpeg\" \/>\n<meta name=\"author\" content=\"CeL\" \/>\n<meta name=\"twitter:card\" content=\"summary_large_image\" \/>\n<meta name=\"twitter:label1\" content=\"Written by\" \/>\n\t<meta name=\"twitter:data1\" content=\"CeL\" \/>\n\t<meta name=\"twitter:label2\" content=\"Est. reading time\" \/>\n\t<meta name=\"twitter:data2\" content=\"3 minutes\" \/>\n<script type=\"application\/ld+json\" class=\"yoast-schema-graph\">{\"@context\":\"https:\\\/\\\/schema.org\",\"@graph\":[{\"@type\":\"Article\",\"@id\":\"https:\\\/\\\/elearning.upt.ro\\\/en\\\/noutati\\\/conferinta-anuala-eden-2020-de-la-timisoara-se-va-tine-online\\\/#article\",\"isPartOf\":{\"@id\":\"https:\\\/\\\/elearning.upt.ro\\\/en\\\/noutati\\\/conferinta-anuala-eden-2020-de-la-timisoara-se-va-tine-online\\\/\"},\"author\":{\"name\":\"CeL\",\"@id\":\"https:\\\/\\\/elearning.upt.ro\\\/ro\\\/#\\\/schema\\\/person\\\/8bb5b84d8e634ea763262c452a39b3f4\"},\"headline\":\"Conferin\u021ba anual\u0103 EDEN 2020 de la Timi\u0219oara se va \u021bine online\",\"datePublished\":\"2020-04-02T14:51:18+00:00\",\"dateModified\":\"2020-06-19T14:04:50+00:00\",\"mainEntityOfPage\":{\"@id\":\"https:\\\/\\\/elearning.upt.ro\\\/en\\\/noutati\\\/conferinta-anuala-eden-2020-de-la-timisoara-se-va-tine-online\\\/\"},\"wordCount\":561,\"image\":{\"@id\":\"https:\\\/\\\/elearning.upt.ro\\\/en\\\/noutati\\\/conferinta-anuala-eden-2020-de-la-timisoara-se-va-tine-online\\\/#primaryimage\"},\"thumbnailUrl\":\"https:\\\/\\\/elearning.upt.ro\\\/wp-content\\\/uploads\\\/2020\\\/04\\\/feaatured.jpg\",\"keywords\":[\"conferinta eden\",\"eden\",\"eden conferinta virtuala\"],\"articleSection\":[\"Comunitate\",\"EDEN\",\"Noutati\",\"Noutati Inovare\"],\"inLanguage\":\"en-US\"},{\"@type\":\"WebPage\",\"@id\":\"https:\\\/\\\/elearning.upt.ro\\\/en\\\/noutati\\\/conferinta-anuala-eden-2020-de-la-timisoara-se-va-tine-online\\\/\",\"url\":\"https:\\\/\\\/elearning.upt.ro\\\/en\\\/noutati\\\/conferinta-anuala-eden-2020-de-la-timisoara-se-va-tine-online\\\/\",\"name\":\"Conferin\u021ba anual\u0103 EDEN 2020 de la Timi\u0219oara se va \u021bine online - Universitatea Politehnica Timi\u015foara Departamentul de ID\\\/IFR \u0219i Educa\u021bie Digital\u0103 \u2013 DeL\",\"isPartOf\":{\"@id\":\"https:\\\/\\\/elearning.upt.ro\\\/ro\\\/#website\"},\"primaryImageOfPage\":{\"@id\":\"https:\\\/\\\/elearning.upt.ro\\\/en\\\/noutati\\\/conferinta-anuala-eden-2020-de-la-timisoara-se-va-tine-online\\\/#primaryimage\"},\"image\":{\"@id\":\"https:\\\/\\\/elearning.upt.ro\\\/en\\\/noutati\\\/conferinta-anuala-eden-2020-de-la-timisoara-se-va-tine-online\\\/#primaryimage\"},\"thumbnailUrl\":\"https:\\\/\\\/elearning.upt.ro\\\/wp-content\\\/uploads\\\/2020\\\/04\\\/feaatured.jpg\",\"datePublished\":\"2020-04-02T14:51:18+00:00\",\"dateModified\":\"2020-06-19T14:04:50+00:00\",\"author\":{\"@id\":\"https:\\\/\\\/elearning.upt.ro\\\/ro\\\/#\\\/schema\\\/person\\\/8bb5b84d8e634ea763262c452a39b3f4\"},\"breadcrumb\":{\"@id\":\"https:\\\/\\\/elearning.upt.ro\\\/en\\\/noutati\\\/conferinta-anuala-eden-2020-de-la-timisoara-se-va-tine-online\\\/#breadcrumb\"},\"inLanguage\":\"en-US\",\"potentialAction\":[{\"@type\":\"ReadAction\",\"target\":[\"https:\\\/\\\/elearning.upt.ro\\\/en\\\/noutati\\\/conferinta-anuala-eden-2020-de-la-timisoara-se-va-tine-online\\\/\"]}]},{\"@type\":\"ImageObject\",\"inLanguage\":\"en-US\",\"@id\":\"https:\\\/\\\/elearning.upt.ro\\\/en\\\/noutati\\\/conferinta-anuala-eden-2020-de-la-timisoara-se-va-tine-online\\\/#primaryimage\",\"url\":\"https:\\\/\\\/elearning.upt.ro\\\/wp-content\\\/uploads\\\/2020\\\/04\\\/feaatured.jpg\",\"contentUrl\":\"https:\\\/\\\/elearning.upt.ro\\\/wp-content\\\/uploads\\\/2020\\\/04\\\/feaatured.jpg\",\"width\":510,\"height\":520,\"caption\":\"EDEN 2020\"},{\"@type\":\"BreadcrumbList\",\"@id\":\"https:\\\/\\\/elearning.upt.ro\\\/en\\\/noutati\\\/conferinta-anuala-eden-2020-de-la-timisoara-se-va-tine-online\\\/#breadcrumb\",\"itemListElement\":[{\"@type\":\"ListItem\",\"position\":1,\"name\":\"Home\",\"item\":\"https:\\\/\\\/elearning.upt.ro\\\/\"},{\"@type\":\"ListItem\",\"position\":2,\"name\":\"Conferin\u021ba anual\u0103 EDEN 2020 de la Timi\u0219oara se va \u021bine online\"}]},{\"@type\":\"WebSite\",\"@id\":\"https:\\\/\\\/elearning.upt.ro\\\/ro\\\/#website\",\"url\":\"https:\\\/\\\/elearning.upt.ro\\\/ro\\\/\",\"name\":\"Universitatea Politehnica Timi\u015foara Departamentul de ID\\\/IFR \u0219i Educa\u021bie Digital\u0103 \u2013 DeL\",\"description\":\"\",\"potentialAction\":[{\"@type\":\"SearchAction\",\"target\":{\"@type\":\"EntryPoint\",\"urlTemplate\":\"https:\\\/\\\/elearning.upt.ro\\\/ro\\\/?s={search_term_string}\"},\"query-input\":{\"@type\":\"PropertyValueSpecification\",\"valueRequired\":true,\"valueName\":\"search_term_string\"}}],\"inLanguage\":\"en-US\"},{\"@type\":\"Person\",\"@id\":\"https:\\\/\\\/elearning.upt.ro\\\/ro\\\/#\\\/schema\\\/person\\\/8bb5b84d8e634ea763262c452a39b3f4\",\"name\":\"CeL\",\"image\":{\"@type\":\"ImageObject\",\"inLanguage\":\"en-US\",\"@id\":\"https:\\\/\\\/secure.gravatar.com\\\/avatar\\\/9b67430c18ee40ef4a63a577131abb63a54ca1b5fbb5ec183bcc2003d846a51f?s=96&d=mm&r=g\",\"url\":\"https:\\\/\\\/secure.gravatar.com\\\/avatar\\\/9b67430c18ee40ef4a63a577131abb63a54ca1b5fbb5ec183bcc2003d846a51f?s=96&d=mm&r=g\",\"contentUrl\":\"https:\\\/\\\/secure.gravatar.com\\\/avatar\\\/9b67430c18ee40ef4a63a577131abb63a54ca1b5fbb5ec183bcc2003d846a51f?s=96&d=mm&r=g\",\"caption\":\"CeL\"},\"url\":\"https:\\\/\\\/elearning.upt.ro\\\/en\\\/author\\\/renateiovi\\\/\"}]}<\/script>\n<!-- \/ Yoast SEO plugin. -->","yoast_head_json":{"title":"The annual EDEN 2020 conference in Timi\u0219oara will be held online - Politehnica University of Timi\u0219oara Department of ID\/IFR and Digital Education \u2013 DeL","robots":{"index":"index","follow":"follow","max-snippet":"max-snippet:-1","max-image-preview":"max-image-preview:large","max-video-preview":"max-video-preview:-1"},"canonical":"https:\/\/elearning.upt.ro\/en\/noutati\/conferinta-anuala-eden-2020-de-la-timisoara-se-va-tine-online\/","og_locale":"en_US","og_type":"article","og_title":"Conferin\u021ba anual\u0103 EDEN 2020 de la Timi\u0219oara se va \u021bine online - Universitatea Politehnica Timi\u015foara Departamentul de ID\/IFR \u0219i Educa\u021bie Digital\u0103 \u2013 DeL","og_description":"Av\u00e2nd \u00een vedere situa\u021bia actual\u0103 de criz\u0103, Comitetul Executiv al EDEN a decis s\u0103 organizeze Conferin\u021ba anual\u0103 2020 ca o conferin\u021b\u0103 VIRTUAL\u0102. \u00cen cazul \u00een care condi\u021biile se \u00eembun\u0103t\u0103\u021besc \u00een bine, se planific\u0103 organizarea unei p\u0103r\u021bi a conferin\u021bei virtuale la fa\u021ba locului - \u00een Timi\u0219oara.","og_url":"https:\/\/elearning.upt.ro\/en\/noutati\/conferinta-anuala-eden-2020-de-la-timisoara-se-va-tine-online\/","og_site_name":"Universitatea Politehnica Timi\u015foara Departamentul de ID\/IFR \u0219i Educa\u021bie Digital\u0103 \u2013 DeL","article_publisher":"https:\/\/www.facebook.com\/CIDUPT\/?ref=page_internal","article_published_time":"2020-04-02T14:51:18+00:00","article_modified_time":"2020-06-19T14:04:50+00:00","og_image":[{"width":510,"height":520,"url":"https:\/\/elearning.upt.ro\/wp-content\/uploads\/2020\/04\/feaatured.jpg","type":"image\/jpeg"}],"author":"CeL","twitter_card":"summary_large_image","twitter_misc":{"Written by":"CeL","Est. reading time":"3 minutes"},"schema":{"@context":"https:\/\/schema.org","@graph":[{"@type":"Article","@id":"https:\/\/elearning.upt.ro\/en\/noutati\/conferinta-anuala-eden-2020-de-la-timisoara-se-va-tine-online\/#article","isPartOf":{"@id":"https:\/\/elearning.upt.ro\/en\/noutati\/conferinta-anuala-eden-2020-de-la-timisoara-se-va-tine-online\/"},"author":{"name":"CeL","@id":"https:\/\/elearning.upt.ro\/ro\/#\/schema\/person\/8bb5b84d8e634ea763262c452a39b3f4"},"headline":"Conferin\u021ba anual\u0103 EDEN 2020 de la Timi\u0219oara se va \u021bine online","datePublished":"2020-04-02T14:51:18+00:00","dateModified":"2020-06-19T14:04:50+00:00","mainEntityOfPage":{"@id":"https:\/\/elearning.upt.ro\/en\/noutati\/conferinta-anuala-eden-2020-de-la-timisoara-se-va-tine-online\/"},"wordCount":561,"image":{"@id":"https:\/\/elearning.upt.ro\/en\/noutati\/conferinta-anuala-eden-2020-de-la-timisoara-se-va-tine-online\/#primaryimage"},"thumbnailUrl":"https:\/\/elearning.upt.ro\/wp-content\/uploads\/2020\/04\/feaatured.jpg","keywords":["conferinta eden","eden","eden conferinta virtuala"],"articleSection":["Comunitate","EDEN","Noutati","Noutati Inovare"],"inLanguage":"en-US"},{"@type":"WebPage","@id":"https:\/\/elearning.upt.ro\/en\/noutati\/conferinta-anuala-eden-2020-de-la-timisoara-se-va-tine-online\/","url":"https:\/\/elearning.upt.ro\/en\/noutati\/conferinta-anuala-eden-2020-de-la-timisoara-se-va-tine-online\/","name":"The annual EDEN 2020 conference in Timi\u0219oara will be held online - Politehnica University of Timi\u0219oara Department of ID\/IFR and Digital Education \u2013 DeL","isPartOf":{"@id":"https:\/\/elearning.upt.ro\/ro\/#website"},"primaryImageOfPage":{"@id":"https:\/\/elearning.upt.ro\/en\/noutati\/conferinta-anuala-eden-2020-de-la-timisoara-se-va-tine-online\/#primaryimage"},"image":{"@id":"https:\/\/elearning.upt.ro\/en\/noutati\/conferinta-anuala-eden-2020-de-la-timisoara-se-va-tine-online\/#primaryimage"},"thumbnailUrl":"https:\/\/elearning.upt.ro\/wp-content\/uploads\/2020\/04\/feaatured.jpg","datePublished":"2020-04-02T14:51:18+00:00","dateModified":"2020-06-19T14:04:50+00:00","author":{"@id":"https:\/\/elearning.upt.ro\/ro\/#\/schema\/person\/8bb5b84d8e634ea763262c452a39b3f4"},"breadcrumb":{"@id":"https:\/\/elearning.upt.ro\/en\/noutati\/conferinta-anuala-eden-2020-de-la-timisoara-se-va-tine-online\/#breadcrumb"},"inLanguage":"en-US","potentialAction":[{"@type":"ReadAction","target":["https:\/\/elearning.upt.ro\/en\/noutati\/conferinta-anuala-eden-2020-de-la-timisoara-se-va-tine-online\/"]}]},{"@type":"ImageObject","inLanguage":"en-US","@id":"https:\/\/elearning.upt.ro\/en\/noutati\/conferinta-anuala-eden-2020-de-la-timisoara-se-va-tine-online\/#primaryimage","url":"https:\/\/elearning.upt.ro\/wp-content\/uploads\/2020\/04\/feaatured.jpg","contentUrl":"https:\/\/elearning.upt.ro\/wp-content\/uploads\/2020\/04\/feaatured.jpg","width":510,"height":520,"caption":"EDEN 2020"},{"@type":"BreadcrumbList","@id":"https:\/\/elearning.upt.ro\/en\/noutati\/conferinta-anuala-eden-2020-de-la-timisoara-se-va-tine-online\/#breadcrumb","itemListElement":[{"@type":"ListItem","position":1,"name":"Home","item":"https:\/\/elearning.upt.ro\/"},{"@type":"ListItem","position":2,"name":"Conferin\u021ba anual\u0103 EDEN 2020 de la Timi\u0219oara se va \u021bine online"}]},{"@type":"WebSite","@id":"https:\/\/elearning.upt.ro\/ro\/#website","url":"https:\/\/elearning.upt.ro\/ro\/","name":"Politehnica University Timi\u015foara Department of ID\/IFR and Digital Education \u2013 DeL","description":"","potentialAction":[{"@type":"SearchAction","target":{"@type":"EntryPoint","urlTemplate":"https:\/\/elearning.upt.ro\/ro\/?s={search_term_string}"},"query-input":{"@type":"PropertyValueSpecification","valueRequired":true,"valueName":"search_term_string"}}],"inLanguage":"en-US"},{"@type":"Person","@id":"https:\/\/elearning.upt.ro\/ro\/#\/schema\/person\/8bb5b84d8e634ea763262c452a39b3f4","name":"CeL","image":{"@type":"ImageObject","inLanguage":"en-US","@id":"https:\/\/secure.gravatar.com\/avatar\/9b67430c18ee40ef4a63a577131abb63a54ca1b5fbb5ec183bcc2003d846a51f?s=96&d=mm&r=g","url":"https:\/\/secure.gravatar.com\/avatar\/9b67430c18ee40ef4a63a577131abb63a54ca1b5fbb5ec183bcc2003d846a51f?s=96&d=mm&r=g","contentUrl":"https:\/\/secure.gravatar.com\/avatar\/9b67430c18ee40ef4a63a577131abb63a54ca1b5fbb5ec183bcc2003d846a51f?s=96&d=mm&r=g","caption":"CeL"},"url":"https:\/\/elearning.upt.ro\/en\/author\/renateiovi\/"}]}},"_links":{"self":[{"href":"https:\/\/elearning.upt.ro\/en\/wp-json\/wp\/v2\/posts\/8980","targetHints":{"allow":["GET"]}}],"collection":[{"href":"https:\/\/elearning.upt.ro\/en\/wp-json\/wp\/v2\/posts"}],"about":[{"href":"https:\/\/elearning.upt.ro\/en\/wp-json\/wp\/v2\/types\/post"}],"author":[{"embeddable":true,"href":"https:\/\/elearning.upt.ro\/en\/wp-json\/wp\/v2\/users\/13"}],"replies":[{"embeddable":true,"href":"https:\/\/elearning.upt.ro\/en\/wp-json\/wp\/v2\/comments?post=8980"}],"version-history":[{"count":11,"href":"https:\/\/elearning.upt.ro\/en\/wp-json\/wp\/v2\/posts\/8980\/revisions"}],"predecessor-version":[{"id":8993,"href":"https:\/\/elearning.upt.ro\/en\/wp-json\/wp\/v2\/posts\/8980\/revisions\/8993"}],"wp:featuredmedia":[{"embeddable":true,"href":"https:\/\/elearning.upt.ro\/en\/wp-json\/wp\/v2\/media\/8982"}],"wp:attachment":[{"href":"https:\/\/elearning.upt.ro\/en\/wp-json\/wp\/v2\/media?parent=8980"}],"wp:term":[{"taxonomy":"category","embeddable":true,"href":"https:\/\/elearning.upt.ro\/en\/wp-json\/wp\/v2\/categories?post=8980"},{"taxonomy":"post_tag","embeddable":true,"href":"https:\/\/elearning.upt.ro\/en\/wp-json\/wp\/v2\/tags?post=8980"}],"curies":[{"name":"wp","href":"https:\/\/api.w.org\/{rel}","templated":true}]}}