{"id":7481,"date":"2019-11-28T12:17:51","date_gmt":"2019-11-28T10:17:51","guid":{"rendered":"https:\/\/elearning.upt.ro\/?p=7481"},"modified":"2020-06-19T17:06:10","modified_gmt":"2020-06-19T14:06:10","slug":"conferinta-anuala-eden-2020-gazduita-de-universitatea-politehnica-timisoara","status":"publish","type":"post","link":"https:\/\/elearning.upt.ro\/en\/noutati\/conferinta-anuala-eden-2020-gazduita-de-universitatea-politehnica-timisoara\/","title":{"rendered":"EDEN 2020 annual conference, hosted by UPT"},"content":{"rendered":"<div data-elementor-type=\"wp-post\" data-elementor-id=\"7481\" class=\"elementor elementor-7481\">\n\t\t\t\t\t\t<section class=\"elementor-section elementor-top-section elementor-element elementor-element-af5309c elementor-section-boxed elementor-section-height-default elementor-section-height-default\" data-id=\"af5309c\" data-element_type=\"section\" data-e-type=\"section\">\n\t\t\t\t\t\t<div class=\"elementor-container elementor-column-gap-default\">\n\t\t\t\t\t<div class=\"elementor-column elementor-col-100 elementor-top-column elementor-element elementor-element-7224505\" data-id=\"7224505\" data-element_type=\"column\" data-e-type=\"column\">\n\t\t\t<div class=\"elementor-widget-wrap elementor-element-populated\">\n\t\t\t\t\t\t<div class=\"elementor-element elementor-element-336705d elementor-widget elementor-widget-text-editor\" data-id=\"336705d\" data-element_type=\"widget\" data-e-type=\"widget\" data-widget_type=\"text-editor.default\">\n\t\t\t\t<div class=\"elementor-widget-container\">\n\t\t\t\t\t\t\t\t\t<p>The Polytechnic University of Timi\u0219oara, through the ID \/ IFR and e-Learning Center, will host the annual EDEN 2020 conference on June 21-24, 2020, with the theme:<\/p>\t\t\t\t\t\t\t\t<\/div>\n\t\t\t\t<\/div>\n\t\t\t\t\t<\/div>\n\t\t<\/div>\n\t\t\t\t\t<\/div>\n\t\t<\/section>\n\t\t\t\t<section class=\"elementor-section elementor-top-section elementor-element elementor-element-a59a81e elementor-section-boxed elementor-section-height-default elementor-section-height-default\" data-id=\"a59a81e\" data-element_type=\"section\" data-e-type=\"section\">\n\t\t\t\t\t\t<div class=\"elementor-container elementor-column-gap-default\">\n\t\t\t\t\t<div class=\"elementor-column elementor-col-100 elementor-top-column elementor-element elementor-element-7b1a8a3\" data-id=\"7b1a8a3\" data-element_type=\"column\" data-e-type=\"column\">\n\t\t\t<div class=\"elementor-widget-wrap elementor-element-populated\">\n\t\t\t\t\t\t<div class=\"elementor-element elementor-element-910f349 elementor-widget elementor-widget-heading\" data-id=\"910f349\" data-element_type=\"widget\" data-e-type=\"widget\" data-widget_type=\"heading.default\">\n\t\t\t\t<div class=\"elementor-widget-container\">\n\t\t\t\t\t<h2 class=\"elementor-heading-title elementor-size-default\">&quot;Human and artificial intelligence for the society of the future&quot;<\/h2>\t\t\t\t<\/div>\n\t\t\t\t<\/div>\n\t\t\t\t\t<\/div>\n\t\t<\/div>\n\t\t\t\t\t<\/div>\n\t\t<\/section>\n\t\t\t\t<section class=\"elementor-section elementor-top-section elementor-element elementor-element-4afee66 elementor-section-boxed elementor-section-height-default elementor-section-height-default\" data-id=\"4afee66\" data-element_type=\"section\" data-e-type=\"section\">\n\t\t\t\t\t\t<div class=\"elementor-container elementor-column-gap-default\">\n\t\t\t\t\t<div class=\"elementor-column elementor-col-100 elementor-top-column elementor-element elementor-element-f391285\" data-id=\"f391285\" data-element_type=\"column\" data-e-type=\"column\">\n\t\t\t<div class=\"elementor-widget-wrap elementor-element-populated\">\n\t\t\t\t\t\t<div class=\"elementor-element elementor-element-d5bbf6d elementor-widget elementor-widget-heading\" data-id=\"d5bbf6d\" data-element_type=\"widget\" data-e-type=\"widget\" data-widget_type=\"heading.default\">\n\t\t\t\t<div class=\"elementor-widget-container\">\n\t\t\t\t\t<h3 class=\"elementor-heading-title elementor-size-default\"><i>We inspire digital education for the next generation of STE (A) M students<\/i><\/h3>\t\t\t\t<\/div>\n\t\t\t\t<\/div>\n\t\t\t\t\t<\/div>\n\t\t<\/div>\n\t\t\t\t\t<\/div>\n\t\t<\/section>\n\t\t\t\t<section class=\"elementor-section elementor-top-section elementor-element elementor-element-6a1b83f elementor-section-boxed elementor-section-height-default elementor-section-height-default\" data-id=\"6a1b83f\" data-element_type=\"section\" data-e-type=\"section\">\n\t\t\t\t\t\t<div class=\"elementor-container elementor-column-gap-default\">\n\t\t\t\t\t<div class=\"elementor-column elementor-col-100 elementor-top-column elementor-element elementor-element-c4afb7d\" data-id=\"c4afb7d\" data-element_type=\"column\" data-e-type=\"column\">\n\t\t\t<div class=\"elementor-widget-wrap elementor-element-populated\">\n\t\t\t\t\t\t<div class=\"elementor-element elementor-element-80e68a5 elementor-widget elementor-widget-text-editor\" data-id=\"80e68a5\" data-element_type=\"widget\" data-e-type=\"widget\" data-widget_type=\"text-editor.default\">\n\t\t\t\t<div class=\"elementor-widget-container\">\n\t\t\t\t\t\t\t\t\t<p>Digital education has proven that it can change learning and working practices in today&#039;s society. The reality of not having to learn through life through lifelong learning remains as urgent as ever. Intelligence, human and artificial, is at the center of attention and the understanding of students and their way of learning, as well as the application of new technologies in education inspires further development.<\/p>\t\t\t\t\t\t\t\t<\/div>\n\t\t\t\t<\/div>\n\t\t\t\t\t<\/div>\n\t\t<\/div>\n\t\t\t\t\t<\/div>\n\t\t<\/section>\n\t\t\t\t<section class=\"elementor-section elementor-top-section elementor-element elementor-element-382f4e8 elementor-section-boxed elementor-section-height-default elementor-section-height-default\" data-id=\"382f4e8\" data-element_type=\"section\" data-e-type=\"section\">\n\t\t\t\t\t\t<div class=\"elementor-container elementor-column-gap-default\">\n\t\t\t\t\t<div class=\"elementor-column elementor-col-100 elementor-top-column elementor-element elementor-element-5881e92\" data-id=\"5881e92\" data-element_type=\"column\" data-e-type=\"column\">\n\t\t\t<div class=\"elementor-widget-wrap elementor-element-populated\">\n\t\t\t\t\t\t<div class=\"elementor-element elementor-element-71d80c5 elementor-widget elementor-widget-text-editor\" data-id=\"71d80c5\" data-element_type=\"widget\" data-e-type=\"widget\" data-widget_type=\"text-editor.default\">\n\t\t\t\t<div class=\"elementor-widget-container\">\n\t\t\t\t\t\t\t\t\t<p>The EDEN 2020 conference will focus on contemporary educational concepts, but also advanced practices, approaches and tools that help increase the innovative power of state-of-the-art digital solutions, and integrate the synergistic effects of the arts, human and social dimensions.<\/p>\t\t\t\t\t\t\t\t<\/div>\n\t\t\t\t<\/div>\n\t\t\t\t\t<\/div>\n\t\t<\/div>\n\t\t\t\t\t<\/div>\n\t\t<\/section>\n\t\t\t\t<section class=\"elementor-section elementor-top-section elementor-element elementor-element-d0764bd elementor-section-boxed elementor-section-height-default elementor-section-height-default\" data-id=\"d0764bd\" data-element_type=\"section\" data-e-type=\"section\">\n\t\t\t\t\t\t<div class=\"elementor-container elementor-column-gap-default\">\n\t\t\t\t\t<div class=\"elementor-column elementor-col-100 elementor-top-column elementor-element elementor-element-de4c202\" data-id=\"de4c202\" data-element_type=\"column\" data-e-type=\"column\">\n\t\t\t<div class=\"elementor-widget-wrap elementor-element-populated\">\n\t\t\t\t\t\t<div class=\"elementor-element elementor-element-a829714 elementor-button-info elementor-align-center elementor-widget elementor-widget-button\" data-id=\"a829714\" data-element_type=\"widget\" data-e-type=\"widget\" data-widget_type=\"button.default\">\n\t\t\t\t<div class=\"elementor-widget-container\">\n\t\t\t\t\t\t\t\t\t<div class=\"elementor-button-wrapper\">\n\t\t\t\t\t<a class=\"elementor-button elementor-button-link elementor-size-sm\" href=\"https:\/\/www.eden-online.org\/2020_timisoara\/\" target=\"_blank\">\n\t\t\t\t\t\t<span class=\"elementor-button-content-wrapper\">\n\t\t\t\t\t\t\t\t\t<span class=\"elementor-button-text\">See details about EDEN 2020 HERE<\/span>\n\t\t\t\t\t<\/span>\n\t\t\t\t\t<\/a>\n\t\t\t\t<\/div>\n\t\t\t\t\t\t\t\t<\/div>\n\t\t\t\t<\/div>\n\t\t\t\t\t<\/div>\n\t\t<\/div>\n\t\t\t\t\t<\/div>\n\t\t<\/section>\n\t\t\t\t<section class=\"elementor-section elementor-top-section elementor-element elementor-element-08a59b6 elementor-section-boxed elementor-section-height-default elementor-section-height-default\" data-id=\"08a59b6\" data-element_type=\"section\" data-e-type=\"section\">\n\t\t\t\t\t\t<div class=\"elementor-container elementor-column-gap-default\">\n\t\t\t\t\t<div class=\"elementor-column elementor-col-100 elementor-top-column elementor-element elementor-element-0e03bd9\" data-id=\"0e03bd9\" data-element_type=\"column\" data-e-type=\"column\">\n\t\t\t<div class=\"elementor-widget-wrap elementor-element-populated\">\n\t\t\t\t\t\t<div class=\"elementor-element elementor-element-4c74749 elementor-widget elementor-widget-text-editor\" data-id=\"4c74749\" data-element_type=\"widget\" data-e-type=\"widget\" data-widget_type=\"text-editor.default\">\n\t\t\t\t<div class=\"elementor-widget-container\">\n\t\t\t\t\t\t\t\t\t<p><em>&quot;Education returns where it belongs - at the top of the European policy agenda&quot;, <\/em>said the European Commission. We want Europe to be seen as a strong partner and ally for future generations and for the EU education system to make our societies the proof of the future.<\/p>\t\t\t\t\t\t\t\t<\/div>\n\t\t\t\t<\/div>\n\t\t\t\t\t<\/div>\n\t\t<\/div>\n\t\t\t\t\t<\/div>\n\t\t<\/section>\n\t\t\t\t<section class=\"elementor-section elementor-top-section elementor-element elementor-element-64700e0 elementor-section-boxed elementor-section-height-default elementor-section-height-default\" data-id=\"64700e0\" data-element_type=\"section\" data-e-type=\"section\">\n\t\t\t\t\t\t<div class=\"elementor-container elementor-column-gap-default\">\n\t\t\t\t\t<div class=\"elementor-column elementor-col-100 elementor-top-column elementor-element elementor-element-e37d730\" data-id=\"e37d730\" data-element_type=\"column\" data-e-type=\"column\">\n\t\t\t<div class=\"elementor-widget-wrap elementor-element-populated\">\n\t\t\t\t\t\t<div class=\"elementor-element elementor-element-f6ade6c elementor-widget elementor-widget-image\" data-id=\"f6ade6c\" data-element_type=\"widget\" data-e-type=\"widget\" data-widget_type=\"image.default\">\n\t\t\t\t<div class=\"elementor-widget-container\">\n\t\t\t\t\t\t\t\t\t\t\t\t\t\t\t<img fetchpriority=\"high\" decoding=\"async\" width=\"900\" height=\"72\" src=\"https:\/\/elearning.upt.ro\/wp-content\/uploads\/2019\/09\/eden-header-3-1024x82.png\" class=\"attachment-large size-large wp-image-7031\" alt=\"\" srcset=\"https:\/\/elearning.upt.ro\/wp-content\/uploads\/2019\/09\/eden-header-3-1024x82.png 1024w, https:\/\/elearning.upt.ro\/wp-content\/uploads\/2019\/09\/eden-header-3-300x24.png 300w, https:\/\/elearning.upt.ro\/wp-content\/uploads\/2019\/09\/eden-header-3-768x61.png 768w, https:\/\/elearning.upt.ro\/wp-content\/uploads\/2019\/09\/eden-header-3-255x20.png 255w, https:\/\/elearning.upt.ro\/wp-content\/uploads\/2019\/09\/eden-header-3-600x48.png 600w, https:\/\/elearning.upt.ro\/wp-content\/uploads\/2019\/09\/eden-header-3.png 1351w\" sizes=\"(max-width: 900px) 100vw, 900px\" \/>\t\t\t\t\t\t\t\t\t\t\t\t\t\t\t<\/div>\n\t\t\t\t<\/div>\n\t\t\t\t<div class=\"elementor-element elementor-element-4d25b99 elementor-alert-info elementor-widget elementor-widget-alert\" data-id=\"4d25b99\" data-element_type=\"widget\" data-e-type=\"widget\" data-widget_type=\"alert.default\">\n\t\t\t\t<div class=\"elementor-widget-container\">\n\t\t\t\t\t\t\t<div class=\"elementor-alert\" role=\"alert\">\n\n\t\t\t\t\t\t<span class=\"elementor-alert-title\">European Distance and e-Learning Network (EDEN)<\/span>\n\t\t\t\n\t\t\t\t\t\t<span class=\"elementor-alert-description\">EDEN'S goal is to maximize the potential to exchange academic and profesional experience, promote effective navigation in the filed and improve the quality and depth of information available to the sectors involved.<\/span>\n\t\t\t\n\t\t\t\n\t\t<\/div>\n\t\t\t\t\t\t<\/div>\n\t\t\t\t<\/div>\n\t\t\t\t\t<\/div>\n\t\t<\/div>\n\t\t\t\t\t<\/div>\n\t\t<\/section>\n\t\t\t\t<section class=\"elementor-section elementor-top-section elementor-element elementor-element-e5cd21f elementor-section-boxed elementor-section-height-default elementor-section-height-default\" data-id=\"e5cd21f\" data-element_type=\"section\" data-e-type=\"section\">\n\t\t\t\t\t\t<div class=\"elementor-container elementor-column-gap-default\">\n\t\t\t\t\t<div class=\"elementor-column elementor-col-100 elementor-top-column elementor-element elementor-element-dcbf52f\" data-id=\"dcbf52f\" data-element_type=\"column\" data-e-type=\"column\">\n\t\t\t<div class=\"elementor-widget-wrap elementor-element-populated\">\n\t\t\t\t\t\t<div class=\"elementor-element elementor-element-5c7d1cc elementor-widget elementor-widget-heading\" data-id=\"5c7d1cc\" data-element_type=\"widget\" data-e-type=\"widget\" data-widget_type=\"heading.default\">\n\t\t\t\t<div class=\"elementor-widget-container\">\n\t\t\t\t\t<h3 class=\"elementor-heading-title elementor-size-default translation-block\">EDEN conferences:<\/h3>\t\t\t\t<\/div>\n\t\t\t\t<\/div>\n\t\t\t\t\t<\/div>\n\t\t<\/div>\n\t\t\t\t\t<\/div>\n\t\t<\/section>\n\t\t\t\t<section class=\"elementor-section elementor-top-section elementor-element elementor-element-966a0c1 elementor-section-boxed elementor-section-height-default elementor-section-height-default\" data-id=\"966a0c1\" data-element_type=\"section\" data-e-type=\"section\">\n\t\t\t\t\t\t<div class=\"elementor-container elementor-column-gap-default\">\n\t\t\t\t\t<div class=\"elementor-column elementor-col-100 elementor-top-column elementor-element elementor-element-08cd620\" data-id=\"08cd620\" data-element_type=\"column\" data-e-type=\"column\">\n\t\t\t<div class=\"elementor-widget-wrap elementor-element-populated\">\n\t\t\t\t\t\t<div class=\"elementor-element elementor-element-04e6333 elementor-icon-list--layout-traditional elementor-list-item-link-full_width elementor-widget elementor-widget-icon-list\" data-id=\"04e6333\" data-element_type=\"widget\" data-e-type=\"widget\" data-widget_type=\"icon-list.default\">\n\t\t\t\t<div class=\"elementor-widget-container\">\n\t\t\t\t\t\t\t<ul class=\"elementor-icon-list-items\">\n\t\t\t\t\t\t\t<li class=\"elementor-icon-list-item\">\n\t\t\t\t\t\t\t\t\t\t\t<span class=\"elementor-icon-list-icon\">\n\t\t\t\t\t\t\t<i aria-hidden=\"true\" class=\"fas fa-check\"><\/i>\t\t\t\t\t\t<\/span>\n\t\t\t\t\t\t\t\t\t\t<span class=\"elementor-icon-list-text\">they have become important ODL academic and professional events in Europe, supporting the professionalization and international exchange of experience and expertise;<\/span>\n\t\t\t\t\t\t\t\t\t<\/li>\n\t\t\t\t\t\t\t\t<li class=\"elementor-icon-list-item\">\n\t\t\t\t\t\t\t\t\t\t\t<span class=\"elementor-icon-list-icon\">\n\t\t\t\t\t\t\t<i aria-hidden=\"true\" class=\"fas fa-check\"><\/i>\t\t\t\t\t\t<\/span>\n\t\t\t\t\t\t\t\t\t\t<span class=\"elementor-icon-list-text\">are meetings in which comprehensive and indicative contributions are presented by exceptional experts, politicians and academics;<\/span>\n\t\t\t\t\t\t\t\t\t<\/li>\n\t\t\t\t\t\t\t\t<li class=\"elementor-icon-list-item\">\n\t\t\t\t\t\t\t\t\t\t\t<span class=\"elementor-icon-list-icon\">\n\t\t\t\t\t\t\t<i aria-hidden=\"true\" class=\"fas fa-check\"><\/i>\t\t\t\t\t\t<\/span>\n\t\t\t\t\t\t\t\t\t\t<span class=\"elementor-icon-list-text\">is based on the collection of best practices - each year, the papers presented in the conference sessions are selected for publication in the conference volume, serving as important resources for the professional community;<\/span>\n\t\t\t\t\t\t\t\t\t<\/li>\n\t\t\t\t\t\t\t\t<li class=\"elementor-icon-list-item\">\n\t\t\t\t\t\t\t\t\t\t\t<span class=\"elementor-icon-list-icon\">\n\t\t\t\t\t\t\t<i aria-hidden=\"true\" class=\"fas fa-check\"><\/i>\t\t\t\t\t\t<\/span>\n\t\t\t\t\t\t\t\t\t\t<span class=\"elementor-icon-list-text\">gives a real sense of community to the participants, in which existing working relationships are strengthened and deepened and where new partnerships are formed.<\/span>\n\t\t\t\t\t\t\t\t\t<\/li>\n\t\t\t\t\t\t<\/ul>\n\t\t\t\t\t\t<\/div>\n\t\t\t\t<\/div>\n\t\t\t\t\t<\/div>\n\t\t<\/div>\n\t\t\t\t\t<\/div>\n\t\t<\/section>\n\t\t\t\t<section class=\"elementor-section elementor-top-section elementor-element elementor-element-36572c9 elementor-section-boxed elementor-section-height-default elementor-section-height-default\" data-id=\"36572c9\" data-element_type=\"section\" data-e-type=\"section\">\n\t\t\t\t\t\t<div class=\"elementor-container elementor-column-gap-default\">\n\t\t\t\t\t<div class=\"elementor-column elementor-col-100 elementor-top-column elementor-element elementor-element-ead307f\" data-id=\"ead307f\" data-element_type=\"column\" data-e-type=\"column\">\n\t\t\t<div class=\"elementor-widget-wrap elementor-element-populated\">\n\t\t\t\t\t\t<div class=\"elementor-element elementor-element-85b1ceb elementor-widget elementor-widget-text-editor\" data-id=\"85b1ceb\" data-element_type=\"widget\" data-e-type=\"widget\" data-widget_type=\"text-editor.default\">\n\t\t\t\t<div class=\"elementor-widget-container\">\n\t\t\t\t\t\t\t\t\t<p>See more events and projects organized and carried out with the support of EDEN here:<\/p>\t\t\t\t\t\t\t\t<\/div>\n\t\t\t\t<\/div>\n\t\t\t\t\t<\/div>\n\t\t<\/div>\n\t\t\t\t\t<\/div>\n\t\t<\/section>\n\t\t\t\t<section class=\"elementor-section elementor-top-section elementor-element elementor-element-05e6445 elementor-section-boxed elementor-section-height-default elementor-section-height-default\" data-id=\"05e6445\" data-element_type=\"section\" data-e-type=\"section\">\n\t\t\t\t\t\t<div class=\"elementor-container elementor-column-gap-default\">\n\t\t\t\t\t<div class=\"elementor-column elementor-col-100 elementor-top-column elementor-element elementor-element-e8819c0\" data-id=\"e8819c0\" data-element_type=\"column\" data-e-type=\"column\">\n\t\t\t<div class=\"elementor-widget-wrap elementor-element-populated\">\n\t\t\t\t\t\t<div class=\"elementor-element elementor-element-a574d09 elementor-grid-eael-col-3 elementor-grid-tablet-eael-col-2 elementor-grid-mobile-eael-col-1 elementor-widget elementor-widget-eael-post-grid\" data-id=\"a574d09\" data-element_type=\"widget\" data-e-type=\"widget\" data-settings=\"{&quot;eael_post_grid_columns&quot;:&quot;eael-col-3&quot;,&quot;eael_post_grid_columns_tablet&quot;:&quot;eael-col-2&quot;,&quot;eael_post_grid_columns_mobile&quot;:&quot;eael-col-1&quot;}\" data-widget_type=\"eael-post-grid.default\">\n\t\t\t\t<div class=\"elementor-widget-container\">\n\t\t\t\t\t<div id=\"eael-post-grid-a574d09\" class=\"eael-post-grid-container\">\n            <div class=\"eael-post-grid eael-post-appender eael-post-appender-a574d09 eael-post-grid-style-one\" data-layout-mode=\"masonry\"><article class=\"eael-grid-post  eael-post-grid-column eael-pg-post-6726 category-comunitate-digiculture-eden-noutati-proiecte-proiecte-eu tags-digi-culture-eu-projects-webinar\" data-id=\"6726\">\n        <div class=\"eael-grid-post-holder\">\n            <div class=\"eael-grid-post-holder-inner\"><div class=\"eael-entry-media\"><div class=\"eael-entry-overlay fade-in\"><i class=\"fas fa-long-arrow-alt-right\" aria-hidden=\"true\"><\/i><a href=\"https:\/\/elearning.upt.ro\/en\/proiecte\/proiecte-eu\/webinar-oer-quality-assessment-by-eden-2\/\"><\/a><\/div><div class=\"eael-entry-thumbnail\">\n                <img decoding=\"async\" width=\"768\" height=\"355\" src=\"https:\/\/elearning.upt.ro\/wp-content\/uploads\/2019\/09\/OER_EDEN_OEW2019-2-920x425-768x355.png\" class=\"attachment-medium_large size-medium_large wp-image-6839\" alt=\"\" srcset=\"https:\/\/elearning.upt.ro\/wp-content\/uploads\/2019\/09\/OER_EDEN_OEW2019-2-920x425-768x355.png 768w, https:\/\/elearning.upt.ro\/wp-content\/uploads\/2019\/09\/OER_EDEN_OEW2019-2-920x425-300x139.png 300w, https:\/\/elearning.upt.ro\/wp-content\/uploads\/2019\/09\/OER_EDEN_OEW2019-2-920x425-255x118.png 255w, https:\/\/elearning.upt.ro\/wp-content\/uploads\/2019\/09\/OER_EDEN_OEW2019-2-920x425-600x277.png 600w, https:\/\/elearning.upt.ro\/wp-content\/uploads\/2019\/09\/OER_EDEN_OEW2019-2-920x425.png 920w\" sizes=\"(max-width: 768px) 100vw, 768px\" \/>\n            <\/div>\n        <\/div><div class=\"eael-entry-wrapper\"><header class=\"eael-entry-header\"><h2 class=\"eael-entry-title\"><a class=\"eael-grid-post-link\" href=\"https:\/\/elearning.upt.ro\/en\/proiecte\/proiecte-eu\/webinar-oer-quality-assessment-by-eden-2\/\" title=\"Webinar OER Quality Assessment by EDEN\">Webinar OER Quality Assessment by EDEN<\/a><\/h2><\/header><div class=\"eael-entry-content\">\n                        <div class=\"eael-grid-post-excerpt\"><p>During the Open Education Week 2019, EDEN (European Distance and ...<\/p><a href=\"https:\/\/elearning.upt.ro\/en\/proiecte\/proiecte-eu\/webinar-oer-quality-assessment-by-eden-2\/\" class=\"eael-post-elements-readmore-btn\">Read more<\/a><\/div>\n                    <\/div><\/div><\/div>\n        <\/div>\n    <\/article><article class=\"eael-grid-post  eael-post-grid-column eael-pg-post-6510 category-abctovle-comunitate-digiculture-eden-noutati-noutati-inovare-openvm\" data-id=\"6510\">\n        <div class=\"eael-grid-post-holder\">\n            <div class=\"eael-grid-post-holder-inner\"><div class=\"eael-entry-media\"><div class=\"eael-entry-overlay fade-in\"><i class=\"fas fa-long-arrow-alt-right\" aria-hidden=\"true\"><\/i><a href=\"https:\/\/elearning.upt.ro\/en\/noutati\/eden-2019\/\"><\/a><\/div><div class=\"eael-entry-thumbnail\">\n                <img decoding=\"async\" width=\"768\" height=\"432\" src=\"https:\/\/elearning.upt.ro\/wp-content\/uploads\/2019\/07\/20190617_153253-768x432.jpg\" class=\"attachment-medium_large size-medium_large wp-image-6513\" alt=\"\" srcset=\"https:\/\/elearning.upt.ro\/wp-content\/uploads\/2019\/07\/20190617_153253-768x432.jpg 768w, https:\/\/elearning.upt.ro\/wp-content\/uploads\/2019\/07\/20190617_153253-300x169.jpg 300w, https:\/\/elearning.upt.ro\/wp-content\/uploads\/2019\/07\/20190617_153253-255x143.jpg 255w, https:\/\/elearning.upt.ro\/wp-content\/uploads\/2019\/07\/20190617_153253-600x338.jpg 600w, https:\/\/elearning.upt.ro\/wp-content\/uploads\/2019\/07\/20190617_153253.jpg 1008w\" sizes=\"(max-width: 768px) 100vw, 768px\" \/>\n            <\/div>\n        <\/div><div class=\"eael-entry-wrapper\"><header class=\"eael-entry-header\"><h2 class=\"eael-entry-title\"><a class=\"eael-grid-post-link\" href=\"https:\/\/elearning.upt.ro\/en\/noutati\/eden-2019\/\" title=\"EDEN 2019\">EDEN 2019<\/a><\/h2><\/header><div class=\"eael-entry-content\">\n                        <div class=\"eael-grid-post-excerpt\"><p>Our team was represented at the EDEN 2019 Annual Conference ...<\/p><a href=\"https:\/\/elearning.upt.ro\/en\/noutati\/eden-2019\/\" class=\"eael-post-elements-readmore-btn\">Read more<\/a><\/div>\n                    <\/div><\/div><\/div>\n        <\/div>\n    <\/article><article class=\"eael-grid-post  eael-post-grid-column eael-pg-post-5484\" data-id=\"5484\">\n        <div class=\"eael-grid-post-holder\">\n            <div class=\"eael-grid-post-holder-inner\"><div class=\"eael-entry-media\"><div class=\"eael-entry-overlay fade-in\"><i class=\"fas fa-long-arrow-alt-right\" aria-hidden=\"true\"><\/i><a href=\"https:\/\/elearning.upt.ro\/en\/event\/workshop-educatia-deschisa-si-impactul-digitalizarii\/\"><\/a><\/div><div class=\"eael-entry-thumbnail\">\n                <img loading=\"lazy\" decoding=\"async\" width=\"768\" height=\"513\" src=\"https:\/\/elearning.upt.ro\/wp-content\/uploads\/2019\/05\/Fotografii_Condrea_OEW-2019-32-of-113-768x513.jpg\" class=\"attachment-medium_large size-medium_large wp-image-5485\" alt=\"\" srcset=\"https:\/\/elearning.upt.ro\/wp-content\/uploads\/2019\/05\/Fotografii_Condrea_OEW-2019-32-of-113-768x513.jpg 768w, https:\/\/elearning.upt.ro\/wp-content\/uploads\/2019\/05\/Fotografii_Condrea_OEW-2019-32-of-113-300x200.jpg 300w, https:\/\/elearning.upt.ro\/wp-content\/uploads\/2019\/05\/Fotografii_Condrea_OEW-2019-32-of-113-1024x684.jpg 1024w, https:\/\/elearning.upt.ro\/wp-content\/uploads\/2019\/05\/Fotografii_Condrea_OEW-2019-32-of-113-255x170.jpg 255w, https:\/\/elearning.upt.ro\/wp-content\/uploads\/2019\/05\/Fotografii_Condrea_OEW-2019-32-of-113-600x401.jpg 600w\" sizes=\"(max-width: 768px) 100vw, 768px\" \/>\n            <\/div>\n        <\/div><div class=\"eael-entry-wrapper\"><header class=\"eael-entry-header\"><h2 class=\"eael-entry-title\"><a class=\"eael-grid-post-link\" href=\"https:\/\/elearning.upt.ro\/en\/event\/workshop-educatia-deschisa-si-impactul-digitalizarii\/\" title=\"Workshop Open Education in the Digital Age\">Workshop Open Education in the Digital Age<\/a><\/h2><\/header><div class=\"eael-entry-content\">\n                        <div class=\"eael-grid-post-excerpt\"><p>Organized during the Open Education Week 2019 (Open Education Week), ...<\/p><a href=\"https:\/\/elearning.upt.ro\/en\/event\/workshop-educatia-deschisa-si-impactul-digitalizarii\/\" class=\"eael-post-elements-readmore-btn\">Read more<\/a><\/div>\n                    <\/div><\/div><\/div>\n        <\/div>\n    <\/article><\/div>\n            <div class=\"clearfix\"><\/div>\n        <\/div>\t\t\t\t<\/div>\n\t\t\t\t<\/div>\n\t\t\t\t\t<\/div>\n\t\t<\/div>\n\t\t\t\t\t<\/div>\n\t\t<\/section>\n\t\t\t\t<\/div>","protected":false},"excerpt":{"rendered":"<p>Politehnica University of Timisoara, through the ID \/ IFR and e-Learning Center will host the annual EDEN 2020 conference between June 21-24, 2020<\/p>","protected":false},"author":13,"featured_media":7482,"comment_status":"closed","ping_status":"closed","sticky":false,"template":"","format":"standard","meta":{"footnotes":""},"categories":[104,329,251,78],"tags":[149,148,146,147,150],"class_list":["post-7481","post","type-post","status-publish","format-standard","has-post-thumbnail","hentry","category-comunitate","category-eden","category-noutati","category-noutati-inovare","tag-artificial-intelligence","tag-conferinta","tag-eden","tag-eden2020","tag-inteligenta-artificiala"],"yoast_head":"<!-- This site is optimized with the Yoast SEO plugin v27.4 - https:\/\/yoast.com\/product\/yoast-seo-wordpress\/ -->\n<title>Conferin\u021ba anual\u0103 EDEN 2020, g\u0103zduit\u0103 de UPT - Universitatea Politehnica Timi\u015foara Departamentul de ID\/IFR \u0219i Educa\u021bie Digital\u0103 \u2013 DeL<\/title>\n<meta name=\"robots\" content=\"index, follow, max-snippet:-1, max-image-preview:large, max-video-preview:-1\" \/>\n<link rel=\"canonical\" href=\"https:\/\/elearning.upt.ro\/en\/noutati\/conferinta-anuala-eden-2020-gazduita-de-universitatea-politehnica-timisoara\/\" \/>\n<meta property=\"og:locale\" content=\"en_US\" \/>\n<meta property=\"og:type\" content=\"article\" \/>\n<meta property=\"og:title\" content=\"Conferin\u021ba anual\u0103 EDEN 2020, g\u0103zduit\u0103 de UPT - Universitatea Politehnica Timi\u015foara Departamentul de ID\/IFR \u0219i Educa\u021bie Digital\u0103 \u2013 DeL\" \/>\n<meta property=\"og:description\" content=\"Universitatea Politehnica Timi\u0219oara, prin Centrul ID\/IFR \u0219i e-Learning va g\u0103zdui \u00een perioada 21-24 iunie 2020 conferin\u021ba anual\u0103 EDEN 2020\" \/>\n<meta property=\"og:url\" content=\"https:\/\/elearning.upt.ro\/en\/noutati\/conferinta-anuala-eden-2020-gazduita-de-universitatea-politehnica-timisoara\/\" \/>\n<meta property=\"og:site_name\" content=\"Universitatea Politehnica Timi\u015foara Departamentul de ID\/IFR \u0219i Educa\u021bie Digital\u0103 \u2013 DeL\" \/>\n<meta property=\"article:publisher\" content=\"https:\/\/www.facebook.com\/CIDUPT\/?ref=page_internal\" \/>\n<meta property=\"article:published_time\" content=\"2019-11-28T10:17:51+00:00\" \/>\n<meta property=\"article:modified_time\" content=\"2020-06-19T14:06:10+00:00\" \/>\n<meta property=\"og:image\" content=\"https:\/\/elearning.upt.ro\/wp-content\/uploads\/2019\/11\/biblioteca-1.jpg\" \/>\n\t<meta property=\"og:image:width\" content=\"1000\" \/>\n\t<meta property=\"og:image:height\" content=\"500\" \/>\n\t<meta property=\"og:image:type\" content=\"image\/jpeg\" \/>\n<meta name=\"author\" content=\"CeL\" \/>\n<meta name=\"twitter:card\" content=\"summary_large_image\" \/>\n<meta name=\"twitter:label1\" content=\"Written by\" \/>\n\t<meta name=\"twitter:data1\" content=\"CeL\" \/>\n\t<meta name=\"twitter:label2\" content=\"Est. reading time\" \/>\n\t<meta name=\"twitter:data2\" content=\"2 minutes\" \/>\n<script type=\"application\/ld+json\" class=\"yoast-schema-graph\">{\"@context\":\"https:\\\/\\\/schema.org\",\"@graph\":[{\"@type\":\"Article\",\"@id\":\"https:\\\/\\\/elearning.upt.ro\\\/ro\\\/noutati\\\/conferinta-anuala-eden-2020-gazduita-de-universitatea-politehnica-timisoara\\\/#article\",\"isPartOf\":{\"@id\":\"https:\\\/\\\/elearning.upt.ro\\\/ro\\\/noutati\\\/conferinta-anuala-eden-2020-gazduita-de-universitatea-politehnica-timisoara\\\/\"},\"author\":{\"name\":\"CeL\",\"@id\":\"https:\\\/\\\/elearning.upt.ro\\\/ro\\\/#\\\/schema\\\/person\\\/8bb5b84d8e634ea763262c452a39b3f4\"},\"headline\":\"Conferin\u021ba anual\u0103 EDEN 2020, g\u0103zduit\u0103 de UPT\",\"datePublished\":\"2019-11-28T10:17:51+00:00\",\"dateModified\":\"2020-06-19T14:06:10+00:00\",\"mainEntityOfPage\":{\"@id\":\"https:\\\/\\\/elearning.upt.ro\\\/ro\\\/noutati\\\/conferinta-anuala-eden-2020-gazduita-de-universitatea-politehnica-timisoara\\\/\"},\"wordCount\":463,\"image\":{\"@id\":\"https:\\\/\\\/elearning.upt.ro\\\/ro\\\/noutati\\\/conferinta-anuala-eden-2020-gazduita-de-universitatea-politehnica-timisoara\\\/#primaryimage\"},\"thumbnailUrl\":\"https:\\\/\\\/elearning.upt.ro\\\/wp-content\\\/uploads\\\/2019\\\/11\\\/biblioteca-1.jpg\",\"keywords\":[\"artificial intelligence\",\"conferinta\",\"eden\",\"eden2020\",\"inteligenta artificial\u0103\"],\"articleSection\":[\"Comunitate\",\"EDEN\",\"Noutati\",\"Noutati Inovare\"],\"inLanguage\":\"en-US\"},{\"@type\":\"WebPage\",\"@id\":\"https:\\\/\\\/elearning.upt.ro\\\/ro\\\/noutati\\\/conferinta-anuala-eden-2020-gazduita-de-universitatea-politehnica-timisoara\\\/\",\"url\":\"https:\\\/\\\/elearning.upt.ro\\\/ro\\\/noutati\\\/conferinta-anuala-eden-2020-gazduita-de-universitatea-politehnica-timisoara\\\/\",\"name\":\"Conferin\u021ba anual\u0103 EDEN 2020, g\u0103zduit\u0103 de UPT - Universitatea Politehnica Timi\u015foara Departamentul de ID\\\/IFR \u0219i Educa\u021bie Digital\u0103 \u2013 DeL\",\"isPartOf\":{\"@id\":\"https:\\\/\\\/elearning.upt.ro\\\/ro\\\/#website\"},\"primaryImageOfPage\":{\"@id\":\"https:\\\/\\\/elearning.upt.ro\\\/ro\\\/noutati\\\/conferinta-anuala-eden-2020-gazduita-de-universitatea-politehnica-timisoara\\\/#primaryimage\"},\"image\":{\"@id\":\"https:\\\/\\\/elearning.upt.ro\\\/ro\\\/noutati\\\/conferinta-anuala-eden-2020-gazduita-de-universitatea-politehnica-timisoara\\\/#primaryimage\"},\"thumbnailUrl\":\"https:\\\/\\\/elearning.upt.ro\\\/wp-content\\\/uploads\\\/2019\\\/11\\\/biblioteca-1.jpg\",\"datePublished\":\"2019-11-28T10:17:51+00:00\",\"dateModified\":\"2020-06-19T14:06:10+00:00\",\"author\":{\"@id\":\"https:\\\/\\\/elearning.upt.ro\\\/ro\\\/#\\\/schema\\\/person\\\/8bb5b84d8e634ea763262c452a39b3f4\"},\"breadcrumb\":{\"@id\":\"https:\\\/\\\/elearning.upt.ro\\\/ro\\\/noutati\\\/conferinta-anuala-eden-2020-gazduita-de-universitatea-politehnica-timisoara\\\/#breadcrumb\"},\"inLanguage\":\"en-US\",\"potentialAction\":[{\"@type\":\"ReadAction\",\"target\":[\"https:\\\/\\\/elearning.upt.ro\\\/ro\\\/noutati\\\/conferinta-anuala-eden-2020-gazduita-de-universitatea-politehnica-timisoara\\\/\"]}]},{\"@type\":\"ImageObject\",\"inLanguage\":\"en-US\",\"@id\":\"https:\\\/\\\/elearning.upt.ro\\\/ro\\\/noutati\\\/conferinta-anuala-eden-2020-gazduita-de-universitatea-politehnica-timisoara\\\/#primaryimage\",\"url\":\"https:\\\/\\\/elearning.upt.ro\\\/wp-content\\\/uploads\\\/2019\\\/11\\\/biblioteca-1.jpg\",\"contentUrl\":\"https:\\\/\\\/elearning.upt.ro\\\/wp-content\\\/uploads\\\/2019\\\/11\\\/biblioteca-1.jpg\",\"width\":1000,\"height\":500},{\"@type\":\"BreadcrumbList\",\"@id\":\"https:\\\/\\\/elearning.upt.ro\\\/ro\\\/noutati\\\/conferinta-anuala-eden-2020-gazduita-de-universitatea-politehnica-timisoara\\\/#breadcrumb\",\"itemListElement\":[{\"@type\":\"ListItem\",\"position\":1,\"name\":\"Home\",\"item\":\"https:\\\/\\\/elearning.upt.ro\\\/\"},{\"@type\":\"ListItem\",\"position\":2,\"name\":\"Conferin\u021ba anual\u0103 EDEN 2020, g\u0103zduit\u0103 de UPT\"}]},{\"@type\":\"WebSite\",\"@id\":\"https:\\\/\\\/elearning.upt.ro\\\/ro\\\/#website\",\"url\":\"https:\\\/\\\/elearning.upt.ro\\\/ro\\\/\",\"name\":\"Universitatea Politehnica Timi\u015foara Departamentul de ID\\\/IFR \u0219i Educa\u021bie Digital\u0103 \u2013 DeL\",\"description\":\"\",\"potentialAction\":[{\"@type\":\"SearchAction\",\"target\":{\"@type\":\"EntryPoint\",\"urlTemplate\":\"https:\\\/\\\/elearning.upt.ro\\\/ro\\\/?s={search_term_string}\"},\"query-input\":{\"@type\":\"PropertyValueSpecification\",\"valueRequired\":true,\"valueName\":\"search_term_string\"}}],\"inLanguage\":\"en-US\"},{\"@type\":\"Person\",\"@id\":\"https:\\\/\\\/elearning.upt.ro\\\/ro\\\/#\\\/schema\\\/person\\\/8bb5b84d8e634ea763262c452a39b3f4\",\"name\":\"CeL\",\"image\":{\"@type\":\"ImageObject\",\"inLanguage\":\"en-US\",\"@id\":\"https:\\\/\\\/secure.gravatar.com\\\/avatar\\\/9b67430c18ee40ef4a63a577131abb63a54ca1b5fbb5ec183bcc2003d846a51f?s=96&d=mm&r=g\",\"url\":\"https:\\\/\\\/secure.gravatar.com\\\/avatar\\\/9b67430c18ee40ef4a63a577131abb63a54ca1b5fbb5ec183bcc2003d846a51f?s=96&d=mm&r=g\",\"contentUrl\":\"https:\\\/\\\/secure.gravatar.com\\\/avatar\\\/9b67430c18ee40ef4a63a577131abb63a54ca1b5fbb5ec183bcc2003d846a51f?s=96&d=mm&r=g\",\"caption\":\"CeL\"},\"url\":\"https:\\\/\\\/elearning.upt.ro\\\/en\\\/author\\\/renateiovi\\\/\"}]}<\/script>\n<!-- \/ Yoast SEO plugin. -->","yoast_head_json":{"title":"EDEN 2020 annual conference, hosted by UPT - Politehnica University Timi\u015foara Department of ID\/IFR and Digital Education \u2013 DeL","robots":{"index":"index","follow":"follow","max-snippet":"max-snippet:-1","max-image-preview":"max-image-preview:large","max-video-preview":"max-video-preview:-1"},"canonical":"https:\/\/elearning.upt.ro\/en\/noutati\/conferinta-anuala-eden-2020-gazduita-de-universitatea-politehnica-timisoara\/","og_locale":"en_US","og_type":"article","og_title":"Conferin\u021ba anual\u0103 EDEN 2020, g\u0103zduit\u0103 de UPT - Universitatea Politehnica Timi\u015foara Departamentul de ID\/IFR \u0219i Educa\u021bie Digital\u0103 \u2013 DeL","og_description":"Universitatea Politehnica Timi\u0219oara, prin Centrul ID\/IFR \u0219i e-Learning va g\u0103zdui \u00een perioada 21-24 iunie 2020 conferin\u021ba anual\u0103 EDEN 2020","og_url":"https:\/\/elearning.upt.ro\/en\/noutati\/conferinta-anuala-eden-2020-gazduita-de-universitatea-politehnica-timisoara\/","og_site_name":"Universitatea Politehnica Timi\u015foara Departamentul de ID\/IFR \u0219i Educa\u021bie Digital\u0103 \u2013 DeL","article_publisher":"https:\/\/www.facebook.com\/CIDUPT\/?ref=page_internal","article_published_time":"2019-11-28T10:17:51+00:00","article_modified_time":"2020-06-19T14:06:10+00:00","og_image":[{"width":1000,"height":500,"url":"https:\/\/elearning.upt.ro\/wp-content\/uploads\/2019\/11\/biblioteca-1.jpg","type":"image\/jpeg"}],"author":"CeL","twitter_card":"summary_large_image","twitter_misc":{"Written by":"CeL","Est. reading time":"2 minutes"},"schema":{"@context":"https:\/\/schema.org","@graph":[{"@type":"Article","@id":"https:\/\/elearning.upt.ro\/ro\/noutati\/conferinta-anuala-eden-2020-gazduita-de-universitatea-politehnica-timisoara\/#article","isPartOf":{"@id":"https:\/\/elearning.upt.ro\/ro\/noutati\/conferinta-anuala-eden-2020-gazduita-de-universitatea-politehnica-timisoara\/"},"author":{"name":"CeL","@id":"https:\/\/elearning.upt.ro\/ro\/#\/schema\/person\/8bb5b84d8e634ea763262c452a39b3f4"},"headline":"Conferin\u021ba anual\u0103 EDEN 2020, g\u0103zduit\u0103 de UPT","datePublished":"2019-11-28T10:17:51+00:00","dateModified":"2020-06-19T14:06:10+00:00","mainEntityOfPage":{"@id":"https:\/\/elearning.upt.ro\/ro\/noutati\/conferinta-anuala-eden-2020-gazduita-de-universitatea-politehnica-timisoara\/"},"wordCount":463,"image":{"@id":"https:\/\/elearning.upt.ro\/ro\/noutati\/conferinta-anuala-eden-2020-gazduita-de-universitatea-politehnica-timisoara\/#primaryimage"},"thumbnailUrl":"https:\/\/elearning.upt.ro\/wp-content\/uploads\/2019\/11\/biblioteca-1.jpg","keywords":["artificial intelligence","conferinta","eden","eden2020","inteligenta artificial\u0103"],"articleSection":["Comunitate","EDEN","Noutati","Noutati Inovare"],"inLanguage":"en-US"},{"@type":"WebPage","@id":"https:\/\/elearning.upt.ro\/ro\/noutati\/conferinta-anuala-eden-2020-gazduita-de-universitatea-politehnica-timisoara\/","url":"https:\/\/elearning.upt.ro\/ro\/noutati\/conferinta-anuala-eden-2020-gazduita-de-universitatea-politehnica-timisoara\/","name":"EDEN 2020 annual conference, hosted by UPT - Politehnica University Timi\u015foara Department of ID\/IFR and Digital Education \u2013 DeL","isPartOf":{"@id":"https:\/\/elearning.upt.ro\/ro\/#website"},"primaryImageOfPage":{"@id":"https:\/\/elearning.upt.ro\/ro\/noutati\/conferinta-anuala-eden-2020-gazduita-de-universitatea-politehnica-timisoara\/#primaryimage"},"image":{"@id":"https:\/\/elearning.upt.ro\/ro\/noutati\/conferinta-anuala-eden-2020-gazduita-de-universitatea-politehnica-timisoara\/#primaryimage"},"thumbnailUrl":"https:\/\/elearning.upt.ro\/wp-content\/uploads\/2019\/11\/biblioteca-1.jpg","datePublished":"2019-11-28T10:17:51+00:00","dateModified":"2020-06-19T14:06:10+00:00","author":{"@id":"https:\/\/elearning.upt.ro\/ro\/#\/schema\/person\/8bb5b84d8e634ea763262c452a39b3f4"},"breadcrumb":{"@id":"https:\/\/elearning.upt.ro\/ro\/noutati\/conferinta-anuala-eden-2020-gazduita-de-universitatea-politehnica-timisoara\/#breadcrumb"},"inLanguage":"en-US","potentialAction":[{"@type":"ReadAction","target":["https:\/\/elearning.upt.ro\/ro\/noutati\/conferinta-anuala-eden-2020-gazduita-de-universitatea-politehnica-timisoara\/"]}]},{"@type":"ImageObject","inLanguage":"en-US","@id":"https:\/\/elearning.upt.ro\/ro\/noutati\/conferinta-anuala-eden-2020-gazduita-de-universitatea-politehnica-timisoara\/#primaryimage","url":"https:\/\/elearning.upt.ro\/wp-content\/uploads\/2019\/11\/biblioteca-1.jpg","contentUrl":"https:\/\/elearning.upt.ro\/wp-content\/uploads\/2019\/11\/biblioteca-1.jpg","width":1000,"height":500},{"@type":"BreadcrumbList","@id":"https:\/\/elearning.upt.ro\/ro\/noutati\/conferinta-anuala-eden-2020-gazduita-de-universitatea-politehnica-timisoara\/#breadcrumb","itemListElement":[{"@type":"ListItem","position":1,"name":"Home","item":"https:\/\/elearning.upt.ro\/"},{"@type":"ListItem","position":2,"name":"Conferin\u021ba anual\u0103 EDEN 2020, g\u0103zduit\u0103 de UPT"}]},{"@type":"WebSite","@id":"https:\/\/elearning.upt.ro\/ro\/#website","url":"https:\/\/elearning.upt.ro\/ro\/","name":"Politehnica University Timi\u015foara Department of ID\/IFR and Digital Education \u2013 DeL","description":"","potentialAction":[{"@type":"SearchAction","target":{"@type":"EntryPoint","urlTemplate":"https:\/\/elearning.upt.ro\/ro\/?s={search_term_string}"},"query-input":{"@type":"PropertyValueSpecification","valueRequired":true,"valueName":"search_term_string"}}],"inLanguage":"en-US"},{"@type":"Person","@id":"https:\/\/elearning.upt.ro\/ro\/#\/schema\/person\/8bb5b84d8e634ea763262c452a39b3f4","name":"CeL","image":{"@type":"ImageObject","inLanguage":"en-US","@id":"https:\/\/secure.gravatar.com\/avatar\/9b67430c18ee40ef4a63a577131abb63a54ca1b5fbb5ec183bcc2003d846a51f?s=96&d=mm&r=g","url":"https:\/\/secure.gravatar.com\/avatar\/9b67430c18ee40ef4a63a577131abb63a54ca1b5fbb5ec183bcc2003d846a51f?s=96&d=mm&r=g","contentUrl":"https:\/\/secure.gravatar.com\/avatar\/9b67430c18ee40ef4a63a577131abb63a54ca1b5fbb5ec183bcc2003d846a51f?s=96&d=mm&r=g","caption":"CeL"},"url":"https:\/\/elearning.upt.ro\/en\/author\/renateiovi\/"}]}},"_links":{"self":[{"href":"https:\/\/elearning.upt.ro\/en\/wp-json\/wp\/v2\/posts\/7481","targetHints":{"allow":["GET"]}}],"collection":[{"href":"https:\/\/elearning.upt.ro\/en\/wp-json\/wp\/v2\/posts"}],"about":[{"href":"https:\/\/elearning.upt.ro\/en\/wp-json\/wp\/v2\/types\/post"}],"author":[{"embeddable":true,"href":"https:\/\/elearning.upt.ro\/en\/wp-json\/wp\/v2\/users\/13"}],"replies":[{"embeddable":true,"href":"https:\/\/elearning.upt.ro\/en\/wp-json\/wp\/v2\/comments?post=7481"}],"version-history":[{"count":13,"href":"https:\/\/elearning.upt.ro\/en\/wp-json\/wp\/v2\/posts\/7481\/revisions"}],"predecessor-version":[{"id":7624,"href":"https:\/\/elearning.upt.ro\/en\/wp-json\/wp\/v2\/posts\/7481\/revisions\/7624"}],"wp:featuredmedia":[{"embeddable":true,"href":"https:\/\/elearning.upt.ro\/en\/wp-json\/wp\/v2\/media\/7482"}],"wp:attachment":[{"href":"https:\/\/elearning.upt.ro\/en\/wp-json\/wp\/v2\/media?parent=7481"}],"wp:term":[{"taxonomy":"category","embeddable":true,"href":"https:\/\/elearning.upt.ro\/en\/wp-json\/wp\/v2\/categories?post=7481"},{"taxonomy":"post_tag","embeddable":true,"href":"https:\/\/elearning.upt.ro\/en\/wp-json\/wp\/v2\/tags?post=7481"}],"curies":[{"name":"wp","href":"https:\/\/api.w.org\/{rel}","templated":true}]}}