{"id":10814,"date":"2020-06-19T18:14:52","date_gmt":"2020-06-19T15:14:52","guid":{"rendered":"https:\/\/elearning.upt.ro\/?p=10814"},"modified":"2021-02-04T11:48:12","modified_gmt":"2021-02-04T09:48:12","slug":"afla-ultimele-noutati-despre-eden-2020-prima-conferinta-complet-virtuala-dedicata-educatiei-digitale-si-inteligentei-artificiale","status":"publish","type":"post","link":"https:\/\/elearning.upt.ro\/en\/comunitate\/afla-ultimele-noutati-despre-eden-2020-prima-conferinta-complet-virtuala-dedicata-educatiei-digitale-si-inteligentei-artificiale\/","title":{"rendered":"Find out the latest news about EDEN 2020 - The first fully virtual conference dedicated to digital education and artificial intelligence"},"content":{"rendered":"<div data-elementor-type=\"wp-post\" data-elementor-id=\"10814\" class=\"elementor elementor-10814\">\n\t\t\t\t\t\t<section class=\"elementor-section elementor-top-section elementor-element elementor-element-32a7bcd elementor-section-boxed elementor-section-height-default elementor-section-height-default\" data-id=\"32a7bcd\" data-element_type=\"section\" data-e-type=\"section\">\n\t\t\t\t\t\t<div class=\"elementor-container elementor-column-gap-default\">\n\t\t\t\t\t<div class=\"elementor-column elementor-col-100 elementor-top-column elementor-element elementor-element-8182870\" data-id=\"8182870\" data-element_type=\"column\" data-e-type=\"column\">\n\t\t\t<div class=\"elementor-widget-wrap elementor-element-populated\">\n\t\t\t\t\t\t<div class=\"elementor-element elementor-element-bd54e01 elementor-widget elementor-widget-text-editor\" data-id=\"bd54e01\" data-element_type=\"widget\" data-e-type=\"widget\" data-widget_type=\"text-editor.default\">\n\t\t\t\t<div class=\"elementor-widget-container\">\n\t\t\t\t\t\t\t\t\t<p>29th EDEN Annual Conference - <strong>Human and artificial intelligence for the society of the future.<\/strong> <strong>Stimulating digital education for the next generation of students STE (A) M<\/strong> will focus on contemporary educational concepts, but also advanced practices, approaches and tools for innovative digital solutions in education, and the osmosis of integrating the arts with technology and the development of education in the exact sciences. In today&#039;s context of education during the pandemic, they are all the more relevant, and at EDEN 2020 the latest research results in digital education will be presented.<\/p>\t\t\t\t\t\t\t\t<\/div>\n\t\t\t\t<\/div>\n\t\t\t\t\t<\/div>\n\t\t<\/div>\n\t\t\t\t\t<\/div>\n\t\t<\/section>\n\t\t\t\t<section class=\"elementor-section elementor-top-section elementor-element elementor-element-c5ca8f9 elementor-section-boxed elementor-section-height-default elementor-section-height-default\" data-id=\"c5ca8f9\" data-element_type=\"section\" data-e-type=\"section\">\n\t\t\t\t\t\t<div class=\"elementor-container elementor-column-gap-default\">\n\t\t\t\t\t<div class=\"elementor-column elementor-col-100 elementor-top-column elementor-element elementor-element-68ed58a\" data-id=\"68ed58a\" data-element_type=\"column\" data-e-type=\"column\">\n\t\t\t<div class=\"elementor-widget-wrap elementor-element-populated\">\n\t\t\t\t\t\t<div class=\"elementor-element elementor-element-d492e6f elementor-widget elementor-widget-image\" data-id=\"d492e6f\" data-element_type=\"widget\" data-e-type=\"widget\" data-widget_type=\"image.default\">\n\t\t\t\t<div class=\"elementor-widget-container\">\n\t\t\t\t\t\t\t\t\t\t\t\t<figure class=\"wp-caption\">\n\t\t\t\t\t\t\t\t\t\t\t<a href=\"https:\/\/elearning.upt.ro\/en\/event\/eden-2020-inteligenta-umana-si-artificiala-pentru-societatea-viitorului-inspirand-educatie-digitala-pentru-urmatoarea-generatie-de-studenti-steam\/\">\n\t\t\t\t\t\t\t<img fetchpriority=\"high\" decoding=\"async\" width=\"768\" height=\"432\" src=\"https:\/\/elearning.upt.ro\/wp-content\/uploads\/2020\/06\/Fundal-Conf-EDEN-05-768x432.png\" class=\"attachment-medium_large size-medium_large wp-image-10788\" alt=\"\" srcset=\"https:\/\/elearning.upt.ro\/wp-content\/uploads\/2020\/06\/Fundal-Conf-EDEN-05-768x432.png 768w, https:\/\/elearning.upt.ro\/wp-content\/uploads\/2020\/06\/Fundal-Conf-EDEN-05-300x169.png 300w, https:\/\/elearning.upt.ro\/wp-content\/uploads\/2020\/06\/Fundal-Conf-EDEN-05-1024x576.png 1024w, https:\/\/elearning.upt.ro\/wp-content\/uploads\/2020\/06\/Fundal-Conf-EDEN-05-255x143.png 255w, https:\/\/elearning.upt.ro\/wp-content\/uploads\/2020\/06\/Fundal-Conf-EDEN-05.png 1280w\" sizes=\"(max-width: 768px) 100vw, 768px\" \/>\t\t\t\t\t\t\t\t<\/a>\n\t\t\t\t\t\t\t\t\t\t\t<figcaption class=\"widget-image-caption wp-caption-text\">Click on the image to see details and program about EDEN 2020<\/figcaption>\n\t\t\t\t\t\t\t\t\t\t<\/figure>\n\t\t\t\t\t\t\t\t\t<\/div>\n\t\t\t\t<\/div>\n\t\t\t\t\t<\/div>\n\t\t<\/div>\n\t\t\t\t\t<\/div>\n\t\t<\/section>\n\t\t\t\t<section class=\"elementor-section elementor-top-section elementor-element elementor-element-62d7c36 elementor-section-boxed elementor-section-height-default elementor-section-height-default\" data-id=\"62d7c36\" data-element_type=\"section\" data-e-type=\"section\">\n\t\t\t\t\t\t<div class=\"elementor-container elementor-column-gap-default\">\n\t\t\t\t\t<div class=\"elementor-column elementor-col-100 elementor-top-column elementor-element elementor-element-10fb701\" data-id=\"10fb701\" data-element_type=\"column\" data-e-type=\"column\">\n\t\t\t<div class=\"elementor-widget-wrap elementor-element-populated\">\n\t\t\t\t\t\t<div class=\"elementor-element elementor-element-8baf15f elementor-alert-info elementor-widget elementor-widget-alert\" data-id=\"8baf15f\" data-element_type=\"widget\" data-e-type=\"widget\" data-widget_type=\"alert.default\">\n\t\t\t\t<div class=\"elementor-widget-container\">\n\t\t\t\t\t\t\t<div class=\"elementor-alert\" role=\"alert\">\n\n\t\t\t\t\t\t<span class=\"elementor-alert-title\">Polytechnic 100<\/span>\n\t\t\t\n\t\t\t\t\t\t<span class=\"elementor-alert-description\">Conference <strong>EDEN 2020<\/strong> is dedicated to the 100th anniversary of university education in Timisoara, <strong>Polytechnic 100<\/strong>, the first 100 years of existence of the Polytechnic University of Timi\u0219oara, also celebrating the coherent and innovative development of online education in the university.<\/span>\n\t\t\t\n\t\t\t\t\t\t<button type=\"button\" class=\"elementor-alert-dismiss\" aria-label=\"Dismiss this alert.\">\n\t\t\t\t\t\t\t\t\t<span aria-hidden=\"true\">\u00d7<\/span>\n\t\t\t\t\t\t\t<\/button>\n\t\t\t\n\t\t<\/div>\n\t\t\t\t\t\t<\/div>\n\t\t\t\t<\/div>\n\t\t\t\t\t<\/div>\n\t\t<\/div>\n\t\t\t\t\t<\/div>\n\t\t<\/section>\n\t\t\t\t<section class=\"elementor-section elementor-top-section elementor-element elementor-element-d2cd68e elementor-section-boxed elementor-section-height-default elementor-section-height-default\" data-id=\"d2cd68e\" data-element_type=\"section\" data-e-type=\"section\">\n\t\t\t\t\t\t<div class=\"elementor-container elementor-column-gap-default\">\n\t\t\t\t\t<div class=\"elementor-column elementor-col-100 elementor-top-column elementor-element elementor-element-0baef1b\" data-id=\"0baef1b\" data-element_type=\"column\" data-e-type=\"column\">\n\t\t\t<div class=\"elementor-widget-wrap elementor-element-populated\">\n\t\t\t\t\t\t<div class=\"elementor-element elementor-element-47989f3 elementor-widget elementor-widget-text-editor\" data-id=\"47989f3\" data-element_type=\"widget\" data-e-type=\"widget\" data-widget_type=\"text-editor.default\">\n\t\t\t\t<div class=\"elementor-widget-container\">\n\t\t\t\t\t\t\t\t\t<p>Along with this conference, the Polytechnic University of Timisoara launches an application dedicated to virtual academic conferences, unique, <a href=\"https:\/\/conference.upt.ro\/\" target=\"_blank\" rel=\"noopener\"><strong>ConferenceUPT<\/strong><\/a>\u00a0\u00a0with facilities from organizing work sessions, integrating academic papers, including presentations and connecting by videoconference, to the possibility of direct communication, offering unlimited access to all participants, for the creation of a virtual community EDEN2020.<\/p>\t\t\t\t\t\t\t\t<\/div>\n\t\t\t\t<\/div>\n\t\t\t\t\t<\/div>\n\t\t<\/div>\n\t\t\t\t\t<\/div>\n\t\t<\/section>\n\t\t\t\t<section class=\"elementor-section elementor-top-section elementor-element elementor-element-abec93c elementor-section-boxed elementor-section-height-default elementor-section-height-default\" data-id=\"abec93c\" data-element_type=\"section\" data-e-type=\"section\">\n\t\t\t\t\t\t<div class=\"elementor-container elementor-column-gap-default\">\n\t\t\t\t\t<div class=\"elementor-column elementor-col-100 elementor-top-column elementor-element elementor-element-3b5fa1a\" data-id=\"3b5fa1a\" data-element_type=\"column\" data-e-type=\"column\">\n\t\t\t<div class=\"elementor-widget-wrap elementor-element-populated\">\n\t\t\t\t\t\t<div class=\"elementor-element elementor-element-47e0c3a elementor-button-info elementor-align-center elementor-widget elementor-widget-button\" data-id=\"47e0c3a\" data-element_type=\"widget\" data-e-type=\"widget\" data-widget_type=\"button.default\">\n\t\t\t\t<div class=\"elementor-widget-container\">\n\t\t\t\t\t\t\t\t\t<div class=\"elementor-button-wrapper\">\n\t\t\t\t\t<a class=\"elementor-button elementor-button-link elementor-size-xs\" href=\"https:\/\/conference.upt.ro\/\">\n\t\t\t\t\t\t<span class=\"elementor-button-content-wrapper\">\n\t\t\t\t\t\t\t\t\t<span class=\"elementor-button-text\">See the Conference UPT tool<\/span>\n\t\t\t\t\t<\/span>\n\t\t\t\t\t<\/a>\n\t\t\t\t<\/div>\n\t\t\t\t\t\t\t\t<\/div>\n\t\t\t\t<\/div>\n\t\t\t\t\t<\/div>\n\t\t<\/div>\n\t\t\t\t\t<\/div>\n\t\t<\/section>\n\t\t\t\t<section class=\"elementor-section elementor-top-section elementor-element elementor-element-6663b12 elementor-section-boxed elementor-section-height-default elementor-section-height-default\" data-id=\"6663b12\" data-element_type=\"section\" data-e-type=\"section\">\n\t\t\t\t\t\t<div class=\"elementor-container elementor-column-gap-default\">\n\t\t\t\t\t<div class=\"elementor-column elementor-col-100 elementor-top-column elementor-element elementor-element-d61d0fc\" data-id=\"d61d0fc\" data-element_type=\"column\" data-e-type=\"column\">\n\t\t\t<div class=\"elementor-widget-wrap elementor-element-populated\">\n\t\t\t\t\t\t<div class=\"elementor-element elementor-element-cd888ef elementor-widget elementor-widget-text-editor\" data-id=\"cd888ef\" data-element_type=\"widget\" data-e-type=\"widget\" data-widget_type=\"text-editor.default\">\n\t\t\t\t<div class=\"elementor-widget-container\">\n\t\t\t\t\t\t\t\t\t<p>During the three days of the conference, they will be presented over <strong>90 selected academic papers<\/strong>, published in open access and integrated in international academic databases. In addition to those <strong>10 scheduled workshops<\/strong>, EDEN will present conceptual sessions about <strong>experience of Covid-19 webinars<\/strong> and recent online education, about open educational technologies, about leadership, digital culture and digital and future skills and micro-accreditations in higher education.<\/p><p>On this occasion it will be launched in public consultation by the European Commission, the Department of Education, <strong>European Digital Education Plan<\/strong>.<\/p><p><strong> Open University Great Britain<\/strong> will have a 50th anniversary session again <strong>Scientific Symposium<\/strong> dedicated to PhD students is integrated into the conference program, with the progress report of young scientists and discussions of experienced university teachers.<\/p><p>The Polytechnic University of Timi\u0219oara also announces a series of interesting social events, with the presentation of cultural projects made for <strong>Timisoara European Capital of Culture 2021<\/strong> (<a href=\"https:\/\/elearning.upt.ro\/en\/project\/patrimoniul-sub-reflectoare-timisoara\/\">Spotlight Heritage<\/a>), a <strong>virtual tour of Timisoara<\/strong> made in collaboration with the Faculty of Architecture, live music or virtual culinary experiences, all made with the partners of the eLearning Center (CoderDojo, Romanian Science Festival, \u0218tiin\u021bescu, Timotion, Embassy, Faber, Bega Blues Band).<\/p>\t\t\t\t\t\t\t\t<\/div>\n\t\t\t\t<\/div>\n\t\t\t\t\t<\/div>\n\t\t<\/div>\n\t\t\t\t\t<\/div>\n\t\t<\/section>\n\t\t\t\t<section class=\"elementor-section elementor-top-section elementor-element elementor-element-b98eb0d elementor-section-boxed elementor-section-height-default elementor-section-height-default\" data-id=\"b98eb0d\" data-element_type=\"section\" data-e-type=\"section\">\n\t\t\t\t\t\t<div class=\"elementor-container elementor-column-gap-default\">\n\t\t\t\t\t<div class=\"elementor-column elementor-col-100 elementor-top-column elementor-element elementor-element-e944c6c\" data-id=\"e944c6c\" data-element_type=\"column\" data-e-type=\"column\">\n\t\t\t<div class=\"elementor-widget-wrap elementor-element-populated\">\n\t\t\t\t\t\t<div class=\"elementor-element elementor-element-2e8f6af elementor-align-center elementor-widget elementor-widget-button\" data-id=\"2e8f6af\" data-element_type=\"widget\" data-e-type=\"widget\" data-widget_type=\"button.default\">\n\t\t\t\t<div class=\"elementor-widget-container\">\n\t\t\t\t\t\t\t\t\t<div class=\"elementor-button-wrapper\">\n\t\t\t\t\t<a class=\"elementor-button elementor-button-link elementor-size-sm\" href=\"https:\/\/www.eden-online.org\/2020_timisoara\/\">\n\t\t\t\t\t\t<span class=\"elementor-button-content-wrapper\">\n\t\t\t\t\t\t\t\t\t<span class=\"elementor-button-text\">Official page of the EDEN 2020 conference<\/span>\n\t\t\t\t\t<\/span>\n\t\t\t\t\t<\/a>\n\t\t\t\t<\/div>\n\t\t\t\t\t\t\t\t<\/div>\n\t\t\t\t<\/div>\n\t\t\t\t\t<\/div>\n\t\t<\/div>\n\t\t\t\t\t<\/div>\n\t\t<\/section>\n\t\t\t\t<section class=\"elementor-section elementor-top-section elementor-element elementor-element-54d406f elementor-section-boxed elementor-section-height-default elementor-section-height-default\" data-id=\"54d406f\" data-element_type=\"section\" data-e-type=\"section\">\n\t\t\t\t\t\t<div class=\"elementor-container elementor-column-gap-default\">\n\t\t\t\t\t<div class=\"elementor-column elementor-col-100 elementor-top-column elementor-element elementor-element-f88e9c3\" data-id=\"f88e9c3\" data-element_type=\"column\" data-e-type=\"column\">\n\t\t\t<div class=\"elementor-widget-wrap elementor-element-populated\">\n\t\t\t\t\t\t<div class=\"elementor-element elementor-element-f362dab elementor-alert-info elementor-widget elementor-widget-alert\" data-id=\"f362dab\" data-element_type=\"widget\" data-e-type=\"widget\" data-widget_type=\"alert.default\">\n\t\t\t\t<div class=\"elementor-widget-container\">\n\t\t\t\t\t\t\t<div class=\"elementor-alert\" role=\"alert\">\n\n\t\t\t\t\t\t<span class=\"elementor-alert-title\">Free plenary sessions<\/span>\n\t\t\t\n\t\t\t\t\t\t<span class=\"elementor-alert-description\">All plenary sessions will be available for free, online, and can be watched by the general public on the e-Learning Center page and on the YouTube channel.<\/span>\n\t\t\t\n\t\t\t\t\t\t<button type=\"button\" class=\"elementor-alert-dismiss\" aria-label=\"Dismiss this alert.\">\n\t\t\t\t\t\t\t\t\t<span aria-hidden=\"true\">\u00d7<\/span>\n\t\t\t\t\t\t\t<\/button>\n\t\t\t\n\t\t<\/div>\n\t\t\t\t\t\t<\/div>\n\t\t\t\t<\/div>\n\t\t\t\t\t<\/div>\n\t\t<\/div>\n\t\t\t\t\t<\/div>\n\t\t<\/section>\n\t\t\t\t<\/div>","protected":false},"excerpt":{"rendered":"<p>In addition to the latest research results in digital education, international speakers, interactive virtual workshops and social events, the Polytechnic University of Timi\u0219oara launches a tool for the first time for the creation of an EDEN2020 virtual community. See what this is about!<\/p>","protected":false},"author":13,"featured_media":10815,"comment_status":"closed","ping_status":"closed","sticky":false,"template":"","format":"standard","meta":{"footnotes":""},"categories":[104,329,251],"tags":[333,330,334,335],"class_list":["post-10814","post","type-post","status-publish","format-standard","has-post-thumbnail","hentry","category-comunitate","category-eden","category-noutati","tag-conferinta-eden-2020","tag-eden-2020","tag-eden-2020-conference","tag-upt-conference-tool"],"yoast_head":"<!-- This site is optimized with the Yoast SEO plugin v27.4 - https:\/\/yoast.com\/product\/yoast-seo-wordpress\/ -->\n<title>Afl\u0103 ultimele nout\u0103\u021bi despre EDEN 2020 - Prima conferin\u021b\u0103 complet virtual\u0103 dedicat\u0103 educa\u021biei digitale \u0219i inteligen\u021bei artificiale - Universitatea Politehnica Timi\u015foara Departamentul de ID\/IFR \u0219i Educa\u021bie Digital\u0103 \u2013 DeL<\/title>\n<meta name=\"robots\" content=\"index, follow, max-snippet:-1, max-image-preview:large, max-video-preview:-1\" \/>\n<link rel=\"canonical\" href=\"https:\/\/elearning.upt.ro\/en\/comunitate\/afla-ultimele-noutati-despre-eden-2020-prima-conferinta-complet-virtuala-dedicata-educatiei-digitale-si-inteligentei-artificiale\/\" \/>\n<meta property=\"og:locale\" content=\"en_US\" \/>\n<meta property=\"og:type\" content=\"article\" \/>\n<meta property=\"og:title\" content=\"Afl\u0103 ultimele nout\u0103\u021bi despre EDEN 2020 - Prima conferin\u021b\u0103 complet virtual\u0103 dedicat\u0103 educa\u021biei digitale \u0219i inteligen\u021bei artificiale - Universitatea Politehnica Timi\u015foara Departamentul de ID\/IFR \u0219i Educa\u021bie Digital\u0103 \u2013 DeL\" \/>\n<meta property=\"og:description\" content=\"Pe l\u00e2ng\u0103 cele mai recente rezultate ale cercet\u0103rilor \u00een educa\u021bia digital\u0103 speakeri de talie interna\u021bional\u0103, workshop-uri virtuale interactive \u0219i evenimente sociale, Universitatea Politehnica Timi\u0219oara lanseaz\u0103 o unealt\u0103 \u00een premier\u0103 pentru realizarea unei comunit\u0103\u021bi virtuale EDEN2020. Vezi despre ce este vorba!\" \/>\n<meta property=\"og:url\" content=\"https:\/\/elearning.upt.ro\/en\/comunitate\/afla-ultimele-noutati-despre-eden-2020-prima-conferinta-complet-virtuala-dedicata-educatiei-digitale-si-inteligentei-artificiale\/\" \/>\n<meta property=\"og:site_name\" content=\"Universitatea Politehnica Timi\u015foara Departamentul de ID\/IFR \u0219i Educa\u021bie Digital\u0103 \u2013 DeL\" \/>\n<meta property=\"article:publisher\" content=\"https:\/\/www.facebook.com\/CIDUPT\/?ref=page_internal\" \/>\n<meta property=\"article:published_time\" content=\"2020-06-19T15:14:52+00:00\" \/>\n<meta property=\"article:modified_time\" content=\"2021-02-04T09:48:12+00:00\" \/>\n<meta property=\"og:image\" content=\"https:\/\/elearning.upt.ro\/wp-content\/uploads\/2020\/06\/Fundal-Conf-EDEN_k-03.jpg\" \/>\n\t<meta property=\"og:image:width\" content=\"1280\" \/>\n\t<meta property=\"og:image:height\" content=\"720\" \/>\n\t<meta property=\"og:image:type\" content=\"image\/jpeg\" \/>\n<meta name=\"author\" content=\"CeL\" \/>\n<meta name=\"twitter:card\" content=\"summary_large_image\" \/>\n<meta name=\"twitter:label1\" content=\"Written by\" \/>\n\t<meta name=\"twitter:data1\" content=\"CeL\" \/>\n\t<meta name=\"twitter:label2\" content=\"Est. reading time\" \/>\n\t<meta name=\"twitter:data2\" content=\"2 minutes\" \/>\n<script type=\"application\/ld+json\" class=\"yoast-schema-graph\">{\"@context\":\"https:\\\/\\\/schema.org\",\"@graph\":[{\"@type\":\"Article\",\"@id\":\"https:\\\/\\\/elearning.upt.ro\\\/ro\\\/comunitate\\\/afla-ultimele-noutati-despre-eden-2020-prima-conferinta-complet-virtuala-dedicata-educatiei-digitale-si-inteligentei-artificiale\\\/#article\",\"isPartOf\":{\"@id\":\"https:\\\/\\\/elearning.upt.ro\\\/ro\\\/comunitate\\\/afla-ultimele-noutati-despre-eden-2020-prima-conferinta-complet-virtuala-dedicata-educatiei-digitale-si-inteligentei-artificiale\\\/\"},\"author\":{\"name\":\"CeL\",\"@id\":\"https:\\\/\\\/elearning.upt.ro\\\/ro\\\/#\\\/schema\\\/person\\\/8bb5b84d8e634ea763262c452a39b3f4\"},\"headline\":\"Afl\u0103 ultimele nout\u0103\u021bi despre EDEN 2020 &#8211; Prima conferin\u021b\u0103 complet virtual\u0103 dedicat\u0103 educa\u021biei digitale \u0219i inteligen\u021bei artificiale\",\"datePublished\":\"2020-06-19T15:14:52+00:00\",\"dateModified\":\"2021-02-04T09:48:12+00:00\",\"mainEntityOfPage\":{\"@id\":\"https:\\\/\\\/elearning.upt.ro\\\/ro\\\/comunitate\\\/afla-ultimele-noutati-despre-eden-2020-prima-conferinta-complet-virtuala-dedicata-educatiei-digitale-si-inteligentei-artificiale\\\/\"},\"wordCount\":506,\"image\":{\"@id\":\"https:\\\/\\\/elearning.upt.ro\\\/ro\\\/comunitate\\\/afla-ultimele-noutati-despre-eden-2020-prima-conferinta-complet-virtuala-dedicata-educatiei-digitale-si-inteligentei-artificiale\\\/#primaryimage\"},\"thumbnailUrl\":\"https:\\\/\\\/elearning.upt.ro\\\/wp-content\\\/uploads\\\/2020\\\/06\\\/Fundal-Conf-EDEN_k-03.jpg\",\"keywords\":[\"conferinta eden 2020\",\"eden 2020\",\"eden 2020 conference\",\"upt conference tool\"],\"articleSection\":[\"Comunitate\",\"EDEN\",\"Noutati\"],\"inLanguage\":\"en-US\"},{\"@type\":\"WebPage\",\"@id\":\"https:\\\/\\\/elearning.upt.ro\\\/ro\\\/comunitate\\\/afla-ultimele-noutati-despre-eden-2020-prima-conferinta-complet-virtuala-dedicata-educatiei-digitale-si-inteligentei-artificiale\\\/\",\"url\":\"https:\\\/\\\/elearning.upt.ro\\\/ro\\\/comunitate\\\/afla-ultimele-noutati-despre-eden-2020-prima-conferinta-complet-virtuala-dedicata-educatiei-digitale-si-inteligentei-artificiale\\\/\",\"name\":\"Afl\u0103 ultimele nout\u0103\u021bi despre EDEN 2020 - Prima conferin\u021b\u0103 complet virtual\u0103 dedicat\u0103 educa\u021biei digitale \u0219i inteligen\u021bei artificiale - Universitatea Politehnica Timi\u015foara Departamentul de ID\\\/IFR \u0219i Educa\u021bie Digital\u0103 \u2013 DeL\",\"isPartOf\":{\"@id\":\"https:\\\/\\\/elearning.upt.ro\\\/ro\\\/#website\"},\"primaryImageOfPage\":{\"@id\":\"https:\\\/\\\/elearning.upt.ro\\\/ro\\\/comunitate\\\/afla-ultimele-noutati-despre-eden-2020-prima-conferinta-complet-virtuala-dedicata-educatiei-digitale-si-inteligentei-artificiale\\\/#primaryimage\"},\"image\":{\"@id\":\"https:\\\/\\\/elearning.upt.ro\\\/ro\\\/comunitate\\\/afla-ultimele-noutati-despre-eden-2020-prima-conferinta-complet-virtuala-dedicata-educatiei-digitale-si-inteligentei-artificiale\\\/#primaryimage\"},\"thumbnailUrl\":\"https:\\\/\\\/elearning.upt.ro\\\/wp-content\\\/uploads\\\/2020\\\/06\\\/Fundal-Conf-EDEN_k-03.jpg\",\"datePublished\":\"2020-06-19T15:14:52+00:00\",\"dateModified\":\"2021-02-04T09:48:12+00:00\",\"author\":{\"@id\":\"https:\\\/\\\/elearning.upt.ro\\\/ro\\\/#\\\/schema\\\/person\\\/8bb5b84d8e634ea763262c452a39b3f4\"},\"breadcrumb\":{\"@id\":\"https:\\\/\\\/elearning.upt.ro\\\/ro\\\/comunitate\\\/afla-ultimele-noutati-despre-eden-2020-prima-conferinta-complet-virtuala-dedicata-educatiei-digitale-si-inteligentei-artificiale\\\/#breadcrumb\"},\"inLanguage\":\"en-US\",\"potentialAction\":[{\"@type\":\"ReadAction\",\"target\":[\"https:\\\/\\\/elearning.upt.ro\\\/ro\\\/comunitate\\\/afla-ultimele-noutati-despre-eden-2020-prima-conferinta-complet-virtuala-dedicata-educatiei-digitale-si-inteligentei-artificiale\\\/\"]}]},{\"@type\":\"ImageObject\",\"inLanguage\":\"en-US\",\"@id\":\"https:\\\/\\\/elearning.upt.ro\\\/ro\\\/comunitate\\\/afla-ultimele-noutati-despre-eden-2020-prima-conferinta-complet-virtuala-dedicata-educatiei-digitale-si-inteligentei-artificiale\\\/#primaryimage\",\"url\":\"https:\\\/\\\/elearning.upt.ro\\\/wp-content\\\/uploads\\\/2020\\\/06\\\/Fundal-Conf-EDEN_k-03.jpg\",\"contentUrl\":\"https:\\\/\\\/elearning.upt.ro\\\/wp-content\\\/uploads\\\/2020\\\/06\\\/Fundal-Conf-EDEN_k-03.jpg\",\"width\":1280,\"height\":720},{\"@type\":\"BreadcrumbList\",\"@id\":\"https:\\\/\\\/elearning.upt.ro\\\/ro\\\/comunitate\\\/afla-ultimele-noutati-despre-eden-2020-prima-conferinta-complet-virtuala-dedicata-educatiei-digitale-si-inteligentei-artificiale\\\/#breadcrumb\",\"itemListElement\":[{\"@type\":\"ListItem\",\"position\":1,\"name\":\"Home\",\"item\":\"https:\\\/\\\/elearning.upt.ro\\\/\"},{\"@type\":\"ListItem\",\"position\":2,\"name\":\"Afl\u0103 ultimele nout\u0103\u021bi despre EDEN 2020 &#8211; Prima conferin\u021b\u0103 complet virtual\u0103 dedicat\u0103 educa\u021biei digitale \u0219i inteligen\u021bei artificiale\"}]},{\"@type\":\"WebSite\",\"@id\":\"https:\\\/\\\/elearning.upt.ro\\\/ro\\\/#website\",\"url\":\"https:\\\/\\\/elearning.upt.ro\\\/ro\\\/\",\"name\":\"Universitatea Politehnica Timi\u015foara Departamentul de ID\\\/IFR \u0219i Educa\u021bie Digital\u0103 \u2013 DeL\",\"description\":\"\",\"potentialAction\":[{\"@type\":\"SearchAction\",\"target\":{\"@type\":\"EntryPoint\",\"urlTemplate\":\"https:\\\/\\\/elearning.upt.ro\\\/ro\\\/?s={search_term_string}\"},\"query-input\":{\"@type\":\"PropertyValueSpecification\",\"valueRequired\":true,\"valueName\":\"search_term_string\"}}],\"inLanguage\":\"en-US\"},{\"@type\":\"Person\",\"@id\":\"https:\\\/\\\/elearning.upt.ro\\\/ro\\\/#\\\/schema\\\/person\\\/8bb5b84d8e634ea763262c452a39b3f4\",\"name\":\"CeL\",\"image\":{\"@type\":\"ImageObject\",\"inLanguage\":\"en-US\",\"@id\":\"https:\\\/\\\/secure.gravatar.com\\\/avatar\\\/9b67430c18ee40ef4a63a577131abb63a54ca1b5fbb5ec183bcc2003d846a51f?s=96&d=mm&r=g\",\"url\":\"https:\\\/\\\/secure.gravatar.com\\\/avatar\\\/9b67430c18ee40ef4a63a577131abb63a54ca1b5fbb5ec183bcc2003d846a51f?s=96&d=mm&r=g\",\"contentUrl\":\"https:\\\/\\\/secure.gravatar.com\\\/avatar\\\/9b67430c18ee40ef4a63a577131abb63a54ca1b5fbb5ec183bcc2003d846a51f?s=96&d=mm&r=g\",\"caption\":\"CeL\"},\"url\":\"https:\\\/\\\/elearning.upt.ro\\\/en\\\/author\\\/renateiovi\\\/\"}]}<\/script>\n<!-- \/ Yoast SEO plugin. -->","yoast_head_json":{"title":"Find out the latest news about EDEN 2020 - The first completely virtual conference dedicated to digital education and artificial intelligence - Politehnica University Timi\u015foara Department of ID\/IFR and Digital Education \u2013 DeL","robots":{"index":"index","follow":"follow","max-snippet":"max-snippet:-1","max-image-preview":"max-image-preview:large","max-video-preview":"max-video-preview:-1"},"canonical":"https:\/\/elearning.upt.ro\/en\/comunitate\/afla-ultimele-noutati-despre-eden-2020-prima-conferinta-complet-virtuala-dedicata-educatiei-digitale-si-inteligentei-artificiale\/","og_locale":"en_US","og_type":"article","og_title":"Afl\u0103 ultimele nout\u0103\u021bi despre EDEN 2020 - Prima conferin\u021b\u0103 complet virtual\u0103 dedicat\u0103 educa\u021biei digitale \u0219i inteligen\u021bei artificiale - Universitatea Politehnica Timi\u015foara Departamentul de ID\/IFR \u0219i Educa\u021bie Digital\u0103 \u2013 DeL","og_description":"Pe l\u00e2ng\u0103 cele mai recente rezultate ale cercet\u0103rilor \u00een educa\u021bia digital\u0103 speakeri de talie interna\u021bional\u0103, workshop-uri virtuale interactive \u0219i evenimente sociale, Universitatea Politehnica Timi\u0219oara lanseaz\u0103 o unealt\u0103 \u00een premier\u0103 pentru realizarea unei comunit\u0103\u021bi virtuale EDEN2020. Vezi despre ce este vorba!","og_url":"https:\/\/elearning.upt.ro\/en\/comunitate\/afla-ultimele-noutati-despre-eden-2020-prima-conferinta-complet-virtuala-dedicata-educatiei-digitale-si-inteligentei-artificiale\/","og_site_name":"Universitatea Politehnica Timi\u015foara Departamentul de ID\/IFR \u0219i Educa\u021bie Digital\u0103 \u2013 DeL","article_publisher":"https:\/\/www.facebook.com\/CIDUPT\/?ref=page_internal","article_published_time":"2020-06-19T15:14:52+00:00","article_modified_time":"2021-02-04T09:48:12+00:00","og_image":[{"width":1280,"height":720,"url":"https:\/\/elearning.upt.ro\/wp-content\/uploads\/2020\/06\/Fundal-Conf-EDEN_k-03.jpg","type":"image\/jpeg"}],"author":"CeL","twitter_card":"summary_large_image","twitter_misc":{"Written by":"CeL","Est. reading time":"2 minutes"},"schema":{"@context":"https:\/\/schema.org","@graph":[{"@type":"Article","@id":"https:\/\/elearning.upt.ro\/ro\/comunitate\/afla-ultimele-noutati-despre-eden-2020-prima-conferinta-complet-virtuala-dedicata-educatiei-digitale-si-inteligentei-artificiale\/#article","isPartOf":{"@id":"https:\/\/elearning.upt.ro\/ro\/comunitate\/afla-ultimele-noutati-despre-eden-2020-prima-conferinta-complet-virtuala-dedicata-educatiei-digitale-si-inteligentei-artificiale\/"},"author":{"name":"CeL","@id":"https:\/\/elearning.upt.ro\/ro\/#\/schema\/person\/8bb5b84d8e634ea763262c452a39b3f4"},"headline":"Afl\u0103 ultimele nout\u0103\u021bi despre EDEN 2020 &#8211; Prima conferin\u021b\u0103 complet virtual\u0103 dedicat\u0103 educa\u021biei digitale \u0219i inteligen\u021bei artificiale","datePublished":"2020-06-19T15:14:52+00:00","dateModified":"2021-02-04T09:48:12+00:00","mainEntityOfPage":{"@id":"https:\/\/elearning.upt.ro\/ro\/comunitate\/afla-ultimele-noutati-despre-eden-2020-prima-conferinta-complet-virtuala-dedicata-educatiei-digitale-si-inteligentei-artificiale\/"},"wordCount":506,"image":{"@id":"https:\/\/elearning.upt.ro\/ro\/comunitate\/afla-ultimele-noutati-despre-eden-2020-prima-conferinta-complet-virtuala-dedicata-educatiei-digitale-si-inteligentei-artificiale\/#primaryimage"},"thumbnailUrl":"https:\/\/elearning.upt.ro\/wp-content\/uploads\/2020\/06\/Fundal-Conf-EDEN_k-03.jpg","keywords":["conferinta eden 2020","eden 2020","eden 2020 conference","upt conference tool"],"articleSection":["Comunitate","EDEN","Noutati"],"inLanguage":"en-US"},{"@type":"WebPage","@id":"https:\/\/elearning.upt.ro\/ro\/comunitate\/afla-ultimele-noutati-despre-eden-2020-prima-conferinta-complet-virtuala-dedicata-educatiei-digitale-si-inteligentei-artificiale\/","url":"https:\/\/elearning.upt.ro\/ro\/comunitate\/afla-ultimele-noutati-despre-eden-2020-prima-conferinta-complet-virtuala-dedicata-educatiei-digitale-si-inteligentei-artificiale\/","name":"Find out the latest news about EDEN 2020 - The first completely virtual conference dedicated to digital education and artificial intelligence - Politehnica University Timi\u015foara Department of ID\/IFR and Digital Education \u2013 DeL","isPartOf":{"@id":"https:\/\/elearning.upt.ro\/ro\/#website"},"primaryImageOfPage":{"@id":"https:\/\/elearning.upt.ro\/ro\/comunitate\/afla-ultimele-noutati-despre-eden-2020-prima-conferinta-complet-virtuala-dedicata-educatiei-digitale-si-inteligentei-artificiale\/#primaryimage"},"image":{"@id":"https:\/\/elearning.upt.ro\/ro\/comunitate\/afla-ultimele-noutati-despre-eden-2020-prima-conferinta-complet-virtuala-dedicata-educatiei-digitale-si-inteligentei-artificiale\/#primaryimage"},"thumbnailUrl":"https:\/\/elearning.upt.ro\/wp-content\/uploads\/2020\/06\/Fundal-Conf-EDEN_k-03.jpg","datePublished":"2020-06-19T15:14:52+00:00","dateModified":"2021-02-04T09:48:12+00:00","author":{"@id":"https:\/\/elearning.upt.ro\/ro\/#\/schema\/person\/8bb5b84d8e634ea763262c452a39b3f4"},"breadcrumb":{"@id":"https:\/\/elearning.upt.ro\/ro\/comunitate\/afla-ultimele-noutati-despre-eden-2020-prima-conferinta-complet-virtuala-dedicata-educatiei-digitale-si-inteligentei-artificiale\/#breadcrumb"},"inLanguage":"en-US","potentialAction":[{"@type":"ReadAction","target":["https:\/\/elearning.upt.ro\/ro\/comunitate\/afla-ultimele-noutati-despre-eden-2020-prima-conferinta-complet-virtuala-dedicata-educatiei-digitale-si-inteligentei-artificiale\/"]}]},{"@type":"ImageObject","inLanguage":"en-US","@id":"https:\/\/elearning.upt.ro\/ro\/comunitate\/afla-ultimele-noutati-despre-eden-2020-prima-conferinta-complet-virtuala-dedicata-educatiei-digitale-si-inteligentei-artificiale\/#primaryimage","url":"https:\/\/elearning.upt.ro\/wp-content\/uploads\/2020\/06\/Fundal-Conf-EDEN_k-03.jpg","contentUrl":"https:\/\/elearning.upt.ro\/wp-content\/uploads\/2020\/06\/Fundal-Conf-EDEN_k-03.jpg","width":1280,"height":720},{"@type":"BreadcrumbList","@id":"https:\/\/elearning.upt.ro\/ro\/comunitate\/afla-ultimele-noutati-despre-eden-2020-prima-conferinta-complet-virtuala-dedicata-educatiei-digitale-si-inteligentei-artificiale\/#breadcrumb","itemListElement":[{"@type":"ListItem","position":1,"name":"Home","item":"https:\/\/elearning.upt.ro\/"},{"@type":"ListItem","position":2,"name":"Afl\u0103 ultimele nout\u0103\u021bi despre EDEN 2020 &#8211; Prima conferin\u021b\u0103 complet virtual\u0103 dedicat\u0103 educa\u021biei digitale \u0219i inteligen\u021bei artificiale"}]},{"@type":"WebSite","@id":"https:\/\/elearning.upt.ro\/ro\/#website","url":"https:\/\/elearning.upt.ro\/ro\/","name":"Politehnica University Timi\u015foara Department of ID\/IFR and Digital Education \u2013 DeL","description":"","potentialAction":[{"@type":"SearchAction","target":{"@type":"EntryPoint","urlTemplate":"https:\/\/elearning.upt.ro\/ro\/?s={search_term_string}"},"query-input":{"@type":"PropertyValueSpecification","valueRequired":true,"valueName":"search_term_string"}}],"inLanguage":"en-US"},{"@type":"Person","@id":"https:\/\/elearning.upt.ro\/ro\/#\/schema\/person\/8bb5b84d8e634ea763262c452a39b3f4","name":"CeL","image":{"@type":"ImageObject","inLanguage":"en-US","@id":"https:\/\/secure.gravatar.com\/avatar\/9b67430c18ee40ef4a63a577131abb63a54ca1b5fbb5ec183bcc2003d846a51f?s=96&d=mm&r=g","url":"https:\/\/secure.gravatar.com\/avatar\/9b67430c18ee40ef4a63a577131abb63a54ca1b5fbb5ec183bcc2003d846a51f?s=96&d=mm&r=g","contentUrl":"https:\/\/secure.gravatar.com\/avatar\/9b67430c18ee40ef4a63a577131abb63a54ca1b5fbb5ec183bcc2003d846a51f?s=96&d=mm&r=g","caption":"CeL"},"url":"https:\/\/elearning.upt.ro\/en\/author\/renateiovi\/"}]}},"_links":{"self":[{"href":"https:\/\/elearning.upt.ro\/en\/wp-json\/wp\/v2\/posts\/10814","targetHints":{"allow":["GET"]}}],"collection":[{"href":"https:\/\/elearning.upt.ro\/en\/wp-json\/wp\/v2\/posts"}],"about":[{"href":"https:\/\/elearning.upt.ro\/en\/wp-json\/wp\/v2\/types\/post"}],"author":[{"embeddable":true,"href":"https:\/\/elearning.upt.ro\/en\/wp-json\/wp\/v2\/users\/13"}],"replies":[{"embeddable":true,"href":"https:\/\/elearning.upt.ro\/en\/wp-json\/wp\/v2\/comments?post=10814"}],"version-history":[{"count":10,"href":"https:\/\/elearning.upt.ro\/en\/wp-json\/wp\/v2\/posts\/10814\/revisions"}],"predecessor-version":[{"id":10825,"href":"https:\/\/elearning.upt.ro\/en\/wp-json\/wp\/v2\/posts\/10814\/revisions\/10825"}],"wp:featuredmedia":[{"embeddable":true,"href":"https:\/\/elearning.upt.ro\/en\/wp-json\/wp\/v2\/media\/10815"}],"wp:attachment":[{"href":"https:\/\/elearning.upt.ro\/en\/wp-json\/wp\/v2\/media?parent=10814"}],"wp:term":[{"taxonomy":"category","embeddable":true,"href":"https:\/\/elearning.upt.ro\/en\/wp-json\/wp\/v2\/categories?post=10814"},{"taxonomy":"post_tag","embeddable":true,"href":"https:\/\/elearning.upt.ro\/en\/wp-json\/wp\/v2\/tags?post=10814"}],"curies":[{"name":"wp","href":"https:\/\/api.w.org\/{rel}","templated":true}]}}