{"id":10029,"date":"2020-05-22T18:33:00","date_gmt":"2020-05-22T15:33:00","guid":{"rendered":"https:\/\/elearning.upt.ro\/?p=10029"},"modified":"2021-02-04T11:48:38","modified_gmt":"2021-02-04T09:48:38","slug":"cea-de-a-vi-a-intalnire-transnationala-open-virtual-mobility-a-avut-loc-online","status":"publish","type":"post","link":"https:\/\/elearning.upt.ro\/en\/proiecte\/proiecte-eu\/cea-de-a-vi-a-intalnire-transnationala-open-virtual-mobility-a-avut-loc-online\/","title":{"rendered":"The 6th Transnational Partner Meeting took place online"},"content":{"rendered":"<div data-elementor-type=\"wp-post\" data-elementor-id=\"10029\" class=\"elementor elementor-10029\">\n\t\t\t\t\t\t<section class=\"elementor-section elementor-top-section elementor-element elementor-element-426b520 elementor-section-boxed elementor-section-height-default elementor-section-height-default\" data-id=\"426b520\" data-element_type=\"section\" data-e-type=\"section\">\n\t\t\t\t\t\t<div class=\"elementor-container elementor-column-gap-default\">\n\t\t\t\t\t<div class=\"elementor-column elementor-col-100 elementor-top-column elementor-element elementor-element-5504ee0\" data-id=\"5504ee0\" data-element_type=\"column\" data-e-type=\"column\">\n\t\t\t<div class=\"elementor-widget-wrap elementor-element-populated\">\n\t\t\t\t\t\t<div class=\"elementor-element elementor-element-258b5c6 elementor-widget elementor-widget-text-editor\" data-id=\"258b5c6\" data-element_type=\"widget\" data-e-type=\"widget\" data-widget_type=\"text-editor.default\">\n\t\t\t\t<div class=\"elementor-widget-container\">\n\t\t\t\t\t\t\t\t\t<p class=\"translation-block\">Due to the COVID19 crisis, the 6th Transnational Partner Meeting, hosted by the University of the Balearic Islands and which had been planned to be held in Ibiza, has moved online and has been celebrated this week, <strong>18th and 19th May 2020<\/strong>. The two-day meeting has been really special since all partners contributed to the feeling of being online together and have enjoyed learning about the location by exploring some websites after work.<\/p>\t\t\t\t\t\t\t\t<\/div>\n\t\t\t\t<\/div>\n\t\t\t\t\t<\/div>\n\t\t<\/div>\n\t\t\t\t\t<\/div>\n\t\t<\/section>\n\t\t\t\t<section class=\"elementor-section elementor-top-section elementor-element elementor-element-44ab866 elementor-section-boxed elementor-section-height-default elementor-section-height-default\" data-id=\"44ab866\" data-element_type=\"section\" data-e-type=\"section\">\n\t\t\t\t\t\t<div class=\"elementor-container elementor-column-gap-default\">\n\t\t\t\t\t<div class=\"elementor-column elementor-col-100 elementor-top-column elementor-element elementor-element-184e9ef\" data-id=\"184e9ef\" data-element_type=\"column\" data-e-type=\"column\">\n\t\t\t<div class=\"elementor-widget-wrap elementor-element-populated\">\n\t\t\t\t\t\t<div class=\"elementor-element elementor-element-1e56e68 elementor-widget elementor-widget-image\" data-id=\"1e56e68\" data-element_type=\"widget\" data-e-type=\"widget\" data-widget_type=\"image.default\">\n\t\t\t\t<div class=\"elementor-widget-container\">\n\t\t\t\t\t\t\t\t\t\t\t\t<figure class=\"wp-caption\">\n\t\t\t\t\t\t\t\t\t\t<img fetchpriority=\"high\" decoding=\"async\" width=\"726\" height=\"551\" src=\"https:\/\/elearning.upt.ro\/wp-content\/uploads\/2020\/05\/openVM-ibiza1.png\" class=\"attachment-medium_large size-medium_large wp-image-10030\" alt=\"\" srcset=\"https:\/\/elearning.upt.ro\/wp-content\/uploads\/2020\/05\/openVM-ibiza1.png 726w, https:\/\/elearning.upt.ro\/wp-content\/uploads\/2020\/05\/openVM-ibiza1-300x228.png 300w, https:\/\/elearning.upt.ro\/wp-content\/uploads\/2020\/05\/openVM-ibiza1-255x194.png 255w\" sizes=\"(max-width: 726px) 100vw, 726px\" \/>\t\t\t\t\t\t\t\t\t\t\t<figcaption class=\"widget-image-caption wp-caption-text\">The photos of the group evidence the positive attitude and the spirit we have all maintained during work.<\/figcaption>\n\t\t\t\t\t\t\t\t\t\t<\/figure>\n\t\t\t\t\t\t\t\t\t<\/div>\n\t\t\t\t<\/div>\n\t\t\t\t\t<\/div>\n\t\t<\/div>\n\t\t\t\t\t<\/div>\n\t\t<\/section>\n\t\t\t\t<section class=\"elementor-section elementor-top-section elementor-element elementor-element-09814f5 elementor-section-boxed elementor-section-height-default elementor-section-height-default\" data-id=\"09814f5\" data-element_type=\"section\" data-e-type=\"section\">\n\t\t\t\t\t\t<div class=\"elementor-container elementor-column-gap-default\">\n\t\t\t\t\t<div class=\"elementor-column elementor-col-100 elementor-top-column elementor-element elementor-element-5999f49\" data-id=\"5999f49\" data-element_type=\"column\" data-e-type=\"column\">\n\t\t\t<div class=\"elementor-widget-wrap elementor-element-populated\">\n\t\t\t\t\t\t<div class=\"elementor-element elementor-element-362a48c elementor-widget elementor-widget-text-editor\" data-id=\"362a48c\" data-element_type=\"widget\" data-e-type=\"widget\" data-widget_type=\"text-editor.default\">\n\t\t\t\t<div class=\"elementor-widget-container\">\n\t\t\t\t\t\t\t\t\t<p class=\"translation-block\">The meeting focus was centered on <strong>quality and sustainability<\/strong> and the main aim was to address final milestones in order to conclude work and prepare final reports. Thus, we all reported on the work done and coordinated with others in order to organize last steps. The quality approach has been observed form the very beginning since all our products have been developed under the Design-Based Research for which they have been created, developed and assessed to be improved in three iterative cycles. Our MOOC developed in Output 6 by RomaTre has now been tested by three waves of cohorts and we are proud to have achieved a product which combines sustainability and quality for the years to come after the lifetime of the project.<\/p>\t\t\t\t\t\t\t\t<\/div>\n\t\t\t\t<\/div>\n\t\t\t\t\t<\/div>\n\t\t<\/div>\n\t\t\t\t\t<\/div>\n\t\t<\/section>\n\t\t\t\t<section class=\"elementor-section elementor-top-section elementor-element elementor-element-4c0a5c4 elementor-section-boxed elementor-section-height-default elementor-section-height-default\" data-id=\"4c0a5c4\" data-element_type=\"section\" data-e-type=\"section\">\n\t\t\t\t\t\t<div class=\"elementor-container elementor-column-gap-default\">\n\t\t\t\t\t<div class=\"elementor-column elementor-col-100 elementor-top-column elementor-element elementor-element-139eccd\" data-id=\"139eccd\" data-element_type=\"column\" data-e-type=\"column\">\n\t\t\t<div class=\"elementor-widget-wrap elementor-element-populated\">\n\t\t\t\t\t\t<div class=\"elementor-element elementor-element-208fc2f elementor-widget elementor-widget-text-editor\" data-id=\"208fc2f\" data-element_type=\"widget\" data-e-type=\"widget\" data-widget_type=\"text-editor.default\">\n\t\t\t\t<div class=\"elementor-widget-container\">\n\t\t\t\t\t\t\t\t\t<p class=\"translation-block\">Likewise, <a href=\"https:\/\/www.openvirtualmobility.eu\/topics\/outputs\/o2-learning-hub\/\" target=\"_self\" rel=\"noopener\">the Learning Hub<\/a>, developed and maintained by Politehnica University Timi\u0219oara has been improved through the three-year period and we offer now a place around which keep working on further dissemination of (Open) Virtual Mobilities across Higher Education institutions in Europe. All the other partners, reported on current state of work to adjust their final steps into these two main creations and in terms of future practice and research.<\/p>\t\t\t\t\t\t\t\t<\/div>\n\t\t\t\t<\/div>\n\t\t\t\t\t<\/div>\n\t\t<\/div>\n\t\t\t\t\t<\/div>\n\t\t<\/section>\n\t\t\t\t<section class=\"elementor-section elementor-top-section elementor-element elementor-element-099f9c7 elementor-section-boxed elementor-section-height-default elementor-section-height-default\" data-id=\"099f9c7\" data-element_type=\"section\" data-e-type=\"section\">\n\t\t\t\t\t\t<div class=\"elementor-container elementor-column-gap-default\">\n\t\t\t\t\t<div class=\"elementor-column elementor-col-100 elementor-top-column elementor-element elementor-element-fdeb0fa\" data-id=\"fdeb0fa\" data-element_type=\"column\" data-e-type=\"column\">\n\t\t\t<div class=\"elementor-widget-wrap elementor-element-populated\">\n\t\t\t\t\t\t<div class=\"elementor-element elementor-element-e69ff02 elementor-widget elementor-widget-image\" data-id=\"e69ff02\" data-element_type=\"widget\" data-e-type=\"widget\" data-widget_type=\"image.default\">\n\t\t\t\t<div class=\"elementor-widget-container\">\n\t\t\t\t\t\t\t\t\t\t\t\t\t\t\t<img decoding=\"async\" width=\"720\" height=\"405\" src=\"https:\/\/elearning.upt.ro\/wp-content\/uploads\/2020\/05\/Diapositiva1.png\" class=\"attachment-medium_large size-medium_large wp-image-10038\" alt=\"\" srcset=\"https:\/\/elearning.upt.ro\/wp-content\/uploads\/2020\/05\/Diapositiva1.png 720w, https:\/\/elearning.upt.ro\/wp-content\/uploads\/2020\/05\/Diapositiva1-300x169.png 300w, https:\/\/elearning.upt.ro\/wp-content\/uploads\/2020\/05\/Diapositiva1-255x143.png 255w\" sizes=\"(max-width: 720px) 100vw, 720px\" \/>\t\t\t\t\t\t\t\t\t\t\t\t\t\t\t<\/div>\n\t\t\t\t<\/div>\n\t\t\t\t\t<\/div>\n\t\t<\/div>\n\t\t\t\t\t<\/div>\n\t\t<\/section>\n\t\t\t\t<section class=\"elementor-section elementor-top-section elementor-element elementor-element-dc0d678 elementor-section-boxed elementor-section-height-default elementor-section-height-default\" data-id=\"dc0d678\" data-element_type=\"section\" data-e-type=\"section\">\n\t\t\t\t\t\t<div class=\"elementor-container elementor-column-gap-default\">\n\t\t\t\t\t<div class=\"elementor-column elementor-col-100 elementor-top-column elementor-element elementor-element-1c68e9f\" data-id=\"1c68e9f\" data-element_type=\"column\" data-e-type=\"column\">\n\t\t\t<div class=\"elementor-widget-wrap elementor-element-populated\">\n\t\t\t\t\t\t<div class=\"elementor-element elementor-element-0ef7eb9 elementor-widget elementor-widget-text-editor\" data-id=\"0ef7eb9\" data-element_type=\"widget\" data-e-type=\"widget\" data-widget_type=\"text-editor.default\">\n\t\t\t\t<div class=\"elementor-widget-container\">\n\t\t\t\t\t\t\t\t\t<p>The sustainability strategy has also been initiated with the inaugural session of the Special Interest Group (SIG)  on Virtual Mobility on Tuesday 19th May chaired by George Ubachs, from EADTU partner. We all agreed in the members to take part in it and the calendar for the next five year. And most importantly, we all agreed in our main responsibilities, key tasks and resources to sustain the Open Virtual Mobility efforts\u2026  The last draft of the ME event to be held online was also presented to the partnership.<\/p>\t\t\t\t\t\t\t\t<\/div>\n\t\t\t\t<\/div>\n\t\t\t\t\t<\/div>\n\t\t<\/div>\n\t\t\t\t\t<\/div>\n\t\t<\/section>\n\t\t\t\t<section class=\"elementor-section elementor-top-section elementor-element elementor-element-e4ac37e elementor-section-boxed elementor-section-height-default elementor-section-height-default\" data-id=\"e4ac37e\" data-element_type=\"section\" data-e-type=\"section\">\n\t\t\t\t\t\t<div class=\"elementor-container elementor-column-gap-default\">\n\t\t\t\t\t<div class=\"elementor-column elementor-col-100 elementor-top-column elementor-element elementor-element-1ac58fe\" data-id=\"1ac58fe\" data-element_type=\"column\" data-e-type=\"column\">\n\t\t\t<div class=\"elementor-widget-wrap elementor-element-populated\">\n\t\t\t\t\t\t<div class=\"elementor-element elementor-element-5821234 elementor-widget elementor-widget-image\" data-id=\"5821234\" data-element_type=\"widget\" data-e-type=\"widget\" data-widget_type=\"image.default\">\n\t\t\t\t<div class=\"elementor-widget-container\">\n\t\t\t\t\t\t\t\t\t\t\t\t<figure class=\"wp-caption\">\n\t\t\t\t\t\t\t\t\t\t<img decoding=\"async\" width=\"300\" height=\"271\" src=\"https:\/\/elearning.upt.ro\/wp-content\/uploads\/2020\/05\/Captura-de-pantalla-2020-05-18-a-las-15.59.29-300x271.png\" class=\"attachment-medium size-medium wp-image-10043\" alt=\"\" srcset=\"https:\/\/elearning.upt.ro\/wp-content\/uploads\/2020\/05\/Captura-de-pantalla-2020-05-18-a-las-15.59.29-300x271.png 300w, https:\/\/elearning.upt.ro\/wp-content\/uploads\/2020\/05\/Captura-de-pantalla-2020-05-18-a-las-15.59.29-1024x926.png 1024w, https:\/\/elearning.upt.ro\/wp-content\/uploads\/2020\/05\/Captura-de-pantalla-2020-05-18-a-las-15.59.29-768x695.png 768w, https:\/\/elearning.upt.ro\/wp-content\/uploads\/2020\/05\/Captura-de-pantalla-2020-05-18-a-las-15.59.29-255x231.png 255w, https:\/\/elearning.upt.ro\/wp-content\/uploads\/2020\/05\/Captura-de-pantalla-2020-05-18-a-las-15.59.29.png 1344w\" sizes=\"(max-width: 300px) 100vw, 300px\" \/>\t\t\t\t\t\t\t\t\t\t\t<figcaption class=\"widget-image-caption wp-caption-text\">The following visual represents the most frequent adjectives used by partners to describe their impressions on the work and partnership.<\/figcaption>\n\t\t\t\t\t\t\t\t\t\t<\/figure>\n\t\t\t\t\t\t\t\t\t<\/div>\n\t\t\t\t<\/div>\n\t\t\t\t\t<\/div>\n\t\t<\/div>\n\t\t\t\t\t<\/div>\n\t\t<\/section>\n\t\t\t\t<\/div>","protected":false},"excerpt":{"rendered":"<p>Due to the COVID crisis19, the 6th transnational meeting of partners in the Open Virtual Mobility project, hosted by the University of the Balearic Islands which had been planned to take place in Ibiza, moved online and took place on 18-19 May 2020. <\/p>","protected":false},"author":13,"featured_media":10030,"comment_status":"closed","ping_status":"closed","sticky":false,"template":"","format":"standard","meta":{"footnotes":""},"categories":[251,78,122,73],"tags":[283,284,142],"class_list":["post-10029","post","type-post","status-publish","format-standard","has-post-thumbnail","hentry","category-noutati","category-noutati-inovare","category-openvm","category-proiecte-eu","tag-intalnire-open-vm","tag-open-vm-ibiza","tag-openvm"],"yoast_head":"<!-- This site is optimized with the Yoast SEO plugin v27.4 - https:\/\/yoast.com\/product\/yoast-seo-wordpress\/ -->\n<title>Cea de-a VI-a \u00eent\u00e2lnire transna\u021bional\u0103 Open Virtual Mobility a avut loc online - Universitatea Politehnica Timi\u015foara Departamentul de ID\/IFR \u0219i Educa\u021bie Digital\u0103 \u2013 DeL<\/title>\n<meta name=\"robots\" content=\"index, follow, max-snippet:-1, max-image-preview:large, max-video-preview:-1\" \/>\n<link rel=\"canonical\" href=\"https:\/\/elearning.upt.ro\/en\/proiecte\/proiecte-eu\/cea-de-a-vi-a-intalnire-transnationala-open-virtual-mobility-a-avut-loc-online\/\" \/>\n<meta property=\"og:locale\" content=\"en_US\" \/>\n<meta property=\"og:type\" content=\"article\" \/>\n<meta property=\"og:title\" content=\"Cea de-a VI-a \u00eent\u00e2lnire transna\u021bional\u0103 Open Virtual Mobility a avut loc online - Universitatea Politehnica Timi\u015foara Departamentul de ID\/IFR \u0219i Educa\u021bie Digital\u0103 \u2013 DeL\" \/>\n<meta property=\"og:description\" content=\"Din cauza crizei COVID19, a VI-a \u00eent\u00e2lnire transna\u021bional\u0103 a partenerilor din cadrul proiectului Open Virtual Mobility, g\u0103zduit\u0103 de Universitatea Insulelor Baleare care fusese planificat\u0103 s\u0103 aib\u0103 loc la Ibiza, s-a mutat online \u0219i a avut loc \u00een 18 - 19 mai 2020.\" \/>\n<meta property=\"og:url\" content=\"https:\/\/elearning.upt.ro\/en\/proiecte\/proiecte-eu\/cea-de-a-vi-a-intalnire-transnationala-open-virtual-mobility-a-avut-loc-online\/\" \/>\n<meta property=\"og:site_name\" content=\"Universitatea Politehnica Timi\u015foara Departamentul de ID\/IFR \u0219i Educa\u021bie Digital\u0103 \u2013 DeL\" \/>\n<meta property=\"article:publisher\" content=\"https:\/\/www.facebook.com\/CIDUPT\/?ref=page_internal\" \/>\n<meta property=\"article:published_time\" content=\"2020-05-22T15:33:00+00:00\" \/>\n<meta property=\"article:modified_time\" content=\"2021-02-04T09:48:38+00:00\" \/>\n<meta property=\"og:image\" content=\"https:\/\/elearning.upt.ro\/wp-content\/uploads\/2020\/05\/openVM-ibiza1.png\" \/>\n\t<meta property=\"og:image:width\" content=\"726\" \/>\n\t<meta property=\"og:image:height\" content=\"551\" \/>\n\t<meta property=\"og:image:type\" content=\"image\/png\" \/>\n<meta name=\"author\" content=\"CeL\" \/>\n<meta name=\"twitter:card\" content=\"summary_large_image\" \/>\n<meta name=\"twitter:label1\" content=\"Written by\" \/>\n\t<meta name=\"twitter:data1\" content=\"CeL\" \/>\n\t<meta name=\"twitter:label2\" content=\"Est. reading time\" \/>\n\t<meta name=\"twitter:data2\" content=\"2 minutes\" \/>\n<script type=\"application\/ld+json\" class=\"yoast-schema-graph\">{\"@context\":\"https:\\\/\\\/schema.org\",\"@graph\":[{\"@type\":\"Article\",\"@id\":\"https:\\\/\\\/elearning.upt.ro\\\/ro\\\/proiecte\\\/proiecte-eu\\\/cea-de-a-vi-a-intalnire-transnationala-open-virtual-mobility-a-avut-loc-online\\\/#article\",\"isPartOf\":{\"@id\":\"https:\\\/\\\/elearning.upt.ro\\\/ro\\\/proiecte\\\/proiecte-eu\\\/cea-de-a-vi-a-intalnire-transnationala-open-virtual-mobility-a-avut-loc-online\\\/\"},\"author\":{\"name\":\"CeL\",\"@id\":\"https:\\\/\\\/elearning.upt.ro\\\/ro\\\/#\\\/schema\\\/person\\\/8bb5b84d8e634ea763262c452a39b3f4\"},\"headline\":\"Cea de-a VI-a \u00eent\u00e2lnire transna\u021bional\u0103 Open Virtual Mobility a avut loc online\",\"datePublished\":\"2020-05-22T15:33:00+00:00\",\"dateModified\":\"2021-02-04T09:48:38+00:00\",\"mainEntityOfPage\":{\"@id\":\"https:\\\/\\\/elearning.upt.ro\\\/ro\\\/proiecte\\\/proiecte-eu\\\/cea-de-a-vi-a-intalnire-transnationala-open-virtual-mobility-a-avut-loc-online\\\/\"},\"wordCount\":462,\"image\":{\"@id\":\"https:\\\/\\\/elearning.upt.ro\\\/ro\\\/proiecte\\\/proiecte-eu\\\/cea-de-a-vi-a-intalnire-transnationala-open-virtual-mobility-a-avut-loc-online\\\/#primaryimage\"},\"thumbnailUrl\":\"https:\\\/\\\/elearning.upt.ro\\\/wp-content\\\/uploads\\\/2020\\\/05\\\/openVM-ibiza1.png\",\"keywords\":[\"intalnire open vm\",\"open vm ibiza\",\"OpenVM\"],\"articleSection\":[\"Noutati\",\"Noutati Inovare\",\"OpenVM\",\"Proiecte EU\"],\"inLanguage\":\"en-US\"},{\"@type\":\"WebPage\",\"@id\":\"https:\\\/\\\/elearning.upt.ro\\\/ro\\\/proiecte\\\/proiecte-eu\\\/cea-de-a-vi-a-intalnire-transnationala-open-virtual-mobility-a-avut-loc-online\\\/\",\"url\":\"https:\\\/\\\/elearning.upt.ro\\\/ro\\\/proiecte\\\/proiecte-eu\\\/cea-de-a-vi-a-intalnire-transnationala-open-virtual-mobility-a-avut-loc-online\\\/\",\"name\":\"Cea de-a VI-a \u00eent\u00e2lnire transna\u021bional\u0103 Open Virtual Mobility a avut loc online - Universitatea Politehnica Timi\u015foara Departamentul de ID\\\/IFR \u0219i Educa\u021bie Digital\u0103 \u2013 DeL\",\"isPartOf\":{\"@id\":\"https:\\\/\\\/elearning.upt.ro\\\/ro\\\/#website\"},\"primaryImageOfPage\":{\"@id\":\"https:\\\/\\\/elearning.upt.ro\\\/ro\\\/proiecte\\\/proiecte-eu\\\/cea-de-a-vi-a-intalnire-transnationala-open-virtual-mobility-a-avut-loc-online\\\/#primaryimage\"},\"image\":{\"@id\":\"https:\\\/\\\/elearning.upt.ro\\\/ro\\\/proiecte\\\/proiecte-eu\\\/cea-de-a-vi-a-intalnire-transnationala-open-virtual-mobility-a-avut-loc-online\\\/#primaryimage\"},\"thumbnailUrl\":\"https:\\\/\\\/elearning.upt.ro\\\/wp-content\\\/uploads\\\/2020\\\/05\\\/openVM-ibiza1.png\",\"datePublished\":\"2020-05-22T15:33:00+00:00\",\"dateModified\":\"2021-02-04T09:48:38+00:00\",\"author\":{\"@id\":\"https:\\\/\\\/elearning.upt.ro\\\/ro\\\/#\\\/schema\\\/person\\\/8bb5b84d8e634ea763262c452a39b3f4\"},\"breadcrumb\":{\"@id\":\"https:\\\/\\\/elearning.upt.ro\\\/ro\\\/proiecte\\\/proiecte-eu\\\/cea-de-a-vi-a-intalnire-transnationala-open-virtual-mobility-a-avut-loc-online\\\/#breadcrumb\"},\"inLanguage\":\"en-US\",\"potentialAction\":[{\"@type\":\"ReadAction\",\"target\":[\"https:\\\/\\\/elearning.upt.ro\\\/ro\\\/proiecte\\\/proiecte-eu\\\/cea-de-a-vi-a-intalnire-transnationala-open-virtual-mobility-a-avut-loc-online\\\/\"]}]},{\"@type\":\"ImageObject\",\"inLanguage\":\"en-US\",\"@id\":\"https:\\\/\\\/elearning.upt.ro\\\/ro\\\/proiecte\\\/proiecte-eu\\\/cea-de-a-vi-a-intalnire-transnationala-open-virtual-mobility-a-avut-loc-online\\\/#primaryimage\",\"url\":\"https:\\\/\\\/elearning.upt.ro\\\/wp-content\\\/uploads\\\/2020\\\/05\\\/openVM-ibiza1.png\",\"contentUrl\":\"https:\\\/\\\/elearning.upt.ro\\\/wp-content\\\/uploads\\\/2020\\\/05\\\/openVM-ibiza1.png\",\"width\":726,\"height\":551},{\"@type\":\"BreadcrumbList\",\"@id\":\"https:\\\/\\\/elearning.upt.ro\\\/ro\\\/proiecte\\\/proiecte-eu\\\/cea-de-a-vi-a-intalnire-transnationala-open-virtual-mobility-a-avut-loc-online\\\/#breadcrumb\",\"itemListElement\":[{\"@type\":\"ListItem\",\"position\":1,\"name\":\"Home\",\"item\":\"https:\\\/\\\/elearning.upt.ro\\\/\"},{\"@type\":\"ListItem\",\"position\":2,\"name\":\"Cea de-a VI-a \u00eent\u00e2lnire transna\u021bional\u0103 Open Virtual Mobility a avut loc online\"}]},{\"@type\":\"WebSite\",\"@id\":\"https:\\\/\\\/elearning.upt.ro\\\/ro\\\/#website\",\"url\":\"https:\\\/\\\/elearning.upt.ro\\\/ro\\\/\",\"name\":\"Universitatea Politehnica Timi\u015foara Departamentul de ID\\\/IFR \u0219i Educa\u021bie Digital\u0103 \u2013 DeL\",\"description\":\"\",\"potentialAction\":[{\"@type\":\"SearchAction\",\"target\":{\"@type\":\"EntryPoint\",\"urlTemplate\":\"https:\\\/\\\/elearning.upt.ro\\\/ro\\\/?s={search_term_string}\"},\"query-input\":{\"@type\":\"PropertyValueSpecification\",\"valueRequired\":true,\"valueName\":\"search_term_string\"}}],\"inLanguage\":\"en-US\"},{\"@type\":\"Person\",\"@id\":\"https:\\\/\\\/elearning.upt.ro\\\/ro\\\/#\\\/schema\\\/person\\\/8bb5b84d8e634ea763262c452a39b3f4\",\"name\":\"CeL\",\"image\":{\"@type\":\"ImageObject\",\"inLanguage\":\"en-US\",\"@id\":\"https:\\\/\\\/secure.gravatar.com\\\/avatar\\\/9b67430c18ee40ef4a63a577131abb63a54ca1b5fbb5ec183bcc2003d846a51f?s=96&d=mm&r=g\",\"url\":\"https:\\\/\\\/secure.gravatar.com\\\/avatar\\\/9b67430c18ee40ef4a63a577131abb63a54ca1b5fbb5ec183bcc2003d846a51f?s=96&d=mm&r=g\",\"contentUrl\":\"https:\\\/\\\/secure.gravatar.com\\\/avatar\\\/9b67430c18ee40ef4a63a577131abb63a54ca1b5fbb5ec183bcc2003d846a51f?s=96&d=mm&r=g\",\"caption\":\"CeL\"},\"url\":\"https:\\\/\\\/elearning.upt.ro\\\/en\\\/author\\\/renateiovi\\\/\"}]}<\/script>\n<!-- \/ Yoast SEO plugin. -->","yoast_head_json":{"title":"The 6th transnational Open Virtual Mobility meeting took place online - Politehnica University Timi\u015foara Department of ID\/IFR and Digital Education \u2013 DeL","robots":{"index":"index","follow":"follow","max-snippet":"max-snippet:-1","max-image-preview":"max-image-preview:large","max-video-preview":"max-video-preview:-1"},"canonical":"https:\/\/elearning.upt.ro\/en\/proiecte\/proiecte-eu\/cea-de-a-vi-a-intalnire-transnationala-open-virtual-mobility-a-avut-loc-online\/","og_locale":"en_US","og_type":"article","og_title":"Cea de-a VI-a \u00eent\u00e2lnire transna\u021bional\u0103 Open Virtual Mobility a avut loc online - Universitatea Politehnica Timi\u015foara Departamentul de ID\/IFR \u0219i Educa\u021bie Digital\u0103 \u2013 DeL","og_description":"Din cauza crizei COVID19, a VI-a \u00eent\u00e2lnire transna\u021bional\u0103 a partenerilor din cadrul proiectului Open Virtual Mobility, g\u0103zduit\u0103 de Universitatea Insulelor Baleare care fusese planificat\u0103 s\u0103 aib\u0103 loc la Ibiza, s-a mutat online \u0219i a avut loc \u00een 18 - 19 mai 2020.","og_url":"https:\/\/elearning.upt.ro\/en\/proiecte\/proiecte-eu\/cea-de-a-vi-a-intalnire-transnationala-open-virtual-mobility-a-avut-loc-online\/","og_site_name":"Universitatea Politehnica Timi\u015foara Departamentul de ID\/IFR \u0219i Educa\u021bie Digital\u0103 \u2013 DeL","article_publisher":"https:\/\/www.facebook.com\/CIDUPT\/?ref=page_internal","article_published_time":"2020-05-22T15:33:00+00:00","article_modified_time":"2021-02-04T09:48:38+00:00","og_image":[{"width":726,"height":551,"url":"https:\/\/elearning.upt.ro\/wp-content\/uploads\/2020\/05\/openVM-ibiza1.png","type":"image\/png"}],"author":"CeL","twitter_card":"summary_large_image","twitter_misc":{"Written by":"CeL","Est. reading time":"2 minutes"},"schema":{"@context":"https:\/\/schema.org","@graph":[{"@type":"Article","@id":"https:\/\/elearning.upt.ro\/ro\/proiecte\/proiecte-eu\/cea-de-a-vi-a-intalnire-transnationala-open-virtual-mobility-a-avut-loc-online\/#article","isPartOf":{"@id":"https:\/\/elearning.upt.ro\/ro\/proiecte\/proiecte-eu\/cea-de-a-vi-a-intalnire-transnationala-open-virtual-mobility-a-avut-loc-online\/"},"author":{"name":"CeL","@id":"https:\/\/elearning.upt.ro\/ro\/#\/schema\/person\/8bb5b84d8e634ea763262c452a39b3f4"},"headline":"Cea de-a VI-a \u00eent\u00e2lnire transna\u021bional\u0103 Open Virtual Mobility a avut loc online","datePublished":"2020-05-22T15:33:00+00:00","dateModified":"2021-02-04T09:48:38+00:00","mainEntityOfPage":{"@id":"https:\/\/elearning.upt.ro\/ro\/proiecte\/proiecte-eu\/cea-de-a-vi-a-intalnire-transnationala-open-virtual-mobility-a-avut-loc-online\/"},"wordCount":462,"image":{"@id":"https:\/\/elearning.upt.ro\/ro\/proiecte\/proiecte-eu\/cea-de-a-vi-a-intalnire-transnationala-open-virtual-mobility-a-avut-loc-online\/#primaryimage"},"thumbnailUrl":"https:\/\/elearning.upt.ro\/wp-content\/uploads\/2020\/05\/openVM-ibiza1.png","keywords":["intalnire open vm","open vm ibiza","OpenVM"],"articleSection":["Noutati","Noutati Inovare","OpenVM","Proiecte EU"],"inLanguage":"en-US"},{"@type":"WebPage","@id":"https:\/\/elearning.upt.ro\/ro\/proiecte\/proiecte-eu\/cea-de-a-vi-a-intalnire-transnationala-open-virtual-mobility-a-avut-loc-online\/","url":"https:\/\/elearning.upt.ro\/ro\/proiecte\/proiecte-eu\/cea-de-a-vi-a-intalnire-transnationala-open-virtual-mobility-a-avut-loc-online\/","name":"The 6th transnational Open Virtual Mobility meeting took place online - Politehnica University Timi\u015foara Department of ID\/IFR and Digital Education \u2013 DeL","isPartOf":{"@id":"https:\/\/elearning.upt.ro\/ro\/#website"},"primaryImageOfPage":{"@id":"https:\/\/elearning.upt.ro\/ro\/proiecte\/proiecte-eu\/cea-de-a-vi-a-intalnire-transnationala-open-virtual-mobility-a-avut-loc-online\/#primaryimage"},"image":{"@id":"https:\/\/elearning.upt.ro\/ro\/proiecte\/proiecte-eu\/cea-de-a-vi-a-intalnire-transnationala-open-virtual-mobility-a-avut-loc-online\/#primaryimage"},"thumbnailUrl":"https:\/\/elearning.upt.ro\/wp-content\/uploads\/2020\/05\/openVM-ibiza1.png","datePublished":"2020-05-22T15:33:00+00:00","dateModified":"2021-02-04T09:48:38+00:00","author":{"@id":"https:\/\/elearning.upt.ro\/ro\/#\/schema\/person\/8bb5b84d8e634ea763262c452a39b3f4"},"breadcrumb":{"@id":"https:\/\/elearning.upt.ro\/ro\/proiecte\/proiecte-eu\/cea-de-a-vi-a-intalnire-transnationala-open-virtual-mobility-a-avut-loc-online\/#breadcrumb"},"inLanguage":"en-US","potentialAction":[{"@type":"ReadAction","target":["https:\/\/elearning.upt.ro\/ro\/proiecte\/proiecte-eu\/cea-de-a-vi-a-intalnire-transnationala-open-virtual-mobility-a-avut-loc-online\/"]}]},{"@type":"ImageObject","inLanguage":"en-US","@id":"https:\/\/elearning.upt.ro\/ro\/proiecte\/proiecte-eu\/cea-de-a-vi-a-intalnire-transnationala-open-virtual-mobility-a-avut-loc-online\/#primaryimage","url":"https:\/\/elearning.upt.ro\/wp-content\/uploads\/2020\/05\/openVM-ibiza1.png","contentUrl":"https:\/\/elearning.upt.ro\/wp-content\/uploads\/2020\/05\/openVM-ibiza1.png","width":726,"height":551},{"@type":"BreadcrumbList","@id":"https:\/\/elearning.upt.ro\/ro\/proiecte\/proiecte-eu\/cea-de-a-vi-a-intalnire-transnationala-open-virtual-mobility-a-avut-loc-online\/#breadcrumb","itemListElement":[{"@type":"ListItem","position":1,"name":"Home","item":"https:\/\/elearning.upt.ro\/"},{"@type":"ListItem","position":2,"name":"Cea de-a VI-a \u00eent\u00e2lnire transna\u021bional\u0103 Open Virtual Mobility a avut loc online"}]},{"@type":"WebSite","@id":"https:\/\/elearning.upt.ro\/ro\/#website","url":"https:\/\/elearning.upt.ro\/ro\/","name":"Politehnica University Timi\u015foara Department of ID\/IFR and Digital Education \u2013 DeL","description":"","potentialAction":[{"@type":"SearchAction","target":{"@type":"EntryPoint","urlTemplate":"https:\/\/elearning.upt.ro\/ro\/?s={search_term_string}"},"query-input":{"@type":"PropertyValueSpecification","valueRequired":true,"valueName":"search_term_string"}}],"inLanguage":"en-US"},{"@type":"Person","@id":"https:\/\/elearning.upt.ro\/ro\/#\/schema\/person\/8bb5b84d8e634ea763262c452a39b3f4","name":"CeL","image":{"@type":"ImageObject","inLanguage":"en-US","@id":"https:\/\/secure.gravatar.com\/avatar\/9b67430c18ee40ef4a63a577131abb63a54ca1b5fbb5ec183bcc2003d846a51f?s=96&d=mm&r=g","url":"https:\/\/secure.gravatar.com\/avatar\/9b67430c18ee40ef4a63a577131abb63a54ca1b5fbb5ec183bcc2003d846a51f?s=96&d=mm&r=g","contentUrl":"https:\/\/secure.gravatar.com\/avatar\/9b67430c18ee40ef4a63a577131abb63a54ca1b5fbb5ec183bcc2003d846a51f?s=96&d=mm&r=g","caption":"CeL"},"url":"https:\/\/elearning.upt.ro\/en\/author\/renateiovi\/"}]}},"_links":{"self":[{"href":"https:\/\/elearning.upt.ro\/en\/wp-json\/wp\/v2\/posts\/10029","targetHints":{"allow":["GET"]}}],"collection":[{"href":"https:\/\/elearning.upt.ro\/en\/wp-json\/wp\/v2\/posts"}],"about":[{"href":"https:\/\/elearning.upt.ro\/en\/wp-json\/wp\/v2\/types\/post"}],"author":[{"embeddable":true,"href":"https:\/\/elearning.upt.ro\/en\/wp-json\/wp\/v2\/users\/13"}],"replies":[{"embeddable":true,"href":"https:\/\/elearning.upt.ro\/en\/wp-json\/wp\/v2\/comments?post=10029"}],"version-history":[{"count":4,"href":"https:\/\/elearning.upt.ro\/en\/wp-json\/wp\/v2\/posts\/10029\/revisions"}],"predecessor-version":[{"id":10046,"href":"https:\/\/elearning.upt.ro\/en\/wp-json\/wp\/v2\/posts\/10029\/revisions\/10046"}],"wp:featuredmedia":[{"embeddable":true,"href":"https:\/\/elearning.upt.ro\/en\/wp-json\/wp\/v2\/media\/10030"}],"wp:attachment":[{"href":"https:\/\/elearning.upt.ro\/en\/wp-json\/wp\/v2\/media?parent=10029"}],"wp:term":[{"taxonomy":"category","embeddable":true,"href":"https:\/\/elearning.upt.ro\/en\/wp-json\/wp\/v2\/categories?post=10029"},{"taxonomy":"post_tag","embeddable":true,"href":"https:\/\/elearning.upt.ro\/en\/wp-json\/wp\/v2\/tags?post=10029"}],"curies":[{"name":"wp","href":"https:\/\/api.w.org\/{rel}","templated":true}]}}